{"id":58444,"date":"2024-12-16T11:39:56","date_gmt":"2024-12-16T10:39:56","guid":{"rendered":"https:\/\/www.vidademadrid.com\/es\/?p=58444"},"modified":"2024-12-16T11:39:59","modified_gmt":"2024-12-16T10:39:59","slug":"record-de-peatones-gran-via-2024","status":"publish","type":"post","link":"https:\/\/www.vidademadrid.com\/es\/58444\/record-de-peatones-gran-via-2024\/","title":{"rendered":"La Gran V\u00eda bate r\u00e9cord de aforo: 1,4 millones de personas la recorrieron en el Black Friday y Puente de la Constituci\u00f3n"},"content":{"rendered":"<p>La&nbsp;<strong>Gran V\u00eda de Madrid&nbsp;<\/strong>bati\u00f3 r\u00e9cord de aforo registrado durante el fin de semana del&nbsp;<em>Black Friday&nbsp;<\/em>y el Puente de la Constituci\u00f3n. Casi 1,4 millones de personas la recorrieron. Te contamos toda la informaci\u00f3n en este art\u00edculo.<\/p>\n<h2>R\u00e9cord de aforo en la Gran V\u00eda&nbsp;<\/h2>\n\n<script async=\"\" src=\"https:\/\/pagead2.googlesyndication.com\/pagead\/js\/adsbygoogle.js\"><\/script> <ins class=\"adsbygoogle\" style=\"display:block\" data-ad-format=\"fluid\" data-ad-layout-key=\"-7f+eo+1+2-5\" data-ad-client=\"ca-pub-7450064428034605\" data-ad-slot=\"7327027071\"><\/ins><script>(adsbygoogle = window.adsbygoogle || []).push({});<\/script>\n\n<p>El&nbsp;<strong>Ayuntamiento de Madrid&nbsp;<\/strong>ha informado que la&nbsp;<strong>Gran V\u00eda de Madrid&nbsp;<\/strong>bati\u00f3 r\u00e9cord de aforo durante los fines de semana de&nbsp;<em>Black Friday&nbsp;<\/em>y el Puente de la Constituci\u00f3n. Durante estos d\u00edas, caminaron casi 1,4 millones de personas, de acuerdo con las c\u00e1maras de movilidad peatonal.<\/p>\n<p>En el puente de la Constituci\u00f3n m\u00e1s de 704 mil personas pasaron por la Gran V\u00eda madrile\u00f1a, 300 mil m\u00e1s que en el Puente de diciembre del a\u00f1o pasado. El d\u00eda de mayor afluencia fue el s\u00e1bado 7 de diciembre.&nbsp;<\/p>\n<p>Durante el&nbsp;<em>Black Friday,&nbsp;<\/em>pasaron por la Gran V\u00eda casi 689 mil personas, 20 mil m\u00e1s que el a\u00f1o pasado.&nbsp;<\/p>\n<h2>M\u00e1s de 3 millones desplazamientos peatonales al d\u00eda&nbsp;<\/h2>\n<script async=\"\" src=\"https:\/\/pagead2.googlesyndication.com\/pagead\/js\/adsbygoogle.js\"><\/script> <ins class=\"adsbygoogle\" style=\"display:block; text-align:center;\" data-ad-layout=\"in-article\" data-ad-format=\"fluid\" data-ad-client=\"ca-pub-7450064428034605\" data-ad-slot=\"5670045061\"><\/ins> <script>(adsbygoogle = window.adsbygoogle || []).push({});<\/script>\n\n\n<p>El Ayuntamiento de Madrid cuenta con una red de estaciones de medida de flujos peatonales cuyo objetivo es analizar la situaci\u00f3n de movilidad peatonal. Cada d\u00eda, en Madrid se registran de media m\u00e1s de 3,3 millones de desplazamientos a pie al d\u00eda.&nbsp;<\/p>\n\n\n<p><\/p>\n","protected":false},"excerpt":{"rendered":"<p>El d\u00eda con mayor afluencia fue el 7 de diciembre. <\/p>\n","protected":false},"author":15,"featured_media":51547,"comment_status":"open","ping_status":"open","sticky":false,"template":"","format":"standard","meta":{"footnotes":""},"categories":[12],"tags":[],"class_list":{"0":"post-58444","1":"post","2":"type-post","3":"status-publish","4":"format-standard","5":"has-post-thumbnail","7":"category-actualidad-noticias-madrid"},"_links":{"self":[{"href":"https:\/\/www.vidademadrid.com\/es\/wp-json\/wp\/v2\/posts\/58444","targetHints":{"allow":["GET"]}}],"collection":[{"href":"https:\/\/www.vidademadrid.com\/es\/wp-json\/wp\/v2\/posts"}],"about":[{"href":"https:\/\/www.vidademadrid.com\/es\/wp-json\/wp\/v2\/types\/post"}],"author":[{"embeddable":true,"href":"https:\/\/www.vidademadrid.com\/es\/wp-json\/wp\/v2\/users\/15"}],"replies":[{"embeddable":true,"href":"https:\/\/www.vidademadrid.com\/es\/wp-json\/wp\/v2\/comments?post=58444"}],"version-history":[{"count":1,"href":"https:\/\/www.vidademadrid.com\/es\/wp-json\/wp\/v2\/posts\/58444\/revisions"}],"predecessor-version":[{"id":58445,"href":"https:\/\/www.vidademadrid.com\/es\/wp-json\/wp\/v2\/posts\/58444\/revisions\/58445"}],"wp:featuredmedia":[{"embeddable":true,"href":"https:\/\/www.vidademadrid.com\/es\/wp-json\/wp\/v2\/media\/51547"}],"wp:attachment":[{"href":"https:\/\/www.vidademadrid.com\/es\/wp-json\/wp\/v2\/media?parent=58444"}],"wp:term":[{"taxonomy":"category","embeddable":true,"href":"https:\/\/www.vidademadrid.com\/es\/wp-json\/wp\/v2\/categories?post=58444"},{"taxonomy":"post_tag","embeddable":true,"href":"https:\/\/www.vidademadrid.com\/es\/wp-json\/wp\/v2\/tags?post=58444"}],"curies":[{"name":"wp","href":"https:\/\/api.w.org\/{rel}","templated":true}]}}