{"id":58435,"date":"2024-12-13T11:49:33","date_gmt":"2024-12-13T10:49:33","guid":{"rendered":"https:\/\/www.vidademadrid.com\/es\/?p=58435"},"modified":"2024-12-16T11:14:00","modified_gmt":"2024-12-16T10:14:00","slug":"nueva-excavadora-linea-11-metro-madrid-2024","status":"publish","type":"post","link":"https:\/\/www.vidademadrid.com\/es\/58435\/nueva-excavadora-linea-11-metro-madrid-2024\/","title":{"rendered":"La Comunidad de Madrid presenta el modelo de excavaci\u00f3n que agilizar\u00e1 las obras de la l\u00ednea 11"},"content":{"rendered":"<p>La&nbsp;<strong>Comunidad de Madrid&nbsp;<\/strong>ha presentado la tuneladora &#8216;<strong>Mayrit<\/strong>&#8216; que agilizar\u00e1 las obras de la l\u00ednea 11 de Metro de Madrid y actualmente se est\u00e1 fabricando en Alemania.&nbsp;<\/p>\n<h2>Nueva perforadora para las obras de l\u00ednea 11<\/h2>\n<p><script async=\"\" src=\"https:\/\/pagead2.googlesyndication.com\/pagead\/js\/adsbygoogle.js\"><\/script> <ins class=\"adsbygoogle\" style=\"display:block\" data-ad-format=\"fluid\" data-ad-layout-key=\"-7f+eo+1+2-5\" data-ad-client=\"ca-pub-7450064428034605\" data-ad-slot=\"7327027071\"><\/ins><script>(adsbygoogle = window.adsbygoogle || []).push({});<\/script>La presidenta de la Comunidad de Madrid, Isabel D\u00edaz Ayuso, ha presentado el nuevo modelo de excavaci\u00f3n que agilizar\u00e1 los trabajos de la l\u00ednea 11 de&nbsp;<strong>Metro de Madrid.&nbsp;<\/strong><\/p>\n<p>La nueva tuneladora se est\u00e1 fabricando actualmente en Alemania y ser\u00e1 capaz de perforar aproximadamente 15 metros de t\u00fanel frente a los dos del m\u00e9todo tradicional. Se ha llamado &#8216;Mayrit&#8217; por el nombre que los \u00e1rabes pusieron a la ciudad de Madrid por la riqueza de sus caudales de agua.&nbsp;<\/p>\n<p>Esta tuneladora se incorporar\u00e1 a los trabajos a inicios de 2026.&nbsp;<\/p>\n<h2>Obras de la l\u00ednea 11&nbsp;<\/h2>\n<p><script async=\"\" src=\"https:\/\/pagead2.googlesyndication.com\/pagead\/js\/adsbygoogle.js\"><\/script> <ins class=\"adsbygoogle\" style=\"display:block; text-align:center;\" data-ad-layout=\"in-article\" data-ad-format=\"fluid\" data-ad-client=\"ca-pub-7450064428034605\" data-ad-slot=\"5670045061\"><\/ins> <script>(adsbygoogle = window.adsbygoogle || []).push({});<\/script>El objetivo es finalizar las obras del a\u00f1o 2027, aunque se prev\u00e9 que no entre en funcionamiento hasta el a\u00f1o 2028.&nbsp;<\/p>\n","protected":false},"excerpt":{"rendered":"<p>Se incorporar\u00e1 a principios de 2026. <\/p>\n","protected":false},"author":15,"featured_media":50625,"comment_status":"open","ping_status":"open","sticky":false,"template":"","format":"standard","meta":{"footnotes":""},"categories":[12,187,23],"tags":[],"class_list":{"0":"post-58435","1":"post","2":"type-post","3":"status-publish","4":"format-standard","5":"has-post-thumbnail","7":"category-actualidad-noticias-madrid","8":"category-madrid-hoy","9":"category-transportes-huelgas-madrid"},"_links":{"self":[{"href":"https:\/\/www.vidademadrid.com\/es\/wp-json\/wp\/v2\/posts\/58435","targetHints":{"allow":["GET"]}}],"collection":[{"href":"https:\/\/www.vidademadrid.com\/es\/wp-json\/wp\/v2\/posts"}],"about":[{"href":"https:\/\/www.vidademadrid.com\/es\/wp-json\/wp\/v2\/types\/post"}],"author":[{"embeddable":true,"href":"https:\/\/www.vidademadrid.com\/es\/wp-json\/wp\/v2\/users\/15"}],"replies":[{"embeddable":true,"href":"https:\/\/www.vidademadrid.com\/es\/wp-json\/wp\/v2\/comments?post=58435"}],"version-history":[{"count":2,"href":"https:\/\/www.vidademadrid.com\/es\/wp-json\/wp\/v2\/posts\/58435\/revisions"}],"predecessor-version":[{"id":58437,"href":"https:\/\/www.vidademadrid.com\/es\/wp-json\/wp\/v2\/posts\/58435\/revisions\/58437"}],"wp:featuredmedia":[{"embeddable":true,"href":"https:\/\/www.vidademadrid.com\/es\/wp-json\/wp\/v2\/media\/50625"}],"wp:attachment":[{"href":"https:\/\/www.vidademadrid.com\/es\/wp-json\/wp\/v2\/media?parent=58435"}],"wp:term":[{"taxonomy":"category","embeddable":true,"href":"https:\/\/www.vidademadrid.com\/es\/wp-json\/wp\/v2\/categories?post=58435"},{"taxonomy":"post_tag","embeddable":true,"href":"https:\/\/www.vidademadrid.com\/es\/wp-json\/wp\/v2\/tags?post=58435"}],"curies":[{"name":"wp","href":"https:\/\/api.w.org\/{rel}","templated":true}]}}