{"id":58433,"date":"2024-12-13T11:16:39","date_gmt":"2024-12-13T10:16:39","guid":{"rendered":"https:\/\/www.vidademadrid.com\/es\/?p=58433"},"modified":"2024-12-13T11:16:42","modified_gmt":"2024-12-13T10:16:42","slug":"cierre-estacion-sol-metro-cercanias-2024","status":"publish","type":"post","link":"https:\/\/www.vidademadrid.com\/es\/58433\/cierre-estacion-sol-metro-cercanias-2024\/","title":{"rendered":"La estaci\u00f3n de Sol cerrar\u00e1 este fin de semana por las aglomeraciones en el centro"},"content":{"rendered":"<p>La&nbsp;<strong>estaci\u00f3n de Sol&nbsp;<\/strong>de Metro y Cercan\u00edas cerrar\u00e1 este fin de semana por las aglomeraciones en el centro de Madrid por la Navidad. Te contamos toda la informaci\u00f3n en este art\u00edculo.&nbsp;<\/p>\n<h2>Cierre de la estaci\u00f3n de Sol<\/h2>\n<p><script async=\"\" src=\"https:\/\/pagead2.googlesyndication.com\/pagead\/js\/adsbygoogle.js\"><\/script> <ins class=\"adsbygoogle\" style=\"display:block\" data-ad-format=\"fluid\" data-ad-layout-key=\"-7f+eo+1+2-5\" data-ad-client=\"ca-pub-7450064428034605\" data-ad-slot=\"7327027071\"><\/ins><script>(adsbygoogle = window.adsbygoogle || []).push({});<\/script>Durante este fin de semana, la estaci\u00f3n de&nbsp;<strong>Sol&nbsp;<\/strong>de la red de Metro y de Cercan\u00edas de Madrid cerrar\u00e1 este viernes y s\u00e1bado con motivo de la Navidad ya que se espera una gran afluencia en la zona centro de la ciudad.&nbsp;<\/p>\n<p>Este cierre se lleva a cabo con el objetivo de garantiza la seguridad y movilidad de madrile\u00f1os y visitantes.&nbsp;<\/p>\n<p>El horario de cierre, tanto el viernes y s\u00e1bado, ser\u00e1 entre 17.40 horas hasta las 21 horas.&nbsp;<\/p>\n<h3>Metro de Madrid<\/h3>\n<p>En el caso de Metro, los trenes efectuar\u00e1n parada en la estaci\u00f3n de Sol para hacer transbordo entre las l\u00edneas 1, 2 y 3 del suburbano. Adem\u00e1s, se reforzar\u00e1 el servicio de Metro en las l\u00edneas 1, 2, 3, 4, 5 y 10.&nbsp;<\/p>\n<p>Metro aumentar\u00e1 el n\u00famero de trenes entre las 10 horas y hasta el cierre del servicio.&nbsp;<\/p>\n<h3>Cercan\u00edas Madrid&nbsp;<\/h3>\n<p><script async=\"\" src=\"https:\/\/pagead2.googlesyndication.com\/pagead\/js\/adsbygoogle.js\"><\/script> <ins class=\"adsbygoogle\" style=\"display:block; text-align:center;\" data-ad-layout=\"in-article\" data-ad-format=\"fluid\" data-ad-client=\"ca-pub-7450064428034605\" data-ad-slot=\"5670045061\"><\/ins> <script>(adsbygoogle = window.adsbygoogle || []).push({});<\/script>La red de&nbsp;<strong>Cercan\u00edas Madrid&nbsp;<\/strong>afectar\u00e1 la l\u00ednea C-3 y C-4 y los trenes no efectuar\u00e1n parada en la estaci\u00f3n de Sol. A partir de las 17.20 horas no se podr\u00e1 acceder a la estaci\u00f3n.&nbsp;<\/p>\n","protected":false},"excerpt":{"rendered":"<p>Con motivo de la Navidad y por la gran afluencia de personas. <\/p>\n","protected":false},"author":15,"featured_media":52876,"comment_status":"open","ping_status":"open","sticky":false,"template":"","format":"standard","meta":{"footnotes":""},"categories":[23],"tags":[],"class_list":{"0":"post-58433","1":"post","2":"type-post","3":"status-publish","4":"format-standard","5":"has-post-thumbnail","7":"category-transportes-huelgas-madrid"},"_links":{"self":[{"href":"https:\/\/www.vidademadrid.com\/es\/wp-json\/wp\/v2\/posts\/58433","targetHints":{"allow":["GET"]}}],"collection":[{"href":"https:\/\/www.vidademadrid.com\/es\/wp-json\/wp\/v2\/posts"}],"about":[{"href":"https:\/\/www.vidademadrid.com\/es\/wp-json\/wp\/v2\/types\/post"}],"author":[{"embeddable":true,"href":"https:\/\/www.vidademadrid.com\/es\/wp-json\/wp\/v2\/users\/15"}],"replies":[{"embeddable":true,"href":"https:\/\/www.vidademadrid.com\/es\/wp-json\/wp\/v2\/comments?post=58433"}],"version-history":[{"count":1,"href":"https:\/\/www.vidademadrid.com\/es\/wp-json\/wp\/v2\/posts\/58433\/revisions"}],"predecessor-version":[{"id":58434,"href":"https:\/\/www.vidademadrid.com\/es\/wp-json\/wp\/v2\/posts\/58433\/revisions\/58434"}],"wp:featuredmedia":[{"embeddable":true,"href":"https:\/\/www.vidademadrid.com\/es\/wp-json\/wp\/v2\/media\/52876"}],"wp:attachment":[{"href":"https:\/\/www.vidademadrid.com\/es\/wp-json\/wp\/v2\/media?parent=58433"}],"wp:term":[{"taxonomy":"category","embeddable":true,"href":"https:\/\/www.vidademadrid.com\/es\/wp-json\/wp\/v2\/categories?post=58433"},{"taxonomy":"post_tag","embeddable":true,"href":"https:\/\/www.vidademadrid.com\/es\/wp-json\/wp\/v2\/tags?post=58433"}],"curies":[{"name":"wp","href":"https:\/\/api.w.org\/{rel}","templated":true}]}}