{"id":58422,"date":"2024-12-12T11:16:39","date_gmt":"2024-12-12T10:16:39","guid":{"rendered":"https:\/\/www.vidademadrid.com\/es\/?p=58422"},"modified":"2024-12-12T11:16:42","modified_gmt":"2024-12-12T10:16:42","slug":"museo-prado-record-historico-visitantes-2024","status":"publish","type":"post","link":"https:\/\/www.vidademadrid.com\/es\/58422\/museo-prado-record-historico-visitantes-2024\/","title":{"rendered":"El Museo del Prado supera su r\u00e9cord hist\u00f3rico de visitantes en 2024"},"content":{"rendered":"<p>El&nbsp;<strong>Museo del Prado&nbsp;<\/strong>ha anunciado que, a tres semanas de concluir el a\u00f1o 2024, ha superado su r\u00e9cord hist\u00f3rico de visitantes.&nbsp;<\/p>\n<h2>El Museo del Prado rompe su r\u00e9cord de visitantes&nbsp;<\/h2>\n<p><script async=\"\" src=\"https:\/\/pagead2.googlesyndication.com\/pagead\/js\/adsbygoogle.js\"><\/script> <ins class=\"adsbygoogle\" style=\"display:block\" data-ad-format=\"fluid\" data-ad-layout-key=\"-7f+eo+1+2-5\" data-ad-client=\"ca-pub-7450064428034605\" data-ad-slot=\"7327027071\"><\/ins><script>(adsbygoogle = window.adsbygoogle || []).push({});<\/script>El 9 de diciembre, tras la celebraci\u00f3n de El Prado de Noche, el <strong>Museo del Prado&nbsp;<\/strong>super\u00f3 su r\u00e9cord hist\u00f3rico de visitantes en una a\u00f1o con 3 millones 250 mil 328 personas que han visitado el Museo, 17 mil m\u00e1s que en 2023.&nbsp;<\/p>\n<p>Los datos muestran que un 45% de los visitantes entraron de manera gratuita y que el 60% son extranjeros y 40% nacionales. El mes con m\u00e1s visitas fue mayo con m\u00e1s de 327 mil visitantes.&nbsp;<\/p>\n<h2>Visita el Museo del Prado<\/h2>\n<p><script async=\"\" src=\"https:\/\/pagead2.googlesyndication.com\/pagead\/js\/adsbygoogle.js\"><\/script> <ins class=\"adsbygoogle\" style=\"display:block; text-align:center;\" data-ad-layout=\"in-article\" data-ad-format=\"fluid\" data-ad-client=\"ca-pub-7450064428034605\" data-ad-slot=\"5670045061\"><\/ins> <script>(adsbygoogle = window.adsbygoogle || []).push({});<\/script>El&nbsp;<strong>Museo del Prado&nbsp;<\/strong>abre todos los d\u00edas de lunes a s\u00e1bado de 10 a 20 horas y domingos y festivos de 10 a 19 horas.<\/p>\n<p>Actualmente, se pueden visitar las siguientes exposiciones:<\/p>\n<ul>\n<li>Hasta el 2 de marzo: <a href=\"https:\/\/www.vidademadrid.com\/es\/58038\/escultura-color-siglo-de-oro-museo-del-prado-fechas-2024-museo-del-prado\/\">Darse la mano. Escultura y color en el Siglo de Oro<\/a><\/li>\n<li>Hasta el 16 de marzo: <a href=\"https:\/\/www.vidademadrid.com\/es\/58266\/sigmar-polke-exposicion-museo-del-prado-2024\/\">Sigmar Polke. Afinidades desveladas<\/a><\/li>\n<li>Hasta el 16 de febrero: <a href=\"https:\/\/www.vidademadrid.com\/es\/57750\/taller-de-rubens-exposicion-museo-del-prado-fechas-2024\/\">El taller de Rubens<\/a><\/li>\n<li>Hasta el 2 de marzo: <a href=\"https:\/\/www.vidademadrid.com\/es\/58077\/juramentos-de-papel-exposicion-dibujos-jose-de-madrazo-museo-del-prado-2024\/\">Juramentos de papel. El pacto ciudadano en los dibujos de Jos\u00e9 de Madrazo<\/a><\/li>\n<\/ul>\n","protected":false},"excerpt":{"rendered":"<p>Con m\u00e1s de 3 millones 200 mil visitantes. <\/p>\n","protected":false},"author":15,"featured_media":49008,"comment_status":"open","ping_status":"open","sticky":false,"template":"","format":"standard","meta":{"footnotes":""},"categories":[12],"tags":[],"class_list":{"0":"post-58422","1":"post","2":"type-post","3":"status-publish","4":"format-standard","5":"has-post-thumbnail","7":"category-actualidad-noticias-madrid"},"_links":{"self":[{"href":"https:\/\/www.vidademadrid.com\/es\/wp-json\/wp\/v2\/posts\/58422","targetHints":{"allow":["GET"]}}],"collection":[{"href":"https:\/\/www.vidademadrid.com\/es\/wp-json\/wp\/v2\/posts"}],"about":[{"href":"https:\/\/www.vidademadrid.com\/es\/wp-json\/wp\/v2\/types\/post"}],"author":[{"embeddable":true,"href":"https:\/\/www.vidademadrid.com\/es\/wp-json\/wp\/v2\/users\/15"}],"replies":[{"embeddable":true,"href":"https:\/\/www.vidademadrid.com\/es\/wp-json\/wp\/v2\/comments?post=58422"}],"version-history":[{"count":1,"href":"https:\/\/www.vidademadrid.com\/es\/wp-json\/wp\/v2\/posts\/58422\/revisions"}],"predecessor-version":[{"id":58423,"href":"https:\/\/www.vidademadrid.com\/es\/wp-json\/wp\/v2\/posts\/58422\/revisions\/58423"}],"wp:featuredmedia":[{"embeddable":true,"href":"https:\/\/www.vidademadrid.com\/es\/wp-json\/wp\/v2\/media\/49008"}],"wp:attachment":[{"href":"https:\/\/www.vidademadrid.com\/es\/wp-json\/wp\/v2\/media?parent=58422"}],"wp:term":[{"taxonomy":"category","embeddable":true,"href":"https:\/\/www.vidademadrid.com\/es\/wp-json\/wp\/v2\/categories?post=58422"},{"taxonomy":"post_tag","embeddable":true,"href":"https:\/\/www.vidademadrid.com\/es\/wp-json\/wp\/v2\/tags?post=58422"}],"curies":[{"name":"wp","href":"https:\/\/api.w.org\/{rel}","templated":true}]}}