{"id":58374,"date":"2024-12-05T07:30:14","date_gmt":"2024-12-05T06:30:14","guid":{"rendered":"https:\/\/www.vidademadrid.com\/es\/?p=58374"},"modified":"2024-12-05T09:22:10","modified_gmt":"2024-12-05T08:22:10","slug":"planes-para-el-puente-de-diciembre-en-madrid-5-6-7-y-8-de-diciembre-de-2024","status":"publish","type":"post","link":"https:\/\/www.vidademadrid.com\/es\/58374\/planes-para-el-puente-de-diciembre-en-madrid-5-6-7-y-8-de-diciembre-de-2024\/","title":{"rendered":"Planes para el puente de diciembre en Madrid: 5, 6, 7 y 8 de diciembre de 2024"},"content":{"rendered":"<p>Como cada semana, os traemos nuestro <strong>MEGA POST DE PLANES, en esta ocasi\u00f3n para el puente de diciembre: 5, 6, 7 y 8 de <\/strong><strong>diciembre de 2024<\/strong>: nuevo Museo del Videojuego en Callao, apertura extraordinaria de El Capricho, Rocking Christmas en M\u00e1gicas, m\u00e1s actividades navide\u00f1as,\u00a0 exposiciones, planes de teatro y los restaurantes destacados que hemos podido conocer esta semana.<\/p>\n<p>Esperamos que lo disfrutes tanto como nosotros y si descubres o haces algo que has le\u00eddo en este art\u00edculo o has visto en nuestras redes, no dudes en compartirlo con nosotros.<\/p>\n<h2>Actividades destacadas<\/h2>\n<h3><span class=\"OYPEnA font-feature-liga-off font-feature-clig-off font-feature-calt-off text-decoration-none text-strikethrough-none\">Visita OXO, el nuevo Museo del Videojuego en Callao<\/span><\/h3>\n<p class=\"cvGsUA direction-ltr align-center para-style-body\"><span class=\"OYPEnA font-feature-liga-off font-feature-clig-off font-feature-calt-off text-decoration-none text-strikethrough-none\">Este 4 de diciembre ha abierto un nuevo museo de la capital: un <strong>recorrido por el pasado, presente y futuro de los videojuegos<\/strong>. M\u00e1s <\/span><span class=\"OYPEnA font-feature-liga-off font-feature-clig-off font-feature-calt-off text-decoration-none text-strikethrough-none\">de 1.600 m2 en un precioso palacete de Callao, donde podr\u00e1s jugar y descubrir todo, desde las primeras consolas y m\u00e1quinas recreativas <\/span><span class=\"OYPEnA font-feature-liga-off font-feature-clig-off font-feature-calt-off text-decoration-none text-strikethrough-none\">hasta las \u00faltimas tendencias en realidad virtual. Entradas desde 16 euros.\u00a0Descubre m\u00e1s a trav\u00e9s de nuestro <a href=\"https:\/\/www.instagram.com\/p\/DDIFzh_uCqj\/\">reels<\/a> y <a href=\"https:\/\/www.instagram.com\/stories\/highlights\/18028721033167184\/\">stories<\/a>. <em>[<\/em><em>Plan en colaboraci\u00f3n]<\/em><\/span><\/p>\n<h3><span class=\"OYPEnA font-feature-liga-off font-feature-clig-off font-feature-calt-off text-decoration-none text-strikethrough-none\">No te pierdas la apertura extraordinaria de El Capricho<\/span><\/h3>\n<p><span class=\"OYPEnA font-feature-liga-off font-feature-clig-off font-feature-calt-off text-decoration-none text-strikethrough-none\">Con motivo de la celebraci\u00f3n del <strong>50\u00ba aniversario<\/strong> como jard\u00edn propiedad del Ayuntamiento de Madrid, <strong>El Capricho estar\u00e1 abierto toda la semana<\/strong> (y no solo el s\u00e1bado y domingo, como ocurre el resto del a\u00f1o). Disfruta de la villa suburbana aristocr\u00e1tica m\u00e1s importante de Espa\u00f1a, con \u201ccaprichos\u201d como el Templete de Baco, el Abejero, la Ermita, el Casino de Baile, el Laberinto y muchos m\u00e1s. Entrada gratuita. M\u00e1s info sobre este emblem\u00e1tico parque <a href=\"https:\/\/www.madrid.es\/portales\/munimadrid\/es\/Inicio\/El-Ayuntamiento\/Parques-y-jardines\/Patrimonio-Verde\/Parques-en-Madrid\/Jardin-historico-El-Capricho-de-la-Alameda-Osuna\/?vgnextfmt=default&amp;vgnextoid=9db6fb010e99e210VgnVCM1000000b205a0aRCRD&amp;vgnextchannel=38bb1914e7d4e210VgnVCM1000000b205a0aRCRD\">aqu\u00ed.\u00a0<\/a><\/span><\/p>\n<h3>Sorpr\u00e9ndete con <span class=\"OYPEnA font-feature-liga-off font-feature-clig-off font-feature-calt-off text-decoration-none text-strikethrough-none\">Rocking Christmas en M\u00e1gicas Navidades<\/span><\/h3>\n<p><span class=\"OYPEnA font-feature-liga-off font-feature-clig-off font-feature-calt-off text-decoration-none text-strikethrough-none\">Rocking Christmas es el nuevo e impresionante<strong> espect\u00e1culo de pirotecnia<\/strong> con m\u00fasica vibrante y una potente iluminaci\u00f3n que llevan la magia a otro nivel. El show tiene lugar todos los d\u00edas en la <strong>Puerta M\u00e1gica<\/strong>, y es una de las experiencias gratuitas incluidas con el acceso general al parque <strong>M\u00e1gicas Navidades de Torrej\u00f3n de Ardoz <\/strong>(desde 6 euros). Descubre m\u00e1s en nuestro reportaje completo de <a href=\"https:\/\/www.instagram.com\/stories\/highlights\/18026360045234492\/\">stories.<\/a> <em>[<\/em><em>Plan en colaboraci\u00f3n]<\/em><\/span><\/p>\n<figure id=\"attachment_58196\" aria-describedby=\"caption-attachment-58196\" style=\"width: 1200px\" class=\"wp-caption aligncenter\"><a href=\"https:\/\/www.vidademadrid.com\/es\/wp-content\/uploads\/2024\/10\/Magicas-navidades-2-.jpg\"><img loading=\"lazy\" decoding=\"async\" class=\"size-full wp-image-58196\" src=\"https:\/\/www.vidademadrid.com\/es\/wp-content\/uploads\/2024\/10\/Magicas-navidades-2-.jpg\" alt=\"\" width=\"1200\" height=\"600\" srcset=\"https:\/\/www.vidademadrid.com\/es\/wp-content\/uploads\/2024\/10\/Magicas-navidades-2-.jpg 1200w, https:\/\/www.vidademadrid.com\/es\/wp-content\/uploads\/2024\/10\/Magicas-navidades-2--300x150.jpg 300w, https:\/\/www.vidademadrid.com\/es\/wp-content\/uploads\/2024\/10\/Magicas-navidades-2--1024x512.jpg 1024w, https:\/\/www.vidademadrid.com\/es\/wp-content\/uploads\/2024\/10\/Magicas-navidades-2--768x384.jpg 768w, https:\/\/www.vidademadrid.com\/es\/wp-content\/uploads\/2024\/10\/Magicas-navidades-2--696x348.jpg 696w, https:\/\/www.vidademadrid.com\/es\/wp-content\/uploads\/2024\/10\/Magicas-navidades-2--1068x534.jpg 1068w, https:\/\/www.vidademadrid.com\/es\/wp-content\/uploads\/2024\/10\/Magicas-navidades-2--840x420.jpg 840w\" sizes=\"auto, (max-width: 1200px) 100vw, 1200px\" \/><\/a><figcaption id=\"caption-attachment-58196\" class=\"wp-caption-text\">Foto: Prensa<\/figcaption><\/figure>\n<h2>M\u00e1s planes de Navidad<\/h2>\n<h3><span class=\"OYPEnA font-feature-liga-off font-feature-clig-off font-feature-calt-off text-decoration-none text-strikethrough-none\">La Estaci\u00f3n de la Navidad en Sol<\/span><\/h3>\n<p><span class=\"OYPEnA font-feature-liga-off font-feature-clig-off font-feature-calt-off text-decoration-none text-strikethrough-none\">Nueva actividad inmersiva para peque\u00f1os y mayores: Metro de Madrid instala en la Real Casa de Postas la<strong> Estaci\u00f3n de la Navidad en Sol<\/strong>. Descubre toda la info a trav\u00e9s de nuestro<a href=\"https:\/\/www.instagram.com\/vidademadrid\/\"> IG.\u00a0<\/a><\/span><\/p>\n<h3><span class=\"OYPEnA font-feature-liga-off font-feature-clig-off font-feature-calt-off text-decoration-none text-strikethrough-none\">El Bosque de los Deseos<\/span><\/h3>\n<p><span class=\"OYPEnA font-feature-liga-off font-feature-clig-off font-feature-calt-off text-decoration-none text-strikethrough-none\">Vuelve el m\u00e1gico espacio donde donde podr\u00e1s acudir a escribir tus peticiones para el a\u00f1o nuevo y colgarlas en los abetos de Navidad del bosque. Actividad disponible en la calle Carretas, 4 (metro Sol) de forma gratuita. M\u00e1s info<a href=\"https:\/\/www.esmadrid.com\/agenda\/bosque-deseos-real-casa-postas\"> aqu\u00ed.\u00a0<\/a><\/span><\/p>\n<h3><span class=\"OYPEnA font-feature-liga-off font-feature-clig-off font-feature-calt-off text-decoration-none text-strikethrough-none\">\u201cAlegr\u00eda\u201d del Cirque du Soleil<\/span><\/h3>\n<p><span class=\"OYPEnA font-feature-liga-off font-feature-clig-off font-feature-calt-off text-decoration-none text-strikethrough-none\">Vuelve esta semana a Madrid la mayor productora de circo del mundo, que presenta la versi\u00f3n reinventada de su gran cl\u00e1sico <strong>\u201cAlegr\u00eda: Bajo Una Nueva Luz\u201d<\/strong>, con 54 artistas. Estar\u00e1 <strong>disponible hasta el 16 de febrero<\/strong> en el Escenario de Puerta del \u00c1ngel. Entradas desde 70 euros. Toda la info <a href=\"https:\/\/www.cirquedusoleil.com\/es\/espana\/madrid\/alegria\/comprar-entradas?gad_source=1&amp;gclid=CjwKCAiAmMC6BhA6EiwAdN5iLSDTsFNEkjxvrSYsv3_PcUWme5h5MsRaTYEtAGnIixXrkHsjKHjb0RoCD4YQAvD_BwE\">aqu\u00ed.\u00a0<\/a><\/span><\/p>\n<h3><span class=\"OYPEnA font-feature-liga-off font-feature-clig-off font-feature-calt-off text-decoration-none text-strikethrough-none\">Pista de hielo de Matadero<\/span><\/h3>\n<p><span class=\"OYPEnA font-feature-liga-off font-feature-clig-off font-feature-calt-off text-decoration-none text-strikethrough-none\">Vuelve a abrir este viernes la <strong>pista de hielo al aire libre<\/strong> de 600 m\u00b2. Los pases son de 30 minutos, la entrada incluye alquiler de patines y casco. Guantes (obligatorios) por 1,60 euros y andadores por 2 euros. Disponible hasta el 6 de enero. Entrada <strong>desde 6,50 euros<\/strong>. M\u00e1s info <a href=\"https:\/\/www.mataderomadrid.org\/programacion\/pista-de-hielo-1\">aqu\u00ed.\u00a0<\/a><\/span><\/p>\n<figure id=\"attachment_29132\" aria-describedby=\"caption-attachment-29132\" style=\"width: 1200px\" class=\"wp-caption aligncenter\"><a href=\"https:\/\/www.vidademadrid.com\/es\/wp-content\/uploads\/2021\/01\/Pista-Hielo-Matadero.jpg\"><img loading=\"lazy\" decoding=\"async\" class=\"size-full wp-image-29132\" src=\"https:\/\/www.vidademadrid.com\/es\/wp-content\/uploads\/2021\/01\/Pista-Hielo-Matadero.jpg\" alt=\"\" width=\"1200\" height=\"600\" srcset=\"https:\/\/www.vidademadrid.com\/es\/wp-content\/uploads\/2021\/01\/Pista-Hielo-Matadero.jpg 1200w, https:\/\/www.vidademadrid.com\/es\/wp-content\/uploads\/2021\/01\/Pista-Hielo-Matadero-300x150.jpg 300w, https:\/\/www.vidademadrid.com\/es\/wp-content\/uploads\/2021\/01\/Pista-Hielo-Matadero-1024x512.jpg 1024w, https:\/\/www.vidademadrid.com\/es\/wp-content\/uploads\/2021\/01\/Pista-Hielo-Matadero-768x384.jpg 768w, https:\/\/www.vidademadrid.com\/es\/wp-content\/uploads\/2021\/01\/Pista-Hielo-Matadero-696x348.jpg 696w, https:\/\/www.vidademadrid.com\/es\/wp-content\/uploads\/2021\/01\/Pista-Hielo-Matadero-1068x534.jpg 1068w, https:\/\/www.vidademadrid.com\/es\/wp-content\/uploads\/2021\/01\/Pista-Hielo-Matadero-840x420.jpg 840w\" sizes=\"auto, (max-width: 1200px) 100vw, 1200px\" \/><\/a><figcaption id=\"caption-attachment-29132\" class=\"wp-caption-text\">Foto: Ayuntamiento de Madrid<\/figcaption><\/figure>\n<h3>Fotograf\u00eda el n<span class=\"OYPEnA font-feature-liga-off font-feature-clig-off font-feature-calt-off text-decoration-none text-strikethrough-none\">uevo arco navide\u00f1o en el Retiro<\/span><\/h3>\n<p><span class=\"OYPEnA font-feature-liga-off font-feature-clig-off font-feature-calt-off text-decoration-none text-strikethrough-none\">El Retiro inaugura un <strong>\u201cJard\u00edn ef\u00edmero\u201d<\/strong>: un punto para hacerse fotos navide\u00f1as, con<\/span> <span class=\"OYPEnA font-feature-liga-off font-feature-clig-off font-feature-calt-off text-decoration-none text-strikethrough-none\">un banco debajo de un arco natural inspirado en la tradicional corona de Navidad. Descubre m\u00e1s a trav\u00e9s de nuestras <a href=\"https:\/\/www.instagram.com\/stories\/highlights\/17958548573728802\/\">stories.\u00a0<\/a><\/span><\/p>\n<h3><span class=\"OYPEnA font-feature-liga-off font-feature-clig-off font-feature-calt-off text-decoration-none text-strikethrough-none\">No te pierdas el concierto navide\u00f1o de saxos en el Retiro<\/span><\/h3>\n<p><span class=\"OYPEnA font-feature-liga-off font-feature-clig-off font-feature-calt-off text-decoration-none text-strikethrough-none\">Este viernes, el <strong>Centro Cultural Casa de Vacas<\/strong> acoge el concierto <strong>\u201cSaxo en Navidad: Ecos sonoros de Paz\u201d<\/strong>, de la Orquesta de Saxos del Conservatorio de Redondela. Reparto de entradas gratuitas desde una hora antes.<\/span><\/p>\n<h3>Apunta estos belenes para visitar durante el puente<\/h3>\n<figure id=\"attachment_46532\" aria-describedby=\"caption-attachment-46532\" style=\"width: 1200px\" class=\"wp-caption aligncenter\"><a href=\"https:\/\/www.vidademadrid.com\/es\/wp-content\/uploads\/2022\/11\/belen-1.jpeg\"><img loading=\"lazy\" decoding=\"async\" class=\"size-full wp-image-46532\" src=\"https:\/\/www.vidademadrid.com\/es\/wp-content\/uploads\/2022\/11\/belen-1.jpeg\" alt=\"\" width=\"1200\" height=\"600\" srcset=\"https:\/\/www.vidademadrid.com\/es\/wp-content\/uploads\/2022\/11\/belen-1.jpeg 1200w, https:\/\/www.vidademadrid.com\/es\/wp-content\/uploads\/2022\/11\/belen-1-300x150.jpeg 300w, https:\/\/www.vidademadrid.com\/es\/wp-content\/uploads\/2022\/11\/belen-1-1024x512.jpeg 1024w, https:\/\/www.vidademadrid.com\/es\/wp-content\/uploads\/2022\/11\/belen-1-768x384.jpeg 768w, https:\/\/www.vidademadrid.com\/es\/wp-content\/uploads\/2022\/11\/belen-1-696x348.jpeg 696w, https:\/\/www.vidademadrid.com\/es\/wp-content\/uploads\/2022\/11\/belen-1-1068x534.jpeg 1068w, https:\/\/www.vidademadrid.com\/es\/wp-content\/uploads\/2022\/11\/belen-1-840x420.jpeg 840w\" sizes=\"auto, (max-width: 1200px) 100vw, 1200px\" \/><\/a><figcaption id=\"caption-attachment-46532\" class=\"wp-caption-text\">Foto: Ayuntamiento de Madrid<\/figcaption><\/figure>\n<h4>Bel\u00e9n y villancicos en Sol<\/h4>\n<p><span class=\"OYPEnA font-feature-liga-off font-feature-clig-off font-feature-calt-off text-decoration-none text-strikethrough-none\">Ya est\u00e1 disponible el tradicional <strong>bel\u00e9n de la Comunidad de Madrid<\/strong>, de 145 m2 en la <strong>Real Casa de Correos<\/strong> (metro Sol). Este a\u00f1o se inspira en antiguos pueblos de Marruecos. Adem\u00e1s, todos los d\u00edas habr\u00e1 <strong>villancicos<\/strong> por agrupaciones musicales de colegios, universidades, conservatorios, asociaciones y m\u00e1s. La entrada es gratuita. M\u00e1s info <a href=\"https:\/\/www.comunidad.madrid\/noticias\/2024\/11\/29\/diaz-ayuso-inaugura-belen-real-casa-correos-inspirado-pueblo-marroqui-ait-ben-haddou-declarado-patrimonio-humanidad\">aqu\u00ed.\u00a0<\/a><\/span><\/p>\n<h4><span class=\"OYPEnA font-feature-liga-off font-feature-clig-off font-feature-calt-off text-decoration-none text-strikethrough-none\">Bel\u00e9n de la Casa de M\u00e9xico<\/span><\/h4>\n<p class=\"cvGsUA direction-ltr align-center para-style-body\"><span class=\"OYPEnA font-feature-liga-off font-feature-clig-off font-feature-calt-off text-decoration-none text-strikethrough-none\">El bel\u00e9n artesanal de la <strong>Casa de M\u00e9xico<\/strong> cuenta con 34 figuras realizadas con la t\u00e9cnica de la cartoner\u00eda. El recorrido se complementa con <\/span><span class=\"OYPEnA font-feature-liga-off font-feature-clig-off font-feature-calt-off text-decoration-none text-strikethrough-none\">20 nacimientos artesanales de M\u00e9xico. Entrada gratuita. Toda la info <a href=\"https:\/\/www.casademexico.es\/noticia\/belenes-de-mexico-2024\/\">aqu\u00ed.\u00a0<\/a><\/span><\/p>\n<h4><span class=\"OYPEnA font-feature-liga-off font-feature-clig-off font-feature-calt-off text-decoration-none text-strikethrough-none\">Bel\u00e9n del Palacio Real<\/span><\/h4>\n<p><span class=\"OYPEnA font-feature-liga-off font-feature-clig-off font-feature-calt-off text-decoration-none text-strikethrough-none\">Abre el <strong>Bel\u00e9n del Pr\u00edncipe del Palacio Real<\/strong>, con elementos emblem\u00e1ticos del Real Sitio de la Granja (acceso libre por Arco de Santiago). Y no muy lejos, el nuevo bel\u00e9n en el Patio Renacentista del Museo de San Isidro (todo el puente de 10:00 a 20:00). Entrada gratuita. Toda la info <a href=\"https:\/\/www.patrimonionacional.es\/actualidad\/exposiciones\/el-belen-del-principe-en-el-palacio-real-de-madrid\">aqu\u00ed.\u00a0<\/a><\/span><\/p>\n<h2>Otras actividades<\/h2>\n<h3><span class=\"OYPEnA font-feature-liga-off font-feature-clig-off font-feature-calt-off text-decoration-none text-strikethrough-none\">Descubre la nueva instalaci\u00f3n interactiva en Matadero<\/span><\/h3>\n<p><span class=\"OYPEnA font-feature-liga-off font-feature-clig-off font-feature-calt-off text-decoration-none text-strikethrough-none\">Llega este jueves <strong>\u201cIt from bit\u201d<\/strong> del artista digital Efr\u00e9n Mur: con una serie de <strong>sensores que captan los movimientos de los asistentes<\/strong>, para explorar nuevas realidades gracias a la tecnolog\u00eda performativa. Disponible de forma gratuita hasta el 9 de marzo en la Nave 0 de Matadero. M\u00e1s info <a href=\"https:\/\/www.mataderomadrid.org\/programacion\/it-bit\">aqu\u00ed.\u00a0<\/a><\/span><\/p>\n<h3>Disfruta de todos los museos gratis durante el D\u00eda de la Constituci\u00f3n<\/h3>\n<p><span class=\"OYPEnA font-feature-liga-off font-feature-clig-off font-feature-calt-off text-decoration-none text-strikethrough-none\">El <strong>Museo Reina Sof\u00eda, el Museo Cerralbo, el Museo Arqueol\u00f3gico Nacional, el Museo del Romanticismo, el Museo del Traje, el Museo Nacional de Artes Decorativas y la Real Academia de Bellas Artes de San Fernando<\/strong> tendr\u00e1n entrada gratuita este viernes.\u00a0<\/span><\/p>\n<h3>No te pierdas la oportunidad de visitar el Museo del Prado de noche<\/h3>\n<p><span class=\"OYPEnA font-feature-liga-off font-feature-clig-off font-feature-calt-off text-decoration-none text-strikethrough-none\">El Museo del Prado abrir\u00e1 sus puertas de <strong>manera extraordinaria este s\u00e1bado noche<\/strong> para visitar de manera <strong>gratuita<\/strong>. Habr\u00e1 iniciativas musicales y m\u00e1s actividades.\u00a0<\/span><\/p>\n<h3>Apunta estos dos mercados gratuitos para el puente<\/h3>\n<h4><span class=\"OYPEnA font-feature-liga-off font-feature-clig-off font-feature-calt-off text-decoration-none text-strikethrough-none\">\u201cMercado Orgullosamente Local\u201d<\/span><\/h4>\n<p><span class=\"OYPEnA font-feature-liga-off font-feature-clig-off font-feature-calt-off text-decoration-none text-strikethrough-none\">Segunda edici\u00f3n del mercado con lo mejor de la <strong>artesan\u00eda, gastronom\u00eda y dise\u00f1o local<\/strong>, en un espacio que homenajea a la cer\u00e1mica y azulejer\u00eda espa\u00f1olas. Con <strong>m\u00fasica en directo, talleres, arte en vivo y zona gastro<\/strong>. Disponible en el <strong>Palacio de Neptuno.<\/strong> M\u00e1s info <a href=\"https:\/\/todoestaenmadrid.com\/es\/news\/mercado-orgullosamente-local-un-homenaje-al-consumo-de-proximidad-y-la-artesania-espanola-en-el-palacio-de-neptuno\">aqu\u00ed.\u00a0<\/a><\/span><\/p>\n<h4><span class=\"OYPEnA font-feature-liga-off font-feature-clig-off font-feature-calt-off text-decoration-none text-strikethrough-none\">Flea Market en el Mercado de San Ant\u00f3n<\/span><\/h4>\n<p><span class=\"OYPEnA font-feature-liga-off font-feature-clig-off font-feature-calt-off text-decoration-none text-strikethrough-none\">Llega la edici\u00f3n de Navidad del mercado para los a<strong>mantes de lo vintage, lo retro y lo hecho a mano<\/strong>. Perfecto para encontrar<\/span> <span class=\"OYPEnA font-feature-liga-off font-feature-clig-off font-feature-calt-off text-decoration-none text-strikethrough-none\">tesoros escondidos y creaciones artesanales para regalar. Disponible en el <strong>Mercado de San Ant\u00f3n<\/strong>. Toda la info<a href=\"https:\/\/www.instagram.com\/fleamarket.spain\/p\/DC9t_5YNZEk\/?img_index=1\"> aqu\u00ed.\u00a0<\/a><\/span><\/p>\n<h2>Planes de exposiciones y teatro<\/h2>\n<h3><span class=\"OYPEnA font-feature-liga-off font-feature-clig-off font-feature-calt-off text-decoration-none text-strikethrough-none\">Max Ernst en el C\u00edrculo de Bellas Artes\u00a0<\/span><\/h3>\n<p><span class=\"OYPEnA font-feature-liga-off font-feature-clig-off font-feature-calt-off text-decoration-none text-strikethrough-none\"><strong>\u201cMax Ernst: Surrealismo, Arte y Cine\u201d<\/strong> ofrece un recorrido \u00fanico por la vida y la trayectoria del c\u00e9lebre artista surrealista alem\u00e1n, con un original enfoque que relaciona sus obras con el cine. Entrada desde 13,50 euros. M\u00e1s info y entradas <a href=\"https:\/\/max-ernst.es\/?gad_source=1&amp;gclid=CjwKCAiAmMC6BhA6EiwAdN5iLa7oqzaXPEi-1QxjXsmAESX1fdg6mF1-9r7Ju9O5-898nyczsg2GoBoChfUQAvD_BwE\">aqu\u00ed.\u00a0<\/a><\/span><\/p>\n<h3><span class=\"OYPEnA font-feature-liga-off font-feature-clig-off font-feature-calt-off text-decoration-none text-strikethrough-none\">Expo sensorial Beethoven<\/span><\/h3>\n<p><span class=\"OYPEnA font-feature-liga-off font-feature-clig-off font-feature-calt-off text-decoration-none text-strikethrough-none\"><strong>\u201cBeethoven. Del coraz\u00f3n al coraz\u00f3n\u201d<\/strong> combina obras pict\u00f3ricas con proyecciones art\u00edsticas y musicales inspiradas en el compositor alem\u00e1n, en el a\u00f1o en el que se celebra el 200\u00ba aniversario del estreno de la Novena Sinfon\u00eda. Entrada gratuita. M\u00e1s info <a href=\"https:\/\/www.serreria-belga.es\/actividades\/beethoven-del-corazon-al-corazon\">aqu\u00ed.\u00a0<\/a><\/span><\/p>\n<h3><span class=\"OYPEnA font-feature-liga-off font-feature-clig-off font-feature-calt-off text-decoration-none text-strikethrough-none\">Experiencia interactiva clima<\/span><\/h3>\n<p class=\"cvGsUA direction-ltr align-center para-style-body\"><span class=\"OYPEnA font-feature-liga-off font-feature-clig-off font-feature-calt-off text-decoration-none text-strikethrough-none\"><strong>\u201cConectados al futuro. La transici\u00f3n energ\u00e9tica\u201d<\/strong> es una exposici\u00f3n interactiva y <\/span><span class=\"OYPEnA font-feature-liga-off font-feature-clig-off font-feature-calt-off text-decoration-none text-strikethrough-none\">digital sobre los efectos de la emergencia clim\u00e1tica y los retos de la transici\u00f3n energ\u00e9tica en el Real Jard\u00edn Bot\u00e1nico. Con interactivos v\u00eddeos, experimentos, maquetas y escape room. Entrada por 7 euros. Toda la info <a href=\"https:\/\/www.esmadrid.com\/agenda\/conectados-futuro-transicion-energetica-real-jardin-botanico\">aqu\u00ed.\u00a0<\/a><\/span><\/p>\n<h3><span class=\"OYPEnA font-feature-liga-off font-feature-clig-off font-feature-calt-off text-decoration-none text-strikethrough-none\">Musical \u201cSonrisas y l\u00e1grimas\u201d<\/span><\/h3>\n<p><span class=\"OYPEnA font-feature-liga-off font-feature-clig-off font-feature-calt-off text-decoration-none text-strikethrough-none\">Este espect\u00e1culo interpretado por un elenco de <strong>ni\u00f1os profesionales de 7 a 18 a\u00f1os<\/strong> est\u00e1 basado en las memorias de Maria von Trapp,<\/span> <span class=\"OYPEnA font-feature-liga-off font-feature-clig-off font-feature-calt-off text-decoration-none text-strikethrough-none\">una novicia que transforma la vida de su familia con m\u00fasica y amor, mientras huyen de los nazis. Disponible en el <strong>Teatro Bellas Artes<\/strong> (metro Sevilla). Entradas desde 22 euros. Toda la info <a href=\"https:\/\/www.teatrobellasartes.es\/obra-de-teatro\/sonrisas-y-lagrimas\/\">aqu\u00ed.\u00a0<\/a><\/span><\/p>\n<h3><span class=\"OYPEnA font-feature-liga-off font-feature-clig-off font-feature-calt-off text-decoration-none text-strikethrough-none\">Obra teatral \u201cTodos p\u00e1jaros\u201d<\/span><\/h3>\n<p><span class=\"OYPEnA font-feature-liga-off font-feature-clig-off font-feature-calt-off text-decoration-none text-strikethrough-none\">En esta obra Wajdi Mouawad retrata el drama de parejas israelo-palestinas cuyo amor imposible lleva al suicidio, explorando identidad, herencia y odio en un entorno hostil. Disponible en <strong>Teatros Canal<\/strong> desde 9 euros. M\u00e1s info <a href=\"https:\/\/www.teatroscanal.com\/espectaculo\/todos-pajaros-mario-gas-mouawad-tc2425\/\">aqu\u00ed.\u00a0<\/a><\/span><\/p>\n<h3><span class=\"OYPEnA font-feature-liga-off font-feature-clig-off font-feature-calt-off text-decoration-none text-strikethrough-none\">\u201cUn monstruo viene a verme\u201d<\/span><\/h3>\n<p><span class=\"OYPEnA font-feature-liga-off font-feature-clig-off font-feature-calt-off text-decoration-none text-strikethrough-none\">Esta emotiva obra para concienciar sobre el c\u00e1ncer, basada en la <strong>novela de Patrick Ness<\/strong>, cuenta la historia de un chico que se enfrenta a pesadillas desde que su madre se enferm\u00f3. Un monstruo lo guiar\u00e1 para enfrentar sus miedos. Disponible en <strong>Teatros Canal<\/strong> desde 9 euros. M\u00e1s info <a href=\"https:\/\/www.teatroscanal.com\/espectaculo\/lajoven-un-monstruo-tc2425\/\">aqu\u00ed.\u00a0<\/a><\/span><\/p>\n<h3><span class=\"OYPEnA font-feature-liga-off font-feature-clig-off font-feature-calt-off text-decoration-none text-strikethrough-none\">38\u00ba Certamen Coreogr\u00e1fico de Madrid<\/span><\/h3>\n<p><span class=\"OYPEnA font-feature-liga-off font-feature-clig-off font-feature-calt-off text-decoration-none text-strikethrough-none\">Este evento cuenta con artistas que han sido Premios Nacionales de Danza, incluye funciones <strong>teatrales, el proyecto Me, Myself &amp; I, talleres coreogr\u00e1ficos y otras actividades<\/strong> relacionados con la Plataforma Paso a 2. Disponible en el<strong> Centro Condeduque<\/strong> por 14 euros. Toda la info <a href=\"https:\/\/www.condeduquemadrid.es\/actividades\/38o-certamen-coreografico-de-madrid\">aqu\u00ed.\u00a0<\/a><\/span><\/p>\n<h3><span class=\"OYPEnA font-feature-liga-off font-feature-clig-off font-feature-calt-off text-decoration-none text-strikethrough-none\">Homenaje a Dire Straits<\/span><\/h3>\n<p><span class=\"OYPEnA font-feature-liga-off font-feature-clig-off font-feature-calt-off text-decoration-none text-strikethrough-none\"><strong>Dire Straits Experience<\/strong> ofrece un homenaje a la banda rock tocando sus grandes \u00e9xitos. El espect\u00e1culo cuenta con m\u00fasicos que trabajaron con la banda original, como Chris White y Terence Reis. Disponible en <strong>IFEMA<\/strong>. Entradas desde 55 euros. Toda la info <a href=\"https:\/\/www.ifema.es\/concierto-dire-straits-experience\">aqu\u00ed.\u00a0<\/a><\/span><\/p>\n<h3><span class=\"OYPEnA font-feature-liga-off font-feature-clig-off font-feature-calt-off text-decoration-none text-strikethrough-none\">Espect\u00e1culo \u201cMaestrissimo\u201d<\/span><\/h3>\n<p><span class=\"OYPEnA font-feature-liga-off font-feature-clig-off font-feature-calt-off text-decoration-none text-strikethrough-none\">Un espect\u00e1culo c\u00f3mico y musical que, ambientado entre los siglos XVII y XVIII, sigue a un m\u00fasico luchando por ascender en un mundo jer\u00e1rquico, abordando temas de arte, \u00e9tica y creaci\u00f3n con humor y est\u00e9tica cuidada. Disponible en el <strong>Teatro Infanta Isabel<\/strong>. Entrada desde 18 euros. M\u00e1s info <a href=\"https:\/\/www.teatroinfantaisabel.es\/obra\/maestrissimo\/\">aqu\u00ed.\u00a0<\/a><\/span><\/p>\n<h2><span style=\"color: #111111; font-family: Roboto, sans-serif; font-size: 27px;\">Restaurantes para el finde\u00a0<\/span><\/h2>\n<h3>The Classic Brunch en Habanera<\/h3>\n<p><span class=\"OYPEnA font-feature-liga-off font-feature-clig-off font-feature-calt-off text-decoration-none text-strikethrough-none\">Vuelve los <strong>s\u00e1bados<\/strong> son su propuesta incluye una selecci\u00f3n de panader\u00eda y boller\u00eda, salazones y quesos y dulce. Estate muy atento a nuestras redes, dentro de muy poco te contaremos todo.\u00a0<\/span><\/p>\n<h3><span class=\"OYPEnA font-feature-liga-off font-feature-clig-off font-feature-calt-off text-decoration-none text-strikethrough-none\">Ramest<\/span><\/h3>\n<p><span class=\"OYPEnA font-feature-liga-off font-feature-clig-off font-feature-calt-off text-decoration-none text-strikethrough-none\">El restaurante de la la firma pionera en el arte de ahumar desde 1950. Con s<strong>alm\u00f3n, tortilla vaga de bacalao, bikinis y m\u00e1s<\/strong>. Vuelve a vivir nuestra experiencia a trav\u00e9s de <a href=\"https:\/\/www.instagram.com\/stories\/highlights\/18062031223837041\/\">IG stories.\u00a0<\/a><\/span><\/p>\n<h2>M\u00e1s planes<\/h2>\n<p>Como siempre, tenemos muchas m\u00e1s propuestas de planes en Vida de Madrid. Puedes consultar el listado completo de planes\u00a0en nuestra\u00a0<a href=\"https:\/\/www.vidademadrid.com\/es\/58325\/agenda-de-diciembre-de-2024-en-madrid-planes-y-eventos\/\">agenda del mes<\/a><a href=\"https:\/\/www.vidademadrid.com\/es\/52298\/agenda-septiembre-2023-madrid\/\">\u00a0<\/a>y en el\u00a0<a href=\"http:\/\/vidademadrid.com\/planes\">especial Planes<\/a>. No te pierdas los eventos del momento en nuestras redes: puedes seguir <a href=\"https:\/\/www.instagram.com\/VidaDeMadrid\/\">los reportajes diarios en IG Stories @vidademadrid<\/a>\u2026 y m\u00e1s contenido en <a href=\"https:\/\/www.tiktok.com\/@vida_demadrid\">TikTok<\/a>.<\/p>\n","protected":false},"excerpt":{"rendered":"<p>Nuevo Museo del Videojuego en Callao, apertura extraordinaria de El Capricho, Rocking Christmas en M\u00e1gicas Navidades y m\u00e1s<\/p>\n","protected":false},"author":13,"featured_media":58272,"comment_status":"open","ping_status":"open","sticky":false,"template":"","format":"standard","meta":{"footnotes":""},"categories":[187,119],"tags":[],"class_list":{"0":"post-58374","1":"post","2":"type-post","3":"status-publish","4":"format-standard","5":"has-post-thumbnail","7":"category-madrid-hoy","8":"category-portada"},"_links":{"self":[{"href":"https:\/\/www.vidademadrid.com\/es\/wp-json\/wp\/v2\/posts\/58374","targetHints":{"allow":["GET"]}}],"collection":[{"href":"https:\/\/www.vidademadrid.com\/es\/wp-json\/wp\/v2\/posts"}],"about":[{"href":"https:\/\/www.vidademadrid.com\/es\/wp-json\/wp\/v2\/types\/post"}],"author":[{"embeddable":true,"href":"https:\/\/www.vidademadrid.com\/es\/wp-json\/wp\/v2\/users\/13"}],"replies":[{"embeddable":true,"href":"https:\/\/www.vidademadrid.com\/es\/wp-json\/wp\/v2\/comments?post=58374"}],"version-history":[{"count":4,"href":"https:\/\/www.vidademadrid.com\/es\/wp-json\/wp\/v2\/posts\/58374\/revisions"}],"predecessor-version":[{"id":58379,"href":"https:\/\/www.vidademadrid.com\/es\/wp-json\/wp\/v2\/posts\/58374\/revisions\/58379"}],"wp:featuredmedia":[{"embeddable":true,"href":"https:\/\/www.vidademadrid.com\/es\/wp-json\/wp\/v2\/media\/58272"}],"wp:attachment":[{"href":"https:\/\/www.vidademadrid.com\/es\/wp-json\/wp\/v2\/media?parent=58374"}],"wp:term":[{"taxonomy":"category","embeddable":true,"href":"https:\/\/www.vidademadrid.com\/es\/wp-json\/wp\/v2\/categories?post=58374"},{"taxonomy":"post_tag","embeddable":true,"href":"https:\/\/www.vidademadrid.com\/es\/wp-json\/wp\/v2\/tags?post=58374"}],"curies":[{"name":"wp","href":"https:\/\/api.w.org\/{rel}","templated":true}]}}