{"id":58282,"date":"2024-11-27T10:38:43","date_gmt":"2024-11-27T09:38:43","guid":{"rendered":"https:\/\/www.vidademadrid.com\/es\/?p=58282"},"modified":"2024-12-03T21:47:14","modified_gmt":"2024-12-03T20:47:14","slug":"navidad-2024-en-madrid-programa-conciertos","status":"publish","type":"post","link":"https:\/\/www.vidademadrid.com\/es\/58282\/navidad-2024-en-madrid-programa-conciertos\/","title":{"rendered":"Navidad en Madrid 2024: programa de actividades y conciertos"},"content":{"rendered":"<p>Esta\u00a0<strong>Navidad\u00a0<\/strong>vuelve con un programa de actividades especiales organizadas por el Ayuntamiento de Madrid que culminar\u00e1 con la gran\u00a0<strong>Cabalgata de Reyes.<\/strong> A continuaci\u00f3n los eventos que destacamos (mientras el programa completo est\u00e1 en la <a href=\"http:\/\/navidadmadrid.com\" target=\"_blank\" rel=\"noopener\">web oficial<\/a>).<\/p>\n<h2>Programa de actividades Navidad 2024 en Madrid<\/h2>\n<h3>Belenes proyectados<\/h3>\n<p><script async=\"\" src=\"https:\/\/pagead2.googlesyndication.com\/pagead\/js\/adsbygoogle.js\"><\/script> <ins class=\"adsbygoogle\" style=\"display: block;\" data-ad-format=\"fluid\" data-ad-layout-key=\"-7f+eo+1+2-5\" data-ad-client=\"ca-pub-7450064428034605\" data-ad-slot=\"7327027071\"><\/ins><script>(adsbygoogle = window.adsbygoogle || []).push({});<\/script>Un recorrido que va desde el Real Monasterio de la Encarnaci\u00f3n hasta la Iglesia de San Andr\u00e9s Ap\u00f3stol y fusiona el arte y la historia. Este a\u00f1o, los Belenes proyectados se podr\u00e1n disfrutar del\u00a0<strong>19 al 23 de diciembre\u00a0<\/strong>de 18 a 23 horas.<\/p>\n<figure style=\"width: 500px\" class=\"wp-caption alignnone\"><img loading=\"lazy\" decoding=\"async\" src=\"https:\/\/estaticos.navidadmadrid.com\/uploads\/media\/default\/0001\/01\/thumb_53_default_big.jpg\" alt=\"\" width=\"500\" height=\"653\" \/><figcaption class=\"wp-caption-text\">Foto: Navidad Madrid<\/figcaption><\/figure>\n<h3>Videmapping en Condeduque<\/h3>\n<p><em>Navidad de cristal,\u00a0<\/em>un espect\u00e1culo creado por Miguel Chevalier transformar\u00e1 el patio del Centro de Cultura Contempor\u00e1nea Condeduque en un paisaje invernal de cristales y estructuras fractales.<\/p>\n<p>Este videomapping utiliza tecnolog\u00eda avanzada e inteligencia artificial para crear un espect\u00e1culo interactivo que responde al movimiento de los visitantes en una experiencia inmersiva \u00fanica.<\/p>\n<p>Ser\u00e1 del 26 al 30 de diciembre de 19 a 23 horas. El acceso es libre hasta completar aforo.<\/p>\n<h3>Madrid, Navidad de Encuentro<\/h3>\n<p><script async=\"\" src=\"https:\/\/pagead2.googlesyndication.com\/pagead\/js\/adsbygoogle.js\"><\/script> <ins class=\"adsbygoogle\" style=\"display: block; text-align: center;\" data-ad-layout=\"in-article\" data-ad-format=\"fluid\" data-ad-client=\"ca-pub-7450064428034605\" data-ad-slot=\"5670045061\"><\/ins> <script>(adsbygoogle = window.adsbygoogle || []).push({});<\/script>La sexta edici\u00f3n de\u00a0<strong>Madrid, Navidad de Encuentro\u00a0<\/strong>llega a Plaza Matadero con ofertas y actividades para todos los p\u00fablicos como conciertos, talleres, juegos, espect\u00e1culos singulares y una zona gastron\u00f3mica.<\/p>\n<ul>\n<li><strong>Nevar\u00e1 en la Plaza Matadero<\/strong>\n<ul>\n<li>Del 20 de diciembre al 3 de enero a partir de las 18 horas.<\/li>\n<\/ul>\n<\/li>\n<li><strong>Gartenzwerge: Gnomos de jard\u00edn:<\/strong> gnomos gigantes visitar\u00e1n la Plaza Matadero. Esta instalaci\u00f3n se inspira en la tradici\u00f3n alemana de gnomos de jard\u00edn\n<ul>\n<li>20 de diciembre de 16.30 a 21 horas y del 21 de diciembre al 3 de enero de 11.30 a 21 horas.<\/li>\n<\/ul>\n<\/li>\n<\/ul>\n<h3>Conciertos en Plaza de Matadero<\/h3>\n<p>El escenario Plaza de Matadero ofrecer\u00e1 conciertos para todo tipo de p\u00fablicos, que van desde el jazz al soul, pasando por la m\u00fasica electr\u00f3nica con artistas nacionales e internacionales.<\/p>\n<ul>\n<li><strong>Coro Friedens aleman de Madrid y Friedenscamerata:\u00a0<\/strong>concierto \u00abNavidad alemana. Transeamus usque Bethelem\u00bb\n<ul>\n<li>Viernes 20 de diciembre, 18.30 horas<\/li>\n<\/ul>\n<\/li>\n<li><strong>Banda de Madrid, Navidad de Encuentro<\/strong>\n<ul>\n<li>Del 21 al 23 de diciembre, 13 horas<\/li>\n<\/ul>\n<\/li>\n<li><strong>Andreas Prittwitz Quartet (APQ)\u00a0<\/strong>\n<ul>\n<li>S\u00e1bado 21 de diciembre, 18.30 horas<\/li>\n<\/ul>\n<\/li>\n<li><strong>Shirley Davis &amp; the Silverbacks\u00a0<\/strong>\n<ul>\n<li>Domingo 22 de diciembre, 18.30 horas<\/li>\n<\/ul>\n<\/li>\n<li><strong>Potato Head Jazz Band en concierto<\/strong>\n<ul>\n<li>Lunes 23 de diciembre, 18.30 horas<\/li>\n<\/ul>\n<\/li>\n<li><strong>Gela<\/strong>\n<ul>\n<li>Jueves 26 de diciembre, 13 horas<\/li>\n<\/ul>\n<\/li>\n<li><strong>Carusoul (DJ set)<\/strong>\n<ul>\n<li>26 y 30 de diciembre, 18.30 horas<\/li>\n<\/ul>\n<\/li>\n<li><strong>Arigato &#8211; Cuento que te canto<\/strong>\n<ul>\n<li>Viernes 27 de diciembre, 13 horas<\/li>\n<\/ul>\n<\/li>\n<li><strong>Pablo Galiano &amp; Musictones<\/strong>\n<ul>\n<li>Viernes 27 de diciembre, 18.30 horas<\/li>\n<\/ul>\n<\/li>\n<li><strong>La Fant\u00e1stica Banda<\/strong>\n<ul>\n<li>28 y 29 de diciembre, 13 horas<\/li>\n<\/ul>\n<\/li>\n<li><strong>The Clams: soul made in Spain\u00a0<\/strong>\n<ul>\n<li>S\u00e1bado 28 de diciembre, 18.30 horas<\/li>\n<\/ul>\n<\/li>\n<li><strong>Marcos Coll &amp; Will Jacobs<\/strong>\n<ul>\n<li>Domingo 29 de diciembre, 18.30 horas<\/li>\n<\/ul>\n<\/li>\n<li><strong>Bihotza (HEARTz)<\/strong>\n<ul>\n<li>Lunes 30 de diciembre, 13 horas<\/li>\n<\/ul>\n<\/li>\n<li><strong>Folkids. Pep L\u00f3pez &amp; Af\u00f3nix Producciones<\/strong>\n<ul>\n<li>2 y 3 de enero, 13 horas<\/li>\n<\/ul>\n<\/li>\n<li><strong>Mamafunko<\/strong>\n<ul>\n<li>Jueves 2 de enero, 18.30 horas<\/li>\n<\/ul>\n<\/li>\n<li><strong>Au Rora<\/strong>\n<ul>\n<li>Viernes 3 de enero, 18.30 horas<\/li>\n<\/ul>\n<\/li>\n<\/ul>\n<h3>Carrill\u00f3n de Navidad<\/h3>\n<p>El Carrill\u00f3n de Navidad es una obra de arte visual, un reloj gigante con personajes encantadores que en cada presentaci\u00f3n ser\u00e1 distinta. Se presentan caballeros, aut\u00f3matas y payasos que act\u00faan sobre el escenario mezclando peleas, humor y pasi\u00f3n.<\/p>\n<p>La duraci\u00f3n de cada pase es de 20 minutos.<\/p>\n<ul>\n<li>26 de diciembre: frente al Centro Cultural Paco de Luc\u00eda (Avenida de las \u00c1guilas, 2). Distrito Latina.\n<ul>\n<li>17, 18 y 19 horas<\/li>\n<\/ul>\n<\/li>\n<li>27 de diciembre: Plaza del padre Llanos, frente a la Biblioteca del Pozo del t\u00edo Raimundo. Distrito Puente de Vallecas.\n<ul>\n<li>17, 18 y 19 horas<\/li>\n<\/ul>\n<\/li>\n<li>28 de diciembre: Avenida Rafaela Ybarra, 43. Distrito Usera\n<ul>\n<li>17, 18 y 19 horas<\/li>\n<\/ul>\n<\/li>\n<li>29 de diciembre: Auditorio de Canillejas (calle Circe, 50). Distrito de San Blas \/ Canillejas.\n<ul>\n<li>13, 17 y 18 horas<\/li>\n<\/ul>\n<\/li>\n<li>30 de diciembre: Avenida de Monforte de Lemos, 38. Distrito de Fuencarral-El Pardo.\n<ul>\n<li>17, 18 y 19 horas.<\/li>\n<\/ul>\n<\/li>\n<\/ul>\n","protected":false},"excerpt":{"rendered":"<p>Conoce el programa completo. <\/p>\n","protected":false},"author":15,"featured_media":57723,"comment_status":"open","ping_status":"open","sticky":false,"template":"","format":"standard","meta":{"footnotes":""},"categories":[101,119],"tags":[],"class_list":{"0":"post-58282","1":"post","2":"type-post","3":"status-publish","4":"format-standard","5":"has-post-thumbnail","7":"category-ferias-fiestas-mercados-madrid","8":"category-portada"},"_links":{"self":[{"href":"https:\/\/www.vidademadrid.com\/es\/wp-json\/wp\/v2\/posts\/58282","targetHints":{"allow":["GET"]}}],"collection":[{"href":"https:\/\/www.vidademadrid.com\/es\/wp-json\/wp\/v2\/posts"}],"about":[{"href":"https:\/\/www.vidademadrid.com\/es\/wp-json\/wp\/v2\/types\/post"}],"author":[{"embeddable":true,"href":"https:\/\/www.vidademadrid.com\/es\/wp-json\/wp\/v2\/users\/15"}],"replies":[{"embeddable":true,"href":"https:\/\/www.vidademadrid.com\/es\/wp-json\/wp\/v2\/comments?post=58282"}],"version-history":[{"count":3,"href":"https:\/\/www.vidademadrid.com\/es\/wp-json\/wp\/v2\/posts\/58282\/revisions"}],"predecessor-version":[{"id":58291,"href":"https:\/\/www.vidademadrid.com\/es\/wp-json\/wp\/v2\/posts\/58282\/revisions\/58291"}],"wp:featuredmedia":[{"embeddable":true,"href":"https:\/\/www.vidademadrid.com\/es\/wp-json\/wp\/v2\/media\/57723"}],"wp:attachment":[{"href":"https:\/\/www.vidademadrid.com\/es\/wp-json\/wp\/v2\/media?parent=58282"}],"wp:term":[{"taxonomy":"category","embeddable":true,"href":"https:\/\/www.vidademadrid.com\/es\/wp-json\/wp\/v2\/categories?post=58282"},{"taxonomy":"post_tag","embeddable":true,"href":"https:\/\/www.vidademadrid.com\/es\/wp-json\/wp\/v2\/tags?post=58282"}],"curies":[{"name":"wp","href":"https:\/\/api.w.org\/{rel}","templated":true}]}}