{"id":58217,"date":"2024-11-21T11:15:34","date_gmt":"2024-11-21T10:15:34","guid":{"rendered":"https:\/\/www.vidademadrid.com\/es\/?p=58217"},"modified":"2024-11-21T11:15:37","modified_gmt":"2024-11-21T10:15:37","slug":"restricciones-trafico-parking-gran-via-navidad-2024","status":"publish","type":"post","link":"https:\/\/www.vidademadrid.com\/es\/58217\/restricciones-trafico-parking-gran-via-navidad-2024\/","title":{"rendered":"La Gran V\u00eda restringir\u00e1 el tr\u00e1fico esta Navidad"},"content":{"rendered":"<p>El&nbsp;<strong>Ayuntamiento de Madrid&nbsp;<\/strong>ha anunciado&nbsp;<strong>restricciones al tr\u00e1fico en la Gran V\u00eda&nbsp;<\/strong>durante la temporada navide\u00f1a.&nbsp;<\/p>\n<h2>La Gran V\u00eda restringe el tr\u00e1fico estas navidades<\/h2>\n<p><script async=\"\" src=\"https:\/\/pagead2.googlesyndication.com\/pagead\/js\/adsbygoogle.js\"><\/script> <ins class=\"adsbygoogle\" style=\"display:block\" data-ad-format=\"fluid\" data-ad-layout-key=\"-7f+eo+1+2-5\" data-ad-client=\"ca-pub-7450064428034605\" data-ad-slot=\"7327027071\"><\/ins><script>(adsbygoogle = window.adsbygoogle || []).push({});<\/script>El&nbsp;<strong>Ayuntamiento de Madrid&nbsp;<\/strong>ha dado a conocer medidas y restricciones a los veh\u00edculos pesados de m\u00e1s de 3.500 kilos de masa autorizada, excepto los autobuses de la EMT y otros veh\u00edculos autorizados.&nbsp;<\/p>\n<p>Esta medida se implementar\u00e1 para garantizar la seguridad y fluidez durante la temporada navide\u00f1a.&nbsp;<\/p>\n<h2>Fechas y restricciones&nbsp;<\/h2>\n<p><script async=\"\" src=\"https:\/\/pagead2.googlesyndication.com\/pagead\/js\/adsbygoogle.js\"><\/script> <ins class=\"adsbygoogle\" style=\"display:block; text-align:center;\" data-ad-layout=\"in-article\" data-ad-format=\"fluid\" data-ad-client=\"ca-pub-7450064428034605\" data-ad-slot=\"5670045061\"><\/ins> <script>(adsbygoogle = window.adsbygoogle || []).push({});<\/script>A partir del 28 de noviembre y hasta el 7 de enero se implementar\u00e1n estas restricciones en el tr\u00e1fico.<\/p>\n<p>Tambi\u00e9n habr\u00e1 una prohibici\u00f3n para aparcar en varias calles cercanas a la Gran V\u00eda como Abada, Mesoneros Romanos, Chinchilla, Salud y Tres Cruces entre las 12 y 23 horas. Los d\u00edas que se restringir\u00e1 el parking en estas calles ser\u00e1 el 28, 29 y 30 de noviembre; 1, 5, 6, 7, 8, 14, 15, 21, 22, 24, 25, 28, 29 y 31 de diciembre y el 1, 4, 5 y 6 de enero.&nbsp;<\/p>\n","protected":false},"excerpt":{"rendered":"<p>Esta medida es para garantizar la seguridad y fluidez del tr\u00e1fico. <\/p>\n","protected":false},"author":15,"featured_media":46125,"comment_status":"open","ping_status":"open","sticky":false,"template":"","format":"standard","meta":{"footnotes":""},"categories":[12],"tags":[],"class_list":{"0":"post-58217","1":"post","2":"type-post","3":"status-publish","4":"format-standard","5":"has-post-thumbnail","7":"category-actualidad-noticias-madrid"},"_links":{"self":[{"href":"https:\/\/www.vidademadrid.com\/es\/wp-json\/wp\/v2\/posts\/58217","targetHints":{"allow":["GET"]}}],"collection":[{"href":"https:\/\/www.vidademadrid.com\/es\/wp-json\/wp\/v2\/posts"}],"about":[{"href":"https:\/\/www.vidademadrid.com\/es\/wp-json\/wp\/v2\/types\/post"}],"author":[{"embeddable":true,"href":"https:\/\/www.vidademadrid.com\/es\/wp-json\/wp\/v2\/users\/15"}],"replies":[{"embeddable":true,"href":"https:\/\/www.vidademadrid.com\/es\/wp-json\/wp\/v2\/comments?post=58217"}],"version-history":[{"count":1,"href":"https:\/\/www.vidademadrid.com\/es\/wp-json\/wp\/v2\/posts\/58217\/revisions"}],"predecessor-version":[{"id":58219,"href":"https:\/\/www.vidademadrid.com\/es\/wp-json\/wp\/v2\/posts\/58217\/revisions\/58219"}],"wp:featuredmedia":[{"embeddable":true,"href":"https:\/\/www.vidademadrid.com\/es\/wp-json\/wp\/v2\/media\/46125"}],"wp:attachment":[{"href":"https:\/\/www.vidademadrid.com\/es\/wp-json\/wp\/v2\/media?parent=58217"}],"wp:term":[{"taxonomy":"category","embeddable":true,"href":"https:\/\/www.vidademadrid.com\/es\/wp-json\/wp\/v2\/categories?post=58217"},{"taxonomy":"post_tag","embeddable":true,"href":"https:\/\/www.vidademadrid.com\/es\/wp-json\/wp\/v2\/tags?post=58217"}],"curies":[{"name":"wp","href":"https:\/\/api.w.org\/{rel}","templated":true}]}}