{"id":58122,"date":"2024-11-14T19:58:18","date_gmt":"2024-11-14T18:58:18","guid":{"rendered":"https:\/\/www.vidademadrid.com\/es\/?p=58122"},"modified":"2025-10-04T14:51:41","modified_gmt":"2025-10-04T12:51:41","slug":"planes-para-este-fin-de-semana-en-madrid-15-16-y-17-de-noviembre-de-2024","status":"publish","type":"post","link":"https:\/\/www.vidademadrid.com\/es\/58122\/planes-para-este-fin-de-semana-en-madrid-15-16-y-17-de-noviembre-de-2024\/","title":{"rendered":"Planes para este fin de semana en Madrid: 15, 16 y 17 de noviembre de 2024"},"content":{"rendered":"\n<p>Como cada semana, os traemos nuestro <strong>MEGA POST DE PLANES<\/strong> para este <strong>fin de semana 15, 16 y 17 de noviembre<\/strong>: con una serie de actividades destacadas, un especial con los primeros planes navide\u00f1os, exposiciones, teatro y m\u00fasica, adem\u00e1s de los restaurantes destacados que hemos podido conocer esta semana. <\/p>\n\n\n\n<p>Esperamos que lo disfrutes tanto como nosotros y si descubres o haces algo que has le\u00eddo en este art\u00edculo o has visto en nuestras redes, no dudes en compartirlo con nosotros.<\/p>\n\n\n\n<h2 class=\"wp-block-heading\">Actividades destacadas&nbsp;<\/h2>\n\n\n\n<h3 class=\"wp-block-heading\">Descubre la nueva exposici\u00f3n de Gabriele M\u00fcnter en el Thyssen&nbsp;<\/h3>\n\n\n\n<p><span class=\"OYPEnA font-feature-liga-off font-feature-clig-off font-feature-calt-off text-decoration-none text-strikethrough-none\">La exposici\u00f3n recorre la obra de <strong>Gabriele M\u00fcnter<\/strong> desde sus a\u00f1os como fot\u00f3grafa amateur, analizando la relaci\u00f3n de la fotograf\u00eda hasta su creaci\u00f3n pict\u00f3rica en un recorrido cronol\u00f3gico-tem\u00e1tico que se inicia con las obras realizadas durante sus viajes por Europa y el norte de \u00c1frica. Entradas por 14 euros. Toda la info <a href=\"https:\/\/www.museothyssen.org\/exposiciones\/gabriele-munter\">aqu\u00ed.<\/a>&nbsp;<\/span><\/p>\n\n\n\n<h3 class=\"wp-block-heading\"><span class=\"OYPEnA font-feature-liga-off font-feature-clig-off font-feature-calt-off text-decoration-none text-strikethrough-none\">Vuelve Meninas Madrid Gallery 2024<\/span><\/h3>\n\n\n\n<p><span class=\"OYPEnA font-feature-liga-off font-feature-clig-off font-feature-calt-off text-decoration-none text-strikethrough-none\">Este viernes las meninas vuelven a las calles: muchas de las <strong>30 nuevas obras<\/strong> estar\u00e1n en el distrito Salamanca, alguna en Gran V\u00eda.<\/span> Estate muy atento a nuestro <a href=\"https:\/\/www.instagram.com\/vidademadrid\/\">IG<\/a> para ver el reportaje con todas las ubicaciones. Si quieres ir teniendo informaci\u00f3n, <a href=\"https:\/\/www.vidademadrid.com\/es\/58134\/meninas-madrid-gallery-2024-mapa-ubicaciones-sorteo-vida-de-madrid-illy\/\"><strong>visita nuestro especial con todo sobre Meninas Madrid Gallery + sorteo con la menina illy<\/strong><\/a>.\u00a0<\/p>\n\n\n<div class=\"wp-block-image\">\n<figure class=\"aligncenter size-large td-caption-align-https:\/\/www.vidademadrid.com\/es\/wp-content\/uploads\/2024\/11\/menina-illy-foto-vidademadrid.jpg\"><a href=\"https:\/\/www.vidademadrid.com\/es\/58134\/meninas-madrid-gallery-2024-mapa-ubicaciones-sorteo-vida-de-madrid-illy\/\"><img loading=\"lazy\" decoding=\"async\" width=\"1024\" height=\"585\" src=\"https:\/\/www.vidademadrid.com\/es\/wp-content\/uploads\/2024\/11\/menina-illy-foto-vidademadrid-1024x585.jpg\" alt=\"\" class=\"wp-image-58153\" srcset=\"https:\/\/www.vidademadrid.com\/es\/wp-content\/uploads\/2024\/11\/menina-illy-foto-vidademadrid-1024x585.jpg 1024w, https:\/\/www.vidademadrid.com\/es\/wp-content\/uploads\/2024\/11\/menina-illy-foto-vidademadrid-300x171.jpg 300w, https:\/\/www.vidademadrid.com\/es\/wp-content\/uploads\/2024\/11\/menina-illy-foto-vidademadrid-768x438.jpg 768w, https:\/\/www.vidademadrid.com\/es\/wp-content\/uploads\/2024\/11\/menina-illy-foto-vidademadrid-696x397.jpg 696w, https:\/\/www.vidademadrid.com\/es\/wp-content\/uploads\/2024\/11\/menina-illy-foto-vidademadrid-1068x610.jpg 1068w, https:\/\/www.vidademadrid.com\/es\/wp-content\/uploads\/2024\/11\/menina-illy-foto-vidademadrid-736x420.jpg 736w, https:\/\/www.vidademadrid.com\/es\/wp-content\/uploads\/2024\/11\/menina-illy-foto-vidademadrid.jpg 1200w\" sizes=\"auto, (max-width: 1024px) 100vw, 1024px\" \/><\/a><figcaption>Menina de illy en Meninas Madrid Gallery 2024. Foto: Vida de Madrid<\/figcaption><\/figure><\/div>\n\n\n<h3 class=\"wp-block-heading\"><span class=\"OYPEnA font-feature-liga-off font-feature-clig-off font-feature-calt-off text-decoration-none text-strikethrough-none\">No te pierdas el estreno mundial Los Pilares de la Tierra<\/span><\/h3>\n\n\n\n<p><span class=\"OYPEnA font-feature-liga-off font-feature-clig-off font-feature-calt-off text-decoration-none text-strikethrough-none\">Se celebran las primeras funciones de la superproducci\u00f3n basada en la <strong>novela hom\u00f3nima de Ken Follett<\/strong>: una historia m\u00e1gica que se vive con los 5 sentidos, llena de momentos \u00e9picos. Disponible en el <strong>Teatro EDP Gran V\u00eda<\/strong>. Entradas desde 22,26\u20ac. Toda la info y entradas <a href=\"https:\/\/gruposmedia.com\/cartelera\/los-pilares-de-la-tierra-el-musical\/\">aqu\u00ed.&nbsp;<\/a><\/span><\/p>\n\n\n\n<h3 class=\"wp-block-heading\">S\u00e9 el primero en visitar <span class=\"OYPEnA font-feature-liga-off font-feature-clig-off font-feature-calt-off text-decoration-none text-strikethrough-none\">Marvel: Universe of Super Heroes<\/span><\/h3>\n\n\n\n<p><span class=\"OYPEnA font-feature-liga-off font-feature-clig-off font-feature-calt-off text-decoration-none text-strikethrough-none\">Esta exposici\u00f3n recorre los 85 a\u00f1os de Marvel, desde los c\u00f3mics hasta las pel\u00edculas m\u00e1s taquilleras. Cuenta con <strong>200 piezas \u00fanicas y originales<\/strong> entre las que se encuentran vestuarios y piezas de las pel\u00edculas, estatuas a tama\u00f1o real y m\u00e1s. Disponible en <strong>Ifema<\/strong>. Entradas por 16,90 \u20ac. Toda la info <a href=\"https:\/\/www.ifema.es\/en\/marvel-universe-of-super-heroes\">aqu\u00ed.&nbsp;<\/a><\/span><\/p>\n\n\n\n<h3 class=\"wp-block-heading\">Descubre Sabor a Italia 2024&nbsp;<\/h3>\n\n\n\n<p><span class=\"OYPEnA font-feature-liga-off font-feature-clig-off font-feature-calt-off text-decoration-none text-strikethrough-none\">En el marco de la Semana de la Cocina Italiana en el Mundo, la C\u00e1mara Italiana de Comercio e Industria para Espa\u00f1a presenta la iniciativa <strong>\u201cSabor a Italia\u201d<\/strong>: del 16 al 22\/11 los restaurantes aut\u00e9nticos italianos a\u00f1aden en carta un plato especial creado para esta ocasi\u00f3n.<\/span><\/p>\n\n\n\n<p><span class=\"OYPEnA font-feature-liga-off font-feature-clig-off font-feature-calt-off text-decoration-none text-strikethrough-none\">En Madrid participan:<\/span><span class=\"OYPEnA font-feature-liga-off font-feature-clig-off font-feature-calt-off text-decoration-none text-strikethrough-none\"><strong> Baldoria<\/strong> (pizza Bufala Fest), SottoSopra (cappellaccio de cacio &amp; pepe), <strong>Noi Due<\/strong> (pasta orecchiette con pesto) y<\/span> <span class=\"OYPEnA font-feature-liga-off font-feature-clig-off font-feature-calt-off text-decoration-none text-strikethrough-none\"><strong>Il Rifugio<\/strong> (pizza fritta \u201ca ogge a otto\u201d). Toda la info <a href=\"https:\/\/www.saboraitalia.es\/\">aqu\u00ed.&nbsp;<\/a><\/span><\/p>\n\n\n\n<p><em>*Plan en colaboraci\u00f3n&nbsp;<\/em><\/p>\n\n\n\n<h3 class=\"wp-block-heading\"><span class=\"OYPEnA font-feature-liga-off font-feature-clig-off font-feature-calt-off text-decoration-none text-strikethrough-none\">Humus Revolution festival<\/span><\/h3>\n\n\n\n<p><span class=\"OYPEnA font-feature-liga-off font-feature-clig-off font-feature-calt-off text-decoration-none text-strikethrough-none\">Empieza este finde la novena edici\u00f3n del e<strong>vento dedicado a la agricultura urbana<\/strong>: tejido de esparto, creaci\u00f3n de instrumentos musicales reciclados, exposiciones, talleres de c\u00f3mic y collage, y m\u00e1s. Disponible gratis en La Casa Encendida. Toda la info <a href=\"https:\/\/www.instagram.com\/humusrevolution\/\">aqu\u00ed.&nbsp;<\/a><\/span><\/p>\n\n\n\n<h3 class=\"wp-block-heading\"><span class=\"OYPEnA font-feature-liga-off font-feature-clig-off font-feature-calt-off text-decoration-none text-strikethrough-none\">Stock! Feria Outlet Madrid<\/span><\/h3>\n\n\n\n<p><span class=\"OYPEnA font-feature-liga-off font-feature-clig-off font-feature-calt-off text-decoration-none text-strikethrough-none\">Se celebra la <strong>16\u00b0 edici\u00f3n<\/strong>, con descuentos de hasta el 80% en marcas de moda, calzado, accesorios, streetwear, cosm\u00e9tica, infantil, deporte, hogar. <\/span><span class=\"OYPEnA font-feature-liga-off font-feature-clig-off font-feature-calt-off text-decoration-none text-strikethrough-none\">Tambi\u00e9n cuenta con una zona gastron\u00f3mica con 8 food trucks. Disponible en el Pabell\u00f3n de Cristal, Casa de Campo. Toda la info <a href=\"https:\/\/feriaoutletmadrid.com\/\">aqu\u00ed.&nbsp;<\/a><\/span><\/p>\n\n\n\n<h3 class=\"wp-block-heading\"><span class=\"OYPEnA font-feature-liga-off font-feature-clig-off font-feature-calt-off text-decoration-none text-strikethrough-none\">70 aniversario del Mercado de Prosperidad<\/span><\/h3>\n\n\n\n<p><span class=\"OYPEnA font-feature-liga-off font-feature-clig-off font-feature-calt-off text-decoration-none text-strikethrough-none\">Desde este finde disfruta de ruta de tapa gourmet con bebida por 5 \u20ac, regalos (para compras superiores a 30 \u20ac), actividades de pintura. <\/span><span class=\"OYPEnA font-feature-liga-off font-feature-clig-off font-feature-calt-off text-decoration-none text-strikethrough-none\">Dj set con Suxs (V 21 h) y concierto de Selene Casas (S 21 h). Toda la info <a href=\"https:\/\/mercadodeprosperidad.com\/\">aqu\u00ed.&nbsp;<\/a><\/span><\/p>\n\n\n\n<h2 class=\"wp-block-heading\">Especial mercadillos y planes navide\u00f1os<\/h2>\n\n\n\n<p>La Navidad ya est\u00e1 a la vuelta de la esquina y para ir calentando motores, este fin de semana ya podr\u00e1s disfrutar de algunos planes navide\u00f1os&#8230;<\/p>\n\n\n<div class=\"wp-block-image\">\n<figure class=\"aligncenter\"><a href=\"https:\/\/www.vidademadrid.com\/es\/wp-content\/uploads\/2022\/11\/IMG_0645-copia.jpg\"><img loading=\"lazy\" decoding=\"async\" width=\"1200\" height=\"600\" src=\"https:\/\/www.vidademadrid.com\/es\/wp-content\/uploads\/2022\/11\/IMG_0645-copia.jpg\" alt=\"\" class=\"wp-image-46316\" srcset=\"https:\/\/www.vidademadrid.com\/es\/wp-content\/uploads\/2022\/11\/IMG_0645-copia.jpg 1200w, https:\/\/www.vidademadrid.com\/es\/wp-content\/uploads\/2022\/11\/IMG_0645-copia-300x150.jpg 300w, https:\/\/www.vidademadrid.com\/es\/wp-content\/uploads\/2022\/11\/IMG_0645-copia-1024x512.jpg 1024w, https:\/\/www.vidademadrid.com\/es\/wp-content\/uploads\/2022\/11\/IMG_0645-copia-768x384.jpg 768w, https:\/\/www.vidademadrid.com\/es\/wp-content\/uploads\/2022\/11\/IMG_0645-copia-696x348.jpg 696w, https:\/\/www.vidademadrid.com\/es\/wp-content\/uploads\/2022\/11\/IMG_0645-copia-1068x534.jpg 1068w, https:\/\/www.vidademadrid.com\/es\/wp-content\/uploads\/2022\/11\/IMG_0645-copia-840x420.jpg 840w\" sizes=\"auto, (max-width: 1200px) 100vw, 1200px\" \/><\/a><figcaption>M\u00e1gicas Navidades. Torrej\u00f3n de Arroz. Foto: Vida de Madrid<\/figcaption><\/figure><\/div>\n\n\n<h3 class=\"wp-block-heading\">Visita el tradicional mercadillo de Navidad de El Corte Ingl\u00e9s de la Castellana<\/h3>\n\n\n\n<p><span class=\"OYPEnA font-feature-liga-off font-feature-clig-off font-feature-calt-off text-decoration-none text-strikethrough-none\">Abre sus puertas este s\u00e1bado con <strong>casetas<\/strong> para comprar decoraci\u00f3n navide\u00f1a, <strong>puestos de restauraci\u00f3n y espect\u00e1culo luz y sonido<\/strong> en la fachada desde las 18 h cada media hora. El acceso es gratuito. Toda la info <a href=\"https:\/\/www.elcorteingles.es\/centroscomerciales\/es\/eci\/centros\/centro-comercial-castellana\/eventos\/mercadillo-navideno\">aqu\u00ed.&nbsp;<\/a><\/span><\/p>\n\n\n\n<h3 class=\"wp-block-heading\"><span class=\"OYPEnA font-feature-liga-off font-feature-clig-off font-feature-calt-off text-decoration-none text-strikethrough-none\">El Rastrillo de Nuevo Futuro<\/span><\/h3>\n\n\n\n<p><span class=\"OYPEnA font-feature-liga-off font-feature-clig-off font-feature-calt-off text-decoration-none text-strikethrough-none\">Vuelve la iniciativa de la Asociaci\u00f3n Nuevo Futuro para recaudar fondos para ni\u00f1os y ni\u00f1as que han sufrido situaciones adversas dentro de su n\u00facleo familiar. Con <strong>puestos de muebles singulares, regalos, decoraci\u00f3n, moda, arte y m\u00e1s<\/strong>. Disponible en la Galer\u00eda de Cristal del Palacio de Cibeles. Entrada por 6 euros. Toda la info <a href=\"https:\/\/nuevofuturo.org\/save-the-date-vuelve-el-rastrillo-del-14-al-17-de-noviembre-en-el-palacio-de-cibeles-de-madrid\/\">aqu\u00ed.&nbsp;<\/a><\/span><\/p>\n\n\n\n<h3 class=\"wp-block-heading\"><span class=\"OYPEnA font-feature-liga-off font-feature-clig-off font-feature-calt-off text-decoration-none text-strikethrough-none\">M\u00e1gicas Navidades en Torrej\u00f3n de Ardoz&nbsp;<\/span><\/h3>\n\n\n\n<p>Este fin de semana abre <span class=\"OYPEnA font-feature-liga-off font-feature-clig-off font-feature-calt-off text-decoration-none text-strikethrough-none\">el gran parque de la Navidad de Espa\u00f1a (los torrejoneros podr\u00e1n disfrutar en exclusiva el viernes), con una nueva Puerta M\u00e1gica y m\u00e1s novedades. Entrada por 7 euros. Toda la info y entradas <a href=\"https:\/\/parquemagicasnavidades.es\/\">aqu\u00ed.&nbsp;<\/a><\/span><\/p>\n\n\n\n<h2 class=\"wp-block-heading\">Otras exposiciones<\/h2>\n\n\n\n<h3 class=\"wp-block-heading\"><span class=\"OYPEnA font-feature-liga-off font-feature-clig-off font-feature-calt-off text-decoration-none text-strikethrough-none\">Exhibici\u00f3n gratuita de \u201cWicked\u201d<\/span><\/h3>\n\n\n\n<p><span class=\"OYPEnA font-feature-liga-off font-feature-clig-off font-feature-calt-off text-decoration-none text-strikethrough-none\">Experiencia inmersiva que recrea algunos de los escenarios del mundo m\u00e1gico de Oz en la <strong>pel\u00edcula musical \u201cWicked\u201d<\/strong>, protagonizada por Ariana Grande y Cynthia Erivo. Disponible solo hasta el 24 de noviembre. Toda la info <a href=\"https:\/\/www.esmadrid.com\/agenda\/wicked-experiencia-inmersiva-palacio-santa-barbara\">aqu\u00ed.&nbsp;<\/a><\/span><\/p>\n\n\n\n<h3 class=\"wp-block-heading\"><span class=\"OYPEnA font-feature-liga-off font-feature-clig-off font-feature-calt-off text-decoration-none text-strikethrough-none\">Exposici\u00f3n fotogr\u00e1fica en homenaje a las v\u00edctimas de la dana<\/span><\/h3>\n\n\n\n<p><span class=\"OYPEnA font-feature-liga-off font-feature-clig-off font-feature-calt-off text-decoration-none text-strikethrough-none\"><strong>\u201cTu memoria colectiva\u201d<\/strong> es la nueva exposici\u00f3n fotogr\u00e1fica que conmemora los 85 a\u00f1os de la agencia EFE. Un relato de la historia universal reciente que homenajea a las v\u00edctimas de la dana. Disponible en el Espacio Lara (metro Bilbao). Toda la info <a href=\"https:\/\/efe.com\/cultura\/2024-11-14\/agencia-efe-exposicion-fotografica-85-aniversario\/\">aqu\u00ed.&nbsp;<\/a><\/span><\/p>\n\n\n\n<h3 class=\"wp-block-heading\"><span class=\"OYPEnA font-feature-liga-off font-feature-clig-off font-feature-calt-off text-decoration-none text-strikethrough-none\">Nueva exposici\u00f3n en el Museo del Traje<\/span><\/h3>\n\n\n\n<p><span class=\"OYPEnA font-feature-liga-off font-feature-clig-off font-feature-calt-off text-decoration-none text-strikethrough-none\"><strong>\u201cFerrater. Foto. Moda. Fuerza\u201d<\/strong> es la gran retrospectiva de la obra de Jos\u00e9 Manuel Ferrater, uno de los principales nombres de la fotograf\u00eda de moda en Espa\u00f1a. Disponible gratis. Toda la info <a href=\"https:\/\/www.cultura.gob.es\/mtraje\/exposicion\/temporales\/2024\/ferrater.html\">aqu\u00ed.&nbsp;<\/a><\/span><\/p>\n\n\n\n<h3 class=\"wp-block-heading\"><span class=\"OYPEnA font-feature-liga-off font-feature-clig-off font-feature-calt-off text-decoration-none text-strikethrough-none\">Exposici\u00f3n \u201cLa mirada de Marcello\u201d<\/span><\/h3>\n\n\n\n<p><span class=\"OYPEnA font-feature-liga-off font-feature-clig-off font-feature-calt-off text-decoration-none text-strikethrough-none\">Con motivo del centenario del nacimiento de Marcello Mastroianni, el I<strong>stituto Italiano di Cultura di Madrid<\/strong> presenta la exposici\u00f3n con <strong>60 fotograf\u00edas<\/strong> de gran formato del actor italiano protagonista de la obra maestra \u201cLa dolce vita\u201d. Acceso gratuito. Toda la info <a href=\"https:\/\/iicmadrid.esteri.it\/es\/news\/dall_istituto\/2024\/11\/exposicion-fotografica-la-mirada-de-marcello\/\">aqu\u00ed.&nbsp;<\/a><\/span><\/p>\n\n\n\n<h3 class=\"wp-block-heading\"><span class=\"OYPEnA font-feature-liga-off font-feature-clig-off font-feature-calt-off text-decoration-none text-strikethrough-none\">\u201cYvonne Blake. Dressing Spain and Hollywood\u201d<\/span><\/h3>\n\n\n\n<p><span class=\"OYPEnA font-feature-liga-off font-feature-clig-off font-feature-calt-off text-decoration-none text-strikethrough-none\">La exposici\u00f3n disponible en la <strong>Casa de la Panader\u00eda de la Plaza Mayor<\/strong> rinde homenaje a la dise\u00f1adora que convirti\u00f3 a Madrid en capital mundial del dise\u00f1o de vestuario. Con trajes, bocetos originales y fotograf\u00edas de trabajo nunca antes exhibidos, adem\u00e1s de su Oscar y sus cuatro Goya. El acceso es gratuito con previa descarga de entradas. Toda la info <a href=\"https:\/\/diario.madrid.es\/blog\/notas-de-prensa\/la-exposicion-yvonne-blake-dressing-spain-and-hollywood-muestra-la-mayor-coleccion-de-piezas-originales-de-la-disenadora-de-vestuario-de-cine\/\">aqu\u00ed.&nbsp;<\/a><\/span><\/p>\n\n\n\n<h2 class=\"wp-block-heading\">Cine y teatro<\/h2>\n\n\n<div class=\"wp-block-image\">\n<figure class=\"aligncenter\"><a href=\"https:\/\/www.vidademadrid.com\/es\/wp-content\/uploads\/2024\/06\/Cine-Dore\u0301.jpg\"><img loading=\"lazy\" decoding=\"async\" width=\"1200\" height=\"600\" src=\"https:\/\/www.vidademadrid.com\/es\/wp-content\/uploads\/2024\/06\/Cine-Dore\u0301.jpg\" alt=\"\" class=\"wp-image-56612\" srcset=\"https:\/\/www.vidademadrid.com\/es\/wp-content\/uploads\/2024\/06\/Cine-Dore\u0301.jpg 1200w, https:\/\/www.vidademadrid.com\/es\/wp-content\/uploads\/2024\/06\/Cine-Dore\u0301-300x150.jpg 300w, https:\/\/www.vidademadrid.com\/es\/wp-content\/uploads\/2024\/06\/Cine-Dore\u0301-1024x512.jpg 1024w, https:\/\/www.vidademadrid.com\/es\/wp-content\/uploads\/2024\/06\/Cine-Dore\u0301-768x384.jpg 768w, https:\/\/www.vidademadrid.com\/es\/wp-content\/uploads\/2024\/06\/Cine-Dore\u0301-696x348.jpg 696w, https:\/\/www.vidademadrid.com\/es\/wp-content\/uploads\/2024\/06\/Cine-Dore\u0301-1068x534.jpg 1068w, https:\/\/www.vidademadrid.com\/es\/wp-content\/uploads\/2024\/06\/Cine-Dore\u0301-840x420.jpg 840w\" sizes=\"auto, (max-width: 1200px) 100vw, 1200px\" \/><\/a><figcaption>Foto: Ministerio de Cultura<\/figcaption><\/figure><\/div>\n\n\n<h3 class=\"wp-block-heading\"><span class=\"OYPEnA font-feature-liga-off font-feature-clig-off font-feature-calt-off text-decoration-none text-strikethrough-none\">Festival LesGaiCineMad<\/span><\/h3>\n\n\n\n<p><span class=\"OYPEnA font-feature-liga-off font-feature-clig-off font-feature-calt-off text-decoration-none text-strikethrough-none\">Arranca esta semana la <strong>29\u00aa edici\u00f3n del festival internacional de cine LGBTIAQ+<\/strong> de Madrid, con proyecciones de nuevas pel\u00edculas en el C\u00edrculo de Bellas Artes, Cine Dor\u00e9, Cine Embajadores y m\u00e1s salas. Toda la info <a href=\"https:\/\/www.lesgaicinemad.com\/\">aqu\u00ed.&nbsp;<\/a><\/span><\/p>\n\n\n\n<h3 class=\"wp-block-heading\"><span class=\"OYPEnA font-feature-liga-off font-feature-clig-off font-feature-calt-off text-decoration-none text-strikethrough-none\">Festival Fiesta Corral Cervantes<\/span><\/h3>\n\n\n\n<p><span class=\"OYPEnA font-feature-liga-off font-feature-clig-off font-feature-calt-off text-decoration-none text-strikethrough-none\">Ha comenzado esta semana la <strong>octava edici\u00f3n del festival madrile\u00f1o sobre el Siglo de Oro<\/strong> (disponible hasta el 19 de diciembre). Este finde se representar\u00e1 \u201cLa dama boba\u201d de Lope de Vega. Disponible en la Nave de Terneras (Legazpi). Entradas desde 17 euros. Toda la info <a href=\"https:\/\/corralcervantes.com\/convocatoria-festival-2024\/?gad_source=1&amp;gclid=CjwKCAiA3Na5BhAZEiwAzrfagE5U2fkM5vWrX8ct7PcNP7tI4DMWEVj5TTCe0CQgDp1qQjWoDE--ahoCtCIQAvD_BwE\">aqu\u00ed.&nbsp;<\/a><\/span><\/p>\n\n\n\n<h3 class=\"wp-block-heading\"><span class=\"OYPEnA font-feature-liga-off font-feature-clig-off font-feature-calt-off text-decoration-none text-strikethrough-none\">Estrenos de teatro<\/span><\/h3>\n\n\n\n<p><span class=\"OYPEnA font-feature-liga-off font-feature-clig-off font-feature-calt-off text-decoration-none text-strikethrough-none\">Entre las novedades del finde: \u201c<\/span><\/p>\n\n\n\n<ul class=\"wp-block-list\"><li><span class=\"OYPEnA font-feature-liga-off font-feature-clig-off font-feature-calt-off text-decoration-none text-strikethrough-none\"><strong>\u00abThe Seven Streams of the River \u014cta\u201d<\/strong>, obra de 7 horas de duraci\u00f3n en los Teatros del Canal. Toda la info <a href=\"https:\/\/www.madrid.org\/fo\/2024\/seven.html\">aqu\u00ed.&nbsp;<\/a><\/span><\/li><li><span class=\"OYPEnA font-feature-liga-off font-feature-clig-off font-feature-calt-off text-decoration-none text-strikethrough-none\"><strong> \u201cCacophony\u201d<\/strong> en el Teatro de La Abad\u00eda. Toda la info <a href=\"https:\/\/www.teatroabadia.com\/espectaculo\/cacophony-molly-taylor\/\">aqu\u00ed.&nbsp;<\/a><\/span><\/li><li><span class=\"OYPEnA font-feature-liga-off font-feature-clig-off font-feature-calt-off text-decoration-none text-strikethrough-none\"><strong> \u201cTheodora\u201d<\/strong> en el Teatro Real. Toda la info <a href=\"https:\/\/www.teatroreal.es\/es\/espectaculo\/theodora\">aqu\u00ed. <\/a><\/span><\/li><li><span class=\"OYPEnA font-feature-liga-off font-feature-clig-off font-feature-calt-off text-decoration-none text-strikethrough-none\"><strong>\u201cCuando Quieras\u201d<\/strong> en Cuarta Pared. Toda la info <a href=\"https:\/\/www.cuartapared.es\/project\/cuando-quieras\/\">aqu\u00ed.&nbsp;<\/a><\/span><\/li><\/ul>\n\n\n\n<h3 class=\"wp-block-heading\"><span class=\"OYPEnA font-feature-liga-off font-feature-clig-off font-feature-calt-off text-decoration-none text-strikethrough-none\">Espect\u00e1culos gratuitos 21distritos<\/span><\/h3>\n\n\n\n<p><span class=\"OYPEnA font-feature-liga-off font-feature-clig-off font-feature-calt-off text-decoration-none text-strikethrough-none\">Dentro de 21distritos, el divertido musical <strong>\u201cHacer Amor\u201d<\/strong> en el CC La Vaguada (el viernes); el viaje po\u00e9tico y musical <strong>\u201cVestidas de mar\u201d<\/strong> en el Aud. Joaqu\u00edn Rosado (s\u00e1bado); y <strong>\u201cViejos y amigos\u201d<\/strong>, recomendado para mayores de 60 a\u00f1os, en el CC Rafael De Le\u00f3n (viernes). Toda la info y programa completo <a href=\"https:\/\/21distritos.es\/\">aqu\u00ed.&nbsp;<\/a><\/span><\/p>\n\n\n\n<h2 class=\"wp-block-heading\">M\u00fasica<\/h2>\n\n\n\n<h3 class=\"wp-block-heading\"><span class=\"OYPEnA font-feature-liga-off font-feature-clig-off font-feature-calt-off text-decoration-none text-strikethrough-none\">Conciertos gratuitos 21distritos&nbsp;<\/span><\/h3>\n\n\n\n<p><span class=\"OYPEnA font-feature-liga-off font-feature-clig-off font-feature-calt-off text-decoration-none text-strikethrough-none\">Dentro de 21distritos actuar\u00e1n la artista brasile\u00f1a Barbara Calypso con su fusi\u00f3n de jazz, soul y m\u00fasica urbana (domingo en el CC Paco de Luc\u00eda); y F\u00e1tima R\u00fc y Pablo Su\u00e1rez en \u201cCoplas en la Lumbre\u201d (viernes en el CC Jos\u00e9 Espronceda). Toda la info y programa completo <a href=\"https:\/\/21distritos.es\/\">aqu\u00ed.&nbsp;<\/a><\/span><\/p>\n\n\n\n<h3 class=\"wp-block-heading\"><span class=\"OYPEnA font-feature-liga-off font-feature-clig-off font-feature-calt-off text-decoration-none text-strikethrough-none\">I Festival Flamenco de Tetu\u00e1n<\/span><\/h3>\n\n\n\n<p><span class=\"OYPEnA font-feature-liga-off font-feature-clig-off font-feature-calt-off text-decoration-none text-strikethrough-none\">Se celebra la primera edici\u00f3n del festival con las actuaciones de \u201cPellizco del Foro\u201d (V 20.30 h) y El Yaya (S 20.15 h), actividades divulgativas de flamenco, exposici\u00f3n fotogr\u00e1fica, taller de degustaciones de vinos generosos y m\u00e1s. Disponible gratis en CC Eduardo \u00darculo. Toda la info <a href=\"https:\/\/www.madrid.es\/portales\/munimadrid\/es\/Inicio\/El-Ayuntamiento\/Agenda-de-hoy\/Gomez-Angulo-inaugura-el-I-Festival-Flamenco-de-Tetuan\/?vgnextfmt=default&amp;vgnextoid=a074b042ac523910VgnVCM1000001d4a900aRCRD&amp;vgnextchannel=8071317d3d2a7010VgnVCM100000dc0ca8c0RCRD\">aqu\u00ed.&nbsp;<\/a><\/span><\/p>\n\n\n\n<h3 class=\"wp-block-heading\"><span class=\"OYPEnA font-feature-liga-off font-feature-clig-off font-feature-calt-off text-decoration-none text-strikethrough-none\">Eurovisi\u00f3n Junior 2024<\/span><\/h3>\n\n\n\n<p><span class=\"OYPEnA font-feature-liga-off font-feature-clig-off font-feature-calt-off text-decoration-none text-strikethrough-none\">Por primera vez se celebra en Espa\u00f1a la final de la competici\u00f3n con 17 j\u00f3venes cantantes. El viernes ensayo general y el s\u00e1bado la gran gala.<\/span> <span class=\"OYPEnA font-feature-liga-off font-feature-clig-off font-feature-calt-off text-decoration-none text-strikethrough-none\">Chloe DelaRosa representar\u00e1 a Espa\u00f1a con su canci\u00f3n \u2018Como la Lola\u2019. Disponible en la Caja M\u00e1gica. Toda la info <a href=\"https:\/\/www.escplus.es\/festivales\/eurovision-junior-2024\/\">aqu\u00ed.&nbsp;<\/a><\/span><\/p>\n\n\n\n<h2 class=\"wp-block-heading\">\u00daltima oportunidad para disfrutar de&#8230;<\/h2>\n\n\n\n<h3 class=\"wp-block-heading\"><span class=\"OYPEnA font-feature-liga-off font-feature-clig-off font-feature-calt-off text-decoration-none text-strikethrough-none\">Exposici\u00f3n \u201cMatadero, 100 a\u00f1os\u201d<\/span><\/h3>\n\n\n\n<p><span class=\"OYPEnA font-feature-liga-off font-feature-clig-off font-feature-calt-off text-decoration-none text-strikethrough-none\">Finaliza este finde la exposici\u00f3n inmersiva que cuenta con una instalaci\u00f3n audiovisual dise\u00f1ada por David P\u00e9rez, del estudio LaLAB, para celebrar el centenario de Matadero. Toda la info <a href=\"https:\/\/www.mataderomadrid.org\/programacion\/matadero-100-anos\">aqu\u00ed.<\/a>&nbsp;<\/span><\/p>\n\n\n\n<h3 class=\"wp-block-heading\"><span class=\"OYPEnA font-feature-liga-off font-feature-clig-off font-feature-calt-off text-decoration-none text-strikethrough-none\">\u201cMadrid, chica Almod\u00f3var\u201d<\/span><\/h3>\n\n\n\n<p><span class=\"OYPEnA font-feature-liga-off font-feature-clig-off font-feature-calt-off text-decoration-none text-strikethrough-none\">Acaba este finde la muestra que re\u00fane m\u00e1s de <strong>200 fotograf\u00edas de las 23 pel\u00edculas de Almod\u00f3var<\/strong>, para recorrer diversos lugares e hitos de Madrid. Disponible en Condeduque de forma gartuita. Toda la info <a href=\"https:\/\/www.condeduquemadrid.es\/actividades\/madrid-chica-almodovar\">aqu\u00ed.&nbsp;<\/a><\/span><\/p>\n\n\n\n<h3 class=\"wp-block-heading\"><span class=\"OYPEnA font-feature-liga-off font-feature-clig-off font-feature-calt-off text-decoration-none text-strikethrough-none\">Semana de la Ciencia<\/span><\/h3>\n\n\n\n<p><span class=\"OYPEnA font-feature-liga-off font-feature-clig-off font-feature-calt-off text-decoration-none text-strikethrough-none\">Disfruta de este \u00faltimo finde dedicado a la ciencia e la innovaci\u00f3n, participando en las actividades del Real Jard\u00edn Bot\u00e1nico <\/span><span class=\"OYPEnA font-feature-liga-off font-feature-clig-off font-feature-calt-off text-decoration-none text-strikethrough-none\">y del Instituto Geogr\u00e1fico Nacional. Toda la info <a href=\"https:\/\/www.semanacienciamadrid.org\/\">aqu\u00ed.&nbsp;<\/a><\/span><\/p>\n\n\n\n<h2 class=\"wp-block-heading\">Restaurantes para este finde<\/h2>\n\n\n\n<h3 class=\"wp-block-heading\">Guru Lab<\/h3>\n\n\n\n<p><span class=\"OYPEnA font-feature-liga-off font-feature-clig-off font-feature-calt-off text-decoration-none text-strikethrough-none\">Muy cerca del metro Sevilla hemos descubierto un laboratorio oculto con m\u00e1quina arcade y <strong>una sola mesa para 20 comensales<\/strong>. Sus cartas (comida y c\u00f3cteles) cambian cada semana. Vuelve a vivir nuestra experiencia a trav\u00e9s de nuestras <a href=\"https:\/\/www.instagram.com\/stories\/highlights\/18051251924284604\/\">IG stories.&nbsp;<\/a><\/span><\/p>\n\n\n\n<h3 class=\"wp-block-heading\">Aredna<\/h3>\n\n\n\n<p><span class=\"OYPEnA font-feature-liga-off font-feature-clig-off font-feature-calt-off text-decoration-none text-strikethrough-none\">En pleno barrio de Malasa\u00f1a probamos esta nueva apertura con una <strong>propuesta de sabores tradicionales libaneses<\/strong> con toques mediterr\u00e1neos en un espacio que nos sorprendi\u00f3. Revive nuestra visita y descubre todos los detalles de su oferta en nuestras <a href=\"https:\/\/www.instagram.com\/stories\/highlights\/18046123607488350\/\">IG stories.&nbsp;<\/a><\/span><\/p>\n\n\n\n<script async=\"\" src=\"https:\/\/pagead2.googlesyndication.com\/pagead\/js\/adsbygoogle.js\"><\/script> <ins class=\"adsbygoogle\" style=\"display:block\" data-ad-format=\"fluid\" data-ad-layout-key=\"-7f+eo+1+2-5\" data-ad-client=\"ca-pub-7450064428034605\" data-ad-slot=\"7327027071\"><\/ins><script>(adsbygoogle = window.adsbygoogle || []).push({});<\/script>\n\n\n\n<h2 class=\"wp-block-heading\">M\u00e1s planes<\/h2>\n\n\n\n<p>Como siempre, tenemos muchas m\u00e1s propuestas de planes en Vida de Madrid. Puedes consultar el listado completo de planes&nbsp;en nuestra&nbsp;<a href=\"https:\/\/www.vidademadrid.com\/es\/57736\/agenda-octubre-2024-madrid\/\">agenda del mes<\/a><a href=\"https:\/\/www.vidademadrid.com\/es\/52298\/agenda-septiembre-2023-madrid\/\">&nbsp;<\/a>y en el&nbsp;<a href=\"http:\/\/vidademadrid.com\/planes\">especial Planes<\/a>. No te pierdas los eventos del momento en nuestras redes: puedes seguir <a href=\"https:\/\/www.instagram.com\/VidaDeMadrid\/\">los reportajes diarios en IG Stories @vidademadrid<\/a>\u2026 y m\u00e1s contenido en <a href=\"https:\/\/www.tiktok.com\/@vida_demadrid\">TikTok<\/a>.<\/p>\n","protected":false},"excerpt":{"rendered":"<p>Meninas Madrid Gallery, nuevas exposiciones, primeros planes navide\u00f1os y m\u00e1s. <\/p>\n","protected":false},"author":13,"featured_media":58155,"comment_status":"open","ping_status":"open","sticky":false,"template":"","format":"standard","meta":{"footnotes":""},"categories":[194],"tags":[],"class_list":{"0":"post-58122","1":"post","2":"type-post","3":"status-publish","4":"format-standard","5":"has-post-thumbnail","7":"category-planes-del-fin-de-semana-madrid"},"_links":{"self":[{"href":"https:\/\/www.vidademadrid.com\/es\/wp-json\/wp\/v2\/posts\/58122","targetHints":{"allow":["GET"]}}],"collection":[{"href":"https:\/\/www.vidademadrid.com\/es\/wp-json\/wp\/v2\/posts"}],"about":[{"href":"https:\/\/www.vidademadrid.com\/es\/wp-json\/wp\/v2\/types\/post"}],"author":[{"embeddable":true,"href":"https:\/\/www.vidademadrid.com\/es\/wp-json\/wp\/v2\/users\/13"}],"replies":[{"embeddable":true,"href":"https:\/\/www.vidademadrid.com\/es\/wp-json\/wp\/v2\/comments?post=58122"}],"version-history":[{"count":5,"href":"https:\/\/www.vidademadrid.com\/es\/wp-json\/wp\/v2\/posts\/58122\/revisions"}],"predecessor-version":[{"id":58157,"href":"https:\/\/www.vidademadrid.com\/es\/wp-json\/wp\/v2\/posts\/58122\/revisions\/58157"}],"wp:featuredmedia":[{"embeddable":true,"href":"https:\/\/www.vidademadrid.com\/es\/wp-json\/wp\/v2\/media\/58155"}],"wp:attachment":[{"href":"https:\/\/www.vidademadrid.com\/es\/wp-json\/wp\/v2\/media?parent=58122"}],"wp:term":[{"taxonomy":"category","embeddable":true,"href":"https:\/\/www.vidademadrid.com\/es\/wp-json\/wp\/v2\/categories?post=58122"},{"taxonomy":"post_tag","embeddable":true,"href":"https:\/\/www.vidademadrid.com\/es\/wp-json\/wp\/v2\/tags?post=58122"}],"curies":[{"name":"wp","href":"https:\/\/api.w.org\/{rel}","templated":true}]}}