{"id":58096,"date":"2024-11-12T11:01:46","date_gmt":"2024-11-12T10:01:46","guid":{"rendered":"https:\/\/www.vidademadrid.com\/es\/?p=58096"},"modified":"2024-11-12T11:01:51","modified_gmt":"2024-11-12T10:01:51","slug":"el-prado-de-noche-puente-diciembre-2024","status":"publish","type":"post","link":"https:\/\/www.vidademadrid.com\/es\/58096\/el-prado-de-noche-puente-diciembre-2024\/","title":{"rendered":"El Museo del Prado abrir\u00e1 de noche en el puente de diciembre 2024"},"content":{"rendered":"<p>El&nbsp;<strong>Museo Nacional del Prado&nbsp;<\/strong>retomar\u00e1 su iniciativa <strong>\u00abEl Prado de Noche\u00bb&nbsp;<\/strong>durante el puente de diciembre. Te contamos toda la informaci\u00f3n en este art\u00edculo.&nbsp;<\/p>\n<h2>El Prado de Noche en diciembre 2024<\/h2>\n<p><script async=\"\" src=\"https:\/\/pagead2.googlesyndication.com\/pagead\/js\/adsbygoogle.js\"><\/script> <ins class=\"adsbygoogle\" style=\"display:block\" data-ad-format=\"fluid\" data-ad-layout-key=\"-7f+eo+1+2-5\" data-ad-client=\"ca-pub-7450064428034605\" data-ad-slot=\"7327027071\"><\/ins><script>(adsbygoogle = window.adsbygoogle || []).push({});<\/script>El&nbsp;<strong>Museo del Prado&nbsp;<\/strong>abrir\u00e1 sus puertas de manera extraordinaria durante el puente de diciembre, as\u00ed lo han anunciado en sus redes sociales. El horario de apertura ser\u00e1 de 20.30 a 23.30 horas.&nbsp;<\/p>\n<p><strong>\u00abEl Prado de Noche\u00bb&nbsp;<\/strong>es una iniciativa del Museo del Prado en colaboraci\u00f3n con Samsung y la Comunidad de Madrid que busca acercar el patrimonio a los visitantes. Tambi\u00e9n, se podr\u00e1 disfrutar de distintas iniciativas musicales y experiencias digitales.&nbsp;<\/p>\n<h2>Visita el Museo del Prado de noche&nbsp;<\/h2>\n<p><script async=\"\" src=\"https:\/\/pagead2.googlesyndication.com\/pagead\/js\/adsbygoogle.js\"><\/script> <ins class=\"adsbygoogle\" style=\"display:block; text-align:center;\" data-ad-layout=\"in-article\" data-ad-format=\"fluid\" data-ad-client=\"ca-pub-7450064428034605\" data-ad-slot=\"5670045061\"><\/ins> <script>(adsbygoogle = window.adsbygoogle || []).push({});<\/script>El&nbsp;<strong>\u00abPrado de Noche\u00bb&nbsp;<\/strong>se llevar\u00e1 a cabo de manera extraordinaria el&nbsp;<strong>s\u00e1bado 7 de diciembre de 2024&nbsp;<\/strong>de 20.30 a 23.30 horas.&nbsp;<\/p>\n<p>Aunque a\u00fan no se ha anunciado qu\u00e9 salas se podr\u00e1n visitar durante esta edici\u00f3n de&nbsp;<strong>\u00abEl Prado de Noche\u00bb&nbsp;<\/strong>pero en cuanto se den a conocer actualizaremos la informaci\u00f3n de este art\u00edculo.&nbsp;<\/p>\n","protected":false},"excerpt":{"rendered":"<p>La entrada ser\u00e1 gratuita. <\/p>\n","protected":false},"author":15,"featured_media":42126,"comment_status":"open","ping_status":"open","sticky":false,"template":"","format":"standard","meta":{"footnotes":""},"categories":[111],"tags":[],"class_list":{"0":"post-58096","1":"post","2":"type-post","3":"status-publish","4":"format-standard","5":"has-post-thumbnail","7":"category-exposiciones-madrid"},"_links":{"self":[{"href":"https:\/\/www.vidademadrid.com\/es\/wp-json\/wp\/v2\/posts\/58096","targetHints":{"allow":["GET"]}}],"collection":[{"href":"https:\/\/www.vidademadrid.com\/es\/wp-json\/wp\/v2\/posts"}],"about":[{"href":"https:\/\/www.vidademadrid.com\/es\/wp-json\/wp\/v2\/types\/post"}],"author":[{"embeddable":true,"href":"https:\/\/www.vidademadrid.com\/es\/wp-json\/wp\/v2\/users\/15"}],"replies":[{"embeddable":true,"href":"https:\/\/www.vidademadrid.com\/es\/wp-json\/wp\/v2\/comments?post=58096"}],"version-history":[{"count":2,"href":"https:\/\/www.vidademadrid.com\/es\/wp-json\/wp\/v2\/posts\/58096\/revisions"}],"predecessor-version":[{"id":58098,"href":"https:\/\/www.vidademadrid.com\/es\/wp-json\/wp\/v2\/posts\/58096\/revisions\/58098"}],"wp:featuredmedia":[{"embeddable":true,"href":"https:\/\/www.vidademadrid.com\/es\/wp-json\/wp\/v2\/media\/42126"}],"wp:attachment":[{"href":"https:\/\/www.vidademadrid.com\/es\/wp-json\/wp\/v2\/media?parent=58096"}],"wp:term":[{"taxonomy":"category","embeddable":true,"href":"https:\/\/www.vidademadrid.com\/es\/wp-json\/wp\/v2\/categories?post=58096"},{"taxonomy":"post_tag","embeddable":true,"href":"https:\/\/www.vidademadrid.com\/es\/wp-json\/wp\/v2\/tags?post=58096"}],"curies":[{"name":"wp","href":"https:\/\/api.w.org\/{rel}","templated":true}]}}