{"id":58071,"date":"2024-11-07T23:59:00","date_gmt":"2024-11-07T22:59:00","guid":{"rendered":"https:\/\/www.vidademadrid.com\/es\/?p=58071"},"modified":"2025-10-04T14:51:41","modified_gmt":"2025-10-04T12:51:41","slug":"planes-para-este-fin-de-semana-en-madrid-8-9-y-10-de-noviembre-de-2024","status":"publish","type":"post","link":"https:\/\/www.vidademadrid.com\/es\/58071\/planes-para-este-fin-de-semana-en-madrid-8-9-y-10-de-noviembre-de-2024\/","title":{"rendered":"Planes para este fin de semana en Madrid: 8, 9 y 10 de noviembre de 2024"},"content":{"rendered":"\n<p>Como cada semana, os traemos nuestro <strong>MEGA POST DE PLANES<\/strong> para este <strong>fin de semana  8, 9 y 10 de noviembre<\/strong>. Adem\u00e1s, os dejamos toda la informaci\u00f3n que puedes necesitar para seguir ayudando a Valencia desde Madrid. <\/p>\n\n\n\n<p>Tambi\u00e9n os dejamos planes destacados, actividades por el d\u00eda de la Almudena, nuevas exposiciones, teatros y m\u00e1s.&nbsp;&nbsp;Esperamos que lo disfrutes tanto como nosotros y si descubres o haces algo que has le\u00eddo en este art\u00edculo o has visto en nuestras redes, no dudes en compartirlo con nosotros.<\/p>\n\n\n\n<h2 class=\"wp-block-heading\">C\u00f3mo ayudar a Valencia<\/h2>\n\n\n\n<h3 class=\"wp-block-heading\"><span class=\"OYPEnA font-feature-liga-off font-feature-clig-off font-feature-calt-off text-decoration-none text-strikethrough-none\">Ayuda Valencia desde Madrid<\/span><\/h3>\n\n\n\n<p><span class=\"OYPEnA font-feature-liga-off font-feature-clig-off font-feature-calt-off text-decoration-none text-strikethrough-none\">Siguen activos muchos <strong>puntos de recogida en Madrid<\/strong>. <\/span><span class=\"OYPEnA font-feature-liga-off font-feature-clig-off font-feature-calt-off text-decoration-none text-strikethrough-none\">Se necesitan mascarillas, chubasqueros, guantes de obra, <\/span><span class=\"OYPEnA font-feature-liga-off font-feature-clig-off font-feature-calt-off text-decoration-none text-strikethrough-none\">palas y cubos, botas, alimentos de larga duraci\u00f3n, agua potable embotellada, productos de primera necesidad, pa\u00f1ales, productos de higiene personal, productos de primera necesidad&#8230;<\/span><span class=\"OYPEnA font-feature-liga-off font-feature-clig-off font-feature-calt-off text-decoration-none text-strikethrough-none\">Listado actualizado de los puntos de recogida <a href=\"https:\/\/www.vidademadrid.com\/es\/58000\/como-enviar-ayudas-a-dana-valencia-desde-madrid-2024\/\">aqu\u00ed.&nbsp;<\/a><\/span><\/p>\n\n\n\n<h3 class=\"wp-block-heading\"><span class=\"OYPEnA font-feature-liga-off font-feature-clig-off font-feature-calt-off text-decoration-none text-strikethrough-none\">Vibra Mahou Fest<\/span><\/h3>\n\n\n\n<p><span class=\"OYPEnA font-feature-liga-off font-feature-clig-off font-feature-calt-off text-decoration-none text-strikethrough-none\">El festival contar\u00e1 con <strong>12 horas de m\u00fasica ininterrumpida<\/strong> de artistas nacionales como <strong>Carlos Sadness, Cupido, La Paloma, La la love you y Shinova<\/strong>. Todo lo recaudado ir\u00e1 destinado a Valencia a trav\u00e9s de Mensajeros de la Paz y Cruz Roja. Disponible en el Wizink Center este s\u00e1bado 9 de noviembre de 12h a 22.30h. Toda la info y entradas<a href=\"https:\/\/www.mahou.es\/vibra\/vibra-mahou-fest\/\"> aqu\u00ed.&nbsp;<\/a><\/span><\/p>\n\n\n\n<h3 class=\"wp-block-heading\"><span class=\"OYPEnA font-feature-liga-off font-feature-clig-off font-feature-calt-off text-decoration-none text-strikethrough-none\">Som Val\u00e8ncia &#8211; Conciertos solidarios por la Dana<\/span><\/h3>\n\n\n\n<p><span class=\"OYPEnA font-feature-liga-off font-feature-clig-off font-feature-calt-off text-decoration-none text-strikethrough-none\">Arranca el despliegue de conciertos solidarios por toda Espa\u00f1a: en la <strong>Sala El Sol<\/strong> estar\u00e1n <strong>Anni B Sweet, Enry-K, Maria De La Flor, Las Dianas y Maximiliano Calvo<\/strong>. Todo lo recaudado ir\u00e1 a los afectados a trav\u00e9s de la Fundaci\u00f3n Horta Sud. Toda la info y entradas<a href=\"https:\/\/somvalencia.org\/\"> aqu\u00ed.&nbsp;<\/a><\/span><\/p>\n\n\n\n<h3 class=\"wp-block-heading\"><span class=\"OYPEnA font-feature-liga-off font-feature-clig-off font-feature-calt-off text-decoration-none text-strikethrough-none\">M\u00e1s actividades solidarias<\/span><\/h3>\n\n\n\n<ul class=\"wp-block-list\"><li><strong><span class=\"OYPEnA font-feature-liga-off font-feature-clig-off font-feature-calt-off text-decoration-none text-strikethrough-none\">Mercadillo tanguero solidario<\/span><\/strong><span class=\"OYPEnA font-feature-liga-off font-feature-clig-off font-feature-calt-off text-decoration-none text-strikethrough-none\"> (D 11:00-15:00, c\/ Luna 19, metro Santo Domingo). Toda la info <a href=\"https:\/\/arteyfantasia.eu\/blog\/mercadillo-solidario-tanguero\/\">aqu\u00ed.&nbsp;<\/a><\/span><\/li><li><strong><span class=\"OYPEnA font-feature-liga-off font-feature-clig-off font-feature-calt-off text-decoration-none text-strikethrough-none\">Mercado del Encanto<\/span><\/strong><span class=\"OYPEnA font-feature-liga-off font-feature-clig-off font-feature-calt-off text-decoration-none text-strikethrough-none\"> edici\u00f3n solidaria con parte de los beneficios a C\u00e1ritas Valencia (V 17:00-21:00, S 11:30-21:00, D 11:30-20:00, c\/Sandoval 3,<\/span> <span class=\"OYPEnA font-feature-liga-off font-feature-clig-off font-feature-calt-off text-decoration-none text-strikethrough-none\">metro Bilbao). Toda la info <a href=\"https:\/\/www.instagram.com\/p\/DCEF60uoUjE\/?hl=es\">aqu\u00ed.&nbsp;<\/a><\/span><\/li><\/ul>\n\n\n\n<h2 class=\"wp-block-heading\">Especial D\u00eda de la Almudena<\/h2>\n\n\n<div class=\"wp-block-image\">\n<figure class=\"aligncenter\"><a href=\"https:\/\/www.vidademadrid.com\/es\/wp-content\/uploads\/2020\/09\/WhatsApp-Image-2020-09-29-at-10.22.47.jpeg\"><img loading=\"lazy\" decoding=\"async\" width=\"1200\" height=\"600\" src=\"https:\/\/www.vidademadrid.com\/es\/wp-content\/uploads\/2020\/09\/WhatsApp-Image-2020-09-29-at-10.22.47.jpeg\" alt=\"\" class=\"wp-image-25346\" srcset=\"https:\/\/www.vidademadrid.com\/es\/wp-content\/uploads\/2020\/09\/WhatsApp-Image-2020-09-29-at-10.22.47.jpeg 1200w, https:\/\/www.vidademadrid.com\/es\/wp-content\/uploads\/2020\/09\/WhatsApp-Image-2020-09-29-at-10.22.47-300x150.jpeg 300w, https:\/\/www.vidademadrid.com\/es\/wp-content\/uploads\/2020\/09\/WhatsApp-Image-2020-09-29-at-10.22.47-768x384.jpeg 768w, https:\/\/www.vidademadrid.com\/es\/wp-content\/uploads\/2020\/09\/WhatsApp-Image-2020-09-29-at-10.22.47-1024x512.jpeg 1024w, https:\/\/www.vidademadrid.com\/es\/wp-content\/uploads\/2020\/09\/WhatsApp-Image-2020-09-29-at-10.22.47-696x348.jpeg 696w, https:\/\/www.vidademadrid.com\/es\/wp-content\/uploads\/2020\/09\/WhatsApp-Image-2020-09-29-at-10.22.47-1068x534.jpeg 1068w, https:\/\/www.vidademadrid.com\/es\/wp-content\/uploads\/2020\/09\/WhatsApp-Image-2020-09-29-at-10.22.47-840x420.jpeg 840w\" sizes=\"auto, (max-width: 1200px) 100vw, 1200px\" \/><\/a><figcaption>Foto: Vida de Madrid<\/figcaption><\/figure><\/div>\n\n\n<h3 class=\"wp-block-heading\">D\u00eda de la Almudena<\/h3>\n\n\n\n<p><span class=\"OYPEnA font-feature-liga-off font-feature-clig-off font-feature-calt-off text-decoration-none text-strikethrough-none\"><strong>El s\u00e1bado 9<\/strong>, las celebraciones del <strong>D\u00eda de la Virgen de la Almudena<\/strong>, patrona de Madrid, comenzar\u00e1n con la <\/span><span class=\"OYPEnA font-feature-liga-off font-feature-clig-off font-feature-calt-off text-decoration-none text-strikethrough-none\">Santa Misa<\/span><span class=\"OYPEnA font-feature-liga-off font-feature-clig-off font-feature-calt-off text-decoration-none text-strikethrough-none\"> a las 11 h en la Catedral de la Almudena y posteriormente ser\u00e1 la <\/span><span class=\"OYPEnA font-feature-liga-off font-feature-clig-off font-feature-calt-off text-decoration-none text-strikethrough-none\">Procesi\u00f3n <\/span><span class=\"OYPEnA font-feature-liga-off font-feature-clig-off font-feature-calt-off text-decoration-none text-strikethrough-none\">(por calle Mayor, calle Santiago y calle Requena). <\/span><\/p>\n\n\n\n<ul class=\"wp-block-list\"><li><span class=\"OYPEnA font-feature-liga-off font-feature-clig-off font-feature-calt-off text-decoration-none text-strikethrough-none\">En la Plaza Mayor:<\/span><span class=\"OYPEnA font-feature-liga-off font-feature-clig-off font-feature-calt-off text-decoration-none text-strikethrough-none\"> tradicional degustaci\u00f3n de la corona de la Almudena<\/span><span class=\"OYPEnA font-feature-liga-off font-feature-clig-off font-feature-calt-off text-decoration-none text-strikethrough-none\"> de 12h30 a 14 h y <\/span><span class=\"OYPEnA font-feature-liga-off font-feature-clig-off font-feature-calt-off text-decoration-none text-strikethrough-none\">actuaciones castizas<\/span><span class=\"OYPEnA font-feature-liga-off font-feature-clig-off font-feature-calt-off text-decoration-none text-strikethrough-none\"> a las 12h30 y 17 h. <\/span><\/li><li><span class=\"OYPEnA font-feature-liga-off font-feature-clig-off font-feature-calt-off text-decoration-none text-strikethrough-none\">Pasacalles Grupos Madrile\u00f1os<\/span><span class=\"OYPEnA font-feature-liga-off font-feature-clig-off font-feature-calt-off text-decoration-none text-strikethrough-none\"> desde la Catedral hasta Ayuntamiento (17 h) y <\/span><span class=\"OYPEnA font-feature-liga-off font-feature-clig-off font-feature-calt-off text-decoration-none text-strikethrough-none\">concierto <\/span><span class=\"OYPEnA font-feature-liga-off font-feature-clig-off font-feature-calt-off text-decoration-none text-strikethrough-none\">en Pl. Armer\u00eda (18 h).<\/span><\/li><\/ul>\n\n\n\n<p><span class=\"OYPEnA font-feature-liga-off font-feature-clig-off font-feature-calt-off text-decoration-none text-strikethrough-none\"><strong>El domingo 10<\/strong>: <\/span><span class=\"OYPEnA font-feature-liga-off font-feature-clig-off font-feature-calt-off text-decoration-none text-strikethrough-none\">desfile y ofrenda floral de los Veteranos de las F.F.A.A. <\/span><span class=\"OYPEnA font-feature-liga-off font-feature-clig-off font-feature-calt-off text-decoration-none text-strikethrough-none\">en Plaza de la Armer\u00eda (11 h), <\/span><span class=\"OYPEnA font-feature-liga-off font-feature-clig-off font-feature-calt-off text-decoration-none text-strikethrough-none\">pasacalles de Casas Regionales <\/span><span class=\"OYPEnA font-feature-liga-off font-feature-clig-off font-feature-calt-off text-decoration-none text-strikethrough-none\">desde la Catedral hasta el Ayuntamiento (11h45), <\/span><span class=\"OYPEnA font-feature-liga-off font-feature-clig-off font-feature-calt-off text-decoration-none text-strikethrough-none\">encuentro de gaitas y dulzainas <\/span><span class=\"OYPEnA font-feature-liga-off font-feature-clig-off font-feature-calt-off text-decoration-none text-strikethrough-none\">en el paseo del Prado (11h30), <\/span><span class=\"OYPEnA font-feature-liga-off font-feature-clig-off font-feature-calt-off text-decoration-none text-strikethrough-none\">conciertos<\/span><span class=\"OYPEnA font-feature-liga-off font-feature-clig-off font-feature-calt-off text-decoration-none text-strikethrough-none\"> de la Banda de las Tres Ca\u00eddas en la Plaza de la Armer\u00eda (12 h) y de la Banda Sinf\u00f3nica Municipal en la Catedral (20 h).<\/span><\/p>\n\n\n\n<h2 class=\"wp-block-heading\">Otras actividades<\/h2>\n\n\n\n<h3 class=\"wp-block-heading\">Disfruta de la Emmy B by Jenkin&#8217;s en The Champions Burger<\/h3>\n\n\n\n<p><span class=\"OYPEnA font-feature-liga-off font-feature-clig-off font-feature-calt-off text-decoration-none text-strikethrough-none\">Ha vuelto <strong>The Champions Burger<\/strong>, esta vez al Ferial de Legan\u00e9s y nosotros tuvimos la oportunidad de acercarnos para probar la famosa <strong>Emmy-B de Jenkin\u2019s<\/strong>, galardonada como Mejor Hamburguesa de Europa 2023 y Mejor de Espa\u00f1a 2022. Una burger que se presenta como una apuesta segura: con Black Angus USA Prime, pan de patata casero y su exclusiva salsa Emmy-B. La podr\u00e1s probar <strong>hasta el 24 de noviembre<\/strong> en el evento The Champions Burger, y siempre en su local en calle Orense 11. Descubre nuestra experiencia completa en nuestro <a href=\"https:\/\/www.instagram.com\/stories\/highlights\/17887231059055108\/\">IG reel<\/a>.<em> (*Plan en colaboraci\u00f3n con Jenkin&#8217;s)<\/em><\/span><\/p>\n\n\n<div class=\"wp-block-image\">\n<figure class=\"aligncenter\"><a href=\"https:\/\/www.vidademadrid.com\/es\/wp-content\/uploads\/2024\/11\/foto-3.jpg\"><img loading=\"lazy\" decoding=\"async\" width=\"1284\" height=\"677\" src=\"https:\/\/www.vidademadrid.com\/es\/wp-content\/uploads\/2024\/11\/foto-3.jpg\" alt=\"\" class=\"wp-image-58049\" srcset=\"https:\/\/www.vidademadrid.com\/es\/wp-content\/uploads\/2024\/11\/foto-3.jpg 1284w, https:\/\/www.vidademadrid.com\/es\/wp-content\/uploads\/2024\/11\/foto-3-300x158.jpg 300w, https:\/\/www.vidademadrid.com\/es\/wp-content\/uploads\/2024\/11\/foto-3-1024x540.jpg 1024w, https:\/\/www.vidademadrid.com\/es\/wp-content\/uploads\/2024\/11\/foto-3-768x405.jpg 768w, https:\/\/www.vidademadrid.com\/es\/wp-content\/uploads\/2024\/11\/foto-3-696x367.jpg 696w, https:\/\/www.vidademadrid.com\/es\/wp-content\/uploads\/2024\/11\/foto-3-1068x563.jpg 1068w, https:\/\/www.vidademadrid.com\/es\/wp-content\/uploads\/2024\/11\/foto-3-797x420.jpg 797w\" sizes=\"auto, (max-width: 1284px) 100vw, 1284px\" \/><\/a><\/figure><\/div>\n\n\n<h3 class=\"wp-block-heading\">Disfruta de las actividades por el c<span class=\"OYPEnA font-feature-liga-off font-feature-clig-off font-feature-calt-off text-decoration-none text-strikethrough-none\">entenario Matadero<\/span><\/h3>\n\n\n\n<p><span class=\"OYPEnA font-feature-liga-off font-feature-clig-off font-feature-calt-off text-decoration-none text-strikethrough-none\">Proyecciones<\/span><span class=\"OYPEnA font-feature-liga-off font-feature-clig-off font-feature-calt-off text-decoration-none text-strikethrough-none\"> de <strong>pel\u00edculas rodadas en Matadero<\/strong>. <\/span><span class=\"OYPEnA font-feature-liga-off font-feature-clig-off font-feature-calt-off text-decoration-none text-strikethrough-none\">DJ Set matinal<\/span><span class=\"OYPEnA font-feature-liga-off font-feature-clig-off font-feature-calt-off text-decoration-none text-strikethrough-none\"> con Guacamayo Tropical y DJ Meneo<\/span> <span class=\"OYPEnA font-feature-liga-off font-feature-clig-off font-feature-calt-off text-decoration-none text-strikethrough-none\">(S 12:00-15:00). <\/span><span class=\"OYPEnA font-feature-liga-off font-feature-clig-off font-feature-calt-off text-decoration-none text-strikethrough-none\">Visita-performance<\/span><span class=\"OYPEnA font-feature-liga-off font-feature-clig-off font-feature-calt-off text-decoration-none text-strikethrough-none\"> con el artista Fernando S\u00e1nchez Castillo sobre 100 a\u00f1os de Matadero(S 17:00). <\/span><span class=\"OYPEnA font-feature-liga-off font-feature-clig-off font-feature-calt-off text-decoration-none text-strikethrough-none\">Cancionero <\/span><span class=\"OYPEnA font-feature-liga-off font-feature-clig-off font-feature-calt-off text-decoration-none text-strikethrough-none\">\u201cLas suertes\u201d (S 18:30).<\/span><span class=\"OYPEnA font-feature-liga-off font-feature-clig-off font-feature-calt-off text-decoration-none text-strikethrough-none\"> Concierto familiar<\/span><span class=\"OYPEnA font-feature-liga-off font-feature-clig-off font-feature-calt-off text-decoration-none text-strikethrough-none\"> big band (D 12:30). Acceso gratuito. Toda la info <a href=\"https:\/\/www.mataderomadrid.org\/programacion\/matadero-100-anos-0\">aqu\u00ed.&nbsp;<\/a><\/span><\/p>\n\n\n\n<h3 class=\"wp-block-heading\">Vive <span class=\"OYPEnA font-feature-liga-off font-feature-clig-off font-feature-calt-off text-decoration-none text-strikethrough-none\">E\u00f1e, el festival de literatura 2024<\/span><\/h3>\n\n\n\n<p><span class=\"OYPEnA font-feature-liga-off font-feature-clig-off font-feature-calt-off text-decoration-none text-strikethrough-none\">Este s\u00e1bado comienza la <strong>18\u00b0 edici\u00f3n del Festival E\u00f1e<\/strong>, con m\u00e1s de 140 creadores de todo el mundo, como Ana Blandiana y Aurora Luque. Habr\u00e1 encuentros y homenajes a autores destacados. Disponible en distintas ubicaciones desde 12 euros. Toda la info <a href=\"https:\/\/festivalene.lafabrica.com\/\">aqu\u00ed.&nbsp;<\/a><\/span><\/p>\n\n\n\n<h3 class=\"wp-block-heading\"><span class=\"OYPEnA font-feature-liga-off font-feature-clig-off font-feature-calt-off text-decoration-none text-strikethrough-none\">Ap\u00fantate a Madrid Hotel Week<\/span><\/h3>\n\n\n\n<p><span class=\"OYPEnA font-feature-liga-off font-feature-clig-off font-feature-calt-off text-decoration-none text-strikethrough-none\">La iniciativa organizada por la AEHM contar\u00e1 con m\u00e1s de <strong>60 hoteles y 80 actividades culturales<\/strong>, ofreciendo experiencias gastron\u00f3micas, arte, deporte, m\u00fasica y sostenibilidad. Descubre toda la info y precios <a href=\"https:\/\/www.madridhotelweek.com\/\">aqu\u00ed.&nbsp;<\/a><\/span><\/p>\n\n\n\n<h2 class=\"wp-block-heading\">Exposiciones<\/h2>\n\n\n\n<h3 class=\"wp-block-heading\">Nueva <span class=\"OYPEnA font-feature-liga-off font-feature-clig-off font-feature-calt-off text-decoration-none text-strikethrough-none\">exposici\u00f3n del Prado<\/span><\/h3>\n\n\n\n<p><span class=\"OYPEnA font-feature-liga-off font-feature-clig-off font-feature-calt-off text-decoration-none text-strikethrough-none\"><strong>\u00abJuramentos<\/strong> <strong>de papel. El pacto ciudadano en los dibujos de Jos\u00e9 de Madrazo\u00bb<\/strong> re\u00fane 12 obras que abarcan desde estudios anat\u00f3micos hasta composiciones preparatorias para grandes lienzos. Toda la info y entradas (por 15 euros) <a href=\"https:\/\/www.museodelprado.es\/actualidad\/exposicion\/juramentos-de-papel-el-pacto-ciudadano-en-los\/7b60e0df-0947-182d-20c6-6d8ec1c2e601\">aqu\u00ed.&nbsp;<\/a><\/span><\/p>\n\n\n\n<h3 class=\"wp-block-heading\">Nueva exposici\u00f3n del Reina Sof\u00eda<\/h3>\n\n\n\n<p><span class=\"OYPEnA font-feature-liga-off font-feature-clig-off font-feature-calt-off text-decoration-none text-strikethrough-none\"><strong>\u201cEn el aire conmovido\u2026\u201d<\/strong> revela la emoci\u00f3n en clave po\u00e9tica, en varias secciones que indagan en la dimensi\u00f3n potencialmente transformadora de la emoci\u00f3n y en su capacidad para alterar. Toda la info y entradas (por 12 euros) <a href=\"https:\/\/www.museoreinasofia.es\/exposiciones\/aire-conmovido\">aqu\u00ed.&nbsp;<\/a><\/span><\/p>\n\n\n\n<h3 class=\"wp-block-heading\"><span class=\"OYPEnA font-feature-liga-off font-feature-clig-off font-feature-calt-off text-decoration-none text-strikethrough-none\">Exposici\u00f3n fotogr\u00e1fica sobre el s\u00edndrome de Down<\/span><\/h3>\n\n\n\n<p><span class=\"OYPEnA font-feature-liga-off font-feature-clig-off font-feature-calt-off text-decoration-none text-strikethrough-none\"><strong>\u201c\u00bfQu\u00e9 ves cuando me ves?\u201d,<\/strong> con esta muestra Carmen Ballv\u00e9 busca cambiar la percepci\u00f3n del s\u00edndrome de Down a trav\u00e9s de retratos de 80 personas con esta condici\u00f3n, para promover diversidad e inclusi\u00f3n. Disponible en el <strong>Ateneo de Madrid<\/strong> de forma gratuita. Toda la info <a href=\"https:\/\/ateneodemadrid.com\/evento\/exposicion-fotografia-que-ves-cuando-me-ves-de-carmen-ballve\/\">aqu\u00ed.&nbsp;<\/a><\/span><\/p>\n\n\n\n<h3 class=\"wp-block-heading\">Visita la g<span class=\"OYPEnA font-feature-liga-off font-feature-clig-off font-feature-calt-off text-decoration-none text-strikethrough-none\">ran feria de modelismo ferroviario<\/span><\/h3>\n\n\n\n<p><span class=\"OYPEnA font-feature-liga-off font-feature-clig-off font-feature-calt-off text-decoration-none text-strikethrough-none\">En la feria <strong>ExpoModelTren 2024<\/strong> podr\u00e1s descubrir maquetas modulares, demostraciones, exhibiciones, fabricantes, comercios especializados, asociaciones y muchas m\u00e1s actividades. Disponible en el <strong>Pabell\u00f3n de Convenciones Casa de Campo<\/strong>. Toda la info y entradas (desde 8 euros) <a href=\"https:\/\/maquetren.net\/expomodeltren-2024\/\">aqu\u00ed.<\/a><\/span><\/p>\n\n\n\n<h2 class=\"wp-block-heading\">Teatro<\/h2>\n\n\n<div class=\"wp-block-image\">\n<figure class=\"aligncenter\"><a href=\"https:\/\/www.vidademadrid.com\/es\/wp-content\/uploads\/2023\/09\/Teatro-Espan\u0303ol.jpg\"><img loading=\"lazy\" decoding=\"async\" width=\"1200\" height=\"600\" src=\"https:\/\/www.vidademadrid.com\/es\/wp-content\/uploads\/2023\/09\/Teatro-Espan\u0303ol.jpg\" alt=\"\" class=\"wp-image-52583\" srcset=\"https:\/\/www.vidademadrid.com\/es\/wp-content\/uploads\/2023\/09\/Teatro-Espan\u0303ol.jpg 1200w, https:\/\/www.vidademadrid.com\/es\/wp-content\/uploads\/2023\/09\/Teatro-Espan\u0303ol-300x150.jpg 300w, https:\/\/www.vidademadrid.com\/es\/wp-content\/uploads\/2023\/09\/Teatro-Espan\u0303ol-1024x512.jpg 1024w, https:\/\/www.vidademadrid.com\/es\/wp-content\/uploads\/2023\/09\/Teatro-Espan\u0303ol-768x384.jpg 768w, https:\/\/www.vidademadrid.com\/es\/wp-content\/uploads\/2023\/09\/Teatro-Espan\u0303ol-696x348.jpg 696w, https:\/\/www.vidademadrid.com\/es\/wp-content\/uploads\/2023\/09\/Teatro-Espan\u0303ol-1068x534.jpg 1068w, https:\/\/www.vidademadrid.com\/es\/wp-content\/uploads\/2023\/09\/Teatro-Espan\u0303ol-840x420.jpg 840w\" sizes=\"auto, (max-width: 1200px) 100vw, 1200px\" \/><\/a><figcaption>Foto: Ayuntamiento de Madrid<\/figcaption><\/figure><\/div>\n\n\n<h3 class=\"wp-block-heading\"><span class=\"OYPEnA font-feature-liga-off font-feature-clig-off font-feature-calt-off text-decoration-none text-strikethrough-none\">Obra de teatro \u201cJaur\u00eda\u201d<\/span><\/h3>\n\n\n\n<p><span class=\"OYPEnA font-feature-liga-off font-feature-clig-off font-feature-calt-off text-decoration-none text-strikethrough-none\">La <strong>Nave 10<\/strong> acoge esta ficci\u00f3n documental de Jordi Casanovas que explora la mente de v\u00edctima y agresores, cuestionando temas de masculinidad, consentimiento y agresi\u00f3n sexual. Disponible en Matadero desde 21 euros. Toda la info y entradas <a href=\"https:\/\/www.mataderomadrid.org\/programacion\/jauria\">aqu\u00ed.&nbsp;<\/a><\/span><\/p>\n\n\n\n<h3 class=\"wp-block-heading\"><span class=\"OYPEnA font-feature-liga-off font-feature-clig-off font-feature-calt-off text-decoration-none text-strikethrough-none\">\u201cPara la libertad\u201d<\/span><\/h3>\n\n\n\n<p><span class=\"OYPEnA font-feature-liga-off font-feature-clig-off font-feature-calt-off text-decoration-none text-strikethrough-none\">Esta obra fusiona teatro y m\u00fasica de Serrat para recrear la vida del poeta, con canciones emblem\u00e1ticas que emocionan al p\u00fablico como Las nanas de la cebolla y El ni\u00f1o yuntero. Disponible en <strong>Teatro Santa Isabel<\/strong> desde 18 euros. Toda la info y entradas <a href=\"https:\/\/www.teatroinfantaisabel.es\/obra\/para-la-libertad\/?gad_source=1&amp;gclid=Cj0KCQiAire5BhCNARIsAM53K1hNE-lRHLp24PnTUnAbSOYjq4b4G3IMmCnu0qdj0QE0YKFkm6BrANMaAliyEALw_wcB\">aqu\u00ed.&nbsp;<\/a><\/span><\/p>\n\n\n\n<h3 class=\"wp-block-heading\"><span class=\"OYPEnA font-feature-liga-off font-feature-clig-off font-feature-calt-off text-decoration-none text-strikethrough-none\">Espect\u00e1culo teatral \u201cNada\u201d<\/span><\/h3>\n\n\n\n<p><span class=\"OYPEnA font-feature-liga-off font-feature-clig-off font-feature-calt-off text-decoration-none text-strikethrough-none\">Carmen Laforet narra la lucha de Andrea, una joven en la posguerra, por encontrar su voz y mantener sus sue\u00f1os vivos, apoyada en la amistad con Ena. Disponible en Teatro Mar\u00eda Guerrero desde 12 euros. Toda la info y entradas <a href=\"https:\/\/dramatico.mcu.es\/evento\/nada\/\">aqu\u00ed.&nbsp;<\/a><\/span><\/p>\n\n\n\n<h3 class=\"wp-block-heading\"><span class=\"OYPEnA font-feature-liga-off font-feature-clig-off font-feature-calt-off text-decoration-none text-strikethrough-none\">42 Festival de Oto\u00f1o<\/span><\/h3>\n\n\n\n<p><span class=\"OYPEnA font-feature-liga-off font-feature-clig-off font-feature-calt-off text-decoration-none text-strikethrough-none\">Dedicado a su primera directora, Pilar de Yzaguirre, el evento ofrece una programaci\u00f3n internacional con <strong>25 espect\u00e1culos de teatro, danza, m\u00fasica y performance<\/strong> en siete espacios de Madrid. Toda la info <a href=\"https:\/\/www.madrid.org\/fo\/2024\/\">aqu\u00ed.&nbsp;<\/a><\/span><\/p>\n\n\n\n<h3 class=\"wp-block-heading\"><span class=\"OYPEnA font-feature-liga-off font-feature-clig-off font-feature-calt-off text-decoration-none text-strikethrough-none\">\u201cLa l\u00e1mpara maravillosa\u201d<\/span><\/h3>\n\n\n\n<p><span class=\"OYPEnA font-feature-liga-off font-feature-clig-off font-feature-calt-off text-decoration-none text-strikethrough-none\">Espect\u00e1culo sobre la obra de 1916 de <strong>Ram\u00f3n del Valle-Incl\u00e1n<\/strong>: explora la est\u00e9tica y la m\u00edstica, donde la palabra, aunque insuficiente, transmite su musicalidad. Disponible en Teatro Espa\u00f1ol desde 10 euros. Toda la info y entradas <a href=\"https:\/\/www.teatroespanol.es\/la-lampara-maravillosa\">aqu\u00ed.&nbsp;<\/a><\/span><\/p>\n\n\n\n<h3 class=\"wp-block-heading\"><span class=\"OYPEnA font-feature-liga-off font-feature-clig-off font-feature-calt-off text-decoration-none text-strikethrough-none\">Espect\u00e1culos y conciertos gratuitos de 21Distritos<\/span><\/h3>\n\n\n\n<ul class=\"wp-block-list\"><li><span class=\"OYPEnA font-feature-liga-off font-feature-clig-off font-feature-calt-off text-decoration-none text-strikethrough-none\">8\/11:<\/span><span class=\"OYPEnA font-feature-liga-off font-feature-clig-off font-feature-calt-off text-decoration-none text-strikethrough-none\"> Cabaret de humor \u201cEs mi hombre\u201d; Concierto de Magal\u00ed Sare y Manel Forti\u00e0; \u201cOrigen &#8211; Arte con arena\u201d. <\/span><\/li><li><span class=\"OYPEnA font-feature-liga-off font-feature-clig-off font-feature-calt-off text-decoration-none text-strikethrough-none\">9\/11:<\/span><span class=\"OYPEnA font-feature-liga-off font-feature-clig-off font-feature-calt-off text-decoration-none text-strikethrough-none\"> Espect\u00e1culo danza \u201cAl Son\u201d; mon\u00f3logo \u201cHablar entre dientes\u201d. <\/span><\/li><li><span class=\"OYPEnA font-feature-liga-off font-feature-clig-off font-feature-calt-off text-decoration-none text-strikethrough-none\">10\/11:<\/span><span class=\"OYPEnA font-feature-liga-off font-feature-clig-off font-feature-calt-off text-decoration-none text-strikethrough-none\"> Espect\u00e1culo interactivo \u201cG-nesis\u201d.<\/span><\/li><\/ul>\n\n\n\n<p>Info completa <a href=\"https:\/\/21distritos.es\/programacion\/\">aqu\u00ed.<\/a><\/p>\n\n\n\n<h2 class=\"wp-block-heading\">Actividades especiales por la semana de la ciencia<\/h2>\n\n\n\n<h3 class=\"wp-block-heading\"><span class=\"OYPEnA font-feature-liga-off font-feature-clig-off font-feature-calt-off text-decoration-none text-strikethrough-none\">Semana de la Ciencia y la Innovaci\u00f3n<\/span><\/h3>\n\n\n\n<p><span class=\"OYPEnA font-feature-liga-off font-feature-clig-off font-feature-calt-off text-decoration-none text-strikethrough-none\">El evento contin\u00faa este viernes, y el Instituto Geogr\u00e1fico Nacional tiene preparadas actividades especiales: un taller de visi\u00f3n 3D y geolocalizaci\u00f3n, una exposici\u00f3n y dos conferencias. Disponible este viernes de 10 h a 10.30 h en el Instituto Geogr\u00e1fico Nacional. Toda la info <a href=\"https:\/\/www.semanacienciamadrid.org\/\">aqu\u00ed.<\/a><\/span><\/p>\n\n\n\n<h3 class=\"wp-block-heading\"><span class=\"OYPEnA font-feature-liga-off font-feature-clig-off font-feature-calt-off text-decoration-none text-strikethrough-none\">Ciencia en el Jard\u00edn Bot\u00e1nico<\/span><\/h3>\n\n\n\n<p><span class=\"OYPEnA font-feature-liga-off font-feature-clig-off font-feature-calt-off text-decoration-none text-strikethrough-none\">En el marco de la celebraci\u00f3n de la <strong>Semana de la Ciencia<\/strong>, este fin de semana el Jard\u00edn ofrece una <strong>visita guiada por la colecci\u00f3n de palmeras y un taller sobre las abejas<\/strong>. Disponible en el Real Jard\u00edn Bot\u00e1nico este viernes y domingo. Toda la info <a href=\"https:\/\/rjb.csic.es\/category\/semana-de-la-ciencia\/\">aqu\u00ed.&nbsp;<\/a><\/span><\/p>\n\n\n\n<h2 class=\"wp-block-heading\">\u00daltima oportunidad para disfrutar de&#8230;<\/h2>\n\n\n\n<h3 class=\"wp-block-heading\"><span class=\"OYPEnA font-feature-liga-off font-feature-clig-off font-feature-calt-off text-decoration-none text-strikethrough-none\">Altar de muertos de Casa de M\u00e9xico<\/span><\/h3>\n\n\n\n<p><span class=\"OYPEnA font-feature-liga-off font-feature-clig-off font-feature-calt-off text-decoration-none text-strikethrough-none\">Acaba este finde la visita al altar de los muertos m\u00e1s bonito de este a\u00f1o con flores, calaveras, papel picado y muchos colores. Vive nuestra experiencia a trav\u00e9s de nuestro <a href=\"https:\/\/www.instagram.com\/reel\/DAqunjOoF-v\/\">reels.&nbsp;<\/a><\/span><\/p>\n\n\n\n<h3 class=\"wp-block-heading\"><span class=\"OYPEnA font-feature-liga-off font-feature-clig-off font-feature-calt-off text-decoration-none text-strikethrough-none\">Tren de la Fresa<\/span><\/h3>\n\n\n\n<p><span class=\"OYPEnA font-feature-liga-off font-feature-clig-off font-feature-calt-off text-decoration-none text-strikethrough-none\">Terminan este finde los recorridos de la temporada de oto\u00f1o del tren hist\u00f3rico, con actores que recrean el viaje de nuestros antepasados al Real Sitio de Aranjuez. Toda la info y entradas <a href=\"https:\/\/trendelafresa.es\/\">aqu\u00ed.&nbsp;<\/a><\/span><\/p>\n\n\n\n<h2 class=\"wp-block-heading\">Restaurantes para este finde<\/h2>\n\n\n\n<h3 class=\"wp-block-heading\"><span class=\"OYPEnA font-feature-liga-off font-feature-clig-off font-feature-calt-off text-decoration-none text-strikethrough-none\">Restaurante Noi<\/span><\/h3>\n\n\n\n<p><span class=\"OYPEnA font-feature-liga-off font-feature-clig-off font-feature-calt-off text-decoration-none text-strikethrough-none\">El men\u00fa navide\u00f1o de Restaurante Noi gira en torno al ic\u00f3nico Parmigiano Reggiano. Se divide en cuatro bloques (aperitivos, entradas, pastas y postres) con un total de 11 platos. Est\u00e1 disponible con reserva previa hasta finales de a\u00f1o. Descubre nuestra experiencia en <a href=\"https:\/\/www.instagram.com\/stories\/highlights\/18312538000163947\/\">IG stories.&nbsp;<\/a><\/span><\/p>\n\n\n\n<h3 class=\"wp-block-heading\"><span class=\"OYPEnA font-feature-liga-off font-feature-clig-off font-feature-calt-off text-decoration-none text-strikethrough-none\">Li Onna<\/span><\/h3>\n\n\n\n<p><span class=\"OYPEnA font-feature-liga-off font-feature-clig-off font-feature-calt-off text-decoration-none text-strikethrough-none\">Nuevo local de moda en Recoletos: cocina japonesa con alma latina, con platos como tataki de res con coles de Bruselas y alioli de trufa. Toda la info en nuestros<a href=\"https:\/\/www.instagram.com\/stories\/highlights\/18061168453770089\/\"> IG stories<\/a>.\u00a0<\/span><\/p>\n\n\n\n<h3 class=\"wp-block-heading\"><span class=\"OYPEnA font-feature-liga-off font-feature-clig-off font-feature-calt-off text-decoration-none text-strikethrough-none\">Swiss Butter<\/span><\/h3>\n\n\n\n<p><span class=\"OYPEnA font-feature-liga-off font-feature-clig-off font-feature-calt-off text-decoration-none text-strikethrough-none\">Sitio viral, sin reservas, que ofrece un solo plato principal (de carne, pollo o salm\u00f3n) con su salsa secreta. Vuelve a vivir nuestra experiencia a trav\u00e9s de <a href=\"https:\/\/www.instagram.com\/stories\/highlights\/17886528513135176\/\">IG stories<\/a>.\u00a0<\/span><\/p>\n\n\n\n<script async=\"\" src=\"https:\/\/pagead2.googlesyndication.com\/pagead\/js\/adsbygoogle.js\"><\/script> <ins class=\"adsbygoogle\" style=\"display:block\" data-ad-format=\"fluid\" data-ad-layout-key=\"-7f+eo+1+2-5\" data-ad-client=\"ca-pub-7450064428034605\" data-ad-slot=\"7327027071\"><\/ins><script>(adsbygoogle = window.adsbygoogle || []).push({});<\/script>\n\n\n\n<h2 class=\"wp-block-heading\">M\u00e1s planes&nbsp;<\/h2>\n\n\n\n<p>Como siempre, tenemos muchas m\u00e1s propuestas de planes en Vida de Madrid. Puedes consultar el listado completo de planes&nbsp;en nuestra&nbsp;<a href=\"https:\/\/www.vidademadrid.com\/es\/57736\/agenda-octubre-2024-madrid\/\">agenda del mes<\/a><a href=\"https:\/\/www.vidademadrid.com\/es\/52298\/agenda-septiembre-2023-madrid\/\">&nbsp;<\/a>y en el&nbsp;<a href=\"http:\/\/vidademadrid.com\/planes\">especial Planes<\/a>. No te pierdas los eventos del momento en nuestras redes: puedes seguir <a href=\"https:\/\/www.instagram.com\/VidaDeMadrid\/\">los reportajes diarios en IG Stories @vidademadrid<\/a>\u2026 y m\u00e1s contenido en <a href=\"https:\/\/www.tiktok.com\/@vida_demadrid\">TikTok<\/a>.<\/p>\n","protected":false},"excerpt":{"rendered":"<p>C\u00f3mo seguir ayudando a Valencia desde Madrid, especial D\u00eda de la Almudena y m\u00e1s. <\/p>\n","protected":false},"author":13,"featured_media":26598,"comment_status":"open","ping_status":"open","sticky":false,"template":"","format":"standard","meta":{"footnotes":""},"categories":[194],"tags":[],"class_list":{"0":"post-58071","1":"post","2":"type-post","3":"status-publish","4":"format-standard","5":"has-post-thumbnail","7":"category-planes-del-fin-de-semana-madrid"},"_links":{"self":[{"href":"https:\/\/www.vidademadrid.com\/es\/wp-json\/wp\/v2\/posts\/58071","targetHints":{"allow":["GET"]}}],"collection":[{"href":"https:\/\/www.vidademadrid.com\/es\/wp-json\/wp\/v2\/posts"}],"about":[{"href":"https:\/\/www.vidademadrid.com\/es\/wp-json\/wp\/v2\/types\/post"}],"author":[{"embeddable":true,"href":"https:\/\/www.vidademadrid.com\/es\/wp-json\/wp\/v2\/users\/13"}],"replies":[{"embeddable":true,"href":"https:\/\/www.vidademadrid.com\/es\/wp-json\/wp\/v2\/comments?post=58071"}],"version-history":[{"count":7,"href":"https:\/\/www.vidademadrid.com\/es\/wp-json\/wp\/v2\/posts\/58071\/revisions"}],"predecessor-version":[{"id":58087,"href":"https:\/\/www.vidademadrid.com\/es\/wp-json\/wp\/v2\/posts\/58071\/revisions\/58087"}],"wp:featuredmedia":[{"embeddable":true,"href":"https:\/\/www.vidademadrid.com\/es\/wp-json\/wp\/v2\/media\/26598"}],"wp:attachment":[{"href":"https:\/\/www.vidademadrid.com\/es\/wp-json\/wp\/v2\/media?parent=58071"}],"wp:term":[{"taxonomy":"category","embeddable":true,"href":"https:\/\/www.vidademadrid.com\/es\/wp-json\/wp\/v2\/categories?post=58071"},{"taxonomy":"post_tag","embeddable":true,"href":"https:\/\/www.vidademadrid.com\/es\/wp-json\/wp\/v2\/tags?post=58071"}],"curies":[{"name":"wp","href":"https:\/\/api.w.org\/{rel}","templated":true}]}}