{"id":58038,"date":"2024-11-05T10:58:03","date_gmt":"2024-11-05T09:58:03","guid":{"rendered":"https:\/\/www.vidademadrid.com\/es\/?p=58038"},"modified":"2024-11-05T10:58:05","modified_gmt":"2024-11-05T09:58:05","slug":"escultura-color-siglo-de-oro-museo-del-prado-fechas-2024-museo-del-prado","status":"publish","type":"post","link":"https:\/\/www.vidademadrid.com\/es\/58038\/escultura-color-siglo-de-oro-museo-del-prado-fechas-2024-museo-del-prado\/","title":{"rendered":"Visita \u00abDarse la mano. Escultura y color en el Siglo de Oro\u00bb, la nueva exposici\u00f3n del Museo del Prado"},"content":{"rendered":"<p>El&nbsp;<strong>Museo Nacional del Prado&nbsp;<\/strong>alberga una nueva exposici\u00f3n temporal,&nbsp;<strong>\u00abDarse la mano. Escultura y color en el Siglo de Oro\u00bb,&nbsp;<\/strong>que contar\u00e1 con un centenar de obras. Te contamos toda la informaci\u00f3n en este art\u00edculo.&nbsp;<\/p>\n<h2>\u00abDarse la mano. Escultura y color en el Siglo de Oro\u00bb<\/h2>\n<p><script async=\"\" src=\"https:\/\/pagead2.googlesyndication.com\/pagead\/js\/adsbygoogle.js\"><\/script> <ins class=\"adsbygoogle\" style=\"display:block\" data-ad-format=\"fluid\" data-ad-layout-key=\"-7f+eo+1+2-5\" data-ad-client=\"ca-pub-7450064428034605\" data-ad-slot=\"7327027071\"><\/ins><script>(adsbygoogle = window.adsbygoogle || []).push({});<\/script>La nueva exposici\u00f3n del&nbsp;<strong>Museo Nacional del Prado&nbsp;<\/strong>ilustra la b\u00fasqueda del realismo en el arte espa\u00f1ol del&nbsp;Renacimiento y el Barroco, en todo lo que afectaba a la envoltura de la figura.&nbsp;<\/p>\n<p><strong>\u00abDarse la mano. Escultura y color en el Siglo de Oro\u00bb&nbsp;<\/strong>destaca e valor de lo tridimensional y contar\u00e1 con un centenar de&nbsp;obras entre pinturas, esculturas y estampas.&nbsp;<\/p>\n<h2>Visita la exposici\u00f3n&nbsp;<\/h2>\n<p><script async=\"\" src=\"https:\/\/pagead2.googlesyndication.com\/pagead\/js\/adsbygoogle.js\"><\/script> <ins class=\"adsbygoogle\" style=\"display:block; text-align:center;\" data-ad-layout=\"in-article\" data-ad-format=\"fluid\" data-ad-client=\"ca-pub-7450064428034605\" data-ad-slot=\"5670045061\"><\/ins> <script>(adsbygoogle = window.adsbygoogle || []).push({});<\/script><strong>\u00abDarse la mano. Escultura y color en el Siglo de Oro\u00bb&nbsp;<\/strong>se podr\u00e1 visitar del 19 de noviembre de 2024 al 2 de marzo de 2025 en las salas A y B del Edificio Jer\u00f3nimos del Museo del Prado.&nbsp;<\/p>\n","protected":false},"excerpt":{"rendered":"<p>Ser\u00e1 del 19 de noviembre de 2024 al 2 de marzo de 2025. <\/p>\n","protected":false},"author":15,"featured_media":58039,"comment_status":"open","ping_status":"open","sticky":false,"template":"","format":"standard","meta":{"footnotes":""},"categories":[111],"tags":[],"class_list":{"0":"post-58038","1":"post","2":"type-post","3":"status-publish","4":"format-standard","5":"has-post-thumbnail","7":"category-exposiciones-madrid"},"_links":{"self":[{"href":"https:\/\/www.vidademadrid.com\/es\/wp-json\/wp\/v2\/posts\/58038","targetHints":{"allow":["GET"]}}],"collection":[{"href":"https:\/\/www.vidademadrid.com\/es\/wp-json\/wp\/v2\/posts"}],"about":[{"href":"https:\/\/www.vidademadrid.com\/es\/wp-json\/wp\/v2\/types\/post"}],"author":[{"embeddable":true,"href":"https:\/\/www.vidademadrid.com\/es\/wp-json\/wp\/v2\/users\/15"}],"replies":[{"embeddable":true,"href":"https:\/\/www.vidademadrid.com\/es\/wp-json\/wp\/v2\/comments?post=58038"}],"version-history":[{"count":1,"href":"https:\/\/www.vidademadrid.com\/es\/wp-json\/wp\/v2\/posts\/58038\/revisions"}],"predecessor-version":[{"id":58040,"href":"https:\/\/www.vidademadrid.com\/es\/wp-json\/wp\/v2\/posts\/58038\/revisions\/58040"}],"wp:featuredmedia":[{"embeddable":true,"href":"https:\/\/www.vidademadrid.com\/es\/wp-json\/wp\/v2\/media\/58039"}],"wp:attachment":[{"href":"https:\/\/www.vidademadrid.com\/es\/wp-json\/wp\/v2\/media?parent=58038"}],"wp:term":[{"taxonomy":"category","embeddable":true,"href":"https:\/\/www.vidademadrid.com\/es\/wp-json\/wp\/v2\/categories?post=58038"},{"taxonomy":"post_tag","embeddable":true,"href":"https:\/\/www.vidademadrid.com\/es\/wp-json\/wp\/v2\/tags?post=58038"}],"curies":[{"name":"wp","href":"https:\/\/api.w.org\/{rel}","templated":true}]}}