{"id":58000,"date":"2024-11-07T14:27:00","date_gmt":"2024-11-07T13:27:00","guid":{"rendered":"https:\/\/www.vidademadrid.com\/es\/?p=58000"},"modified":"2024-11-11T12:46:18","modified_gmt":"2024-11-11T11:46:18","slug":"como-enviar-ayudas-a-dana-valencia-desde-madrid-2024","status":"publish","type":"post","link":"https:\/\/www.vidademadrid.com\/es\/58000\/como-enviar-ayudas-a-dana-valencia-desde-madrid-2024\/","title":{"rendered":"C\u00f3mo ayudar afectados DANA Valencia desde Madrid"},"content":{"rendered":"<p>La\u00a0<strong>DANA\u00a0<\/strong>en Valencia ha sido la peor del \u00faltimo siglo y, lamentablemente ha cobrado las vidas de m\u00e1s de 90 personas adem\u00e1s de da\u00f1os materiales. Por ello, desde Madrid se han habilitado distintos puntos para recaudar ayuda para las v\u00edctimas de la DANA.<\/p>\n<h2>\u00bfC\u00f3mo ayudar afectados DANA Valencia desde Madrid?<\/h2>\n<p><script async=\"\" src=\"https:\/\/pagead2.googlesyndication.com\/pagead\/js\/adsbygoogle.js\"><\/script> <ins class=\"adsbygoogle\" style=\"display: block;\" data-ad-format=\"fluid\" data-ad-layout-key=\"-7f+eo+1+2-5\" data-ad-client=\"ca-pub-7450064428034605\" data-ad-slot=\"7327027071\"><\/ins><script>(adsbygoogle = window.adsbygoogle || []).push({});<\/script>El pasado\u00a0<strong>29 de octubre,\u00a0<\/strong>una\u00a0<strong>DANA\u00a0<\/strong>azot\u00f3 la\u00a0<strong>Comunidad Valenciana\u00a0<\/strong>siendo uno de los peores temporales del siglo con casas inundadas, r\u00edos desbordados, coches amontonados, cortes en carreteras y, lamentablemente, p\u00e9rdidas humanas.<\/p>\n<p>De acuerdo con la\u00a0<strong>Delegaci\u00f3n del Gobierno,\u00a0<\/strong>al menos 95 personas han fallecido como consecuencia de este temporal y las inundaciones que ha provocado. El Gobierno ha decretado\u00a0<strong>tres d\u00edas de luto oficial:\u00a0<\/strong>el 31 de octubre y el 1 y 2 de noviembre.<\/p>\n<p>Las im\u00e1genes que se han publicado en medios de comunicaciones y redes sociales hablan por si solas y nos dejan ver la magnitud de los da\u00f1os que ha causado esta DANA.<\/p>\n<p>En Madrid se han habilitado distintos puntos para ayudar a los damnificados y enviar distintos v\u00edveres y dinero a Valencia.<\/p>\n<h2>Puntos de recogida de ayuda para Valencia en Madrid<\/h2>\n<p><strong>Actualizaci\u00f3n 11 de noviembre:<\/strong><\/p>\n<p>Los centros de acogida del Ayuntamiento de Madrid cerraron ayer. Sin embargo, sigue habiendo iniciativas para recaudar fondos y ayudar a los damnificados de Valencia desde Madrid:<\/p>\n<ul>\n<li><strong>Concierto solidario Som Valencia:\u00a0<\/strong>conciertos solidarios con artistas como la M.O.D.A., \u00c1lvaro de Luna, las Dianas, Maximiliano Calvo, Zuaraz, Lavin y m\u00e1s. Entradas a 15 euros en este <a href=\"https:\/\/somvalencia.univer.se\/line-up\/madrid\">enlace<\/a>.<\/li>\n<li><strong>Vibra Mahou Fest:\u00a0<\/strong>todo lo recaudado en el Vibra Mahou Fest ser\u00e1 destinado a Valencia. Contar\u00e1 con artistas como Carlos Sadness, Cupido, La Paloma y m\u00e1s. Entradas a 37 euros en este <a href=\"https:\/\/www.wegow.com\/es\/festivales\/vibra-mahou-fest-madrid\">enlace<\/a>.<\/li>\n<li><strong>Concierto solidario del Film Symphony Orchestra:\u00a0<\/strong>La Film Symphony Orchestra dar\u00e1 un concierto junto al Coro de J\u00f3venes de Madrid el s\u00e1bado 16 de noviembre en el Auditorio Nacional de M\u00fasica. Lo recaudado en el concierto &#8216;Clasictacular&#8217; ser\u00e1 donado a la ONG Valenciana &#8216;Casa Caridad Valencia&#8217;. Las entradas van desde los 39 euros y se pueden comprar en este <a href=\"https:\/\/checkoutentradas2.elcorteingles.es\/eci_fso\/es_ES\/entradas\/evento\/38469\/session\/2207641\/select?viewCode=Vista_Principal\">enlace<\/a>. Puedes donar desde 5 euros en fila cero si no puedes asistir al concierto, donaciones en este <a href=\"https:\/\/www.elcorteingles.es\/entradas\/channels\/filmsymphony\/performance\/performance-40771407711868-fso_onebox-channel\">enlace<\/a>.<\/li>\n<\/ul>\n<p><strong>Actualizaci\u00f3n 7 de noviembre:\u00a0<\/strong><\/p>\n<p>A una semana de la llegada de la DANA a la Comunidad Valenciana y distintos puntos de Castilla-La Mancha siguen activos puntos de recogida en Madrid.<\/p>\n<p>Se necesitan mascarillas, chubasqueros, guantes de obra, palas y cubos, botas, alimentos de larga duraci\u00f3n, agua potable embotellada, productos de primera necesidad, pa\u00f1ales, productos de higiene personal, productos de primera necesidad, material sanitario, europalets y trailers y cajas de mudanza.<\/p>\n<p>Los puntos de recogida en la Comunidad de Madrid son:<\/p>\n<ul>\n<li><strong>Madrid<\/strong>\n<ul>\n<li>Calle Trafalgar 1, 1\u00baD, de 9 a 19 horas<\/li>\n<li>Parroquia de Nuestra Se\u00f1ora del Buen Suceso: Calle Tutor, 32 de 10 a 14 horas y de 18 a 21 horas. Hasta el domingo 10 de noviembre<\/li>\n<li>Puntos de recogida del Ayuntamiento de Madrid:\n<ul>\n<li><strong>Arganzuela<\/strong>\n<ul>\n<li>Paseo Chopera 2<\/li>\n<li>Calle \u00c1ncora 37<\/li>\n<\/ul>\n<\/li>\n<li><strong>Barajas<\/strong>\n<ul>\n<li>Calle Trespaderne 16<\/li>\n<li>Calle Alhaur\u00edn 7<\/li>\n<\/ul>\n<\/li>\n<li><strong>Carabanchel<\/strong>\n<ul>\n<li>Avenida Carabanchel Alto 61<\/li>\n<li>Calle Treseita 39<\/li>\n<\/ul>\n<\/li>\n<li><strong>Centro Norte<\/strong>\n<ul>\n<li>Plaza Santa Mar\u00eda Soledad Torres Acosta 2<\/li>\n<\/ul>\n<\/li>\n<li><strong>Centro Sur<\/strong>\n<ul>\n<li>Calle Montera 16<\/li>\n<li>Plaza de la Cebada 13<\/li>\n<\/ul>\n<\/li>\n<li><strong>Chamart\u00edn<\/strong>\n<ul>\n<li>Calle Comandante Azcarraga 4<\/li>\n<li>Avenida Alfonso XIII 128 &#8211; Jos\u00e9 M\u00aa Soler<\/li>\n<\/ul>\n<\/li>\n<li><strong>Chamber\u00ed<\/strong>\n<ul>\n<li>Calle Raimundo Fern\u00e1ndez Villaverde 8<\/li>\n<li>Calle Santa Engracia 116<\/li>\n<\/ul>\n<\/li>\n<li><strong>Ciudad Lineal<\/strong>\n<ul>\n<li>Calle Peloponeso 9<\/li>\n<li>Avenida trece Rosas s\/n junto a la explanada del mercadillo Ciudad Lineal<\/li>\n<\/ul>\n<\/li>\n<li><strong>Fuencarral-El Pardo<\/strong>\n<ul>\n<li>Avenida Soto Palacios 7<\/li>\n<li>Calle Isla de Arosa, 22<\/li>\n<\/ul>\n<\/li>\n<li><strong>Hortaleza<\/strong>\n<ul>\n<li>Calle Javier del Quinto 2<\/li>\n<li>Calle Tom\u00e1s Redondo 8<\/li>\n<\/ul>\n<\/li>\n<li><strong>Latina<\/strong>\n<ul>\n<li>Calle Rodrigo de Arana 500<\/li>\n<li>Base SELUR c\/ \u00c1ngel Sanz Briz<\/li>\n<\/ul>\n<\/li>\n<li><strong>Moncloa-Aravaca<\/strong>\n<ul>\n<li>Avenida de Valladolid 6<\/li>\n<li>Ctra. H\u00famera 40<\/li>\n<\/ul>\n<\/li>\n<li><strong>Moratalaz<\/strong>\n<ul>\n<li>Calle Fuente Carrantona 8<\/li>\n<li>Calle Arroyo Belincoso 7<\/li>\n<\/ul>\n<\/li>\n<li><strong>Puente de Vallecas<\/strong>\n<ul>\n<li>Calle Puerto de Cardoso 7<\/li>\n<li>Calle Josefa D\u00edaz 13<\/li>\n<\/ul>\n<\/li>\n<li><strong>Retiro<\/strong>\n<ul>\n<li>Calle Hoyuelo 7<\/li>\n<li>Calle Montalb\u00e1n 1<\/li>\n<li>Calle Luis Peidro 8 c\/v Cerro Negro<\/li>\n<\/ul>\n<\/li>\n<li><strong>Salamanca<\/strong>\n<ul>\n<li>Calle Pedro Heredia 34<\/li>\n<li>Calle Jorge Juan 48<\/li>\n<\/ul>\n<\/li>\n<li><strong>San Blas-Canillejas<\/strong>\n<ul>\n<li>Calle Estocolmo 91<\/li>\n<li>Calle Aquitania 36<\/li>\n<\/ul>\n<\/li>\n<li><strong>Tetu\u00e1n<\/strong>\n<ul>\n<li>Avenida Asturias 68<\/li>\n<li>Calle Francisco Balseiro 4<\/li>\n<\/ul>\n<\/li>\n<li><strong>Usera<\/strong>\n<ul>\n<li>Calle Doctor Tolosa Latour 16<\/li>\n<li>Calle Antonio L\u00f3pez 197<\/li>\n<\/ul>\n<\/li>\n<li><strong>Vic\u00e1lvaro<\/strong>\n<ul>\n<li>Paseo Polideportivo 138<\/li>\n<li>Abad Juan Catal\u00e1n esquina con carretera de Vic\u00e1lvaro a estaci\u00f3n de O&#8217;Donnell<\/li>\n<\/ul>\n<\/li>\n<li><strong>Villa de Vallecas<\/strong>\n<ul>\n<li>Calle Real de Arganda 64<\/li>\n<li>Calle Manuel V\u00e9lez 7<\/li>\n<\/ul>\n<\/li>\n<li><strong>Villaverde<\/strong>\n<ul>\n<li>Carretera Carabanchel a Villaverde 10<\/li>\n<li>Calle Rocafort 5<\/li>\n<\/ul>\n<\/li>\n<\/ul>\n<\/li>\n<\/ul>\n<\/li>\n<li><strong>Alcal\u00e1 de Henares<\/strong>\n<ul>\n<li>Pinto Picasso 18, de 18 a 20 horas<\/li>\n<\/ul>\n<\/li>\n<li><strong>Arganda del Rey\u00a0<\/strong>\n<ul>\n<li>Calle del Olivo, 28 (pol\u00edgono el Guijar)<\/li>\n<\/ul>\n<\/li>\n<li><strong>Coslada<\/strong>\n<ul>\n<li>Centro Comercial Plaza Coslada (calle de Jos\u00e9 Garate 3, junto al Aldi) de 11 a 14 horas<\/li>\n<\/ul>\n<\/li>\n<li><strong>Pozuelo\u00a0<\/strong>\n<ul>\n<li>Calle Segundo Mata 1, de 10 a 18 horas<\/li>\n<\/ul>\n<\/li>\n<\/ul>\n<p>Otras iniciativas en Madrid:<\/p>\n<ul>\n<li><strong>Concierto solidario Som Valencia:\u00a0<\/strong>conciertos solidarios con artistas como la M.O.D.A., \u00c1lvaro de Luna, las Dianas, Maximiliano Calvo, Zuaraz, Lavin y m\u00e1s. Entradas a 15 euros en este <a href=\"https:\/\/somvalencia.univer.se\/line-up\/madrid\">enlace<\/a>.<\/li>\n<li><strong>Vibra Mahou Fest:\u00a0<\/strong>todo lo recaudado en el Vibra Mahou Fest ser\u00e1 destinado a Valencia. Contar\u00e1 con artistas como Carlos Sadness, Cupido, La Paloma y m\u00e1s. Entradas a 37 euros en este <a href=\"https:\/\/www.wegow.com\/es\/festivales\/vibra-mahou-fest-madrid\">enlace<\/a>.<\/li>\n<li><strong>Mercadillo Tanguero Solidario:\u00a0<\/strong>s\u00e1bado 9 de noviembre de 11 a 15 horas en la Calle Luna, 19<\/li>\n<li><strong>Mercadillo del Encanto\u00a0<\/strong><strong>edici\u00f3n solidaria:\u00a0<\/strong>viernes 8 de 17 a 21 horas; s\u00e1bado 9 de 11.30 a 21 horas; domingo 10 de 11.30 a 20 horas en calle Sandoval, 3.<\/li>\n<\/ul>\n<p><strong>Actualizaci\u00f3n 2 de noviembre:<\/strong><\/p>\n<p>NUEVO &#8211; puntos de recogida del Ayuntamiento de Madrid en las Comisar\u00edas de Polic\u00eda Municipal en los Distritos, de 9 a 21 h. (Se recogen productos de primera necesidad: leche, agua, leche f\u00f3rmula para beb\u00e9s, productos no perecederos, conservas, pa\u00f1ales, etc.)<\/p>\n<ul>\n<li><strong>Arganzuela<\/strong>\n<ul>\n<li>Paseo Chopera 2<\/li>\n<\/ul>\n<\/li>\n<li><strong>Barajas<\/strong>\n<ul>\n<li>Calle Trespaderne 16<\/li>\n<\/ul>\n<\/li>\n<li><strong>Carabanchel<\/strong>\n<ul>\n<li>Avenida Carabanchel Alto 61<\/li>\n<\/ul>\n<\/li>\n<li><strong>Centro Norte<\/strong>\n<ul>\n<li>Plaza Santa Mar\u00eda Soledad Torres Acosta 2<\/li>\n<\/ul>\n<\/li>\n<li><strong>Centro Sur<\/strong>\n<ul>\n<li>Calle Montera 16<\/li>\n<\/ul>\n<\/li>\n<li><strong>Chamart\u00edn<\/strong>\n<ul>\n<li>Calle Comandante Azcarraga 4<\/li>\n<\/ul>\n<\/li>\n<li><strong>Chamber\u00ed<\/strong>\n<ul>\n<li>Calle Raimundo Fern\u00e1ndez Villaverde 8<\/li>\n<\/ul>\n<\/li>\n<li><strong>Ciudad Lineal<\/strong>\n<ul>\n<li>Calle Peloponeso 9<\/li>\n<\/ul>\n<\/li>\n<li><strong>Fuencarral-El Pardo<\/strong>\n<ul>\n<li>Avenida Soto Palacios 7<\/li>\n<\/ul>\n<\/li>\n<li><strong>Hortaleza<\/strong>\n<ul>\n<li>Calle Javier del Quinto 2<\/li>\n<\/ul>\n<\/li>\n<li><strong>Latina<\/strong>\n<ul>\n<li>Calle Rodrigo de Arana 500<\/li>\n<\/ul>\n<\/li>\n<li><strong>Moncloa-Aravaca<\/strong>\n<ul>\n<li>Avenida de Valladolid 6<\/li>\n<\/ul>\n<\/li>\n<li><strong>Moratalaz<\/strong>\n<ul>\n<li>Calle Fuente Carrantona 8<\/li>\n<\/ul>\n<\/li>\n<li><strong>Puente de Vallecas<\/strong>\n<ul>\n<li>Calle Puerto de Cardoso 7<\/li>\n<\/ul>\n<\/li>\n<li><strong>Retiro<\/strong>\n<ul>\n<li>Calle Hoyuelo 7<\/li>\n<\/ul>\n<\/li>\n<li><strong>Salamanca<\/strong>\n<ul>\n<li>Calle Pedro Heredia 34<\/li>\n<\/ul>\n<\/li>\n<li><strong>San Blas-Canillejas<\/strong>\n<ul>\n<li>Calle Estocolmo 91<\/li>\n<\/ul>\n<\/li>\n<li><strong>Tetu\u00e1n<\/strong>\n<ul>\n<li>Avenida Asturias 68<\/li>\n<\/ul>\n<\/li>\n<li><strong>Usera<\/strong>\n<ul>\n<li>Calle Doctor Tolosa Latour 16<\/li>\n<\/ul>\n<\/li>\n<li><strong>Vic\u00e1lvaro<\/strong>\n<ul>\n<li>Paseo Polideportivo 138<\/li>\n<\/ul>\n<\/li>\n<li><strong>Villa de Vallecas<\/strong>\n<ul>\n<li>Calle Real de Arganda 64<\/li>\n<\/ul>\n<\/li>\n<li><strong>Villaverde<\/strong>\n<ul>\n<li>Carretera Carabanchel a Villaverde 105<\/li>\n<\/ul>\n<\/li>\n<\/ul>\n<p>El Ayuntamiento de Madrid ha abierto puntos de recogida en todos los distritos, de 9 a 21 h. Listado en los comentarios.<\/p>\n<p>El 2 y 3 de noviembre abre el punto de Arganda del Rey (Calle del Olivo, 28).<\/p>\n<p>Todo el finde nuevo punto de recogida abierto por <a class=\"x1i10hfl xjbqb8w x1ejq31n xd10rxx x1sy0etr x17r0tee x972fbf xcfux6l x1qhh985 xm0m39n x9f619 x1ypdohk xt0psk2 xe8uvvx xdj266r x11i5rnm xat24cr x1mh8g0r xexx8yu x4uap5 x18d9i69 xkhd6sd x16tdsg8 x1hl2dhg xggy1nq x1a2a7pz notranslate _a6hd\" tabindex=\"0\" role=\"link\" href=\"https:\/\/www.instagram.com\/sambiloutlet\/\">@sambiloutlet<\/a>\u00a0(mantas, material sanitario y productos de higiene, ropa en buen estado-abrigos): punto de informaci\u00f3n en la planta 0.<\/p>\n<p>El s\u00e1bado 2 abrir\u00e1n el punto de Arganda Rey (Calle del Olivo, 28) y el de calle de Trafalgar 1, 1D &#8211; Metro Bilbao (de 11 a 15 horas).<\/p>\n<p>Del lunes 4 al viernes 8 se podr\u00e1n llevar al punto de calle Trafalgar 1, 1D &#8211; Metro Bilbao, de 9 a 19 horas.<\/p>\n<p>En Alcorc\u00f3n se han habilitado dos puntos durante todo el puente: en la Nave Esmasa y el Centro Unificado de Seguridad. De 10 a 13 y de 16 a 19 h.<\/p>\n<p><strong>Actualizaci\u00f3n 1 de noviembre:<\/strong><\/p>\n<p>NUEVO &#8211; puntos de recogida del Ayuntamiento de Madrid, de 9 a 21 h (Se recogen productos de primera necesidad: leche, agua, leche f\u00f3rmula para beb\u00e9s, productos no perecederos, conservas, pa\u00f1ales, etc.):<\/p>\n<ul>\n<li><strong>Retiro:<\/strong>\n<ul>\n<li>C\\ Montalb\u00e1n, 1<\/li>\n<li>C\\ Luis Peidro, 8 c\/v Cerro Negro<\/li>\n<\/ul>\n<\/li>\n<li><strong>Centro:<\/strong>\n<ul>\n<li>Plaza de la Cebada, 13<\/li>\n<\/ul>\n<\/li>\n<li><strong>Chamber\u00ed:<\/strong>\n<ul>\n<li>C\\ Santa Engracia, 116<\/li>\n<\/ul>\n<\/li>\n<li><strong>Tetu\u00e1n:<\/strong>\n<ul>\n<li>C\\ Francisco Balseiro, 4<\/li>\n<\/ul>\n<\/li>\n<li><strong>Chamart\u00edn:<\/strong>\n<ul>\n<li>Av\\ Alfonso XIII, 128 &#8211; Jos\u00e9 M\u00aa Soler<\/li>\n<\/ul>\n<\/li>\n<li><strong>Salamanca:<\/strong>\n<ul>\n<li>C\\ Jorge Juan, 48<\/li>\n<\/ul>\n<\/li>\n<li><strong>Arganzuela:<\/strong>\n<ul>\n<li>C\\ \u00c1ncora, 37<\/li>\n<\/ul>\n<\/li>\n<li><strong>Fuencarral:<\/strong>\n<ul>\n<li>C\\ Isla de Arosa, 22<\/li>\n<\/ul>\n<\/li>\n<li><strong>Moncloa &#8211; Aravaca:<\/strong>\n<ul>\n<li>Ctra. H\u00famera, 40<\/li>\n<\/ul>\n<\/li>\n<li><strong>Latina:<\/strong>\n<ul>\n<li>Base SELUR C\\ \u00c1ngel Sanz Briz<\/li>\n<\/ul>\n<\/li>\n<li><strong>Hortaleza:<\/strong>\n<ul>\n<li>C\\ Tom\u00e1s Redondo, 8<\/li>\n<\/ul>\n<\/li>\n<li><strong>Barajas:<\/strong>\n<ul>\n<li>C\\ Alhaur\u00edn, 7<\/li>\n<\/ul>\n<\/li>\n<li><strong>Ciudad Lineal:<\/strong>\n<ul>\n<li>Avda trece Rosas s\/n junto explanada mercadillo Ciudad Lineal<\/li>\n<\/ul>\n<\/li>\n<li><strong>San Blas:<\/strong>\n<ul>\n<li>C\\ Aquitania, 36<\/li>\n<\/ul>\n<\/li>\n<li><strong>Vic\u00e1lvaro:<\/strong>\n<ul>\n<li>Abad Juan Catal\u00e1n esquina con carretera de Vic\u00e1lvaro a estaci\u00f3n de O&#8217;Donnell<\/li>\n<\/ul>\n<\/li>\n<li><strong>Moratalaz:<\/strong>\n<ul>\n<li>C\\ Arroyo Belincoso, 7<\/li>\n<\/ul>\n<\/li>\n<li><strong>Puente de Vallecas:<\/strong>\n<ul>\n<li>C\\ Josefa D\u00edaz, 13<\/li>\n<\/ul>\n<\/li>\n<li><strong>Villa de Vallecas:<\/strong>\n<ul>\n<li>C\\ Manuel V\u00e9lez, 7<\/li>\n<\/ul>\n<\/li>\n<li><strong>Carabanchel:<\/strong>\n<ul>\n<li>C\\ Treseita, 39<\/li>\n<\/ul>\n<\/li>\n<li><strong>Usera:<\/strong>\n<ul>\n<li>C\\ Antonio L\u00f3pez, 197<\/li>\n<\/ul>\n<\/li>\n<li><strong>Villaverde:<\/strong>\n<ul>\n<li>C\\ Rocafort, 5<\/li>\n<\/ul>\n<\/li>\n<\/ul>\n<p>&#8211;<\/p>\n<p>El 1 de noviembre abre el punto de Arganda del Rey (Calle del Olivo, 28).<\/p>\n<p>El 1 de noviembre desde las 17:00 punto de recogida en el Barrio del Pilar (Centro Social La Piluka, Plaza Corcubion 16).<\/p>\n<p>Todo el finde nuevo punto de recogida abierto por <a class=\"x1i10hfl xjbqb8w x1ejq31n xd10rxx x1sy0etr x17r0tee x972fbf xcfux6l x1qhh985 xm0m39n x9f619 x1ypdohk xt0psk2 xe8uvvx xdj266r x11i5rnm xat24cr x1mh8g0r xexx8yu x4uap5 x18d9i69 xkhd6sd x16tdsg8 x1hl2dhg xggy1nq x1a2a7pz notranslate _a6hd\" tabindex=\"0\" role=\"link\" href=\"https:\/\/www.instagram.com\/sambiloutlet\/\">@sambiloutlet<\/a> (mantas, material sanitario y productos de higiene, ropa en buen estado-abrigos): punto de informaci\u00f3n en la planta 0.<\/p>\n<p>El s\u00e1bado 2 abrir\u00e1n el punto de Arganda Rey (Calle del Olivo, 28) y el de calle de Trafalgar 1, 1D &#8211; Metro Bilbao (de 11 a 15 horas).<\/p>\n<p>Del lunes 4 al viernes 8 se podr\u00e1n llevar al punto de calle Trafalgar 1, 1D &#8211; Metro Bilbao, de 9 a 19 horas.<\/p>\n<p>En los puntos de recogida se necesitan: palas, cubos, mantas, sacos, alimentos larga duraci\u00f3n, productos primera necesidad, ropa en buen estado.<\/p>\n<p>En el punto de calle Trafalgar nos han dicho hoy que lo que m\u00e1s necesitan son ropa y mantas, alimentos (si son lentejas o garbanzos de los que vienen cocidos porque no pueden cocinar), alimentos para beb\u00e9 (potitos, leche de formula) y pa\u00f1ales, toallitas.<\/p>\n<p><strong>Actualizaci\u00f3n 31 de octubre:<\/strong><\/p>\n<p>En los puntos de recogida se necesitan: <strong>palas, cubos, mantas, sacos, alimentos de larga duraci\u00f3n\u00a0<\/strong>(no perecederos),\u00a0<strong>productos de primera necesidad y ropa en buen estado.\u00a0<\/strong><\/p>\n<ul>\n<li>Punto de recogida en Calle Ardemans 66 (Metro Avenida de Am\u00e9rica) de 16 a 22 horas.<\/li>\n<li>Punto de recogida en Calle de Tragalgar 1, 1D (Metro Bilbao) de 9 a 19 horas.<\/li>\n<li>Punto de recogida en Calle del Olivo 28, Arganda del Rey. A partir de las 13 horas.<\/li>\n<\/ul>\n<p>El punto de recogida en calle Lucas Mallada (San Blas) no est\u00e1 recibiendo m\u00e1s ayudas por falta de espacio.<\/p>\n<h2>Ayuda econ\u00f3mica para Valencia<\/h2>\n<p><script async=\"\" src=\"https:\/\/pagead2.googlesyndication.com\/pagead\/js\/adsbygoogle.js\"><\/script> <ins class=\"adsbygoogle\" style=\"display: block; text-align: center;\" data-ad-layout=\"in-article\" data-ad-format=\"fluid\" data-ad-client=\"ca-pub-7450064428034605\" data-ad-slot=\"5670045061\"><\/ins> <script>(adsbygoogle = window.adsbygoogle || []).push({});<\/script><\/p>\n<ul>\n<li>Dona dinero a la Cruz Roja Madrid con Bizum al 33512 o un SMS con la palabra AYUDA al 38092 para donar 6 euros.<\/li>\n<li>Dona dinero a la Fundaci\u00f3n Ibercaja con Bizum al 05404.<\/li>\n<\/ul>\n","protected":false},"excerpt":{"rendered":"<p>Con informaci\u00f3n actualizada. <\/p>\n","protected":false},"author":15,"featured_media":58001,"comment_status":"open","ping_status":"open","sticky":false,"template":"","format":"standard","meta":{"footnotes":""},"categories":[12,187,119],"tags":[],"class_list":{"0":"post-58000","1":"post","2":"type-post","3":"status-publish","4":"format-standard","5":"has-post-thumbnail","7":"category-actualidad-noticias-madrid","8":"category-madrid-hoy","9":"category-portada"},"_links":{"self":[{"href":"https:\/\/www.vidademadrid.com\/es\/wp-json\/wp\/v2\/posts\/58000","targetHints":{"allow":["GET"]}}],"collection":[{"href":"https:\/\/www.vidademadrid.com\/es\/wp-json\/wp\/v2\/posts"}],"about":[{"href":"https:\/\/www.vidademadrid.com\/es\/wp-json\/wp\/v2\/types\/post"}],"author":[{"embeddable":true,"href":"https:\/\/www.vidademadrid.com\/es\/wp-json\/wp\/v2\/users\/15"}],"replies":[{"embeddable":true,"href":"https:\/\/www.vidademadrid.com\/es\/wp-json\/wp\/v2\/comments?post=58000"}],"version-history":[{"count":7,"href":"https:\/\/www.vidademadrid.com\/es\/wp-json\/wp\/v2\/posts\/58000\/revisions"}],"predecessor-version":[{"id":58093,"href":"https:\/\/www.vidademadrid.com\/es\/wp-json\/wp\/v2\/posts\/58000\/revisions\/58093"}],"wp:featuredmedia":[{"embeddable":true,"href":"https:\/\/www.vidademadrid.com\/es\/wp-json\/wp\/v2\/media\/58001"}],"wp:attachment":[{"href":"https:\/\/www.vidademadrid.com\/es\/wp-json\/wp\/v2\/media?parent=58000"}],"wp:term":[{"taxonomy":"category","embeddable":true,"href":"https:\/\/www.vidademadrid.com\/es\/wp-json\/wp\/v2\/categories?post=58000"},{"taxonomy":"post_tag","embeddable":true,"href":"https:\/\/www.vidademadrid.com\/es\/wp-json\/wp\/v2\/tags?post=58000"}],"curies":[{"name":"wp","href":"https:\/\/api.w.org\/{rel}","templated":true}]}}