{"id":57952,"date":"2024-10-28T12:26:28","date_gmt":"2024-10-28T11:26:28","guid":{"rendered":"https:\/\/www.vidademadrid.com\/es\/?p=57952"},"modified":"2024-10-28T12:26:31","modified_gmt":"2024-10-28T11:26:31","slug":"visitas-guiadas-conciertos-cementerio-la-almudena-2024","status":"publish","type":"post","link":"https:\/\/www.vidademadrid.com\/es\/57952\/visitas-guiadas-conciertos-cementerio-la-almudena-2024\/","title":{"rendered":"Visitas guiadas y conciertos en el Cementerio de la Almudena por la Festividad de Todos los Santos 2024"},"content":{"rendered":"<p>Un a\u00f1o m\u00e1s, se podr\u00e1 disfrutar de&nbsp;<strong>visitas guiadas y conciertos&nbsp;<\/strong>en el&nbsp;<strong>Cementerio de la Almudena&nbsp;<\/strong>con motivo de la Festividad de Todos los Santos. Te contamos toda la informaci\u00f3n en este art\u00edculo.&nbsp;<\/p>\n<h2>Visitas guiadas en el Cementerio de la Almudena&nbsp;<\/h2>\n<p><script async=\"\" src=\"https:\/\/pagead2.googlesyndication.com\/pagead\/js\/adsbygoogle.js\"><\/script> <ins class=\"adsbygoogle\" style=\"display:block\" data-ad-format=\"fluid\" data-ad-layout-key=\"-7f+eo+1+2-5\" data-ad-client=\"ca-pub-7450064428034605\" data-ad-slot=\"7327027071\"><\/ins><script>(adsbygoogle = window.adsbygoogle || []).push({});<\/script>Servicios Funerarios de Madrid organiza un a\u00f1o m\u00e1s diversas actividades gratuitas con motivo de la Festividad de Todos los Santos con visitas guiadas y conciertos a la luz de las velas.&nbsp;<\/p>\n<p>En los recorridos, podr\u00e1s disfrutar de un recorrido en el que descubrir\u00e1s el patrimonio cultural y la historia del Cementerio de La Almudena, uno de los m\u00e1s emblem\u00e1ticos de Europa. Los recorridos incluyen el&nbsp;<strong>Cementerio Civil y Hebreo&nbsp;<\/strong>y el&nbsp;<strong>Cementerio Antiguo.&nbsp;<\/strong><\/p>\n<p>Las visitas guiadas ser\u00e1n del&nbsp;<strong>28 de octubre al 3 de noviembre,&nbsp;<\/strong>excepto el 1 de noviembre. Las plazas son de 30 personas por grupo y es necesario <a href=\"https:\/\/visitascementerioalmudena.sfmadrid.es\/)\">reservar<\/a> la plaza previamente.&nbsp;<\/p>\n<h2>Concierto en el Cementerio de la Almudena<\/h2>\n<p><script async=\"\" src=\"https:\/\/pagead2.googlesyndication.com\/pagead\/js\/adsbygoogle.js\"><\/script> <ins class=\"adsbygoogle\" style=\"display:block; text-align:center;\" data-ad-layout=\"in-article\" data-ad-format=\"fluid\" data-ad-client=\"ca-pub-7450064428034605\" data-ad-slot=\"5670045061\"><\/ins> <script>(adsbygoogle = window.adsbygoogle || []).push({});<\/script>Se han programado tambi\u00e9n conciertos a la luz de la vela de piano y viol\u00edn, que se celebrar\u00e1 el&nbsp;<strong>1 de noviembre a las 19.30 horas,&nbsp;<\/strong>y a las&nbsp;<strong>21 horas en la capilla del cementerio de La Almudena.&nbsp;<\/strong><\/p>\n<p>Se interpretar\u00e1n grandes cl\u00e1sicos como &#8216;Yesterday&#8217; de The Beatles, &#8216;She&#8217; de Charles Aznavour, &#8216;Your Song&#8217; de Elton John y m\u00e1s.&nbsp;<\/p>\n<p>Se pueden reservar las entradas en este <a href=\"https:\/\/visitascementerioalmudena.sfmadrid.es\/)\">enlace<\/a>.&nbsp;<\/p>\n","protected":false},"excerpt":{"rendered":"<p>Del 28 de octubre al 3 de noviembre. <\/p>\n","protected":false},"author":15,"featured_media":57953,"comment_status":"open","ping_status":"open","sticky":false,"template":"","format":"standard","meta":{"footnotes":""},"categories":[101],"tags":[],"class_list":{"0":"post-57952","1":"post","2":"type-post","3":"status-publish","4":"format-standard","5":"has-post-thumbnail","7":"category-ferias-fiestas-mercados-madrid"},"_links":{"self":[{"href":"https:\/\/www.vidademadrid.com\/es\/wp-json\/wp\/v2\/posts\/57952","targetHints":{"allow":["GET"]}}],"collection":[{"href":"https:\/\/www.vidademadrid.com\/es\/wp-json\/wp\/v2\/posts"}],"about":[{"href":"https:\/\/www.vidademadrid.com\/es\/wp-json\/wp\/v2\/types\/post"}],"author":[{"embeddable":true,"href":"https:\/\/www.vidademadrid.com\/es\/wp-json\/wp\/v2\/users\/15"}],"replies":[{"embeddable":true,"href":"https:\/\/www.vidademadrid.com\/es\/wp-json\/wp\/v2\/comments?post=57952"}],"version-history":[{"count":2,"href":"https:\/\/www.vidademadrid.com\/es\/wp-json\/wp\/v2\/posts\/57952\/revisions"}],"predecessor-version":[{"id":57955,"href":"https:\/\/www.vidademadrid.com\/es\/wp-json\/wp\/v2\/posts\/57952\/revisions\/57955"}],"wp:featuredmedia":[{"embeddable":true,"href":"https:\/\/www.vidademadrid.com\/es\/wp-json\/wp\/v2\/media\/57953"}],"wp:attachment":[{"href":"https:\/\/www.vidademadrid.com\/es\/wp-json\/wp\/v2\/media?parent=57952"}],"wp:term":[{"taxonomy":"category","embeddable":true,"href":"https:\/\/www.vidademadrid.com\/es\/wp-json\/wp\/v2\/categories?post=57952"},{"taxonomy":"post_tag","embeddable":true,"href":"https:\/\/www.vidademadrid.com\/es\/wp-json\/wp\/v2\/tags?post=57952"}],"curies":[{"name":"wp","href":"https:\/\/api.w.org\/{rel}","templated":true}]}}