{"id":57923,"date":"2024-10-24T23:24:27","date_gmt":"2024-10-24T21:24:27","guid":{"rendered":"https:\/\/www.vidademadrid.com\/es\/?p=57923"},"modified":"2025-10-04T14:51:42","modified_gmt":"2025-10-04T12:51:42","slug":"planes-para-este-fin-de-semana-en-madrid-25-26-y-27-de-octubre-de-2024","status":"publish","type":"post","link":"https:\/\/www.vidademadrid.com\/es\/57923\/planes-para-este-fin-de-semana-en-madrid-25-26-y-27-de-octubre-de-2024\/","title":{"rendered":"Planes para este fin de semana en Madrid: 25, 26 y 27 de octubre de 2024"},"content":{"rendered":"\n<p>Como cada jueves, os traemos nuestro <strong>MEGA POST DE PLANES<\/strong> para este fin de semana <strong>25, 26 y 27 de octubre<\/strong>. Una entrada muy especial para nosotros y con un gran trabajo por detr\u00e1s, para que, aunque sea casi imposible hacer todo, pod\u00e1is tener una amplia oferta de planes: actividades diferentes, exposiciones, musicales, teatro, fiestas&#8230; Esperamos que lo disfrutes tanto como nosotros y si descubres o haces algo que has le\u00eddo en este art\u00edculo o has visto en nuestras redes, no dudes en compartirlo con nosotros.<\/p>\n\n\n\n<h2 class=\"wp-block-heading\">Actividades destacadas<\/h2>\n\n\n\n<script async src=\"https:\/\/pagead2.googlesyndication.com\/pagead\/js\/adsbygoogle.js\"><\/script> <ins class=\"adsbygoogle\"  style=\"display:block\" data-ad-format=\"fluid\" data-ad-layout-key=\"-7f+eo+1+2-5\" data-ad-client=\"ca-pub-7450064428034605\" data-ad-slot=\"7327027071\"><\/ins><script>(adsbygoogle = window.adsbygoogle || []).push({});<\/script>\n\n\n\n\n<h3 class=\"wp-block-heading\">Disfruta de conciertos de piano gratuitos<\/h3>\n\n\n\n<p><span class=\"OYPEnA font-feature-liga-off font-feature-clig-off font-feature-calt-off text-decoration-none text-strikethrough-none\">Este <strong>viernes 25<\/strong> de 11 h a 20 h <strong>la ciudad se llena de pianos<\/strong> con la iniciativa de Fundaci\u00f3n Occident y MCB Maria Canals. 10 pianos a disposici\u00f3n <\/span><span class=\"OYPEnA font-feature-liga-off font-feature-clig-off font-feature-calt-off text-decoration-none text-strikethrough-none\">de profesionales, estudiantes de m\u00fasica, ni\u00f1os y aficionados que quieran deleitar a los vecinos y personas de la zona.&nbsp;<\/span><\/p>\n\n\n\n<p><span class=\"OYPEnA font-feature-liga-off font-feature-clig-off font-feature-calt-off text-decoration-none text-strikethrough-none\">Este a\u00f1o como novedad habr\u00e1 dos pianos en Plaza Mayor. <\/span><span class=\"OYPEnA font-feature-liga-off font-feature-clig-off font-feature-calt-off text-decoration-none text-strikethrough-none\">\u00bfD\u00f3nde encontrarlos? <\/span><span class=\"OYPEnA font-feature-liga-off font-feature-clig-off font-feature-calt-off text-decoration-none text-strikethrough-none\"><strong>Plaza Mayor (dos pianos), Plaza Santa Ana, Canalejas, calle Alcal\u00e1 (Four Seasons), Plaza de Murillo, Plaza de Plater\u00edas, Plaza de Juan Goytisolo, Plaza de las Cortes, Plaza de Sta. Cruz<\/strong>. M\u00e1s info <a href=\"https:\/\/www.instagram.com\/mariacanalsbcn\/\">aqu\u00ed.&nbsp;<\/a><\/span><\/p>\n\n\n<div class=\"wp-block-image\">\n<figure class=\"aligncenter\"><a href=\"https:\/\/www.vidademadrid.com\/es\/wp-content\/uploads\/2022\/10\/pianos.jpeg\"><img loading=\"lazy\" decoding=\"async\" width=\"1200\" height=\"600\" src=\"https:\/\/www.vidademadrid.com\/es\/wp-content\/uploads\/2022\/10\/pianos.jpeg\" alt=\"\" class=\"wp-image-45471\" srcset=\"https:\/\/www.vidademadrid.com\/es\/wp-content\/uploads\/2022\/10\/pianos.jpeg 1200w, https:\/\/www.vidademadrid.com\/es\/wp-content\/uploads\/2022\/10\/pianos-300x150.jpeg 300w, https:\/\/www.vidademadrid.com\/es\/wp-content\/uploads\/2022\/10\/pianos-1024x512.jpeg 1024w, https:\/\/www.vidademadrid.com\/es\/wp-content\/uploads\/2022\/10\/pianos-768x384.jpeg 768w, https:\/\/www.vidademadrid.com\/es\/wp-content\/uploads\/2022\/10\/pianos-696x348.jpeg 696w, https:\/\/www.vidademadrid.com\/es\/wp-content\/uploads\/2022\/10\/pianos-1068x534.jpeg 1068w, https:\/\/www.vidademadrid.com\/es\/wp-content\/uploads\/2022\/10\/pianos-840x420.jpeg 840w\" sizes=\"auto, (max-width: 1200px) 100vw, 1200px\" \/><\/a><figcaption>Foto: Fundaci\u00f3n Jes\u00fas Serra<\/figcaption><\/figure><\/div>\n\n\n<h3 class=\"wp-block-heading\">No te pierdas la jornada de puertas abiertas<\/h3>\n\n\n\n<h3 class=\"wp-block-heading\">Tribunal Supremo<\/h3>\n\n\n\n<p><span class=\"OYPEnA font-feature-liga-off font-feature-clig-off font-feature-calt-off text-decoration-none text-strikethrough-none\">Durante el viernes y s\u00e1bado tendr\u00e1s la oportunidad de visitar el <strong>Palacio de las Salesas<\/strong>. Podr\u00e1s conocer a magistrados\/as y letrados\/as del Gabinete T\u00e9cnico, disfrutar de visitas guiadas y juicios teatralizados. <\/span><span class=\"OYPEnA font-feature-liga-off font-feature-clig-off font-feature-calt-off text-decoration-none text-strikethrough-none\">El <strong>viernes a las 20 h<\/strong> habr\u00e1 un <strong>concierto con aforo de 400 plazas<\/strong> totalmente gratis. M\u00e1s info <a href=\"https:\/\/www.poderjudicial.es\/cgpj\/es\/Poder-Judicial\/Tribunal-Supremo\/Portal-de-Transparencia\/Conoce-el-TS\/Jornadas-de-Puertas-Abiertas\/\">aqu\u00ed.&nbsp;<\/a><\/span><\/p>\n\n\n\n<h3 class=\"wp-block-heading\">Biblioteca Nacional<\/h3>\n\n\n\n<p>El s\u00e1bado c<span class=\"OYPEnA font-feature-liga-off font-feature-clig-off font-feature-calt-off text-decoration-none text-strikethrough-none\">on motivo de la celebraci\u00f3n del <strong>D\u00eda de las Bibliotecas y en homenaje a Rosa Reg\u00e0s<\/strong>, la BNE abrir\u00e1 sus puertas al p\u00fablico. En la visita de 90 minutos se explicar\u00e1 la historia del edificio y se mostrar\u00e1n piezas valiosas de su colecci\u00f3n. Entrega de entradas numeradas desde las 8.45 h. Toda la info <a href=\"https:\/\/bne.es\/es\/noticias\/biblioteca-nacional-espana-celebra-dia-bibliotecas-jornada-puertas-abiertas-homenaje-rosa-regas\">aqu\u00ed.&nbsp;<\/a><\/span><\/p>\n\n\n\n<h2 class=\"wp-block-heading\">Especial Halloween<\/h2>\n\n\n\n<p>Empieza la cuenta atr\u00e1s&#8230; y aunque tenemos pendiente subir a nuestras redes un <em>reels<\/em> con 3 planes que puedes hacer para Halloween, por el momento, te adelantamos dos actividades que podr\u00e1s hacer este finde para \u00abcalentar motores\u00bb.<\/p>\n\n\n<div class=\"wp-block-image\">\n<figure class=\"aligncenter\"><a href=\"https:\/\/www.vidademadrid.com\/es\/wp-content\/uploads\/2024\/10\/Altar-de-Muertos.jpg\"><img loading=\"lazy\" decoding=\"async\" width=\"1200\" height=\"600\" src=\"https:\/\/www.vidademadrid.com\/es\/wp-content\/uploads\/2024\/10\/Altar-de-Muertos.jpg\" alt=\"\" class=\"wp-image-57756\" srcset=\"https:\/\/www.vidademadrid.com\/es\/wp-content\/uploads\/2024\/10\/Altar-de-Muertos.jpg 1200w, https:\/\/www.vidademadrid.com\/es\/wp-content\/uploads\/2024\/10\/Altar-de-Muertos-300x150.jpg 300w, https:\/\/www.vidademadrid.com\/es\/wp-content\/uploads\/2024\/10\/Altar-de-Muertos-1024x512.jpg 1024w, https:\/\/www.vidademadrid.com\/es\/wp-content\/uploads\/2024\/10\/Altar-de-Muertos-768x384.jpg 768w, https:\/\/www.vidademadrid.com\/es\/wp-content\/uploads\/2024\/10\/Altar-de-Muertos-696x348.jpg 696w, https:\/\/www.vidademadrid.com\/es\/wp-content\/uploads\/2024\/10\/Altar-de-Muertos-1068x534.jpg 1068w, https:\/\/www.vidademadrid.com\/es\/wp-content\/uploads\/2024\/10\/Altar-de-Muertos-840x420.jpg 840w\" sizes=\"auto, (max-width: 1200px) 100vw, 1200px\" \/><\/a><figcaption>Foto: Vida de Madrid<\/figcaption><\/figure><\/div>\n\n\n<h3 class=\"wp-block-heading\">Visita los distintos altares de muertos de la ciudad<\/h3>\n\n\n\n<p><span class=\"OYPEnA font-feature-liga-off font-feature-clig-off font-feature-calt-off text-decoration-none text-strikethrough-none\">Inauguran este viernes tres nuevos altares de muertos, iniciativa del Ayuntamiento en colaboraci\u00f3n con Casa de M\u00e9xico, que estar\u00e1n:<\/span><\/p>\n\n\n\n<ul class=\"wp-block-list\"><li class=\"cvGsUA direction-ltr align-center para-style-body\"><span class=\"OYPEnA font-feature-liga-off font-feature-clig-off font-feature-calt-off text-decoration-none text-strikethrough-none\">La <\/span><strong><span class=\"OYPEnA font-feature-liga-off font-feature-clig-off font-feature-calt-off text-decoration-none text-strikethrough-none\">Monta\u00f1a artificial del Retiro<\/span><\/strong><span class=\"OYPEnA font-feature-liga-off font-feature-clig-off font-feature-calt-off text-decoration-none text-strikethrough-none\"> (V, S, D 11 h -20 h). Info completa en nuestro <a href=\"https:\/\/www.instagram.com\/p\/DBeiEv4uDDS\/\">reels<\/a>.&nbsp;<\/span><\/li><li class=\"cvGsUA direction-ltr align-center para-style-body\">El <strong><span class=\"OYPEnA font-feature-liga-off font-feature-clig-off font-feature-calt-off text-decoration-none text-strikethrough-none\" style=\"color: initial;\">Patio de operaciones de CentroCentro<\/span><\/strong><span class=\"OYPEnA font-feature-liga-off font-feature-clig-off font-feature-calt-off text-decoration-none text-strikethrough-none\" style=\"color: initial;\"> (V, S, D 10 h -20 h).&nbsp;<\/span><\/li><li class=\"cvGsUA direction-ltr align-center para-style-body\">El <strong><span class=\"OYPEnA font-feature-liga-off font-feature-clig-off font-feature-calt-off text-decoration-none text-strikethrough-none\" style=\"color: initial;\">Caf\u00e9 Naves de Matadero<\/span><\/strong><span class=\"OYPEnA font-feature-liga-off font-feature-clig-off font-feature-calt-off text-decoration-none text-strikethrough-none\" style=\"color: initial;\"> (V, S, D 11 h -20 h).<\/span><\/li><\/ul>\n\n\n\n<p>Otros altares:<\/p>\n\n\n\n<ul class=\"wp-block-list\"><li><strong>Galer\u00eda Canalejas<\/strong>.<\/li><li class=\"cvGsUA direction-ltr align-center para-style-body\"><strong><span class=\"OYPEnA font-feature-liga-off font-feature-clig-off font-feature-calt-off text-decoration-none text-strikethrough-none\">Teatro Fern\u00e1n G\u00f3mez<\/span><\/strong><span class=\"OYPEnA font-feature-liga-off font-feature-clig-off font-feature-calt-off text-decoration-none text-strikethrough-none\"> (S, D 10 h -21 h).<\/span><\/li><li class=\"cvGsUA direction-ltr align-center para-style-body\">Sigue abierto el gran <strong>altar de <\/strong><span class=\"OYPEnA font-feature-liga-off font-feature-clig-off font-feature-calt-off text-decoration-none text-strikethrough-none\" style=\"color: initial;\"><strong>Casa de M\u00e9xico<\/strong> en Espa\u00f1a<\/span><span class=\"OYPEnA font-feature-liga-off font-feature-clig-off font-feature-calt-off text-decoration-none text-strikethrough-none\" style=\"color: initial;\"> (horarios sin inscripci\u00f3n previa V 10 h -15.30 h y S, D 10 h -12.30 h). M\u00e1s info <a href=\"https:\/\/www.instagram.com\/p\/DAnY6tPN-Qq\/\">aqu\u00ed.&nbsp;<\/a><\/span><\/li><\/ul>\n\n\n\n<h3 class=\"wp-block-heading\">Descubre e<span class=\"OYPEnA font-feature-liga-off font-feature-clig-off font-feature-calt-off text-decoration-none text-strikethrough-none\">l Circo de los Horrores<\/span><\/h3>\n\n\n\n<p><span class=\"OYPEnA font-feature-liga-off font-feature-clig-off font-feature-calt-off text-decoration-none text-strikethrough-none\">El original espect\u00e1culo regresa esta semana con \u201cR\u00e9quiem: Sinfon\u00eda final\u201d fusionando teatro, circo contempor\u00e1neo y cabaret. <\/span><span class=\"OYPEnA font-feature-liga-off font-feature-clig-off font-feature-calt-off text-decoration-none text-strikethrough-none\">Ser\u00e1 el<\/span> <span class=\"OYPEnA font-feature-liga-off font-feature-clig-off font-feature-calt-off text-decoration-none text-strikethrough-none\">gran acto de despedida de su maestro Suso Silva. Disponible en<strong> Ifema<\/strong> desde 22 euros. Toda la info y entradas <a href=\"https:\/\/circodeloshorrores.com\/\">aqu\u00ed.&nbsp;<\/a><\/span><\/p>\n\n\n\n<h2 class=\"wp-block-heading\">Exposiciones<\/h2>\n\n\n\n<h3 class=\"wp-block-heading\">Matisse<\/h3>\n\n\n\n<p><span class=\"OYPEnA font-feature-liga-off font-feature-clig-off font-feature-calt-off text-decoration-none text-strikethrough-none\">Esta exposici\u00f3n descubre la obra escult\u00f3rica de <strong>Henri Matisse<\/strong> y re\u00fane 33 esculturas, dibujos,<\/span> <span class=\"OYPEnA font-feature-liga-off font-feature-clig-off font-feature-calt-off text-decoration-none text-strikethrough-none\">fotograf\u00edas, litograf\u00edas y un lienzo confiscado por los nazis durante la Segunda Guerra Mundial. Disponible en la Fundaci\u00f3n Canal. Entrada gratuita. Toda la info <a href=\"https:\/\/www.fundacioncanal.com\/exposiciones\/matisse-metamorfosis\/\">aqu\u00ed.&nbsp;<\/a><\/span><\/p>\n\n\n\n<h3 class=\"wp-block-heading\">Centenario de Matadero<\/h3>\n\n\n\n<p><span class=\"OYPEnA font-feature-liga-off font-feature-clig-off font-feature-calt-off text-decoration-none text-strikethrough-none\">Con motivo de su centenario, Matadero presenta una serie de actividades: la iluminaci\u00f3n del dep\u00f3sito de agua en la Plaza de Legazpi, una instalaci\u00f3n art\u00edstica de David P\u00e9rez en la Nave 0 y una exposici\u00f3n fotogr\u00e1fica sobre el proyecto Casa del Lector en horario 12 h a 21 h completamente gratis. Toda la info<a href=\"https:\/\/www.mataderomadrid.org\/noticias\/matadero-madrid-celebra-el-centenario-de-su-edificacion-con-una-programacion-especial-para\"> aqu\u00ed.&nbsp;<\/a><\/span><\/p>\n\n\n\n<h3 class=\"wp-block-heading\"><span class=\"OYPEnA font-feature-liga-off font-feature-clig-off font-feature-calt-off text-decoration-none text-strikethrough-none\">Exposici\u00f3n \u201cLa mayor emergencia\u201d<\/span><\/h3>\n\n\n\n<p><span class=\"OYPEnA font-feature-liga-off font-feature-clig-off font-feature-calt-off text-decoration-none text-strikethrough-none\">La muestra presenta a artistas que revelan crisis globales como el cambio clim\u00e1tico o la desigualdad. Basada en la teor\u00eda de Santiago Zabala, explica c\u00f3mo el arte puede hacer visibles estas emergencias<\/span> <span class=\"OYPEnA font-feature-liga-off font-feature-clig-off font-feature-calt-off text-decoration-none text-strikethrough-none\">y motivar la acci\u00f3n p\u00fablica. Disponible en el <strong>C\u00edrculo de Bellas Artes<\/strong> por 5,5\u20ac. M\u00e1s info y entradas <a href=\"https:\/\/www.circulobellasartes.com\/exposiciones\/la-mayor-emergencia\/\">aqu\u00ed.&nbsp;<\/a><\/span><\/p>\n\n\n\n<h3 class=\"wp-block-heading\"><span class=\"OYPEnA font-feature-liga-off font-feature-clig-off font-feature-calt-off text-decoration-none text-strikethrough-none\">La realidad de las personas refugiadas<\/span><\/h3>\n\n\n\n<p><span class=\"OYPEnA font-feature-liga-off font-feature-clig-off font-feature-calt-off text-decoration-none text-strikethrough-none\">La exposici\u00f3n \u201cHuir con lo puesto\u201d sensibiliza sobre la vida de las personas refugiadas a trav\u00e9s de un enfoque significativo, personal y simb\u00f3lico: la indumentaria. Disponible de forma gratuita en el <strong>Museo del Traje<\/strong>. Toda la info <a href=\"https:\/\/www.cultura.gob.es\/mtraje\/exposicion\/temporales\/2024\/huir-con-lo-puesto.html\">aqu\u00ed.&nbsp;<\/a><\/span><\/p>\n\n\n\n<h3 class=\"wp-block-heading\"><span class=\"OYPEnA font-feature-liga-off font-feature-clig-off font-feature-calt-off text-decoration-none text-strikethrough-none\">Exposici\u00f3n sobre el exilio espa\u00f1ol en el Magreb<\/span><\/h3>\n\n\n\n<p><span class=\"OYPEnA font-feature-liga-off font-feature-clig-off font-feature-calt-off text-decoration-none text-strikethrough-none\">La exposici\u00f3n <strong>\u00abDel \u00e9xodo y del viento\u00bb<\/strong> aborda el exilio espa\u00f1ol en el norte de \u00c1frica tras la Guerra Civil, centr\u00e1ndose en los 13.000 espa\u00f1oles que buscaron refugio en la regi\u00f3n del Magreb. Disponible gratis en la <strong>Casa \u00c1rabe<\/strong> junto al Retiro. Toda la info <a href=\"https:\/\/casaarabe.es\/eventos-arabes\/show\/del-exodo-y-del-viento-exilio-espanol-en-el-magreb-1939-1962\">aqu\u00ed.&nbsp;<\/a><\/span><\/p>\n\n\n\n<h3 class=\"wp-block-heading\"><span class=\"OYPEnA font-feature-liga-off font-feature-clig-off font-feature-calt-off text-decoration-none text-strikethrough-none\">Exposici\u00f3n sobre la cultura del descarte<\/span><\/h3>\n\n\n\n<p><span class=\"OYPEnA font-feature-liga-off font-feature-clig-off font-feature-calt-off text-decoration-none text-strikethrough-none\"><strong>\u201cForever. Metarrealidad de las cosas ef\u00edmeras\u201d<\/strong> de Jos\u00e9 Cosme cuestiona la cultura del descarte mediante instalaciones de espejos en un espacio industrial. Su propuesta rescata la belleza de objetos considerados in\u00fatiles. Disponible por 5 euros en el <strong>Museo Neomud\u00e9jar<\/strong>. M\u00e1s info <a href=\"https:\/\/www.laneomudejar.com\/jose-cosme-forever-metarrealidad-de-las-cosas-efimeras\/\">aqu\u00ed.&nbsp;<\/a><\/span><\/p>\n\n\n\n<h3 class=\"wp-block-heading\"><span class=\"OYPEnA font-feature-liga-off font-feature-clig-off font-feature-calt-off text-decoration-none text-strikethrough-none\">Exposici\u00f3n en Sol<\/span><\/h3>\n\n\n\n<p><span class=\"OYPEnA font-feature-liga-off font-feature-clig-off font-feature-calt-off text-decoration-none text-strikethrough-none\"><strong>\u201cBolivariano\u201d<\/strong> re\u00fane 31 fotograf\u00edas en blanco y negro del artista \u00c1lvaro Ybarra Zavala sobre la Revoluci\u00f3n Bolivariana en Venezuela. Exposici\u00f3n gratuita.&nbsp;<\/span><\/p>\n\n\n\n<h3 class=\"wp-block-heading\"><span class=\"OYPEnA font-feature-liga-off font-feature-clig-off font-feature-calt-off text-decoration-none text-strikethrough-none\">Exposici\u00f3n en Callao<\/span><\/h3>\n\n\n\n<p><span class=\"OYPEnA font-feature-liga-off font-feature-clig-off font-feature-calt-off text-decoration-none text-strikethrough-none\">Iniciativa solidaria <strong>\u201cLa mirada del paciente\u201d de Cinfa<\/strong>, una exposici\u00f3n con 15 fotograf\u00edas que reflejan la realidad, sin edulcorar, de las personas que afrontan una enfermedad, y 15 textos escritos por famosos. Disponible gratis en <strong>plena Plaza de Callao<\/strong>. Toda la info <a href=\"https:\/\/www.cinfa.com\/noticia\/la-plaza-de-callao-en-madrid-primera-parada-de-la-exposicion-itinerante-la-mirada-del-paciente-de-cinfa\/\">aqu\u00ed.&nbsp;<\/a><\/span><\/p>\n\n\n\n<h3 class=\"wp-block-heading\"><span class=\"OYPEnA font-feature-liga-off font-feature-clig-off font-feature-calt-off text-decoration-none text-strikethrough-none\">Tomorrowland Immersive Experience<\/span><\/h3>\n\n\n\n<p><span class=\"OYPEnA font-feature-liga-off font-feature-clig-off font-feature-calt-off text-decoration-none text-strikethrough-none\">La experiencia inmersiva, para todas las edades, ofrece un viaje de 45 minutos a trav\u00e9s de la realidad virtual, explorando 20 a\u00f1os de historia del festival de electr\u00f3nica. Al finalizar, los visitantes pueden descubrir art\u00edculos y gadgets en la tienda. Disponible <strong>desde 19,95\u20ac<\/strong> en la <strong>Sala de Cristal, WiZink Center<\/strong>. M\u00e1s info <a href=\"https:\/\/www.wizinkcenter.es\/informacion?evento=tomorrowland-immersive-experience\">aqu\u00ed.<\/a><\/span><\/p>\n\n\n\n<h2 class=\"wp-block-heading\"><span class=\"OYPEnA font-feature-liga-off font-feature-clig-off font-feature-calt-off text-decoration-none text-strikethrough-none\">Ferias y Mercados&nbsp;<\/span><\/h2>\n\n\n<div class=\"wp-block-image\">\n<figure class=\"aligncenter\"><a href=\"https:\/\/www.vidademadrid.com\/es\/wp-content\/uploads\/2022\/10\/Mercado.jpeg\"><img loading=\"lazy\" decoding=\"async\" width=\"1200\" height=\"600\" src=\"https:\/\/www.vidademadrid.com\/es\/wp-content\/uploads\/2022\/10\/Mercado.jpeg\" alt=\"\" class=\"wp-image-45799\" srcset=\"https:\/\/www.vidademadrid.com\/es\/wp-content\/uploads\/2022\/10\/Mercado.jpeg 1200w, https:\/\/www.vidademadrid.com\/es\/wp-content\/uploads\/2022\/10\/Mercado-300x150.jpeg 300w, https:\/\/www.vidademadrid.com\/es\/wp-content\/uploads\/2022\/10\/Mercado-1024x512.jpeg 1024w, https:\/\/www.vidademadrid.com\/es\/wp-content\/uploads\/2022\/10\/Mercado-768x384.jpeg 768w, https:\/\/www.vidademadrid.com\/es\/wp-content\/uploads\/2022\/10\/Mercado-696x348.jpeg 696w, https:\/\/www.vidademadrid.com\/es\/wp-content\/uploads\/2022\/10\/Mercado-1068x534.jpeg 1068w, https:\/\/www.vidademadrid.com\/es\/wp-content\/uploads\/2022\/10\/Mercado-840x420.jpeg 840w\" sizes=\"auto, (max-width: 1200px) 100vw, 1200px\" \/><\/a><figcaption>Foto: Instagram @artesaniademadrid<\/figcaption><\/figure><\/div>\n\n\n<h3 class=\"wp-block-heading\"><span class=\"OYPEnA font-feature-liga-off font-feature-clig-off font-feature-calt-off text-decoration-none text-strikethrough-none\"> Feria de Patchwork<\/span><\/h3>\n\n\n\n<p><span class=\"OYPEnA font-feature-liga-off font-feature-clig-off font-feature-calt-off text-decoration-none text-strikethrough-none\">El encuentro para los amantes del arte textil que consiste en coser pedazos de telas de distintos colores y estampados para unirlas con un bordado acolchado. Habr\u00e1 muchos expositores y talleres express. Disponible gratis en el <strong>Pabell\u00f3n de Convenciones Casa de Campo<\/strong>. M\u00e1s info <a href=\"https:\/\/www.patchworkespana.es\/evento\/feria-de-patchwork-madrid-2024\/\">aqu\u00ed.&nbsp;<\/a><\/span><\/p>\n\n\n\n<h3 class=\"wp-block-heading\"><span class=\"OYPEnA font-feature-liga-off font-feature-clig-off font-feature-calt-off text-decoration-none text-strikethrough-none\">Feria de artesan\u00eda de Madrid<\/span><\/h3>\n\n\n\n<p><span class=\"OYPEnA font-feature-liga-off font-feature-clig-off font-feature-calt-off text-decoration-none text-strikethrough-none\">Regresa la sexta edici\u00f3n de oto\u00f1o del encuentro dedicado a los productos artesanales, con <strong>52 puestos de artesanos<\/strong> participantes. Descubre una amplia variedad de productos, desde accesorios hasta decoraciones para el hogar. Disponible gratis en el <strong>Paseo de Recoletos<\/strong>. M\u00e1s info <a href=\"https:\/\/amoa.es\/pages\/mercadodeotono2024\">aqu\u00ed.&nbsp;<\/a><\/span><\/p>\n\n\n\n<h3 class=\"wp-block-heading\"><span class=\"OYPEnA font-feature-liga-off font-feature-clig-off font-feature-calt-off text-decoration-none text-strikethrough-none\">Fiesta de Muertos en el mercado<\/span><\/h3>\n\n\n\n<p><span class=\"OYPEnA font-feature-liga-off font-feature-clig-off font-feature-calt-off text-decoration-none text-strikethrough-none\"><strong>El Mercado de Prosperidad<\/strong>, con una decoraci\u00f3n muy colorida, presenta un altar de muertos, un divertido photocall y propuesta <strong>tapa+bebida por 5 \u20ac<\/strong>. El s\u00e1bado podr\u00e1s disfrutar de los mariachis a las 14.15 h. Horario altar: V, S de 18 h a 23 h. Toda la info <a href=\"https:\/\/mercadodeprosperidad.com\/fiesta-de-los-muertos\/\">aqu\u00ed.&nbsp;<\/a><\/span><\/p>\n\n\n\n<h3 class=\"wp-block-heading\"><span class=\"OYPEnA font-feature-liga-off font-feature-clig-off font-feature-calt-off text-decoration-none text-strikethrough-none\">ADN F\u00f3rum 2024<\/span><\/h3>\n\n\n\n<p><span class=\"OYPEnA font-feature-liga-off font-feature-clig-off font-feature-calt-off text-decoration-none text-strikethrough-none\">Este evento multidisciplinario celebra el dise\u00f1o y el arte instalativo y contar\u00e1 con diversas instalaciones art\u00edsticas en la plaza. Destaca por su enfoque en la sostenibilidad y el uso de espacios urbanos innovadores. Disponible gratis en la <strong>Plaza de Col\u00f3n<\/strong>. M\u00e1s info <a href=\"https:\/\/adnforum.es\/plaza-colon\/\">aqu\u00ed.&nbsp;<\/a><\/span><\/p>\n\n\n\n<h3 class=\"wp-block-heading\"><span class=\"OYPEnA font-feature-liga-off font-feature-clig-off font-feature-calt-off text-decoration-none text-strikethrough-none\">El Juego del Calamar: The Experience<\/span><\/h3>\n\n\n\n<p><span class=\"OYPEnA font-feature-liga-off font-feature-clig-off font-feature-calt-off text-decoration-none text-strikethrough-none\">Actividad inmersiva que consiste en enfrentarse en cinco juegos de la famosa serie coreana, como el ic\u00f3nico \u201cLuz Roja, Luz Verde\u201d. <\/span><span class=\"OYPEnA font-feature-liga-off font-feature-clig-off font-feature-calt-off text-decoration-none text-strikethrough-none\">Pruebas de habilidad de baja exigencia f\u00edsica, para todo el mundo. Disponible <strong>desde 26,50 \u20ac en el Espacio Ibercaja Delicias<\/strong>. Toda la info y entradas <a href=\"https:\/\/eljuegodelcalamarexperience.com\/\">aqu\u00ed.&nbsp;<\/a><\/span><\/p>\n\n\n\n<h2 class=\"wp-block-heading\">Teatro<\/h2>\n\n\n\n<h3 class=\"wp-block-heading\"><span class=\"OYPEnA font-feature-liga-off font-feature-clig-off font-feature-calt-off text-decoration-none text-strikethrough-none\">Festival Internacional de Teatro de T\u00edteres<\/span><\/h3>\n\n\n\n<p><span class=\"OYPEnA font-feature-liga-off font-feature-clig-off font-feature-calt-off text-decoration-none text-strikethrough-none\">Acaba este finde la <strong>15\u00b0 edici\u00f3n del festival Titirimadro\u00f1o<\/strong> con espect\u00e1culos e instalaciones de varios artistas y compa\u00f1\u00edas en los centros culturales<\/span> <span class=\"OYPEnA font-feature-liga-off font-feature-clig-off font-feature-calt-off text-decoration-none text-strikethrough-none\">Lope de Vega y El Pozo y en el Parque Am\u00f3s Acero. Disponible en Puente de Vallecas, gratis. Toda la info <a href=\"https:\/\/titirimadrono.com\/el-festival\/\">aqu\u00ed.<\/a>&nbsp;<\/span><\/p>\n\n\n\n<h3 class=\"wp-block-heading\"><span class=\"OYPEnA font-feature-liga-off font-feature-clig-off font-feature-calt-off text-decoration-none text-strikethrough-none\">Comedia dram\u00e1tica gratuita de 21distritos<\/span><\/h3>\n\n\n\n<p><span class=\"OYPEnA font-feature-liga-off font-feature-clig-off font-feature-calt-off text-decoration-none text-strikethrough-none\">Alberto Velasco, uno de los performers del teatro-danza m\u00e1s polivalentes y transgresores, presenta \u201cSweet Dreams\u201d, una <\/span><span class=\"OYPEnA font-feature-liga-off font-feature-clig-off font-feature-calt-off text-decoration-none text-strikethrough-none\">obra cargada de poes\u00eda furiosa. Disponible en <strong>CC Nicol\u00e1s Salmer\u00f3n gartis<\/strong> (con reserva previa a trav\u00e9s de la <a href=\"https:\/\/21distritos.es\/evento\/sweet-dreams-de-alberto-velasco-2\/\">web<\/a>).&nbsp;<\/span><\/p>\n\n\n\n<h2 class=\"wp-block-heading\">M\u00fasica<\/h2>\n\n\n\n<h3 class=\"wp-block-heading\"><span class=\"OYPEnA font-feature-liga-off font-feature-clig-off font-feature-calt-off text-decoration-none text-strikethrough-none\">Madrid Urban Fest<\/span><\/h3>\n\n\n\n<p><span class=\"OYPEnA font-feature-liga-off font-feature-clig-off font-feature-calt-off text-decoration-none text-strikethrough-none\">La cuarta edici\u00f3n del festival contar\u00e1 con conciertos, sesiones de baile, DJs, una exposici\u00f3n y un documental sobre el rap y el flamenco. Toda la info <a href=\"https:\/\/www.comunidad.madrid\/cultura\/oferta-cultural-ocio\/madrid-urban-fest-2024\">aqu\u00ed.&nbsp;<\/a><\/span><\/p>\n\n\n\n<h3 class=\"wp-block-heading\"><span class=\"OYPEnA font-feature-liga-off font-feature-clig-off font-feature-calt-off text-decoration-none text-strikethrough-none\">FeminaJazz Festival<\/span><\/h3>\n\n\n\n<p><span class=\"OYPEnA font-feature-liga-off font-feature-clig-off font-feature-calt-off text-decoration-none text-strikethrough-none\">Segundo finde del festival que muestra el talento de las <strong>mujeres en el jazz<\/strong>. <\/span><\/p>\n\n\n\n<p><span class=\"OYPEnA font-feature-liga-off font-feature-clig-off font-feature-calt-off text-decoration-none text-strikethrough-none\">Disponible g<\/span><span class=\"OYPEnA font-feature-liga-off font-feature-clig-off font-feature-calt-off text-decoration-none text-strikethrough-none\">ratis<\/span><span class=\"OYPEnA font-feature-liga-off font-feature-clig-off font-feature-calt-off text-decoration-none text-strikethrough-none\">: <\/span><\/p>\n\n\n\n<ul class=\"wp-block-list\"><li><span class=\"OYPEnA font-feature-liga-off font-feature-clig-off font-feature-calt-off text-decoration-none text-strikethrough-none\">Raquel Vega Quartet. Viernes 19 h en CC L\u00e1zaro Carreter. <\/span><\/li><li><span class=\"OYPEnA font-feature-liga-off font-feature-clig-off font-feature-calt-off text-strikethrough-none text-decoration-underline\">Alana Sink\u00eby. <\/span><span class=\"OYPEnA font-feature-liga-off font-feature-clig-off font-feature-calt-off text-strikethrough-none text-decoration-none\">S\u00e1bado 19 h en CC Casa de Vacas. <\/span><\/li><\/ul>\n\n\n\n<p><span class=\"OYPEnA font-feature-liga-off font-feature-clig-off font-feature-calt-off text-strikethrough-none text-decoration-none\">De pago<\/span><span class=\"OYPEnA font-feature-liga-off font-feature-clig-off font-feature-calt-off text-strikethrough-none text-decoration-none\">: SongAh Chae Tr\u00edo, Sandra Carrasco, Afra Kane. Toda la info y entradas <a href=\"https:\/\/feminajazz.com\/\">aqu\u00ed.&nbsp;<\/a><\/span><\/p>\n\n\n\n<h3 class=\"wp-block-heading\"><span class=\"OYPEnA font-feature-liga-off font-feature-clig-off font-feature-calt-off text-decoration-none text-strikethrough-none\">Show de rock y flamenco<\/span><\/h3>\n\n\n\n<p><span class=\"OYPEnA font-feature-liga-off font-feature-clig-off font-feature-calt-off text-decoration-none text-strikethrough-none\">Estreno de temporada de OCO The Show, espect\u00e1culo de <strong>flamenco contempor\u00e1neo<\/strong> llevado al rock, con 23 m\u00fasicos sobre el escenario y bailaores. Toda la info <a href=\"https:\/\/ocotheshow.com\/?gad_source=1&amp;gclid=Cj0KCQjwveK4BhD4ARIsAKy6pMIfAXqc0xHmKYY-A493lAv9jWWYu4d8ommdPLOIxeYqsQyBSU8f0SoaAqBbEALw_wcB\">aqu\u00ed.&nbsp;<\/a><\/span><\/p>\n\n\n\n<h2 class=\"wp-block-heading\">Restaurantes para el finde<\/h2>\n\n\n\n<h3 class=\"wp-block-heading\">La Mordida<\/h3>\n\n\n\n<p><span class=\"OYPEnA font-feature-liga-off font-feature-clig-off font-feature-calt-off text-decoration-none text-strikethrough-none\">El restaurante mexicano estrena nuevos platos y bebidas, adem\u00e1s, tienen altares de muertos en todos sus locales. Revive nuestra experiencia en <a href=\"https:\/\/www.instagram.com\/stories\/highlights\/17910332633942413\/\">IG stories.&nbsp;<\/a><\/span><\/p>\n\n\n\n<h3 class=\"wp-block-heading\"><span class=\"OYPEnA font-feature-liga-off font-feature-clig-off font-feature-calt-off text-decoration-none text-strikethrough-none\">Cheese bar &#8211; Cerrucos de Kanama&nbsp;<\/span><\/h3>\n\n\n\n<p><span class=\"OYPEnA font-feature-liga-off font-feature-clig-off font-feature-calt-off text-decoration-none text-strikethrough-none\">Nuevo espacio en el <strong>Mercado de Guzm\u00e1n el Bueno<\/strong> para comprar queso, comer a la carta y asistir a catas y talleres. Estate atento que muy pronto subiremos reportaje de la experiencia en nuestro <a href=\"https:\/\/www.instagram.com\/vidademadrid\/\">IG.&nbsp;<\/a><\/span><\/p>\n\n\n\n<h3 class=\"wp-block-heading\"><span class=\"OYPEnA font-feature-liga-off font-feature-clig-off font-feature-calt-off text-decoration-none text-strikethrough-none\">Tapapi\u00e9s 2024<\/span><\/h3>\n\n\n\n<p><span class=\"OYPEnA font-feature-liga-off font-feature-clig-off font-feature-calt-off text-decoration-none text-strikethrough-none\">\u00daltimo finde del festival con <strong>tapa + botell\u00edn de cerveza por 3,50 \u20ac<\/strong> en m\u00e1s de 100 bares de Lavapi\u00e9s. Toda la <a href=\"https:\/\/enlavapies.com\/noticias\/tapapies-2024\/\">info.<\/a><\/span><\/p>\n\n\n\n<script async src=\"https:\/\/pagead2.googlesyndication.com\/pagead\/js\/adsbygoogle.js\"><\/script> <ins class=\"adsbygoogle\" style=\"display:block; text-align:center;\" data-ad-layout=\"in-article\" data-ad-format=\"fluid\" data-ad-client=\"ca-pub-7450064428034605\" data-ad-slot=\"5670045061\"><\/ins> <script>(adsbygoogle = window.adsbygoogle || []).push({});<\/script>\n\n\n\n\n<h2 class=\"wp-block-heading\">M\u00e1s planes<\/h2>\n\n\n\n<p>Como siempre, tenemos muchas m\u00e1s propuestas de planes en Vida de Madrid. Puedes consultar el listado completo de planes&nbsp;en nuestra&nbsp;<a href=\"https:\/\/www.vidademadrid.com\/es\/57736\/agenda-octubre-2024-madrid\/\">agenda del mes<\/a><a href=\"https:\/\/www.vidademadrid.com\/es\/52298\/agenda-septiembre-2023-madrid\/\">&nbsp;<\/a>y en el&nbsp;<a href=\"http:\/\/vidademadrid.com\/planes\">especial Planes<\/a>. No te pierdas los eventos del momento en nuestras redes: puedes seguir <a href=\"https:\/\/www.instagram.com\/VidaDeMadrid\/\">los reportajes diarios en IG Stories @vidademadrid<\/a>\u2026 y m\u00e1s contenido en <a href=\"https:\/\/www.tiktok.com\/@vida_demadrid\">TikTok<\/a>.<\/p>\n","protected":false},"excerpt":{"rendered":"<p>Pianos por la ciudad, puertas abiertas en el Tribunal Supremo y en la BNE y mucho m\u00e1s. <\/p>\n","protected":false},"author":13,"featured_media":57934,"comment_status":"open","ping_status":"open","sticky":false,"template":"","format":"standard","meta":{"footnotes":""},"categories":[194],"tags":[],"class_list":{"0":"post-57923","1":"post","2":"type-post","3":"status-publish","4":"format-standard","5":"has-post-thumbnail","7":"category-planes-del-fin-de-semana-madrid"},"_links":{"self":[{"href":"https:\/\/www.vidademadrid.com\/es\/wp-json\/wp\/v2\/posts\/57923","targetHints":{"allow":["GET"]}}],"collection":[{"href":"https:\/\/www.vidademadrid.com\/es\/wp-json\/wp\/v2\/posts"}],"about":[{"href":"https:\/\/www.vidademadrid.com\/es\/wp-json\/wp\/v2\/types\/post"}],"author":[{"embeddable":true,"href":"https:\/\/www.vidademadrid.com\/es\/wp-json\/wp\/v2\/users\/13"}],"replies":[{"embeddable":true,"href":"https:\/\/www.vidademadrid.com\/es\/wp-json\/wp\/v2\/comments?post=57923"}],"version-history":[{"count":5,"href":"https:\/\/www.vidademadrid.com\/es\/wp-json\/wp\/v2\/posts\/57923\/revisions"}],"predecessor-version":[{"id":57935,"href":"https:\/\/www.vidademadrid.com\/es\/wp-json\/wp\/v2\/posts\/57923\/revisions\/57935"}],"wp:featuredmedia":[{"embeddable":true,"href":"https:\/\/www.vidademadrid.com\/es\/wp-json\/wp\/v2\/media\/57934"}],"wp:attachment":[{"href":"https:\/\/www.vidademadrid.com\/es\/wp-json\/wp\/v2\/media?parent=57923"}],"wp:term":[{"taxonomy":"category","embeddable":true,"href":"https:\/\/www.vidademadrid.com\/es\/wp-json\/wp\/v2\/categories?post=57923"},{"taxonomy":"post_tag","embeddable":true,"href":"https:\/\/www.vidademadrid.com\/es\/wp-json\/wp\/v2\/tags?post=57923"}],"curies":[{"name":"wp","href":"https:\/\/api.w.org\/{rel}","templated":true}]}}