{"id":57870,"date":"2024-10-17T19:23:31","date_gmt":"2024-10-17T17:23:31","guid":{"rendered":"https:\/\/www.vidademadrid.com\/es\/?p=57870"},"modified":"2025-10-04T14:51:42","modified_gmt":"2025-10-04T12:51:42","slug":"planes-para-este-fin-de-semana-en-madrid-18-19-y-20-de-octubre-de-2024","status":"publish","type":"post","link":"https:\/\/www.vidademadrid.com\/es\/57870\/planes-para-este-fin-de-semana-en-madrid-18-19-y-20-de-octubre-de-2024\/","title":{"rendered":"Planes para este fin de semana en Madrid: 18, 19 y 20 de octubre de 2024"},"content":{"rendered":"\n<p>Como cada jueves, os traemos nuestro <strong>MEGA POST DE PLANES<\/strong> para este fin de semana <strong data-rich-text-format-boundary=\"true\">18, 19 y 20 de octubre<\/strong>. Una entrada muy especial para nosotros y con un gran trabajo por detr\u00e1s, para que, aunque sea casi imposible hacer todo, pod\u00e1is tener una amplia oferta de planes: actividades diferentes, exposiciones, musicales, teatro, fiestas&#8230; Esperamos que lo disfrutes tanto como nosotros y si descubres o haces algo que has le\u00eddo en este art\u00edculo o has visto en nuestras redes, no dudes en compartirlo con nosotros.<\/p>\n\n\n\n<h2 class=\"wp-block-heading\">Actividades destacadas<\/h2>\n\n\n\n<script async=\"\" src=\"https:\/\/pagead2.googlesyndication.com\/pagead\/js\/adsbygoogle.js\"><\/script> <ins class=\"adsbygoogle\" style=\"display:block\" data-ad-format=\"fluid\" data-ad-layout-key=\"-7f+eo+1+2-5\" data-ad-client=\"ca-pub-7450064428034605\" data-ad-slot=\"7327027071\"><\/ins><script>(adsbygoogle = window.adsbygoogle || []).push({});<\/script>\n\n\n<div class=\"wp-block-image\">\n<figure class=\"aligncenter\"><a href=\"https:\/\/www.vidademadrid.com\/es\/wp-content\/uploads\/2024\/10\/Beti-Jai-.jpg\"><img loading=\"lazy\" decoding=\"async\" width=\"1200\" height=\"600\" src=\"https:\/\/www.vidademadrid.com\/es\/wp-content\/uploads\/2024\/10\/Beti-Jai-.jpg\" alt=\"\" class=\"wp-image-57878\" srcset=\"https:\/\/www.vidademadrid.com\/es\/wp-content\/uploads\/2024\/10\/Beti-Jai-.jpg 1200w, https:\/\/www.vidademadrid.com\/es\/wp-content\/uploads\/2024\/10\/Beti-Jai--300x150.jpg 300w, https:\/\/www.vidademadrid.com\/es\/wp-content\/uploads\/2024\/10\/Beti-Jai--1024x512.jpg 1024w, https:\/\/www.vidademadrid.com\/es\/wp-content\/uploads\/2024\/10\/Beti-Jai--768x384.jpg 768w, https:\/\/www.vidademadrid.com\/es\/wp-content\/uploads\/2024\/10\/Beti-Jai--696x348.jpg 696w, https:\/\/www.vidademadrid.com\/es\/wp-content\/uploads\/2024\/10\/Beti-Jai--1068x534.jpg 1068w, https:\/\/www.vidademadrid.com\/es\/wp-content\/uploads\/2024\/10\/Beti-Jai--840x420.jpg 840w\" sizes=\"auto, (max-width: 1200px) 100vw, 1200px\" \/><\/a><figcaption>Foto: Ayuntamiento de Madrid<\/figcaption><\/figure><\/div>\n\n\n<h3 class=\"wp-block-heading\"><span class=\"OYPEnA font-feature-liga-off font-feature-clig-off font-feature-calt-off text-decoration-none text-strikethrough-none\">Visita la nueva exposici\u00f3n de Sorolla en la <\/span><span class=\"OYPEnA font-feature-liga-off font-feature-clig-off font-feature-calt-off text-decoration-none text-strikethrough-none\">Galer\u00eda de las Colecciones Reales<\/span><\/h3>\n\n\n\n<p><span class=\"OYPEnA font-feature-liga-off font-feature-clig-off font-feature-calt-off text-decoration-none text-strikethrough-none\"><strong>\u201cSorolla, cien a\u00f1os de modernidad\u201d<\/strong>. Una muestra que clausura el Centenario Sorolla. Presenta <strong>77 obras significativas de todas sus etapas<\/strong>, algunas pocas veces o nunca vistas en Espa\u00f1a. Esta exposici\u00f3n recupera \u201cBoulevard de Par\u00eds\u201d que se daba por desaparecida desde 1890. Entradas por 16 euros. Descubre nuestro reportaje completo en nuestro <a href=\"https:\/\/www.instagram.com\/p\/DBLgkHuNl7R\/\">reels de IG.<\/a> Toda la info y entradas <a href=\"https:\/\/www.galeriadelascoleccionesreales.es\/exposicion\/sorolla-cien-aos-de-modernidad\/0c93cf6d-f1e4-5109-ae9d-df41f239b1dc\">aqu\u00ed.&nbsp;<\/a><\/span><\/p>\n\n\n\n<h3 class=\"wp-block-heading\"><span class=\"OYPEnA font-feature-liga-off font-feature-clig-off font-feature-calt-off text-decoration-none text-strikethrough-none\">Rita\u2019s Brunch &#8211; especial Oktoberfest <\/span><span class=\"OYPEnA font-feature-liga-off font-feature-clig-off font-feature-calt-off text-decoration-none text-strikethrough-none\">con regalos<\/span><\/h3>\n\n\n\n<p><span class=\"OYPEnA font-feature-liga-off font-feature-clig-off font-feature-calt-off text-decoration-none text-strikethrough-none\">Este <strong>s\u00e1bado 19<\/strong> podr\u00e1s disfrutar de un plan diferente con amigos en la terraza del Autocine de Madrid: <strong>gastronom\u00eda t\u00edpica alemana, cerveza Paulaner, regalos de Heineken, m\u00fasica en directo, DJ\u2019s, c\u00f3cteles, zona vip y m\u00e1s<\/strong>. Entradas desde 9 euros. Toda la info y entradas <a href=\"https:\/\/ritas.es\/eventos\/ritas-brunch-19-octubre\/?occurrence=2024-10-19&amp;utm_source=blog&amp;utm_medium=paid_media&amp;utm_term=vidademadrid\">aqu\u00ed.\u00a0<\/a><\/span><\/p>\n\n\n\n<figure class=\"wp-block-gallery has-nested-images columns-default is-cropped wp-block-gallery-1 is-layout-flex wp-block-gallery-is-layout-flex\">\n<figure class=\"wp-block-image size-large td-caption-align-https:\/\/www.vidademadrid.com\/es\/wp-content\/uploads\/2024\/10\/WEBMARIA.jpg.webp\"><a href=\"https:\/\/ritas.es\/eventos\/ritas-brunch-19-octubre\/?occurrence=2024-10-19&amp;utm_source=blog&amp;utm_medium=paid_media&amp;utm_term=vidademadrid\"><img loading=\"lazy\" decoding=\"async\" width=\"576\" height=\"1024\" data-id=\"57890\" src=\"https:\/\/www.vidademadrid.com\/es\/wp-content\/uploads\/2024\/10\/WEBMARIA.jpg-576x1024.webp\" alt=\"\" class=\"wp-image-57890\" srcset=\"https:\/\/www.vidademadrid.com\/es\/wp-content\/uploads\/2024\/10\/WEBMARIA.jpg-576x1024.webp 576w, https:\/\/www.vidademadrid.com\/es\/wp-content\/uploads\/2024\/10\/WEBMARIA.jpg-169x300.webp 169w, https:\/\/www.vidademadrid.com\/es\/wp-content\/uploads\/2024\/10\/WEBMARIA.jpg-768x1365.webp 768w, https:\/\/www.vidademadrid.com\/es\/wp-content\/uploads\/2024\/10\/WEBMARIA.jpg-864x1536.webp 864w, https:\/\/www.vidademadrid.com\/es\/wp-content\/uploads\/2024\/10\/WEBMARIA.jpg-696x1237.webp 696w, https:\/\/www.vidademadrid.com\/es\/wp-content\/uploads\/2024\/10\/WEBMARIA.jpg-1068x1899.webp 1068w, https:\/\/www.vidademadrid.com\/es\/wp-content\/uploads\/2024\/10\/WEBMARIA.jpg-236x420.webp 236w, https:\/\/www.vidademadrid.com\/es\/wp-content\/uploads\/2024\/10\/WEBMARIA.jpg.webp 1080w\" sizes=\"auto, (max-width: 576px) 100vw, 576px\" \/><\/a><\/figure>\n<\/figure>\n\n\n\n<p><em>*Plan en colaboraci\u00f3n&nbsp;<\/em><\/p>\n\n\n\n<h3 class=\"wp-block-heading\"><span class=\"OYPEnA font-feature-liga-off font-feature-clig-off font-feature-calt-off text-decoration-none text-strikethrough-none\">No te pierdas el desfile del Ej\u00e9rcito Imperial <\/span><span class=\"OYPEnA font-feature-liga-off font-feature-clig-off font-feature-calt-off text-decoration-none text-strikethrough-none\">de Star Wars<\/span><\/h3>\n\n\n<div class=\"wp-block-image\">\n<figure class=\"aligncenter\"><a href=\"https:\/\/www.vidademadrid.com\/es\/wp-content\/uploads\/2024\/10\/StarWars.jpg\"><img loading=\"lazy\" decoding=\"async\" width=\"1200\" height=\"600\" src=\"https:\/\/www.vidademadrid.com\/es\/wp-content\/uploads\/2024\/10\/StarWars.jpg\" alt=\"\" class=\"wp-image-57845\" srcset=\"https:\/\/www.vidademadrid.com\/es\/wp-content\/uploads\/2024\/10\/StarWars.jpg 1200w, https:\/\/www.vidademadrid.com\/es\/wp-content\/uploads\/2024\/10\/StarWars-300x150.jpg 300w, https:\/\/www.vidademadrid.com\/es\/wp-content\/uploads\/2024\/10\/StarWars-1024x512.jpg 1024w, https:\/\/www.vidademadrid.com\/es\/wp-content\/uploads\/2024\/10\/StarWars-768x384.jpg 768w, https:\/\/www.vidademadrid.com\/es\/wp-content\/uploads\/2024\/10\/StarWars-696x348.jpg 696w, https:\/\/www.vidademadrid.com\/es\/wp-content\/uploads\/2024\/10\/StarWars-1068x534.jpg 1068w, https:\/\/www.vidademadrid.com\/es\/wp-content\/uploads\/2024\/10\/StarWars-840x420.jpg 840w\" sizes=\"auto, (max-width: 1200px) 100vw, 1200px\" \/><\/a><figcaption>Foto: Ayuntamiento de Madrid<\/figcaption><\/figure><\/div>\n\n\n<p><span class=\"OYPEnA font-feature-liga-off font-feature-clig-off font-feature-calt-off text-decoration-none text-strikethrough-none\">Este s\u00e1bado <strong>500 personas de la \u201c501st Legion\u201d<\/strong>, vestidas como miembros del Ej\u00e9rcito Imperial y otros personajes de la saga Star Wars, desfilar\u00e1n por las calles del centro con el objetivo de recaudar fondos en favor de la Asociaci\u00f3n Espa\u00f1ola Contra el C\u00e1ncer.<\/span><\/p>\n\n\n\n<p><span class=\"OYPEnA font-feature-liga-off font-feature-clig-off font-feature-calt-off text-decoration-none text-strikethrough-none\">Recorrido:<\/span><span class=\"OYPEnA font-feature-liga-off font-feature-clig-off font-feature-calt-off text-decoration-none text-strikethrough-none\"> plazuela Lina Morgan (La Cebada), calle Toledo, plaza Segovia Nueva, plaza de la Villa, calle Mayor, calle Bail\u00e9n, Palacio Real, calle Arenal, Puerta del Sol y vuelta al punto de partida. Toda la info <a href=\"https:\/\/diario.madrid.es\/blog\/notas-de-prensa\/el-ejercito-imperial-de-star-wars-desfilara-por-las-calles-del-centro-de-madrid-para-luchar-contra-el-cancer\/\">aqu\u00ed.&nbsp;<\/a><\/span><\/p>\n\n\n\n<h3 class=\"wp-block-heading\"><span class=\"OYPEnA font-feature-liga-off font-feature-clig-off font-feature-calt-off text-decoration-none text-strikethrough-none\">Descubre las visitas gratuitas \u00abMadrid Otra Mirada\u00bb<\/span><\/h3>\n\n\n\n<p><span class=\"OYPEnA font-feature-liga-off font-feature-clig-off font-feature-calt-off text-decoration-none text-strikethrough-none\">Adem\u00e1s de las actividades ya agotadas, habr\u00e1 <strong>16 edificios que abren para visitas sin cita previa<\/strong> como Casa do Brasil, Museo ABC, Museo del Aire y del Espacio, Faro de Moncloa y la Catedral de Santa Mar\u00eda Magdalena. Toda la info <a href=\"https:\/\/www.esmadrid.com\/agenda\/madrid-otra-mirada-mom\">aqu\u00ed.&nbsp;<\/a><\/span><\/p>\n\n\n\n<h2 class=\"wp-block-heading\">Exposiciones<\/h2>\n\n\n<div class=\"wp-block-image\">\n<figure class=\"aligncenter\"><a href=\"https:\/\/www.vidademadrid.com\/es\/wp-content\/uploads\/2024\/10\/Esquivel-Mistico.jpg\"><img loading=\"lazy\" decoding=\"async\" width=\"1200\" height=\"600\" src=\"https:\/\/www.vidademadrid.com\/es\/wp-content\/uploads\/2024\/10\/Esquivel-Mistico.jpg\" alt=\"\" class=\"wp-image-57830\" srcset=\"https:\/\/www.vidademadrid.com\/es\/wp-content\/uploads\/2024\/10\/Esquivel-Mistico.jpg 1200w, https:\/\/www.vidademadrid.com\/es\/wp-content\/uploads\/2024\/10\/Esquivel-Mistico-300x150.jpg 300w, https:\/\/www.vidademadrid.com\/es\/wp-content\/uploads\/2024\/10\/Esquivel-Mistico-1024x512.jpg 1024w, https:\/\/www.vidademadrid.com\/es\/wp-content\/uploads\/2024\/10\/Esquivel-Mistico-768x384.jpg 768w, https:\/\/www.vidademadrid.com\/es\/wp-content\/uploads\/2024\/10\/Esquivel-Mistico-696x348.jpg 696w, https:\/\/www.vidademadrid.com\/es\/wp-content\/uploads\/2024\/10\/Esquivel-Mistico-1068x534.jpg 1068w, https:\/\/www.vidademadrid.com\/es\/wp-content\/uploads\/2024\/10\/Esquivel-Mistico-840x420.jpg 840w\" sizes=\"auto, (max-width: 1200px) 100vw, 1200px\" \/><\/a><figcaption>Foto: Museo del Romanticismo<\/figcaption><\/figure><\/div>\n\n\n<h3 class=\"wp-block-heading\"><span class=\"OYPEnA font-feature-liga-off font-feature-clig-off font-feature-calt-off text-decoration-none text-strikethrough-none\">Exposici\u00f3n \u201cEl taller de Rubens\u201d en el Museo del Prado<\/span><\/h3>\n\n\n\n<p><span class=\"OYPEnA font-feature-liga-off font-feature-clig-off font-feature-calt-off text-decoration-none text-strikethrough-none\">La exposici\u00f3n muestra m\u00e1s de <strong>30 obras de Rubens y su taller<\/strong>, destacando la colaboraci\u00f3n entre el maestro y sus ayudantes. Adem\u00e1s, recrea su espacio de trabajo y explica su proceso creativo. Entradas por 15 euros. M\u00e1s info y entradas <a href=\"https:\/\/www.museodelprado.es\/actualidad\/exposicion\/el-taller-de-rubens\/e7392ff3-e7e8-a35d-ba4b-e3d803c88b92\">aqu\u00ed.<\/a>&nbsp;<\/span><\/p>\n\n\n\n<h3 class=\"wp-block-heading\"><span class=\"OYPEnA font-feature-liga-off font-feature-clig-off font-feature-calt-off text-decoration-none text-strikethrough-none\">\u201cJaume Plensa. Materia interior\u201d<\/span><\/h3>\n\n\n\n<p><span class=\"OYPEnA font-feature-liga-off font-feature-clig-off font-feature-calt-off text-decoration-none text-strikethrough-none\">La muestra re\u00fane <strong>15 esculturas del artista<\/strong>, abarcando m\u00e1s de 30 a\u00f1os de trayectoria. Desde obras abstractas hasta figuras m\u00e1s figurativas, explora la reflexi\u00f3n sobre la condici\u00f3n humana. Disponible en el <strong>Espacio Fundaci\u00f3n Telef\u00f3nica de Gran V\u00eda<\/strong> completamente gratis. M\u00e1s info <a href=\"https:\/\/espacio.fundaciontelefonica.com\/evento\/jaume-plensa-materia-interior\/\">aqu\u00ed.&nbsp;<\/a><\/span><\/p>\n\n\n\n<h3 class=\"wp-block-heading\"><span class=\"OYPEnA font-feature-liga-off font-feature-clig-off font-feature-calt-off text-decoration-none text-strikethrough-none\">Exposici\u00f3n de Peter Halley en el Museo Thyssen-Bornemisza<\/span><\/h3>\n\n\n\n<p><span class=\"OYPEnA font-feature-liga-off font-feature-clig-off font-feature-calt-off text-decoration-none text-strikethrough-none\">Esta retrospectiva del artista presenta <strong>20 pinturas<\/strong> que abarcan su obra desde 1985 hasta 2024. La muestra destaca su cr\u00edtica de la geometr\u00eda como control social y su visi\u00f3n de la era digital. Entradas por 13 euros. M\u00e1s info y entradas <a href=\"https:\/\/www.museothyssen.org\/exposiciones\/peter-halley-espana\">aqu\u00ed.&nbsp;<\/a><\/span><\/p>\n\n\n\n<h3 class=\"wp-block-heading\"><span class=\"OYPEnA font-feature-liga-off font-feature-clig-off font-feature-calt-off text-decoration-none text-strikethrough-none\">Exposici\u00f3n \u201cEsquivel M\u00edstico\u201d en el Museo del Romanticismo&nbsp;<\/span><\/h3>\n\n\n\n<p><span class=\"OYPEnA font-feature-liga-off font-feature-clig-off font-feature-calt-off text-decoration-none text-strikethrough-none\">La muestra tiene como objetivo destacar la obra religiosa del artista y su innovaci\u00f3n en la pintura sacra, adem\u00e1s de su evoluci\u00f3n art\u00edstica tras superar una crisis personal y ceguera temporal. Entrada por 3 euros. Toda la info <a href=\"https:\/\/www.cultura.gob.es\/mromanticismo\/actividades\/exposiciones\/actuales.html\">aqu\u00ed.&nbsp;<\/a><\/span><\/p>\n\n\n\n<h3 class=\"wp-block-heading\"><span class=\"OYPEnA font-feature-liga-off font-feature-clig-off font-feature-calt-off text-decoration-none text-strikethrough-none\">Exposici\u00f3n \u201cCaprile Lorenzo\u201d<\/span><\/h3>\n\n\n\n<p><span class=\"OYPEnA font-feature-liga-off font-feature-clig-off font-feature-calt-off text-decoration-none text-strikethrough-none\">La muestra cuenta con m\u00e1s de <strong>100 piezas de Caprile<\/strong>, junto a obras de maestros de la pintura, destacando sus influencias para explorar su proceso creativo y la conexi\u00f3n entre moda y arte. Disponible en la <strong>Sala Canal de Isabel II<\/strong> de forma gratuita (previa reserva por la web). Toda la info <a href=\"https:\/\/www.comunidad.madrid\/actividades\/2024\/exposicion-caprile-lorenzo\">aqu\u00ed.&nbsp;<\/a><\/span><\/p>\n\n\n\n<h3 class=\"wp-block-heading\"><span class=\"OYPEnA font-feature-liga-off font-feature-clig-off font-feature-calt-off text-decoration-none text-strikethrough-none\">Exposici\u00f3n de Saul Steinberg<\/span><\/h3>\n\n\n\n<p><span class=\"OYPEnA font-feature-liga-off font-feature-clig-off font-feature-calt-off text-decoration-none text-strikethrough-none\">La primera <strong>retrospectiva de Saul Steinberg<\/strong> en Espa\u00f1a que muestra su trabajo como artista del posguerra. Con cerca de 400 piezas, destaca su influencia y su versatilidad en pintura, collage y m\u00e1s. Disponible en la <strong>Fundaci\u00f3n Juan March<\/strong> con entrada gratuita. Toda la info<a href=\"https:\/\/www.march.es\/es\/madrid\/exposiciones\/saul-steinberg-artista\"> aqu\u00ed.&nbsp;<\/a><\/span><\/p>\n\n\n\n<h3 class=\"wp-block-heading\"><span class=\"OYPEnA font-feature-liga-off font-feature-clig-off font-feature-calt-off text-decoration-none text-strikethrough-none\">Nueva exposici\u00f3n en la Real F\u00e1brica de Tapices<\/span><\/h3>\n\n\n\n<p><span class=\"OYPEnA font-feature-liga-off font-feature-clig-off font-feature-calt-off text-decoration-none text-strikethrough-none\"><strong>\u00abRe-Encuentros para tejer la vida y los afectos\u00bb<\/strong> re\u00fane m\u00e1s de una veintena de obras textiles contempor\u00e1neas dise\u00f1adas por once artistas colombianas, celebrando el textil como soporte de narrativas. Disponible en <strong>Real F\u00e1brica de Tapices<\/strong> por solo 6 euros (con cita previa). Toda la info <a href=\"https:\/\/www.realfabricadetapices.com\/reencuentros-para-tejer-la-vida-y-los-afectos\/\">aqu\u00ed.&nbsp;<\/a><\/span><\/p>\n\n\n\n<h3 class=\"wp-block-heading\"><span class=\"OYPEnA font-feature-liga-off font-feature-clig-off font-feature-calt-off text-decoration-none text-strikethrough-none\">\u201cArtemisa: la magia de la Luna\u201d<\/span><\/h3>\n\n\n\n<p><span class=\"OYPEnA font-feature-liga-off font-feature-clig-off font-feature-calt-off text-decoration-none text-strikethrough-none\">Nueva exposici\u00f3n con obras pl\u00e1sticas, esculturas, pinturas, dibujos<\/span> <span class=\"OYPEnA font-feature-liga-off font-feature-clig-off font-feature-calt-off text-decoration-none text-strikethrough-none\">y montajes audiovisuales<\/span> <span class=\"OYPEnA font-feature-liga-off font-feature-clig-off font-feature-calt-off text-decoration-none text-strikethrough-none\">sobre la belleza y el misterio de nuestro sat\u00e9lite. Disponible en el <strong>Planetario de Madrid<\/strong> de forma gratuita. Toda la info <a href=\"https:\/\/planetmad.es\/events\/event\/14284\/\">aqu\u00ed.&nbsp;<\/a><\/span><\/p>\n\n\n\n<h2 class=\"wp-block-heading\">Ferias y mercados<\/h2>\n\n\n\n<h3 class=\"wp-block-heading\"><span class=\"OYPEnA font-feature-liga-off font-feature-clig-off font-feature-calt-off text-decoration-none text-strikethrough-none\">Mercado solidario \u201cRosa Market\u201d<\/span><\/h3>\n\n\n\n<p><span class=\"OYPEnA font-feature-liga-off font-feature-clig-off font-feature-calt-off text-decoration-none text-strikethrough-none\">12 marcas de decoraci\u00f3n, arte, joyer\u00eda, moda, cosm\u00e9tica y gastronom\u00eda participan en el mercado de Sol\u00e1n de Cabras y la Asociaci\u00f3n Espa\u00f1ola Contra el C\u00e1ncer para recaudar fondos para el apoyo psicol\u00f3gico a pacientes de c\u00e1ncer y a sus familias. Disponible en el <strong>Espacio 23. Calle Gral. Or\u00e1a, 23.&nbsp;<\/strong><\/span><\/p>\n\n\n\n<h3 class=\"wp-block-heading\"><span class=\"OYPEnA font-feature-liga-off font-feature-clig-off font-feature-calt-off text-decoration-none text-strikethrough-none\">Feria de destilados mexicanos<\/span><\/h3>\n\n\n\n<p><span class=\"OYPEnA font-feature-liga-off font-feature-clig-off font-feature-calt-off text-decoration-none text-strikethrough-none\">Este s\u00e1bado se celebra la <strong>Feria Pi\u00f1a Agavera<\/strong>, la \u00fanica enfocada a destilados mexicanos, con m\u00e1s de 250 marcas de tequila, mezcal, raicilla y otros licores. Adem\u00e1s contar\u00e1 con mariachis, m\u00fasica en directo, danza, c\u00f3cteles y tacos. Disponible en <strong>MEEU Chamartin Demo 1 y 2<\/strong> por 15 euros. Toda la info y entradas<a href=\"https:\/\/www.pinaagavera.com\/?gad_source=1&amp;gclid=CjwKCAjw68K4BhAuEiwAylp3kjk2XDJJynJDhzALydtmpbcvqCbS8baM0IzUza5pnzf4j0mWmyAb_hoCweAQAvD_BwE\"> aqu\u00ed.&nbsp;<\/a><\/span><\/p>\n\n\n\n<h3 class=\"wp-block-heading\"><span class=\"OYPEnA font-feature-liga-off font-feature-clig-off font-feature-calt-off text-decoration-none text-strikethrough-none\">Mercado de las Ranas<\/span><\/h3>\n\n\n\n<p><span class=\"OYPEnA font-feature-liga-off font-feature-clig-off font-feature-calt-off text-decoration-none text-strikethrough-none\">Nueva edici\u00f3n del <strong>street market del barrio de Las Letras<\/strong>: las tiendas salen a la calle con puestos de joyer\u00eda, moda, complementos, ilustraci\u00f3n, cosm\u00e9tica natural, gastronom\u00eda y m\u00e1s. Como siempre, este market se encuentra a lo largo de la <strong>calle Huertas<\/strong>. M\u00e1s info <a href=\"https:\/\/barrioletras.com\/mercado-de-las-ranas\/\">aqu\u00ed.&nbsp;<\/a><\/span><\/p>\n\n\n\n<h2 class=\"wp-block-heading\">Teatro<\/h2>\n\n\n\n<h3 class=\"wp-block-heading\"><span class=\"OYPEnA font-feature-liga-off font-feature-clig-off font-feature-calt-off text-decoration-none text-strikethrough-none\">Jamming Sessions<\/span><\/h3>\n\n\n\n<p><span class=\"OYPEnA font-feature-liga-off font-feature-clig-off font-feature-calt-off text-decoration-none text-strikethrough-none\">La <strong>compa\u00f1\u00eda Jamming<\/strong> ofrece un espect\u00e1culo fresco y <\/span><span class=\"OYPEnA font-feature-liga-off font-feature-clig-off font-feature-calt-off text-decoration-none text-strikethrough-none\">divertido con improvisaciones, m\u00fasica en directo y <\/span><span class=\"OYPEnA font-feature-liga-off font-feature-clig-off font-feature-calt-off text-decoration-none text-strikethrough-none\">la oportunidad de que el p\u00fablico participe. Sesiones disponibles en el Teatro Maravillas por 20 euros. Adem\u00e1s podr\u00e1s revivir algunos momentos a trav\u00e9s de nuestro reportaje completo y entrevista nuestras <a href=\"https:\/\/www.instagram.com\/stories\/highlights\/18019814615288797\/\">stories destacadas<\/a>. Toda la info<a href=\"https:\/\/www.teatromaravillas.com\/espectaculos\/jamming-sessions\"> aqu\u00ed.&nbsp;<\/a><\/span><\/p>\n\n\n\n<h3 class=\"wp-block-heading\"><span class=\"OYPEnA font-feature-liga-off font-feature-clig-off font-feature-calt-off text-decoration-none text-strikethrough-none\">Regreso de El Mago Pop<\/span><\/h3>\n\n\n\n<p><span class=\"OYPEnA font-feature-liga-off font-feature-clig-off font-feature-calt-off text-decoration-none text-strikethrough-none\"><strong>\u201cNada es imposible &#8211; Broadway Edition\u201d<\/strong> ofrece un sorprendente espect\u00e1culo que combina ritmo y emoci\u00f3n, desafiando al p\u00fablico a experimentar lo extraordinario. Disponible en <strong>Nuevo Teatro Alcal\u00e1<\/strong>. Entradas desde 73 euros. Toda la info <a href=\"https:\/\/www.elmagopop.com\/es\/programacion\/c\/53-madrid.html?gad_source=1&amp;gclid=CjwKCAjw68K4BhAuEiwAylp3kv9AilwI1rgjoaV3bGxRyM1IBjviz_xKSHQDO5QjZHu9U3UbUDyHKxoCt4cQAvD_BwE\">aqu\u00ed.&nbsp;<\/a><\/span><\/p>\n\n\n\n<h3 class=\"wp-block-heading\"><span class=\"OYPEnA font-feature-liga-off font-feature-clig-off font-feature-calt-off text-decoration-none text-strikethrough-none\">Espect\u00e1culo de circo de vanguardia<\/span><\/h3>\n\n\n\n<p><span class=\"OYPEnA font-feature-liga-off font-feature-clig-off font-feature-calt-off text-decoration-none text-strikethrough-none\">La Compa\u00f1\u00eda de Circo Nueveuno presenta <strong>\u201cTodo lo Posible\u201d<\/strong>, un espect\u00e1culo que explora el \u00e9xito y la b\u00fasqueda de aprobaci\u00f3n a trav\u00e9s de malabares, magia y m\u00fasica en directo, invitando a reflexionar sobre el significado del \u00e9xito. Disponible en el <strong>Teatro Circo Price<\/strong>. Entradas desde 14 euros. Toda la info<a href=\"https:\/\/www.teatrocircoprice.es\/programacion\/compania-de-circo-nueveuno?utm_source=SEARCH&amp;utm_medium=GOOGLE&amp;utm_campaign=KEYWORDS_NUEVEUNO&amp;utm_id=NUEVEUNO&amp;gad_source=1&amp;gclid=CjwKCAjw68K4BhAuEiwAylp3kme8WdRGZd04V1Vi__kWhleCTezA2vn9C1a5dBYYgkjYLrmtUKV82hoCUSkQAvD_BwE\"> aqu\u00ed.&nbsp;<\/a><\/span><\/p>\n\n\n\n<h3 class=\"wp-block-heading\"><span class=\"OYPEnA font-feature-liga-off font-feature-clig-off font-feature-calt-off text-decoration-none text-strikethrough-none\">Centenario de la obra \u201cLuces de Bohemia\u201d<\/span><\/h3>\n\n\n\n<p><span class=\"OYPEnA font-feature-liga-off font-feature-clig-off font-feature-calt-off text-decoration-none text-strikethrough-none\">Dirigida por Eduardo Vasco y con un elenco de 25 actores, esta reconocida obra narra el periplo nocturno del poeta ciego Max Estrella en una Madrid de 1924, destacando su cr\u00edtica social y su mezcla de tragedia y comicidad. Disponible en el <strong>Teatro Espa\u00f1ol<\/strong>. Entradas desde 6 euros. Toda la info<a href=\"https:\/\/www.teatroespanol.es\/espectaculo\/luces-de-bohemia\"> aqu\u00ed.&nbsp;<\/a><\/span><\/p>\n\n\n\n<h3 class=\"wp-block-heading\"><span class=\"OYPEnA font-feature-liga-off font-feature-clig-off font-feature-calt-off text-decoration-none text-strikethrough-none\">Suma Flamenca 2024<\/span><\/h3>\n\n\n\n<p><span class=\"OYPEnA font-feature-liga-off font-feature-clig-off font-feature-calt-off text-decoration-none text-strikethrough-none\">La <strong>19\u00aa edici\u00f3n del festival de flamenco<\/strong> ofrece varios espect\u00e1culos para disfrutar este finde, como Biznagas de M\u00e1laga, Alb\u00e9riniz Flamenco, Canela en rama, Artesonao y Mujeres 2.0, entre otros. Descubre toda la informaci\u00f3n y ubicaciones <a href=\"https:\/\/www.madrid.org\/sumaflamenca\/2024\/programacion.html\">aqu\u00ed.&nbsp;<\/a><\/span><\/p>\n\n\n\n<h2 class=\"wp-block-heading\">M\u00fasica<\/h2>\n\n\n\n<h3 class=\"wp-block-heading\"><span class=\"OYPEnA font-feature-liga-off font-feature-clig-off font-feature-calt-off text-decoration-none text-strikethrough-none\">Festival She Makes Noise<\/span><\/h3>\n\n\n\n<p><span class=\"OYPEnA font-feature-liga-off font-feature-clig-off font-feature-calt-off text-decoration-none text-strikethrough-none\">El festival celebra su d\u00e9cima edici\u00f3n enfoc\u00e1ndose en las voces de mujeres y personas no binarias en la m\u00fasica electr\u00f3nica. Contar\u00e1 con artistas internacionales como G<strong>azelle Twin y 33EMYBW<\/strong>. Disponible en <strong>La Casa Encendida<\/strong>. Entradas desde 10 euros. Toda la info <a href=\"https:\/\/www.lacasaencendida.es\/en\/festival\/she-makes-noise-2024\">aqu\u00ed.&nbsp;<\/a><\/span><\/p>\n\n\n\n<h3 class=\"wp-block-heading\"><span class=\"OYPEnA font-feature-liga-off font-feature-clig-off font-feature-calt-off text-decoration-none text-strikethrough-none\">JazzMadrid 2024<\/span><\/h3>\n\n\n\n<p><span class=\"OYPEnA font-feature-liga-off font-feature-clig-off font-feature-calt-off text-decoration-none text-strikethrough-none\">Este viernes podr\u00e1s disfrutar del concierto de Lizz Wright, vocalista y compositora que este a\u00f1o ha lanzado su \u00faltimo \u00e1lbum, Shadow. Adem\u00e1s, el s\u00e1bado se exhibir\u00e1n Gast\u00f3n Joya y Diego Garc\u00eda. Disponible en <strong>Sala Villanos<\/strong>. Entradas desde 29 euros. Toda la info <a href=\"https:\/\/festivaldejazzmadrid.com\/\">aqu\u00ed.&nbsp;<\/a><\/span><\/p>\n\n\n\n<h3 class=\"wp-block-heading\"><span class=\"OYPEnA font-feature-liga-off font-feature-clig-off font-feature-calt-off text-decoration-none text-strikethrough-none\">Jackies Madrid Festival House Music 2024<\/span><\/h3>\n\n\n\n<p><span class=\"OYPEnA font-feature-liga-off font-feature-clig-off font-feature-calt-off text-decoration-none text-strikethrough-none\">Este s\u00e9ptimo aniversario del <strong>festival musical de electr\u00f3nica<\/strong> contar\u00e1 con artistas internacionales como Honey Dijon, Chloe Caillet, Eliza Rose y Piem. Disponible en IFEMA Madrid. Entradas desde 35 euros. Toda la info y entradas<a href=\"https:\/\/www.ifema.es\/jackies-madrid-festival-house-music\"> aqu\u00ed.&nbsp;<\/a><\/span><\/p>\n\n\n\n<h2 class=\"wp-block-heading\">\u00daltima oportunidad para disfrutar de&#8230;<\/h2>\n\n\n<div class=\"wp-block-image\">\n<figure class=\"aligncenter\"><a href=\"https:\/\/www.vidademadrid.com\/es\/wp-content\/uploads\/2022\/06\/IMG_3137.jpg\"><img loading=\"lazy\" decoding=\"async\" width=\"1200\" height=\"600\" src=\"https:\/\/www.vidademadrid.com\/es\/wp-content\/uploads\/2022\/06\/IMG_3137.jpg\" alt=\"\" class=\"wp-image-42789\" srcset=\"https:\/\/www.vidademadrid.com\/es\/wp-content\/uploads\/2022\/06\/IMG_3137.jpg 1200w, https:\/\/www.vidademadrid.com\/es\/wp-content\/uploads\/2022\/06\/IMG_3137-300x150.jpg 300w, https:\/\/www.vidademadrid.com\/es\/wp-content\/uploads\/2022\/06\/IMG_3137-1024x512.jpg 1024w, https:\/\/www.vidademadrid.com\/es\/wp-content\/uploads\/2022\/06\/IMG_3137-768x384.jpg 768w, https:\/\/www.vidademadrid.com\/es\/wp-content\/uploads\/2022\/06\/IMG_3137-696x348.jpg 696w, https:\/\/www.vidademadrid.com\/es\/wp-content\/uploads\/2022\/06\/IMG_3137-1068x534.jpg 1068w, https:\/\/www.vidademadrid.com\/es\/wp-content\/uploads\/2022\/06\/IMG_3137-840x420.jpg 840w\" sizes=\"auto, (max-width: 1200px) 100vw, 1200px\" \/><\/a><figcaption>Palacio Real. Foto: Aitana Naranjo | Vida de Madrid<\/figcaption><\/figure><\/div>\n\n\n<h3 class=\"wp-block-heading\"><span class=\"OYPEnA font-feature-liga-off font-feature-clig-off font-feature-calt-off text-decoration-none text-strikethrough-none\">\u201cFelipe VI 2014-2024\u201d en el Palacio Real&nbsp;<\/span><\/h3>\n\n\n\n<p><span class=\"OYPEnA font-feature-liga-off font-feature-clig-off font-feature-calt-off text-decoration-none text-strikethrough-none\">Termina este domingo la exposici\u00f3n temporal en el <strong>Palacio Real<\/strong> que presenta y celebra la figura y labor institucional de los reyes a lo largo del primer decenio de su reinado. Entradas por 24 euros. Toda la info <a href=\"https:\/\/www.patrimonionacional.es\/actualidad\/exposiciones\/felipe-vi-2014-2024-una-decada-de-la-historia-de-la-corona-de-espana\">aqu\u00ed.&nbsp;<\/a><\/span><\/p>\n\n\n\n<h3 class=\"wp-block-heading\"><span class=\"OYPEnA font-feature-liga-off font-feature-clig-off font-feature-calt-off text-decoration-none text-strikethrough-none\">Ciclo de cine de Pedro Almod\u00f3var<\/span><\/h3>\n\n\n\n<p><span class=\"OYPEnA font-feature-liga-off font-feature-clig-off font-feature-calt-off text-decoration-none text-strikethrough-none\">\u00daltima proyecci\u00f3n del ciclo en el marco de la exposici\u00f3n <strong>\u00abMadrid, chica Almod\u00f3var\u201d<\/strong>: este s\u00e1bado se podr\u00e1 ver gratuitamente \u201cDolor y gloria\u201d (2019), con Antonio Banderas, Asier Etxeandia y Pen\u00e9lope Cruz. Disponible en el Sal\u00f3n de actos de <strong>Condeduque<\/strong> de forma gratuita. Toda la info <a href=\"https:\/\/www.condeduquemadrid.es\/actividades\/ciclo-de-cine-de-pedro-almodovar\">aqu\u00ed.&nbsp;<\/a><\/span><\/p>\n\n\n\n<h3 class=\"wp-block-heading\"><span class=\"OYPEnA font-feature-liga-off font-feature-clig-off font-feature-calt-off text-decoration-none text-strikethrough-none\">\u00daltimas funciones de&#8230;<\/span><\/h3>\n\n\n\n<p><span class=\"OYPEnA font-feature-liga-off font-feature-clig-off font-feature-calt-off text-decoration-none text-strikethrough-none\">Terminan este fin de semana: <\/span><\/p>\n\n\n\n<ul class=\"wp-block-list\"><li><span class=\"OYPEnA font-feature-liga-off font-feature-clig-off font-feature-calt-off text-decoration-none text-strikethrough-none\"><a href=\"https:\/\/www.teatroespanol.es\/carmen-nada-de-nadie\">\u201cCarmen, nada de nadie\u201d<\/a>, sobre la vida de Carmen D\u00edez de Rivera, en el <strong>Teatro Espa\u00f1ol.<\/strong><\/span><\/li><li><span class=\"OYPEnA font-feature-liga-off font-feature-clig-off font-feature-calt-off text-decoration-none text-strikethrough-none\"><a href=\"https:\/\/teatrodelazarzuela.mcu.es\/es\/temporada\/lirica-2024-2025\/marina-24-25\"> \u201cMarina\u201d<\/a>, \u00f3pera en 3 actos en el <strong>Teatro de La Zarzuela.<\/strong><\/span><\/li><\/ul>\n\n\n\n<h2 class=\"wp-block-heading\">Restaurantes para este finde<\/h2>\n\n\n\n<script async=\"\" src=\"https:\/\/pagead2.googlesyndication.com\/pagead\/js\/adsbygoogle.js\"><\/script> <ins class=\"adsbygoogle\" style=\"display:block; text-align:center;\" data-ad-layout=\"in-article\" data-ad-format=\"fluid\" data-ad-client=\"ca-pub-7450064428034605\" data-ad-slot=\"5670045061\"><\/ins> <script>(adsbygoogle = window.adsbygoogle || []).push({});<\/script>\n\n\n\n<h3 class=\"wp-block-heading\"><span class=\"OYPEnA font-feature-liga-off font-feature-clig-off font-feature-calt-off text-decoration-none text-strikethrough-none\">Pictura <\/span><span class=\"OYPEnA font-feature-liga-off font-feature-clig-off font-feature-calt-off text-decoration-none text-strikethrough-none\">Mandarin Oriental Ritz<\/span><\/h3>\n\n\n\n<p><span class=\"OYPEnA font-feature-liga-off font-feature-clig-off font-feature-calt-off text-decoration-none text-strikethrough-none\">El precioso bar del Ritz presenta sus nuevos c\u00f3cteles y adem\u00e1s este domingo tendr\u00e1 como invitados los mejores bartenders de Asia. Descubre nuestra experiencia completa a trav\u00e9s de nuestro <a href=\"https:\/\/www.instagram.com\/p\/DBJ2SS8gF3F\/\">reels. <\/a><\/span><\/p>\n\n\n\n<h3 class=\"wp-block-heading\"><span class=\"OYPEnA font-feature-liga-off font-feature-clig-off font-feature-calt-off text-decoration-none text-strikethrough-none\">Market <\/span><span class=\"OYPEnA font-feature-liga-off font-feature-clig-off font-feature-calt-off text-decoration-none text-strikethrough-none\">The Madrid EDITION<\/span><\/h3>\n\n\n\n<p><span class=\"OYPEnA font-feature-liga-off font-feature-clig-off font-feature-calt-off text-decoration-none text-strikethrough-none\">El nuevo restaurante del primer resort urbano de lujo lifestyle:<\/span> <span class=\"OYPEnA font-feature-liga-off font-feature-clig-off font-feature-calt-off text-decoration-none text-strikethrough-none\">cocina de mercado espa\u00f1ola centrada en ingredientes locales. <\/span>Estate muy atento a nuestro <a href=\"https:\/\/www.instagram.com\/vidademadrid\/\">perfil de IG. <\/a><\/p>\n\n\n\n<h3 class=\"wp-block-heading\"><span class=\"OYPEnA font-feature-liga-off font-feature-clig-off font-feature-calt-off text-decoration-none text-strikethrough-none\">Sangr\u00eda Bar <\/span><span class=\"OYPEnA font-feature-liga-off font-feature-clig-off font-feature-calt-off text-decoration-none text-strikethrough-none\">Mercado de la Reina 10<\/span><\/h3>\n\n\n\n<p><span class=\"OYPEnA font-feature-liga-off font-feature-clig-off font-feature-calt-off text-decoration-none text-strikethrough-none\">Abre en Gran V\u00eda el restaurante que ofrece distintas referencias de sangr\u00eda y platos de mercado como la ensaladilla. Revive nuestra experiencia en <a href=\"https:\/\/www.instagram.com\/stories\/highlights\/17893362561069342\/\">IG stories.&nbsp;<\/a><\/span><\/p>\n\n\n\n<h3 class=\"wp-block-heading\"><span class=\"OYPEnA font-feature-liga-off font-feature-clig-off font-feature-calt-off text-decoration-none text-strikethrough-none\">Tapapi\u00e9s 2024<\/span><\/h3>\n\n\n\n<p><span class=\"OYPEnA font-feature-liga-off font-feature-clig-off font-feature-calt-off text-decoration-none text-strikethrough-none\">Unos 100 bares castizos e internacionales de Lavapi\u00e9s ofrecen tapa + botell\u00edn o ca\u00f1a por 3,50 \u20ac hasta el 27 de octubre. Toda la info <a href=\"https:\/\/enlavapies.com\/noticias\/tapapies-2024\/\">aqu\u00ed.&nbsp;<\/a><\/span><\/p>\n\n\n\n<h2 class=\"wp-block-heading\">M\u00e1s planes<\/h2>\n\n\n\n<p>Como siempre, tenemos muchas m\u00e1s propuestas de planes en Vida de Madrid. Puedes consultar el listado completo de planes&nbsp;en nuestra&nbsp;<a href=\"https:\/\/www.vidademadrid.com\/es\/57736\/agenda-octubre-2024-madrid\/\">agenda del mes<\/a><a href=\"https:\/\/www.vidademadrid.com\/es\/52298\/agenda-septiembre-2023-madrid\/\">&nbsp;<\/a>y en el&nbsp;<a href=\"http:\/\/vidademadrid.com\/planes\">especial Planes<\/a>. No te pierdas los eventos del momento en nuestras redes: puedes seguir <a href=\"https:\/\/www.instagram.com\/VidaDeMadrid\/\">los reportajes diarios en IG Stories @vidademadrid<\/a>\u2026 y m\u00e1s contenido en <a href=\"https:\/\/www.tiktok.com\/@vida_demadrid\">TikTok<\/a>.<\/p>\n","protected":false},"excerpt":{"rendered":"<p>Nueva exposici\u00f3n de Sorolla, otras exposiciones, ferias, teatros y m\u00e1s. <\/p>\n","protected":false},"author":13,"featured_media":57866,"comment_status":"open","ping_status":"open","sticky":false,"template":"","format":"standard","meta":{"footnotes":""},"categories":[194],"tags":[],"class_list":{"0":"post-57870","1":"post","2":"type-post","3":"status-publish","4":"format-standard","5":"has-post-thumbnail","7":"category-planes-del-fin-de-semana-madrid"},"_links":{"self":[{"href":"https:\/\/www.vidademadrid.com\/es\/wp-json\/wp\/v2\/posts\/57870","targetHints":{"allow":["GET"]}}],"collection":[{"href":"https:\/\/www.vidademadrid.com\/es\/wp-json\/wp\/v2\/posts"}],"about":[{"href":"https:\/\/www.vidademadrid.com\/es\/wp-json\/wp\/v2\/types\/post"}],"author":[{"embeddable":true,"href":"https:\/\/www.vidademadrid.com\/es\/wp-json\/wp\/v2\/users\/13"}],"replies":[{"embeddable":true,"href":"https:\/\/www.vidademadrid.com\/es\/wp-json\/wp\/v2\/comments?post=57870"}],"version-history":[{"count":7,"href":"https:\/\/www.vidademadrid.com\/es\/wp-json\/wp\/v2\/posts\/57870\/revisions"}],"predecessor-version":[{"id":57892,"href":"https:\/\/www.vidademadrid.com\/es\/wp-json\/wp\/v2\/posts\/57870\/revisions\/57892"}],"wp:featuredmedia":[{"embeddable":true,"href":"https:\/\/www.vidademadrid.com\/es\/wp-json\/wp\/v2\/media\/57866"}],"wp:attachment":[{"href":"https:\/\/www.vidademadrid.com\/es\/wp-json\/wp\/v2\/media?parent=57870"}],"wp:term":[{"taxonomy":"category","embeddable":true,"href":"https:\/\/www.vidademadrid.com\/es\/wp-json\/wp\/v2\/categories?post=57870"},{"taxonomy":"post_tag","embeddable":true,"href":"https:\/\/www.vidademadrid.com\/es\/wp-json\/wp\/v2\/tags?post=57870"}],"curies":[{"name":"wp","href":"https:\/\/api.w.org\/{rel}","templated":true}]}}