{"id":57815,"date":"2024-10-10T11:58:13","date_gmt":"2024-10-10T09:58:13","guid":{"rendered":"https:\/\/www.vidademadrid.com\/es\/?p=57815"},"modified":"2024-10-10T11:58:17","modified_gmt":"2024-10-10T09:58:17","slug":"fiestas-del-barrio-del-pilar-2024-parque-la-vaguada","status":"publish","type":"post","link":"https:\/\/www.vidademadrid.com\/es\/57815\/fiestas-del-barrio-del-pilar-2024-parque-la-vaguada\/","title":{"rendered":"Fiestas del Barrio del Pilar 2024: programa y conciertos"},"content":{"rendered":"<p>El&nbsp;<strong>barrio del Pilar&nbsp;<\/strong>tendr\u00e1 sus tradicionales fiestas este fin de semana. Se podr\u00e1 disfrutar de actividades para todos los p\u00fablicos as\u00ed como conciertos, pasacalles, juegos y mucho m\u00e1s.&nbsp;<\/p>\n<h2>Fiestas del barrio del Pilar 2024<\/h2>\n\n<script async=\"\" src=\"https:\/\/pagead2.googlesyndication.com\/pagead\/js\/adsbygoogle.js\"><\/script> <ins class=\"adsbygoogle\" style=\"display:block\" data-ad-format=\"fluid\" data-ad-layout-key=\"-7f+eo+1+2-5\" data-ad-client=\"ca-pub-7450064428034605\" data-ad-slot=\"7327027071\"><\/ins><script>(adsbygoogle = window.adsbygoogle || []).push({});<\/script>\n\n\n<p>Un a\u00f1o m\u00e1s, el&nbsp;<strong>Parque La Vaguada&nbsp;<\/strong>se llenar\u00e1 de m\u00fasica y actividades para celebrar las tradicionales&nbsp;<strong>Fiestas del Pilar 2024.&nbsp;<\/strong>El programa incluir\u00e1 conciertos, actividades musicales, actividades infantiles y actividades de ocio.&nbsp;<\/p>\n<p>Las fiestas ser\u00e1n del&nbsp;<strong>9 al 13 de octubre de 2024<\/strong> y se llevar\u00e1n a cabo en el auditorio al aire libre del Parque de la Vaguada.&nbsp;<\/p>\n<h2>Programa Fiestas del Pilar 2024<\/h2>\n\n<script async=\"\" src=\"https:\/\/pagead2.googlesyndication.com\/pagead\/js\/adsbygoogle.js\"><\/script> <ins class=\"adsbygoogle\" style=\"display:block; text-align:center;\" data-ad-layout=\"in-article\" data-ad-format=\"fluid\" data-ad-client=\"ca-pub-7450064428034605\" data-ad-slot=\"5670045061\"><\/ins> <script>(adsbygoogle = window.adsbygoogle || []).push({});<\/script>\n\n\n<h3>Jueves 10 de octubre<\/h3>\n<p><strong>19:00 h.<\/strong>&nbsp;Pasacalles Circense&nbsp;<strong>Moraleda Circus<\/strong>. Animaci\u00f3n por el parque.<\/p>\n<p><strong>20:00 h.<\/strong>&nbsp;Sesi\u00f3n musical con de&nbsp;<strong>DJ Pulpo<\/strong>.<\/p>\n<p><strong>21:00 h.<\/strong>&nbsp;Apertura de fiestas por el Concejal del Distrito&nbsp;<strong>Jos\u00e9 Antonio Mart\u00ednez P\u00e1ramo<\/strong>&nbsp;y PREG\u00d3N a cargo de<strong> Carlos Sobera, <\/strong>actor y presentador espa\u00f1ol<\/p>\n<p><strong>22:00 h.<\/strong>&nbsp;Concierto de&nbsp;<strong>Celtas Cortos<\/strong><\/p>\n<h3>Viernes 11 de octubre<\/h3>\n<p><strong>19.30 h.&nbsp;<\/strong>Pasacalles <strong>Fantasy.&nbsp;<\/strong>Animaci\u00f3n por el parque&nbsp;<\/p>\n<p><strong>20.30 h.&nbsp;<\/strong>Concierto Tributo a Sabina por el grupo&nbsp;<strong>La Pen\u00faltima Sabinera<\/strong><\/p>\n<p><strong>23.00 h. <\/strong>Concierto de&nbsp;<strong>Grupo Burning<\/strong><\/p>\n<p><strong>1.00 h.&nbsp;<\/strong>Sesi\u00f3n musical con&nbsp;<strong>DJ Toni West<\/strong><\/p>\n<h3>S\u00e1bado 12 de octubre<\/h3>\n<p><strong>11.30-14.30 h. y 16.30-19.00 h.&nbsp;<\/strong>D\u00eda de la infancia: juegos, roc\u00f3dromo, futbolines, videojuegos, karts<\/p>\n<p><strong>12.00 h.&nbsp;<\/strong>Teatro infantil en ingl\u00e9s:&nbsp;<strong>\u00abPirates\u00bb&nbsp;<\/strong>dirigida a menores entre 1 y 7 a\u00f1os.&nbsp;<\/p>\n<p><strong>17.30 h.&nbsp;<\/strong>Aula de Educaci\u00f3n Vial de la Polic\u00eda Municipal<\/p>\n<p><strong>22.00 h.&nbsp;<\/strong>Concierto de&nbsp;<strong>Antonio Carmona<\/strong><\/p>\n<p><strong>00.00 h.&nbsp;<\/strong>Sesi\u00f3n musical con&nbsp;<strong>DJ Sof\u00eda Cristo<\/strong><\/p>\n<p><strong>01.30 h.&nbsp;<\/strong>Sesi\u00f3n musical de&nbsp;<strong>DJ C\u00e9sar Novero<\/strong><\/p>\n<h3>Domingo 13 de octubre<\/h3>\n<p><strong>11.30 h.&nbsp;<\/strong>Desfile de grupos de folclore iberoamericano<\/p>\n<p><strong>12.30 h.&nbsp;<\/strong>Muestra de danza y m\u00fasica de los grupos de folclore iberoamericano<\/p>\n<p><strong>18.30 h.&nbsp;<\/strong><strong>Chocolatada&nbsp;<\/strong>con animaci\u00f3n musical&nbsp;<\/p>\n<p><strong>20.00 h.&nbsp;<\/strong>Concierto de <strong>Ezequiel Montoya<\/strong><\/p>\n<p><strong>22.00 h.&nbsp;<\/strong><strong>Fuegos artificiales&nbsp;<\/strong>en el Parque de La Alcazaba<\/p>\n\n\n<p><\/p>\n","protected":false},"excerpt":{"rendered":"<p>Ser\u00e1n del 9 al 13 de octubre. <\/p>\n","protected":false},"author":15,"featured_media":57816,"comment_status":"open","ping_status":"open","sticky":false,"template":"","format":"standard","meta":{"footnotes":""},"categories":[101],"tags":[],"class_list":{"0":"post-57815","1":"post","2":"type-post","3":"status-publish","4":"format-standard","5":"has-post-thumbnail","7":"category-ferias-fiestas-mercados-madrid"},"_links":{"self":[{"href":"https:\/\/www.vidademadrid.com\/es\/wp-json\/wp\/v2\/posts\/57815","targetHints":{"allow":["GET"]}}],"collection":[{"href":"https:\/\/www.vidademadrid.com\/es\/wp-json\/wp\/v2\/posts"}],"about":[{"href":"https:\/\/www.vidademadrid.com\/es\/wp-json\/wp\/v2\/types\/post"}],"author":[{"embeddable":true,"href":"https:\/\/www.vidademadrid.com\/es\/wp-json\/wp\/v2\/users\/15"}],"replies":[{"embeddable":true,"href":"https:\/\/www.vidademadrid.com\/es\/wp-json\/wp\/v2\/comments?post=57815"}],"version-history":[{"count":2,"href":"https:\/\/www.vidademadrid.com\/es\/wp-json\/wp\/v2\/posts\/57815\/revisions"}],"predecessor-version":[{"id":57818,"href":"https:\/\/www.vidademadrid.com\/es\/wp-json\/wp\/v2\/posts\/57815\/revisions\/57818"}],"wp:featuredmedia":[{"embeddable":true,"href":"https:\/\/www.vidademadrid.com\/es\/wp-json\/wp\/v2\/media\/57816"}],"wp:attachment":[{"href":"https:\/\/www.vidademadrid.com\/es\/wp-json\/wp\/v2\/media?parent=57815"}],"wp:term":[{"taxonomy":"category","embeddable":true,"href":"https:\/\/www.vidademadrid.com\/es\/wp-json\/wp\/v2\/categories?post=57815"},{"taxonomy":"post_tag","embeddable":true,"href":"https:\/\/www.vidademadrid.com\/es\/wp-json\/wp\/v2\/tags?post=57815"}],"curies":[{"name":"wp","href":"https:\/\/api.w.org\/{rel}","templated":true}]}}