{"id":57791,"date":"2024-10-08T10:15:07","date_gmt":"2024-10-08T08:15:07","guid":{"rendered":"https:\/\/www.vidademadrid.com\/es\/?p=57791"},"modified":"2024-10-14T08:39:41","modified_gmt":"2024-10-14T06:39:41","slug":"nuevas-exposiciones-temporal-museo-thyssen-bornemisza-2024-2025","status":"publish","type":"post","link":"https:\/\/www.vidademadrid.com\/es\/57791\/nuevas-exposiciones-temporal-museo-thyssen-bornemisza-2024-2025\/","title":{"rendered":"Estas son todas las nuevas exposiciones temporales del Museo Thyssen-Bornemisza"},"content":{"rendered":"<p>Una nueva temporada de exposiciones temporales llega al&nbsp;<strong>Museo Thyssen-Bornemisza&nbsp;<\/strong>este oto\u00f1o. Habr\u00e1 cinco nuevas exposiciones temporales y una obra invitada. Te contamos toda la informaci\u00f3n en este art\u00edculo.&nbsp;<\/p>\n<h2>Nuevas exposiciones temporales en el Museo Thyssen-Bornemisza<\/h2>\n<p><script async=\"\" src=\"https:\/\/pagead2.googlesyndication.com\/pagead\/js\/adsbygoogle.js\"><\/script> <ins class=\"adsbygoogle\" style=\"display:block\" data-ad-format=\"fluid\" data-ad-layout-key=\"-7f+eo+1+2-5\" data-ad-client=\"ca-pub-7450064428034605\" data-ad-slot=\"7327027071\"><\/ins><script>(adsbygoogle = window.adsbygoogle || []).push({});<\/script><\/p>\n<h3>Gabriele M\u00fcnter, la gran pintora expresionista<\/h3>\n<p>La obra de Gabriele M\u00fcnter, una de las fundadoras de <strong>El Jinete Azul,&nbsp;<\/strong>el grupo de artistas expresionistas en M\u00fanich, llega al&nbsp;<strong>Museo Thyssen-Bornemisza.&nbsp;<\/strong>A trav\u00e9s de m\u00e1s de un centenar de pinturas, dibujos, grabados y fotograf\u00edas, esta exposici\u00f3n expone a una artista que sobresali\u00f3 en el expresionismo alem\u00e1n a comienzos del siglo XX.&nbsp;<\/p>\n<p>Se podr\u00e1 visitar del 12 de noviembre de 2024 al 9 de febrero de 2025.&nbsp;<\/p>\n<h3>Peter Halley en Espa\u00f1a<\/h3>\n<p>Esta exposici\u00f3n recorre la carrera del artista desde 1985 hasta el 2024 con una selecci\u00f3n de 20 pinturas, todas pertenecientes a colecciones espa\u00f1olas. El plan de instalaci\u00f3n y la selecci\u00f3n de las obras han sido dise\u00f1adas por el artista.&nbsp;<\/p>\n<p>Se podr\u00e1 visitar del 19 de octubre de 2024 al 19 de enero de 2025.&nbsp;<\/p>\n<h3>Tabita Rezaire. Nebulosa de la calabaza<\/h3>\n<p>El Museo Nacional Thyssen-Bornemisza y la Fundaci\u00f3n TBA21 Thyssen-Bornemisza Art Contemporary presentan la primera exposici\u00f3n individual de la artista&nbsp;<strong>Tabita Rezaire&nbsp;<\/strong>en Espa\u00f1a.&nbsp;Se trata de una exposici\u00f3n inmersiva que re\u00fane&nbsp;<strong>tres instalaciones&nbsp;<\/strong>en 2024.&nbsp;<\/p>\n<p>Se podr\u00e1 visitar del 8 de octubre de 2024 al 12 de enero de 2025.&nbsp;<\/p>\n<h3>Marcos de colecci\u00f3n&nbsp;<\/h3>\n<p><script async=\"\" src=\"https:\/\/pagead2.googlesyndication.com\/pagead\/js\/adsbygoogle.js\"><\/script> <ins class=\"adsbygoogle\" style=\"display:block; text-align:center;\" data-ad-layout=\"in-article\" data-ad-format=\"fluid\" data-ad-client=\"ca-pub-7450064428034605\" data-ad-slot=\"5670045061\"><\/ins> <script>(adsbygoogle = window.adsbygoogle || []).push({});<\/script>El Museo presenta una instalaci\u00f3n de once obras de la colecci\u00f3n permanentes de los siglos XIV al XVII cuyos marcos ejemplifican la relevancia art\u00edstica de estos elementos en cada obra.&nbsp;<\/p>\n<p>Se podr\u00e1 ver del 7 de octubre de 2024 al 21 de enero de 2025.&nbsp;<\/p>\n<h3>Marcel Proust y las Artes<\/h3>\n<p>El&nbsp;<strong>Museo Thyssen-Bornemisza&nbsp;<\/strong>albergar\u00e1 la exposici\u00f3n \u00ab<strong>Marcel Proust y las Artes<\/strong>\u00bb que expondr\u00e1 la importancia que el arte tuvo en la obra de Proust, uno de los escritores m\u00e1s influyentes del siglo XX. El objetivo es resaltar la vinculaci\u00f3n entre el arte y su figura, su vida y su trabajo.&nbsp;<\/p>\n<p>En esta exposici\u00f3n se encontrar\u00e1n obras de Rembrandt, Vermeer, Van Dyck, Watteau Turner, Fantin Latour, Manet, Monet, Renoir, Fortuny y m\u00e1s. Estas obras provienen de museos como el Museo de Louvre, el Mus\u00e9e d&#8217;Orsay y el Carnavalet, la Maurithuis de La Haya, el Rijksmuseum, el St\u00e4del Museum de Fr\u00e1ncfort y la National Gallery of Art de Washington.&nbsp;<\/p>\n<p>Se podr\u00e1 visitar del 4 de marzo al 8 de junio de 2025.&nbsp;<\/p>\n","protected":false},"excerpt":{"rendered":"<p>Hay cinco nuevas exposiciones este oto\u00f1o. <\/p>\n","protected":false},"author":15,"featured_media":57792,"comment_status":"open","ping_status":"open","sticky":false,"template":"","format":"standard","meta":{"footnotes":""},"categories":[111,115],"tags":[],"class_list":{"0":"post-57791","1":"post","2":"type-post","3":"status-publish","4":"format-standard","5":"has-post-thumbnail","7":"category-exposiciones-madrid","8":"category-planes-del-momento-madrid"},"_links":{"self":[{"href":"https:\/\/www.vidademadrid.com\/es\/wp-json\/wp\/v2\/posts\/57791","targetHints":{"allow":["GET"]}}],"collection":[{"href":"https:\/\/www.vidademadrid.com\/es\/wp-json\/wp\/v2\/posts"}],"about":[{"href":"https:\/\/www.vidademadrid.com\/es\/wp-json\/wp\/v2\/types\/post"}],"author":[{"embeddable":true,"href":"https:\/\/www.vidademadrid.com\/es\/wp-json\/wp\/v2\/users\/15"}],"replies":[{"embeddable":true,"href":"https:\/\/www.vidademadrid.com\/es\/wp-json\/wp\/v2\/comments?post=57791"}],"version-history":[{"count":2,"href":"https:\/\/www.vidademadrid.com\/es\/wp-json\/wp\/v2\/posts\/57791\/revisions"}],"predecessor-version":[{"id":57797,"href":"https:\/\/www.vidademadrid.com\/es\/wp-json\/wp\/v2\/posts\/57791\/revisions\/57797"}],"wp:featuredmedia":[{"embeddable":true,"href":"https:\/\/www.vidademadrid.com\/es\/wp-json\/wp\/v2\/media\/57792"}],"wp:attachment":[{"href":"https:\/\/www.vidademadrid.com\/es\/wp-json\/wp\/v2\/media?parent=57791"}],"wp:term":[{"taxonomy":"category","embeddable":true,"href":"https:\/\/www.vidademadrid.com\/es\/wp-json\/wp\/v2\/categories?post=57791"},{"taxonomy":"post_tag","embeddable":true,"href":"https:\/\/www.vidademadrid.com\/es\/wp-json\/wp\/v2\/tags?post=57791"}],"curies":[{"name":"wp","href":"https:\/\/api.w.org\/{rel}","templated":true}]}}