{"id":57780,"date":"2024-12-11T16:44:00","date_gmt":"2024-12-11T15:44:00","guid":{"rendered":"https:\/\/www.vidademadrid.com\/es\/?p=57780"},"modified":"2024-12-11T16:55:02","modified_gmt":"2024-12-11T15:55:02","slug":"magicas-navidades-torrejon-ardoz-entradas-fechas-2024","status":"publish","type":"post","link":"https:\/\/www.vidademadrid.com\/es\/57780\/magicas-navidades-torrejon-ardoz-entradas-fechas-2024\/","title":{"rendered":"M\u00e1gicas Navidades 2024 en Torrej\u00f3n de Ardoz: fechas, actividades y entradas"},"content":{"rendered":"<p>Un a\u00f1o m\u00e1s vuelve uno de las principales eventos de la Comunidad de Madrid:\u00a0<strong>M\u00e1gicas Navidades,<\/strong> el Parque de Navidad de Torrej\u00f3n de Ardoz. Este espacio \u00fanico tiene m\u00e1s de 100 mil metros cuadrados en los que se podr\u00e1n realizar distintas\u00a0<strong>actividades y experiencias\u00a0<\/strong>en las que sentir\u00e1s toda la magia de la Navidad.<\/p>\n<p>Actualizaci\u00f3n del 11 de diciembre:<\/p>\n<h2>As\u00ed es Camino de Bel\u00e9n, el bel\u00e9n m\u00e1s grande de Espa\u00f1a<\/h2>\n<p><a href=\"https:\/\/www.vidademadrid.com\/es\/wp-content\/uploads\/2024\/12\/camino-belen-1.jpg\"><img loading=\"lazy\" decoding=\"async\" class=\"aligncenter size-large wp-image-58413\" src=\"https:\/\/www.vidademadrid.com\/es\/wp-content\/uploads\/2024\/12\/camino-belen-1-1024x768.jpg\" alt=\"\" width=\"696\" height=\"522\" srcset=\"https:\/\/www.vidademadrid.com\/es\/wp-content\/uploads\/2024\/12\/camino-belen-1-1024x768.jpg 1024w, https:\/\/www.vidademadrid.com\/es\/wp-content\/uploads\/2024\/12\/camino-belen-1-300x225.jpg 300w, https:\/\/www.vidademadrid.com\/es\/wp-content\/uploads\/2024\/12\/camino-belen-1-768x576.jpg 768w, https:\/\/www.vidademadrid.com\/es\/wp-content\/uploads\/2024\/12\/camino-belen-1-696x522.jpg 696w, https:\/\/www.vidademadrid.com\/es\/wp-content\/uploads\/2024\/12\/camino-belen-1-1068x801.jpg 1068w, https:\/\/www.vidademadrid.com\/es\/wp-content\/uploads\/2024\/12\/camino-belen-1-560x420.jpg 560w, https:\/\/www.vidademadrid.com\/es\/wp-content\/uploads\/2024\/12\/camino-belen-1-80x60.jpg 80w, https:\/\/www.vidademadrid.com\/es\/wp-content\/uploads\/2024\/12\/camino-belen-1-265x198.jpg 265w, https:\/\/www.vidademadrid.com\/es\/wp-content\/uploads\/2024\/12\/camino-belen-1.jpg 1200w\" sizes=\"auto, (max-width: 696px) 100vw, 696px\" \/><\/a><\/p>\n<p>M\u00e1gicas Navidades, el Parque de la Navidad de Espa\u00f1a, cuenta con<strong> \u00abCamino de Bel\u00e9n\u00bb<\/strong>, el bel\u00e9n m\u00e1s grande de Espa\u00f1a. Con esta experiencia gratuita, incluida con el acceso general al parque, podr\u00e1s disfrutar de un cuidado recorrido a escala real que te har\u00e1 sentir como si estuvieras all\u00ed, en pleno Bel\u00e9n. Un asombroso paseo por la historia de la aut\u00e9ntica Navidad, con figuras a tama\u00f1o real que recrean el m\u00e1gico momento con todo detalle.<\/p>\n<p>Actualizaci\u00f3n del 4 de diciembre:<\/p>\n<h2>As\u00ed es Rocking Christmas, nuevo show de M\u00e1gicas Navidades<\/h2>\n<p>M\u00e1gicas Navidades, el Parque de la Navidad de Espa\u00f1a, llega cargado de nuevas experiencias gratuitas incluidas con el acceso general al parque, como <strong>Rocking Christmas<\/strong>, un espect\u00e1culo impresionante.<\/p>\n<p>La nueva Puerta M\u00e1gica acoge el nuevo Rocking Christmas, un <strong>impresionante espect\u00e1culo de pirotecnia con m\u00fasica vibrante y una potente iluminaci\u00f3n que llevan la magia a otro nivel<\/strong>.<\/p>\n<p><a href=\"https:\/\/www.vidademadrid.com\/es\/wp-content\/uploads\/2024\/11\/rocking-christmas.jpg\"><img loading=\"lazy\" decoding=\"async\" class=\"aligncenter size-large wp-image-58372\" src=\"https:\/\/www.vidademadrid.com\/es\/wp-content\/uploads\/2024\/11\/rocking-christmas-1024x683.jpg\" alt=\"\" width=\"696\" height=\"464\" srcset=\"https:\/\/www.vidademadrid.com\/es\/wp-content\/uploads\/2024\/11\/rocking-christmas-1024x683.jpg 1024w, https:\/\/www.vidademadrid.com\/es\/wp-content\/uploads\/2024\/11\/rocking-christmas-300x200.jpg 300w, https:\/\/www.vidademadrid.com\/es\/wp-content\/uploads\/2024\/11\/rocking-christmas-768x512.jpg 768w, https:\/\/www.vidademadrid.com\/es\/wp-content\/uploads\/2024\/11\/rocking-christmas-696x464.jpg 696w, https:\/\/www.vidademadrid.com\/es\/wp-content\/uploads\/2024\/11\/rocking-christmas-1068x712.jpg 1068w, https:\/\/www.vidademadrid.com\/es\/wp-content\/uploads\/2024\/11\/rocking-christmas-630x420.jpg 630w, https:\/\/www.vidademadrid.com\/es\/wp-content\/uploads\/2024\/11\/rocking-christmas.jpg 1200w\" sizes=\"auto, (max-width: 696px) 100vw, 696px\" \/><\/a><\/p>\n<p>Todos los d\u00edas, hasta el 6 de enero, los visitantes del parque podr\u00e1n disfrutar de este show de fuegos artificiales y m\u00fasica. Rocking Christmas es solo una de las grandes novedades de esta edici\u00f3n, que en su Puerta M\u00e1gica acoge tambi\u00e9n \u00abEl Secreto de la Navidad\u00bb, un nuevo show de m\u00fasica en directo con m\u00fasica, baile y una bonita historia navide\u00f1a.<\/p>\n<p>Actualizaci\u00f3n del 28 de noviembre:<\/p>\n<h2>As\u00ed es la nueva Puerta M\u00e1gica de M\u00e1gicas Navidades y el show \u00abEl Secreto de la Navidad\u00bb<\/h2>\n<p>Es uno de los s\u00edmbolos de M\u00e1gicas Navidades, y este a\u00f1o es totalmente nueva:<strong> la Puerta M\u00e1gica de M\u00e1gicas Navidades<\/strong>, el Parque de la Navidad de Espa\u00f1a, ha dado un gran salto de calidad y ahora es un enorme castillo con un espectacular videomapping de luz y color de 1.000 m2.<\/p>\n<p>Pero no es todo, porque cada hora aqu\u00ed se puede disfrutar de <strong>\u00abEl Secreto de la Navidad\u00bb<\/strong>, un nuevo show de m\u00fasica en directo. M\u00fasica, baile y una bonita historia navide\u00f1a en este gran espect\u00e1culo familiar, con funciones cada hora.<\/p>\n<p><strong>Disfrutar del espect\u00e1culo y de la Puerta M\u00e1gica es totalmente gratuito<\/strong> para todos los visitantes de M\u00e1gicas Navidades, el Parque de la Navidad de Espa\u00f1a. Las entradas al parque est\u00e1n a la venta en magicasnavidades.com, a partir de 3,50 \u20ac. M\u00e1gicas Navidades est\u00e1 situado en Torrej\u00f3n de Ardoz, 1\u00aa Capital Europea de la Navidad, y es declarada Fiesta de Inter\u00e9s Tur\u00edstico.<\/p>\n<p><script data-wid=\"auto\" type=\"text\/javascript\" src=\"https:\/\/content.viralize.tv\/display\/?zid=AADiaHd5cH72qFIl&amp;cid=ABRBUXq1ym9rlDED&amp;activation=adfill&amp;vip_mode=playing&amp;vip_position=bottom-right\"><\/script>Sigue leyendo el art\u00edculo para conocer todo sobre M\u00e1gicas Navidades 2024 y c\u00f3mo llegar.<\/p>\n<p>Art\u00edculo del 20 de noviembre:<\/p>\n<h2>M\u00e1gicas Navidades 2024 en Torrej\u00f3n de Ardoz<\/h2>\n<p><script async=\"\" src=\"https:\/\/pagead2.googlesyndication.com\/pagead\/js\/adsbygoogle.js\"><\/script> <ins class=\"adsbygoogle\" style=\"display: block;\" data-ad-format=\"fluid\" data-ad-layout-key=\"-7f+eo+1+2-5\" data-ad-client=\"ca-pub-7450064428034605\" data-ad-slot=\"7327027071\"><\/ins><script>(adsbygoogle = window.adsbygoogle || []).push({});<\/script><\/p>\n<p><strong>M\u00e1gicas Navidades, <\/strong>el Parque de la Navidad de Espa\u00f1a, llega esta temporada con <strong>novedosas experiencias <\/strong>como la <strong>nueva Puerta M\u00e1gica, <\/strong>con un espect\u00e1culo de videomapping, <strong>El Secreto de la Navidad, <\/strong>un nuevo show con m\u00fasica en vivo as\u00ed como el espect\u00e1culo de pirotecnia, <strong>Rocking Christmas.\u00a0<\/strong><\/p>\n<p>Se podr\u00e1 disfrutar de una de las <strong>norias m\u00e1s altas de Espa\u00f1a<\/strong>, de la <strong>pista de hielo sobre un lago<\/strong> y de <strong>Ice Festival<\/strong>, en esta edici\u00f3n dedicado a Cuentos y Leyendas Heladas.<\/p>\n<p>Adem\u00e1s, M\u00e1gicas Navidades ha ampliado el <strong>Festival de Linternas Asia<\/strong>, el <strong>Laberinto Mitol\u00f3gico<\/strong> y <strong>Camino de Bel\u00e9n<\/strong>, el Bel\u00e9n m\u00e1s grande de Espa\u00f1a.<\/p>\n<p>Este a\u00f1o, <strong>M\u00e1gicas Navidades\u00a0<\/strong>tendr\u00e1 una nueva <strong>Casa de la Navidad\u00a0<\/strong>donde se podr\u00e1 saludar a Pap\u00e1 Noel y al Rey Gaspar.<\/p>\n<p>En\u00a0<strong>M\u00e1gicas Navidades\u00a0<\/strong>tambi\u00e9n habr\u00e1 una zona de restauraci\u00f3n que se ha mejorado para esta edici\u00f3n.<\/p>\n<p><strong>M\u00e1gicas Navidades,<\/strong> el Parque de la Navidad de Espa\u00f1a, es la 1\u00ba Capital Europea de la Navidad y ha sido declarada como Fiesta de Inter\u00e9s Tur\u00edstico.<\/p>\n<h2>M\u00e1gicas Navidades 2024: fechas<\/h2>\n<p><strong>M\u00e1gicas Navidades 2024 <\/strong>han comenzado el 15 de noviembre y se podr\u00e1n visitar hasta el 6 de enero de 2025. Est\u00e1 situado en el <strong>Recinto Ferial de Torrej\u00f3n de Ardoz.\u00a0<\/strong><\/p>\n<h2>M\u00e1gicas Navidades 2024: entradas<\/h2>\n<p><script async=\"\" src=\"https:\/\/pagead2.googlesyndication.com\/pagead\/js\/adsbygoogle.js\"><\/script> <ins class=\"adsbygoogle\" style=\"display: block; text-align: center;\" data-ad-layout=\"in-article\" data-ad-format=\"fluid\" data-ad-client=\"ca-pub-7450064428034605\" data-ad-slot=\"5670045061\"><\/ins> <script>(adsbygoogle = window.adsbygoogle || []).push({});<\/script>Las entradas de\u00a0<strong>M\u00e1gicas Navidades 2024\u00a0<\/strong>ya est\u00e1n a la venta. El precio puede variar dependiendo de la fecha pero las entradas de acceso general van desde los\u00a0<strong>3,5 euros.\u00a0<\/strong>Las entradas se pueden comprar en este <a href=\"https:\/\/entradas.parquemagicasnavidades.es\/\">enlace<\/a>.<\/p>\n<h2>M\u00e1gicas Navidades 2024: c\u00f3mo llegar<\/h2>\n<p>Se recomienda llegar a\u00a0<strong>M\u00e1gicas Navidades\u00a0<\/strong>en transporte p\u00fablico para evitar aglomeraciones.<\/p>\n<ul>\n<li><strong>Cercan\u00edas<\/strong>\n<ul>\n<li>Torrej\u00f3n de Ardoz &#8211; Acceso Plaza Espa\u00f1a \/ Acceso Sur Recinto Ferial<\/li>\n<\/ul>\n<\/li>\n<li><strong>Autob\u00fas<\/strong>\n<ul>\n<li>Estaci\u00f3n de autobuses interurbanos a Madrid y Guadalajara<\/li>\n<\/ul>\n<\/li>\n<li><strong>Coche<\/strong>\n<ul>\n<li>Aparcamientos gratuitos\n<ul>\n<li>Aparcamiento situado en la calle Meridiano<\/li>\n<li>Aparcamiento situado en el Recinto Ferial calle Tel\u00e9maco<\/li>\n<li>Aparcamiento en Altura (situado en la confluencia de las calles Hemisferio y Meridiano<\/li>\n<li>Aparcamiento en Superficie gratuitos en el Pol\u00edgono Almendros (v\u00eda de servicio Pol\u00edgono Almendros calle Marie Curie) con acceso directo al Parque por el nuevo Paseo Peatonal que une con el Recinto Ferial y barrio de Fresnos.<\/li>\n<\/ul>\n<\/li>\n<\/ul>\n<\/li>\n<\/ul>\n<p>Art\u00edculo en colaboraci\u00f3n con M\u00e1gicas Navidades.<\/p>\n","protected":false},"excerpt":{"rendered":"<p>Se estrenar\u00e1 el 15 de noviembre de 2024.<\/p>\n","protected":false},"author":15,"featured_media":58196,"comment_status":"open","ping_status":"open","sticky":false,"template":"","format":"standard","meta":{"footnotes":""},"categories":[11,101],"tags":[],"class_list":{"0":"post-57780","1":"post","2":"type-post","3":"status-publish","4":"format-standard","5":"has-post-thumbnail","7":"category-eventos-madrid","8":"category-ferias-fiestas-mercados-madrid"},"_links":{"self":[{"href":"https:\/\/www.vidademadrid.com\/es\/wp-json\/wp\/v2\/posts\/57780","targetHints":{"allow":["GET"]}}],"collection":[{"href":"https:\/\/www.vidademadrid.com\/es\/wp-json\/wp\/v2\/posts"}],"about":[{"href":"https:\/\/www.vidademadrid.com\/es\/wp-json\/wp\/v2\/types\/post"}],"author":[{"embeddable":true,"href":"https:\/\/www.vidademadrid.com\/es\/wp-json\/wp\/v2\/users\/15"}],"replies":[{"embeddable":true,"href":"https:\/\/www.vidademadrid.com\/es\/wp-json\/wp\/v2\/comments?post=57780"}],"version-history":[{"count":8,"href":"https:\/\/www.vidademadrid.com\/es\/wp-json\/wp\/v2\/posts\/57780\/revisions"}],"predecessor-version":[{"id":58414,"href":"https:\/\/www.vidademadrid.com\/es\/wp-json\/wp\/v2\/posts\/57780\/revisions\/58414"}],"wp:featuredmedia":[{"embeddable":true,"href":"https:\/\/www.vidademadrid.com\/es\/wp-json\/wp\/v2\/media\/58196"}],"wp:attachment":[{"href":"https:\/\/www.vidademadrid.com\/es\/wp-json\/wp\/v2\/media?parent=57780"}],"wp:term":[{"taxonomy":"category","embeddable":true,"href":"https:\/\/www.vidademadrid.com\/es\/wp-json\/wp\/v2\/categories?post=57780"},{"taxonomy":"post_tag","embeddable":true,"href":"https:\/\/www.vidademadrid.com\/es\/wp-json\/wp\/v2\/tags?post=57780"}],"curies":[{"name":"wp","href":"https:\/\/api.w.org\/{rel}","templated":true}]}}