{"id":57706,"date":"2024-09-26T18:59:51","date_gmt":"2024-09-26T16:59:51","guid":{"rendered":"https:\/\/www.vidademadrid.com\/es\/?p=57706"},"modified":"2025-10-04T14:51:43","modified_gmt":"2025-10-04T12:51:43","slug":"planes-para-este-fin-de-semana-en-madrid-27-28-y-29-de-septiembre-de-2024","status":"publish","type":"post","link":"https:\/\/www.vidademadrid.com\/es\/57706\/planes-para-este-fin-de-semana-en-madrid-27-28-y-29-de-septiembre-de-2024\/","title":{"rendered":"Planes para este fin de semana en Madrid: 27, 28 y 29 de septiembre de 2024"},"content":{"rendered":"\n<p>Como cada jueves, os traemos nuestro <strong>MEGA POST DE PLANES<\/strong> para este fin de semana<strong> 27, 28 y 29 de septiembre<\/strong>. Una entrada muy especial para nosotros y con un gran trabajo por detr\u00e1s, para que, aunque sea casi imposible hacer todo, pod\u00e1is tener una amplia oferta de planes: actividades diferentes, exposiciones, musicales, teatro, fiestas&#8230; Esperamos que lo disfrutes tanto como nosotros y si descubres o haces algo que has le\u00eddo en este art\u00edculo o has visto en nuestras redes, no dudes en compartirlo con nosotros. <\/p>\n\n\n\n<h2 class=\"wp-block-heading\">Actividades destacadas<\/h2>\n\n\n\n<script async=\"\" src=\"https:\/\/pagead2.googlesyndication.com\/pagead\/js\/adsbygoogle.js\"><\/script> <ins class=\"adsbygoogle\" style=\"display:block\" data-ad-format=\"fluid\" data-ad-layout-key=\"-7f+eo+1+2-5\" data-ad-client=\"ca-pub-7450064428034605\" data-ad-slot=\"7327027071\"><\/ins><script>(adsbygoogle = window.adsbygoogle || []).push({});<\/script>\n\n\n<div class=\"wp-block-image\">\n<figure class=\"aligncenter\"><a href=\"https:\/\/www.vidademadrid.com\/es\/wp-content\/uploads\/2024\/09\/Four-Seasons.jpg\"><img loading=\"lazy\" decoding=\"async\" width=\"1200\" height=\"600\" src=\"https:\/\/www.vidademadrid.com\/es\/wp-content\/uploads\/2024\/09\/Four-Seasons.jpg\" alt=\"\" class=\"wp-image-57652\" srcset=\"https:\/\/www.vidademadrid.com\/es\/wp-content\/uploads\/2024\/09\/Four-Seasons.jpg 1200w, https:\/\/www.vidademadrid.com\/es\/wp-content\/uploads\/2024\/09\/Four-Seasons-300x150.jpg 300w, https:\/\/www.vidademadrid.com\/es\/wp-content\/uploads\/2024\/09\/Four-Seasons-1024x512.jpg 1024w, https:\/\/www.vidademadrid.com\/es\/wp-content\/uploads\/2024\/09\/Four-Seasons-768x384.jpg 768w, https:\/\/www.vidademadrid.com\/es\/wp-content\/uploads\/2024\/09\/Four-Seasons-696x348.jpg 696w, https:\/\/www.vidademadrid.com\/es\/wp-content\/uploads\/2024\/09\/Four-Seasons-1068x534.jpg 1068w, https:\/\/www.vidademadrid.com\/es\/wp-content\/uploads\/2024\/09\/Four-Seasons-840x420.jpg 840w\" sizes=\"auto, (max-width: 1200px) 100vw, 1200px\" \/><\/a><figcaption>Foto: Prensa<\/figcaption><\/figure><\/div>\n\n\n<h3 class=\"wp-block-heading\"><span class=\"OYPEnA font-feature-liga-off font-feature-clig-off font-feature-calt-off text-decoration-none text-strikethrough-none\">Semana de la \u00d3pera: retransimisiones <\/span><span class=\"OYPEnA font-feature-liga-off font-feature-clig-off font-feature-calt-off text-decoration-none text-strikethrough-none\">y jornada de puertas abiertas<\/span><\/h3>\n\n\n\n<p><span class=\"OYPEnA font-feature-liga-off font-feature-clig-off font-feature-calt-off text-decoration-none text-strikethrough-none\">El Teatro Real celebra la <strong>novena edici\u00f3n de la Semana de la \u00d3pera<\/strong>, para disfrutar gratis de la \u00f3pera y de grandes espect\u00e1culos: todo el finde <\/span><span class=\"OYPEnA font-feature-liga-off font-feature-clig-off font-feature-calt-off text-decoration-none text-strikethrough-none\">retransmisiones en pantalla gigante: <\/span><\/p>\n\n\n\n<ul class=\"wp-block-list\"><li><span class=\"OYPEnA font-feature-liga-off font-feature-clig-off font-feature-calt-off text-decoration-none text-strikethrough-none\">Viernes a las 19.30 h:&nbsp; \u201cLa boh\u00e8me de Puccini\u201d.<\/span><\/li><li><span class=\"OYPEnA font-feature-liga-off font-feature-clig-off font-feature-calt-off text-decoration-none text-strikethrough-none\">S\u00e1bado a las 19.30 h en directo : \u201cAdriana Lecouvreur\u201d de Francesco Cilea y <\/span><span class=\"OYPEnA font-feature-liga-off font-feature-clig-off font-feature-calt-off text-decoration-none text-strikethrough-none\">visita gratuita al Teatro Real<\/span><span class=\"OYPEnA font-feature-liga-off font-feature-clig-off font-feature-calt-off text-decoration-none text-strikethrough-none\"> de 10:00 a 14:00 (acceso desde Plaza de Oriente, sin inscripci\u00f3n previa).<\/span><\/li><li><span class=\"OYPEnA font-feature-liga-off font-feature-clig-off font-feature-calt-off text-decoration-none text-strikethrough-none\">Domingo a las 11 h y a la 13 h:&nbsp; \u201cLa Cenicienta\u201d; a las 18 h y a las 20 h Eduardo Guerrero en Flamenco Real).<\/span><\/li><\/ul>\n\n\n\n<p>Toda la info <a href=\"https:\/\/www.teatroreal.es\/es\/semana-opera-2024\">aqu\u00ed.&nbsp;<\/a><\/p>\n\n\n\n<h3 class=\"wp-block-heading\">Disfruta de Open House Madrid<\/h3>\n\n\n\n<p><span class=\"OYPEnA font-feature-liga-off font-feature-clig-off font-feature-calt-off text-decoration-none text-strikethrough-none\"><strong>10\u00aa edici\u00f3n del festival de arquitectura<\/strong> que abre a los visitantes los espacios m\u00e1s secretos de la capital. <strong>140 actividades gratuitas<\/strong> (varias sin inscripci\u00f3n previa) como visitas a edificios y estudios de arquitectura, rutas exteriores y m\u00e1s. Descubre todas las ubicaciones y programa completo <a href=\"https:\/\/www.openhousemadrid.org\/\">aqu\u00ed.&nbsp;<\/a><\/span><\/p>\n\n\n\n<h3 class=\"wp-block-heading\">Date una vuelta por alguna de las ferias disponibles<\/h3>\n\n\n\n<p>Este finde te proponemos tres ferias que no te podr\u00e1s perder:<\/p>\n\n\n\n<ul class=\"wp-block-list\"><li><span class=\"OYPEnA font-feature-liga-off font-feature-clig-off font-feature-calt-off text-decoration-none text-strikethrough-none\"><strong>Feria de oto\u00f1o del Libro Viejo y Antiguo en Paseo de Recoletos:<\/strong> re\u00fane 32 librer\u00edas que ofrecen libros econ\u00f3micos y joyas bibliogr\u00e1ficas. Contar\u00e1 con m\u00e1s de medio mill\u00f3n de ejemplares antiguos. Disponible hasta el 13 de octubre. Toda la info <a href=\"https:\/\/www.comunidad.madrid\/noticias\/2024\/09\/25\/xxxiv-feria-otono-libro-viejo-antiguo-madrid\">aqu\u00ed.&nbsp;<\/a><\/span><\/li><li><span class=\"OYPEnA font-feature-liga-off font-feature-clig-off font-feature-calt-off text-decoration-none text-strikethrough-none\"><strong>Feria Antique&amp;Chic en Serrano:<\/strong> Este evento de decoraci\u00f3n reunir\u00e1 a diversos anticuarios y marcas en un espacio exclusivo, mostrando las \u00faltimas tendencias en dise\u00f1o. Participar\u00e1n reconocidos expositores que ofrecer\u00e1n antig\u00fcedades renovadas y objetos decorativos. M\u00e1s info <a href=\"https:\/\/popupchic.com\/\">aqu\u00ed.<\/a>&nbsp;<\/span><\/li><li><span class=\"OYPEnA font-feature-liga-off font-feature-clig-off font-feature-calt-off text-decoration-none text-strikethrough-none\"><strong>Food design festival y Jornadas del textil:<\/strong> Dos eventos en Matadero: el Festival de dise\u00f1o y comida, que termina este viernes; mientras el s\u00e1bado tendr\u00e1 lugar la jornada intensiva sobre dise\u00f1o textil. Entradas desde 40 euros. Toda la info <a href=\"https:\/\/www.mataderomadrid.org\/programacion\/food-design-festival-2024. https:\/\/www.mataderomadrid.org\/programacion\/jornadas-de-textil\" data-wplink-url-error=\"true\">aqu\u00ed.&nbsp;<\/a><\/span><\/li><\/ul>\n\n\n\n<h3 class=\"wp-block-heading\">Descubre la nueva instalaci\u00f3n interactiva&nbsp;<\/h3>\n\n\n\n<p><span class=\"OYPEnA font-feature-liga-off font-feature-clig-off font-feature-calt-off text-decoration-none text-strikethrough-none\">\u201cThe Machine to be Another\u201d es es un sistema de realidad virtual que permite experimentar el mundo desde otro cuerpo, promoviendo empat\u00eda y entendimiento entre diferentes contextos sociales y culturales. Disponible de forma gratuita en el <strong>Centro Cultural Eduardo \u00darculo<\/strong>. M\u00e1s info <a href=\"https:\/\/21distritos.es\/evento\/the-machine-to-be-another-tmtba\/\">aqu\u00ed.&nbsp;<\/a><\/span><\/p>\n\n\n\n<h3 class=\"wp-block-heading\">Participa en un campeonato de <span class=\"OYPEnA font-feature-liga-off font-feature-clig-off font-feature-calt-off text-decoration-none text-strikethrough-none\">pickleball en Plaza Espa\u00f1a<\/span><\/h3>\n\n\n\n<p><span class=\"OYPEnA font-feature-liga-off font-feature-clig-off font-feature-calt-off text-decoration-none text-strikethrough-none\">Instalan una <strong>pista de pickleball en Plaza de Espa\u00f1a,<\/strong> habr\u00e1 partidos (con grada para 600 espectadores) y masterclass para probar este deporte de raqueta (S 10:00-14:00 y 16:00-21:00; D 10:00-15:00). M\u00e1s info <a href=\"https:\/\/www.madrid.es\/portales\/munimadrid\/es\/Inicio\/Cultura-ocio-y-deporte\/Deporte\/Actividades-y-eventos\/Campeonato-de-Espana-Mapfre-de-Pickleball-by-Cervezas-Victoria\/?vgnextfmt=default&amp;vgnextoid=f5fe02b735d91910VgnVCM1000001d4a900aRCRD&amp;vgnextchannel=3f77efff228fe410VgnVCM2000000c205a0aRCRD\">aqu\u00ed.&nbsp;<\/a><\/span><\/p>\n\n\n\n<h3 class=\"wp-block-heading\">Otras actividades diferentes para que te apuntes&nbsp;<\/h3>\n\n\n\n<p>Adem\u00e1s de las actividades destacadas, te proponemos&#8230;<\/p>\n\n\n\n<ul class=\"wp-block-list\"><li><span class=\"OYPEnA font-feature-liga-off font-feature-clig-off font-feature-calt-off text-decoration-none text-strikethrough-none\"><strong>Festival Puwerty 2024:<\/strong> evento dedicado a la creaci\u00f3n contempor\u00e1nea, musical y esc\u00e9nica que re\u00fane a creadores y artistas de menos de 26 a\u00f1os. El viernes con Isa Tofu y <span class=\"OYPEnA font-feature-liga-off font-feature-clig-off font-feature-calt-off text-strikethrough-none text-decoration-underline\">Aroa Ay<\/span><span class=\"OYPEnA font-feature-liga-off font-feature-clig-off font-feature-calt-off text-strikethrough-none text-decoration-none\">, el s\u00e1bado con Shojo Collective,<\/span> <span class=\"OYPEnA font-feature-liga-off font-feature-clig-off font-feature-calt-off text-strikethrough-none text-decoration-none\">Xabier Fern\u00e1n, Azuleja. Disponible desde 4 euros en La Casa Encendida. Toda la info <a href=\"https:\/\/www.lacasaencendida.es\/festival\/puwerty-2024\">aqu\u00ed.&nbsp;<\/a><\/span><\/span><\/li><li><span class=\"OYPEnA font-feature-liga-off font-feature-clig-off font-feature-calt-off text-decoration-none text-strikethrough-none\"><strong>Body Marbling:<\/strong> Una innovadora t\u00e9cnica de impresi\u00f3n sobre la piel donde experimentar tu creatividad. El s\u00e1bado en el Teatro Municipal de T\u00edteres (Retiro) y el domingo en Plaza de la Remonta (Tetu\u00e1n). Disponible de forma gratuita. M\u00e1s info <a href=\"https:\/\/21distritos.es\/evento\/body-marbling-2\/\">aqu\u00ed.&nbsp;<\/a><\/span><\/li><li><span class=\"OYPEnA font-feature-liga-off font-feature-clig-off font-feature-calt-off text-decoration-none text-strikethrough-none\"><strong>Espect\u00e1culo de danza de Iker Karrera:<\/strong> \u201cThe Room Where It Happens\u201d es una obra de danza moderna que quiere hacer reflexionar al p\u00fablico sobre nuestro mundo interior y los sentimientos que acompa\u00f1an nuestra vida. Disponible por 14 euros en el Centro Cultural Conde Duque. M\u00e1s info<a href=\"https:\/\/www.condeduquemadrid.es\/actividades\/iker-karrera-room-where-it-happens\"> aqu\u00ed.&nbsp;<\/a><\/span><\/li><\/ul>\n\n\n\n<h2 class=\"wp-block-heading\">Nuevas exposiciones<\/h2>\n\n\n<div class=\"wp-block-image\">\n<figure class=\"aligncenter\"><a href=\"https:\/\/www.vidademadrid.com\/es\/wp-content\/uploads\/2024\/09\/Expo-deportes.jpg\"><img loading=\"lazy\" decoding=\"async\" width=\"1200\" height=\"600\" src=\"https:\/\/www.vidademadrid.com\/es\/wp-content\/uploads\/2024\/09\/Expo-deportes.jpg\" alt=\"\" class=\"wp-image-57697\" srcset=\"https:\/\/www.vidademadrid.com\/es\/wp-content\/uploads\/2024\/09\/Expo-deportes.jpg 1200w, https:\/\/www.vidademadrid.com\/es\/wp-content\/uploads\/2024\/09\/Expo-deportes-300x150.jpg 300w, https:\/\/www.vidademadrid.com\/es\/wp-content\/uploads\/2024\/09\/Expo-deportes-1024x512.jpg 1024w, https:\/\/www.vidademadrid.com\/es\/wp-content\/uploads\/2024\/09\/Expo-deportes-768x384.jpg 768w, https:\/\/www.vidademadrid.com\/es\/wp-content\/uploads\/2024\/09\/Expo-deportes-696x348.jpg 696w, https:\/\/www.vidademadrid.com\/es\/wp-content\/uploads\/2024\/09\/Expo-deportes-1068x534.jpg 1068w, https:\/\/www.vidademadrid.com\/es\/wp-content\/uploads\/2024\/09\/Expo-deportes-840x420.jpg 840w\" sizes=\"auto, (max-width: 1200px) 100vw, 1200px\" \/><\/a><figcaption>Foto: Prensa<\/figcaption><\/figure><\/div>\n\n\n<h3 class=\"wp-block-heading\"><span class=\"OYPEnA font-feature-liga-off font-feature-clig-off font-feature-calt-off text-decoration-none text-strikethrough-none\">Exposici\u00f3n de coches cl\u00e1sicos y el\u00e9ctricos<\/span><\/h3>\n\n\n\n<p><span class=\"OYPEnA font-feature-liga-off font-feature-clig-off font-feature-calt-off text-decoration-none text-strikethrough-none\">Renault expone su <strong>nuevo coche 100% el\u00e9ctrico<\/strong> junto a modelos cl\u00e1sicos como un Maxi 5 Turbo con decoraci\u00f3n Philips de 1985. Habr\u00e1 tambi\u00e9n dj, una zona <strong>gaming, food trucks, esculturas y zona de juegos para ni\u00f1os<\/strong>. Disponible en la zona exterior de El Corte Ingl\u00e9s de Nuevos Ministerios de forma gratuita.\u00a0<\/span><\/p>\n\n\n\n<h3 class=\"wp-block-heading\"><span class=\"OYPEnA font-feature-liga-off font-feature-clig-off font-feature-calt-off text-decoration-none text-strikethrough-none\">\u201cSoledad Sevilla. Ritmos, tramas, variables\u201d en el Reina Sof\u00eda&nbsp;<\/span><\/h3>\n\n\n\n<p><span class=\"OYPEnA font-feature-liga-off font-feature-clig-off font-feature-calt-off text-decoration-none text-strikethrough-none\">Esta muestra repasa cronol\u00f3gicamente la trayectoria de la pintora espa\u00f1ola a trav\u00e9s de m\u00e1s de un centenar de obras desarrolladas en un riguroso lenguaje basado en la pureza de la l\u00ednea y el color y en la construcci\u00f3n de formas partiendo de m\u00f3dulos geom\u00e9tricos. <strong>Acceso gratuito<\/strong> los domingos de 12.30 h a 14.30 h. Durante el resto de jornada el acceso tiene un precio de 12 euros. Descubre toda la info<a href=\"https:\/\/www.museoreinasofia.es\/exposiciones\/soledad-sevilla\"> aqu\u00ed.&nbsp;<\/a><\/span><\/p>\n\n\n\n<h3 class=\"wp-block-heading\"><span class=\"OYPEnA font-feature-liga-off font-feature-clig-off font-feature-calt-off text-decoration-none text-strikethrough-none\">Bienal de Arte Contempor\u00e1neo Fundaci\u00f3n ONCE<\/span><\/h3>\n\n\n\n<p><span class=\"OYPEnA font-feature-liga-off font-feature-clig-off font-feature-calt-off text-decoration-none text-strikethrough-none\">Novena edici\u00f3n de la bienal que, en esta ocasi\u00f3n, explora c\u00f3mo el arte puede ser una herramienta para mejorar la salud mental, bajo el t\u00edtulo \u201cCaminos de resiliencia\u201d. Con obras de 43 artistas, de los cuales m\u00e1s de la mitad tienen alguna discapacidad. Disponible de forma gratuita en CentroCentro. M\u00e1s info <a href=\"https:\/\/www.centrocentro.org\/exposicion\/ix-bienal-de-arte-contemporaneo-fundacion-once\">aqu\u00ed.<\/a>&nbsp;<\/span><\/p>\n\n\n\n<h3 class=\"wp-block-heading\"><span class=\"OYPEnA font-feature-liga-off font-feature-clig-off font-feature-calt-off text-decoration-none text-strikethrough-none\">Nueva exposici\u00f3n del arte de la medalla en la Complutense<\/span><\/h3>\n\n\n\n<p><span class=\"OYPEnA font-feature-liga-off font-feature-clig-off font-feature-calt-off text-decoration-none text-strikethrough-none\">\u201cMonumentos de bolsillo &#8211; Francisco L\u00f3pez Hern\u00e1ndez y el Arte de la Medalla en la Complutense\u201d: abre esta semana la muestra m\u00e1s amplia y completa de medalla art\u00edstica de las \u00faltimas d\u00e9cadas. Disponible de forma gratuita en el Centro de Arte Complutense. M\u00e1s info <a href=\"https:\/\/www.esmadrid.com\/agenda\/monumentos-bolsillo-centro-arte-complutense\">aqu\u00ed.<\/a>&nbsp;<\/span><\/p>\n\n\n\n<h3 class=\"wp-block-heading\"><span class=\"OYPEnA font-feature-liga-off font-feature-clig-off font-feature-calt-off text-decoration-none text-strikethrough-none\">\u201cHistorias de Deporte\u201d en el Retiro<\/span><\/h3>\n\n\n\n<p><span class=\"OYPEnA font-feature-liga-off font-feature-clig-off font-feature-calt-off text-decoration-none text-strikethrough-none\"><strong>National Geographic<\/strong> presenta la exposici\u00f3n con fotograf\u00edas tomadas a lo largo de m\u00e1s de 100 a\u00f1os en distintos rincones del mundo, para conocer c\u00f3mo ha sido la pr\u00e1ctica de diferentes disciplinas en el tiempo. Disponible de forma gratuita en el <strong>Parque del Retiro <\/strong>(Paseo Fern\u00e1n Nu\u00f1ez). M\u00e1s info <a href=\"https:\/\/www.esmadrid.com\/agenda\/historias-deporte-paseo-duque-fernan-nunez-parque-retiro\">aqu\u00ed.&nbsp;<\/a><\/span><\/p>\n\n\n\n<h2 class=\"wp-block-heading\">Musicales y teatros<\/h2>\n\n\n<div class=\"wp-block-image\">\n<figure class=\"aligncenter\"><a href=\"https:\/\/www.vidademadrid.com\/es\/wp-content\/uploads\/2020\/07\/Musicales-Madrid.png\"><img loading=\"lazy\" decoding=\"async\" width=\"1200\" height=\"600\" src=\"https:\/\/www.vidademadrid.com\/es\/wp-content\/uploads\/2020\/07\/Musicales-Madrid.png\" alt=\"\" class=\"wp-image-22765\" srcset=\"https:\/\/www.vidademadrid.com\/es\/wp-content\/uploads\/2020\/07\/Musicales-Madrid.png 1200w, https:\/\/www.vidademadrid.com\/es\/wp-content\/uploads\/2020\/07\/Musicales-Madrid-300x150.png 300w, https:\/\/www.vidademadrid.com\/es\/wp-content\/uploads\/2020\/07\/Musicales-Madrid-768x384.png 768w, https:\/\/www.vidademadrid.com\/es\/wp-content\/uploads\/2020\/07\/Musicales-Madrid-1024x512.png 1024w, https:\/\/www.vidademadrid.com\/es\/wp-content\/uploads\/2020\/07\/Musicales-Madrid-696x348.png 696w, https:\/\/www.vidademadrid.com\/es\/wp-content\/uploads\/2020\/07\/Musicales-Madrid-1068x534.png 1068w, https:\/\/www.vidademadrid.com\/es\/wp-content\/uploads\/2020\/07\/Musicales-Madrid-840x420.png 840w\" sizes=\"auto, (max-width: 1200px) 100vw, 1200px\" \/><\/a><figcaption>Foto: Vida de Madrid<\/figcaption><\/figure><\/div>\n\n\n<h3 class=\"wp-block-heading\">&nbsp;50\u00ba aniversario de <span class=\"OYPEnA font-feature-liga-off font-feature-clig-off font-feature-calt-off text-decoration-none text-strikethrough-none\">\u201cGrease\u201d<\/span><\/h3>\n\n\n\n<p><span class=\"OYPEnA font-feature-liga-off font-feature-clig-off font-feature-calt-off text-decoration-none text-strikethrough-none\">Este finde disfruta de la nueva producci\u00f3n con motivo del <strong>50\u00ba aniversario de la obra<\/strong> dirigido por David Serrano para bailar y cantar las canciones de este fen\u00f3meno pop. Disponible en el <strong>Teatro Apolo<\/strong> (Tirso de Molina) <strong>desde 20 euros<\/strong>. Toda la info y entradas <a href=\"https:\/\/musicalgrease.es\/?gad_source=1&amp;gclid=CjwKCAjw6c63BhAiEiwAF0EH1H9nHL_hvcd6TCDJKe48FmN0ptNsNQ5_lWHdGsw4Uzo0RF5vJHDg1hoC7z0QAvD_BwE&amp;adfcd=1727288958.RZ5FB3-ZjEm5z1oGlFNqzg.MzM3OTcyMCwxODI5OTg2\">aqu\u00ed.&nbsp;<\/a><\/span><\/p>\n\n\n\n<h3 class=\"wp-block-heading\"><span class=\"OYPEnA font-feature-liga-off font-feature-clig-off font-feature-calt-off text-decoration-none text-strikethrough-none\">\u201cEl fantasma de la \u00f3pera\u201d<\/span><\/h3>\n\n\n\n<p><span class=\"OYPEnA font-feature-liga-off font-feature-clig-off font-feature-calt-off text-decoration-none text-strikethrough-none\">El aclamado musical llega a Madrid para regalar esta historia de amor, obsesi\u00f3n y misterio, protagonizada por un genio musical oculto y la voz de Christine. Disponible en el <strong>Teatro Alb\u00e9niz<\/strong> (Sol) <strong>desde 49 euros<\/strong>. Toda la info y entradas <a href=\"https:\/\/musicalelfantasmadelaopera.com\/\">aqu\u00ed.&nbsp;<\/a><\/span><\/p>\n\n\n\n<h3 class=\"wp-block-heading\">Descubre 3 nuevas obras de teatro&nbsp;<\/h3>\n\n\n\n<ul class=\"wp-block-list\"><li><span class=\"OYPEnA font-feature-liga-off font-feature-clig-off font-feature-calt-off text-decoration-none text-strikethrough-none\"><strong>Obra teatral \u201cLoba\u201d<\/strong>: &nbsp;tributo a las divas del cine cl\u00e1sico y su lucha por mantenerse vigentes con Bette Davis. Disponible en Fern\u00e1n G\u00f3mez desde 18 euros. M\u00e1s info <a href=\"https:\/\/www.teatrofernangomez.es\/actividades\/loba\">aqu\u00ed.&nbsp;<\/a><\/span><\/li><li><span class=\"OYPEnA font-feature-liga-off font-feature-clig-off font-feature-calt-off text-decoration-none text-strikethrough-none\"><strong>Obra teatral \u201cHysteria\u201d<\/strong>: explora el deseo femenino y el discurso de la histeria, inspirada en las mujeres del Hospital de la Salp\u00eatri\u00e8re. Disponible en el Teatro Abad\u00eda (Quevedo) desde 18 euros. M\u00e1s info <a href=\"https:\/\/teatroabadia.koobin.com\/abadia-hysteria?_gl=1%2Alxjwak%2A_ga%2AMzMxOTkwNjQzLjE3MjcwMDM4NTk.%2A_ga_179HCVCKEK%2AMTcyNzAwMzg1Ny4xLjAuMTcyNzAwMzg2MC42MC4wLjE5MDIwMzY1MTg.%2A_gcl_au%2AMTE4MjYwNjU4My4xNzI3MDAzODYx\">aqu\u00ed.&nbsp;<\/a><\/span><\/li><li><span class=\"OYPEnA font-feature-liga-off font-feature-clig-off font-feature-calt-off text-decoration-none text-strikethrough-none\"><strong>\u201cForever\u201d<\/strong>: Tercero y \u00faltimo encuentro teatral para celebrar los 15 a\u00f1os de Kulunka con la historia de una familia que se aleja de sus sue\u00f1os. Disponible en el Teatro Espa\u00f1ol (Ant\u00f3n Mart\u00edn) desde 6 euros. M\u00e1s info <a href=\"https:\/\/www.teatroespanol.es\/forever\">aqu\u00ed.&nbsp;<\/a><\/span><\/li><\/ul>\n\n\n\n<h2 class=\"wp-block-heading\">Fiestas<\/h2>\n\n\n\n<p>Este fin de semana podr\u00e1s disfrutar de la programaci\u00f3n de&#8230;<\/p>\n\n\n\n<h3 class=\"wp-block-heading\"><span class=\"OYPEnA font-feature-liga-off font-feature-clig-off font-feature-calt-off text-decoration-none text-strikethrough-none\">Fiestas de Chamart\u00edn<\/span><\/h3>\n\n\n\n<p><span class=\"OYPEnA font-feature-liga-off font-feature-clig-off font-feature-calt-off text-decoration-none text-strikethrough-none\">Entre las actividades de las fiestas se destacan: <\/span><\/p>\n\n\n\n<ul class=\"wp-block-list\"><li><span class=\"OYPEnA font-feature-liga-off font-feature-clig-off font-feature-calt-off text-decoration-none text-strikethrough-none\">Viernes: <\/span><span class=\"OYPEnA font-feature-liga-off font-feature-clig-off font-feature-calt-off text-decoration-none text-strikethrough-none\">concierto del grupo <strong>Pol 3.14<\/strong> a las 22 h<\/span><\/li><li><span class=\"OYPEnA font-feature-liga-off font-feature-clig-off font-feature-calt-off text-decoration-none text-strikethrough-none\">S\u00e1bado:<\/span><span class=\"OYPEnA font-feature-liga-off font-feature-clig-off font-feature-calt-off text-decoration-none text-strikethrough-none\"> actuaci\u00f3n estelar de <strong>Carlos Baute<\/strong><\/span><\/li><li><span class=\"OYPEnA font-feature-liga-off font-feature-clig-off font-feature-calt-off text-decoration-none text-strikethrough-none\">Domingo: <\/span><span class=\"OYPEnA font-feature-liga-off font-feature-clig-off font-feature-calt-off text-decoration-none text-strikethrough-none\">actuaci\u00f3n de <strong>The Botton Dollars<\/strong><\/span><\/li><\/ul>\n\n\n\n<p>Programa completo <a href=\"http:\/\/chrome-extension:\/\/efaidnbmnnnibpcajpcglclefindmkaj\/https:\/\/www.madrid.es\/UnidadesDescentralizadas\/DistritoChamartin\/Actividades\/ficheros\/Programa%20Fiestas%20San%20Miguel%202024.pdf\" data-wplink-url-error=\"true\">aqu\u00ed.<\/a>&nbsp;<\/p>\n\n\n\n<h3 class=\"wp-block-heading\"><span class=\"OYPEnA font-feature-liga-off font-feature-clig-off font-feature-calt-off text-decoration-none text-strikethrough-none\">Fiestas de San Vicente de Paul<\/span><\/h3>\n\n\n\n<p><span class=\"OYPEnA font-feature-liga-off font-feature-clig-off font-feature-calt-off text-decoration-none text-strikethrough-none\">Fiestas en honor de San Vicente de Pa\u00fal en Carabanchel con actividades infantiles y m\u00fasica de <strong>Bad Teachers, Yokarta y Tempos de Tiza<\/strong>. Programaci\u00f3n completa <a href=\"https:\/\/www.madrid.es\/portales\/munimadrid\/es\/Inicio\/Actualidad\/Actividades-y-eventos\/Fiestas-de-San-Vicente-de-Paul-Carabanchel-\/?vgnextfmt=default&amp;vgnextoid=5a36feb04dae1910VgnVCM2000001f4a900aRCRD&amp;vgnextchannel=ca9671ee4a9eb410VgnVCM100000171f5a0aRCRD\">aqu\u00ed.&nbsp;<\/a><\/span><\/p>\n\n\n\n<h3 class=\"wp-block-heading\"><span class=\"OYPEnA font-feature-liga-off font-feature-clig-off font-feature-calt-off text-decoration-none text-strikethrough-none\">M\u00e1s fiestas y eventos en la regi\u00f3n<\/span><\/h3>\n\n\n\n<p><span class=\"OYPEnA font-feature-liga-off font-feature-clig-off font-feature-calt-off text-decoration-none text-strikethrough-none\">Este finde en la Comunidad de Madrid: <strong>mercado medieval Getafe<\/strong> con el QKfest, <strong>Fiestas de Pedrezuela<\/strong>, con Vemut Mamut y las <strong>fiestas de Villalbilla.<\/strong><\/span><\/p>\n\n\n\n<h2 class=\"wp-block-heading\">\u00daltima oportunidad para disfrutar de&#8230;<\/h2>\n\n\n\n<h3 class=\"wp-block-heading\">El Museo Sorolla<\/h3>\n\n\n\n<p><span class=\"OYPEnA font-feature-liga-off font-feature-clig-off font-feature-calt-off text-decoration-none text-strikethrough-none\">El 1 de octubre el museo cierra sus puertas por obras hasta 2026. Este finde habr\u00e1 aperturas extraordinarias con entrada gratuita el viernes y s\u00e1bado entre 20 h y 22.30 h. Durante el resto de la jornada la entrada tiene un precio de 3 euros. Toda la info <a href=\"https:\/\/www.cultura.gob.es\/msorolla\/inicio\/entrada-online.html\">aqu\u00ed.&nbsp;<\/a><\/span><\/p>\n\n\n\n<h3 class=\"wp-block-heading\"><span class=\"OYPEnA font-feature-liga-off font-feature-clig-off font-feature-calt-off text-decoration-none text-strikethrough-none\">Muestra del fot\u00f3grafo Jos\u00e9 Manuel Ballester<\/span><\/h3>\n\n\n\n<p><span class=\"OYPEnA font-feature-liga-off font-feature-clig-off font-feature-calt-off text-decoration-none text-strikethrough-none\">Se acaba este finde la exposici\u00f3n que<\/span> <span class=\"OYPEnA font-feature-liga-off font-feature-clig-off font-feature-calt-off text-decoration-none text-strikethrough-none\">incluye <strong>diez fotograf\u00edas de gran formato<\/strong> que capturan la actividad y espacios del museo, diez a\u00f1os despu\u00e9s de su gran reforma (2014-2024). Disponible en el Museo Arqueol\u00f3gico Nacional por 3 euros. Toda la info <a href=\"https:\/\/www.man.es\/man\/exposicion\/exposiciones-temporales\/20240402-museo-ballester.html\">aqu\u00ed.&nbsp;<\/a><\/span><\/p>\n\n\n\n<h3 class=\"wp-block-heading\"><span class=\"OYPEnA font-feature-liga-off font-feature-clig-off font-feature-calt-off text-decoration-none text-strikethrough-none\">\u201cUn dan\u00e9s en el Madrid de la Restauraci\u00f3n\u201d<\/span><\/h3>\n\n\n\n<p><span class=\"OYPEnA font-feature-liga-off font-feature-clig-off font-feature-calt-off text-decoration-none text-strikethrough-none\">Termina este finde la exposici\u00f3n con las <strong>fotograf\u00edas de Christian Franzen<\/strong>, (1864-1923) el m\u00e1s grande fot\u00f3grafo del Madrid de la Restauraci\u00f3n. Disponible en la Real Academia Bellas Artes de San Fernando de forma gratuita. M\u00e1s info <a href=\"https:\/\/www.realacademiabellasartessanfernando.com\/actividades\/exposiciones\/franzen-un-danes-en-el-madrid-de-la-restauracion\/\">aqu\u00ed.&nbsp;<\/a><\/span><\/p>\n\n\n\n<h3 class=\"wp-block-heading\"><span class=\"OYPEnA font-feature-liga-off font-feature-clig-off font-feature-calt-off text-decoration-none text-strikethrough-none\">\u201cVistiendo un jard\u00edn\u201d en el Museo del Traje&nbsp;<\/span><\/h3>\n\n\n\n<p><span class=\"OYPEnA font-feature-liga-off font-feature-clig-off font-feature-calt-off text-decoration-none text-strikethrough-none\">\u00daltima oportunidad para ver la muestra que refleja la evoluci\u00f3n de la moda de los siglos XVIII y XIX a trav\u00e9s del leitmotiv de las flores. M\u00e1s info <a href=\"https:\/\/www.cultura.gob.es\/mtraje\/exposicion\/temporales\/2024\/vistiendo-un-jardin.html\">aqu\u00ed.&nbsp;<\/a><\/span><\/p>\n\n\n\n<h2 class=\"wp-block-heading\">Restaurantes para el finde<\/h2>\n\n\n\n<script async=\"\" src=\"https:\/\/pagead2.googlesyndication.com\/pagead\/js\/adsbygoogle.js\"><\/script> <ins class=\"adsbygoogle\" style=\"display:block; text-align:center;\" data-ad-layout=\"in-article\" data-ad-format=\"fluid\" data-ad-client=\"ca-pub-7450064428034605\" data-ad-slot=\"5670045061\"><\/ins> <script>(adsbygoogle = window.adsbygoogle || []).push({});<\/script>\n\n\n<div class=\"wp-block-image\">\n<figure class=\"aligncenter\"><a href=\"https:\/\/www.vidademadrid.com\/es\/wp-content\/uploads\/2024\/09\/ruta-peru.jpg\"><img loading=\"lazy\" decoding=\"async\" width=\"1200\" height=\"600\" src=\"https:\/\/www.vidademadrid.com\/es\/wp-content\/uploads\/2024\/09\/ruta-peru.jpg\" alt=\"\" class=\"wp-image-57700\" srcset=\"https:\/\/www.vidademadrid.com\/es\/wp-content\/uploads\/2024\/09\/ruta-peru.jpg 1200w, https:\/\/www.vidademadrid.com\/es\/wp-content\/uploads\/2024\/09\/ruta-peru-300x150.jpg 300w, https:\/\/www.vidademadrid.com\/es\/wp-content\/uploads\/2024\/09\/ruta-peru-1024x512.jpg 1024w, https:\/\/www.vidademadrid.com\/es\/wp-content\/uploads\/2024\/09\/ruta-peru-768x384.jpg 768w, https:\/\/www.vidademadrid.com\/es\/wp-content\/uploads\/2024\/09\/ruta-peru-696x348.jpg 696w, https:\/\/www.vidademadrid.com\/es\/wp-content\/uploads\/2024\/09\/ruta-peru-1068x534.jpg 1068w, https:\/\/www.vidademadrid.com\/es\/wp-content\/uploads\/2024\/09\/ruta-peru-840x420.jpg 840w\" sizes=\"auto, (max-width: 1200px) 100vw, 1200px\" \/><\/a><figcaption>Foto: Vida de Madrid<\/figcaption><\/figure><\/div>\n\n\n<h3 class=\"wp-block-heading\"><span class=\"OYPEnA font-feature-liga-off font-feature-clig-off font-feature-calt-off text-decoration-none text-strikethrough-none\">Festival de la <\/span><span class=\"OYPEnA font-feature-liga-off font-feature-clig-off font-feature-calt-off text-decoration-none text-strikethrough-none\">tapa peruana<\/span><\/h3>\n\n\n\n<p><span class=\"OYPEnA font-feature-liga-off font-feature-clig-off font-feature-calt-off text-decoration-none text-strikethrough-none\"><strong>15 restaurantes celebran la gastronom\u00eda de Per\u00fa<\/strong>: tapa de ceviche + tapa peruana + cerveza local + pisco sour por 12 \u20ac. Descubre toda la info en nuestras <a href=\"https:\/\/www.instagram.com\/stories\/highlights\/18462577609033568\/\">IG stories.&nbsp;<\/a><\/span><\/p>\n\n\n\n<h3 class=\"wp-block-heading\"><span class=\"OYPEnA font-feature-liga-off font-feature-clig-off font-feature-calt-off text-decoration-none text-strikethrough-none\">Dos Passos<\/span><\/h3>\n\n\n\n<p><span class=\"OYPEnA font-feature-liga-off font-feature-clig-off font-feature-calt-off text-decoration-none text-strikethrough-none\">Restaurante con dj para disfrutar de sushi, burrata, escalopes y c\u00f3cteles en un ambiente de discoteca.<\/span><\/p>\n\n\n\n<h2 class=\"wp-block-heading\">M\u00e1s planes<\/h2>\n\n\n\n<p>Como siempre, tenemos muchas m\u00e1s propuestas de planes en Vida de Madrid. Puedes consultar el listado completo de planes&nbsp;en nuestra&nbsp;<a href=\"https:\/\/www.vidademadrid.com\/es\/57178\/agenda-agosto-2024-madrid-planes-eventos\/\">agenda del mes<\/a><a href=\"https:\/\/www.vidademadrid.com\/es\/52298\/agenda-septiembre-2023-madrid\/\">&nbsp;<\/a>y en el&nbsp;<a href=\"http:\/\/vidademadrid.com\/planes\">especial Planes<\/a>. No te pierdas los eventos del momento en nuestras redes: puedes seguir <a href=\"https:\/\/www.instagram.com\/VidaDeMadrid\/\">los reportajes diarios en IG Stories @vidademadrid<\/a>\u2026 y m\u00e1s contenido en <a href=\"https:\/\/www.tiktok.com\/@vida_demadrid\">TikTok<\/a>.<\/p>\n","protected":false},"excerpt":{"rendered":"<p>Semana de la \u00d3pera, Open House Madrid, nuevas exposiciones y mucho m\u00e1s. <\/p>\n","protected":false},"author":13,"featured_media":57717,"comment_status":"open","ping_status":"open","sticky":false,"template":"","format":"standard","meta":{"footnotes":""},"categories":[194],"tags":[],"class_list":{"0":"post-57706","1":"post","2":"type-post","3":"status-publish","4":"format-standard","5":"has-post-thumbnail","7":"category-planes-del-fin-de-semana-madrid"},"_links":{"self":[{"href":"https:\/\/www.vidademadrid.com\/es\/wp-json\/wp\/v2\/posts\/57706","targetHints":{"allow":["GET"]}}],"collection":[{"href":"https:\/\/www.vidademadrid.com\/es\/wp-json\/wp\/v2\/posts"}],"about":[{"href":"https:\/\/www.vidademadrid.com\/es\/wp-json\/wp\/v2\/types\/post"}],"author":[{"embeddable":true,"href":"https:\/\/www.vidademadrid.com\/es\/wp-json\/wp\/v2\/users\/13"}],"replies":[{"embeddable":true,"href":"https:\/\/www.vidademadrid.com\/es\/wp-json\/wp\/v2\/comments?post=57706"}],"version-history":[{"count":7,"href":"https:\/\/www.vidademadrid.com\/es\/wp-json\/wp\/v2\/posts\/57706\/revisions"}],"predecessor-version":[{"id":57721,"href":"https:\/\/www.vidademadrid.com\/es\/wp-json\/wp\/v2\/posts\/57706\/revisions\/57721"}],"wp:featuredmedia":[{"embeddable":true,"href":"https:\/\/www.vidademadrid.com\/es\/wp-json\/wp\/v2\/media\/57717"}],"wp:attachment":[{"href":"https:\/\/www.vidademadrid.com\/es\/wp-json\/wp\/v2\/media?parent=57706"}],"wp:term":[{"taxonomy":"category","embeddable":true,"href":"https:\/\/www.vidademadrid.com\/es\/wp-json\/wp\/v2\/categories?post=57706"},{"taxonomy":"post_tag","embeddable":true,"href":"https:\/\/www.vidademadrid.com\/es\/wp-json\/wp\/v2\/tags?post=57706"}],"curies":[{"name":"wp","href":"https:\/\/api.w.org\/{rel}","templated":true}]}}