{"id":57658,"date":"2024-09-20T00:07:49","date_gmt":"2024-09-19T22:07:49","guid":{"rendered":"https:\/\/www.vidademadrid.com\/es\/?p=57658"},"modified":"2025-10-04T14:51:43","modified_gmt":"2025-10-04T12:51:43","slug":"planes-para-este-fin-de-semana-en-madrid-20-21-y-22-de-septiembre-de-2024","status":"publish","type":"post","link":"https:\/\/www.vidademadrid.com\/es\/57658\/planes-para-este-fin-de-semana-en-madrid-20-21-y-22-de-septiembre-de-2024\/","title":{"rendered":"Planes para este fin de semana en Madrid: 20, 21 y 22 de septiembre de 2024"},"content":{"rendered":"\n<p>Este fin de semana viene cargado de nuevos planes, exposiciones, teatros, conciertos, festivales y m\u00e1s. Entre las actividades destacadas, vuelve la temporada de viajes en el <strong>Tren de Felipe II<\/strong>. Adem\u00e1s, estos d\u00edas podr\u00e1s disfrutar de una serie de <strong>actividades<\/strong> por la <strong>Semana Europea de la Movilidad<\/strong> entre Col\u00f3n y Atocha. Y, ojo, porque la ciudad se ha llenado de <strong>esculturas de vacas<\/strong>. Si buscas un plan m\u00e1s cultural, no te puedes perder los <strong>estrenos de exposiciones y obras teatrales<\/strong> que te desvelamos en este art\u00edculo. <\/p>\n\n\n\n<p>Como cada semana, en este art\u00edculo te hacemos una selecci\u00f3n de los mejores planes para disfrutar este fin de semana <strong>20, 21 y 22 de septiembre de 2024 en Madrid. <\/strong><\/p>\n\n\n\n<h2 class=\"wp-block-heading\">Actividades destacadas&nbsp;<\/h2>\n\n\n\n<script async src=\"https:\/\/pagead2.googlesyndication.com\/pagead\/js\/adsbygoogle.js\"><\/script> <ins class=\"adsbygoogle\"  style=\"display:block\" data-ad-format=\"fluid\" data-ad-layout-key=\"-7f+eo+1+2-5\" data-ad-client=\"ca-pub-7450064428034605\" data-ad-slot=\"7327027071\"><\/ins><script>(adsbygoogle = window.adsbygoogle || []).push({});<\/script>\n\n\n\n\n<h3 class=\"wp-block-heading\">Ap\u00fantate a alguna de las actividades especiales por la Semana Europea de la Movilidad 2024&nbsp;<\/h3>\n\n\n\n<figure class=\"wp-block-image size-large td-caption-align-https:\/\/www.vidademadrid.com\/es\/wp-content\/uploads\/2023\/11\/EMT.jpg\"><a href=\"https:\/\/www.vidademadrid.com\/es\/wp-content\/uploads\/2023\/11\/EMT.jpg\"><img loading=\"lazy\" decoding=\"async\" width=\"1024\" height=\"512\" src=\"https:\/\/www.vidademadrid.com\/es\/wp-content\/uploads\/2023\/11\/EMT-1024x512.jpg\" alt=\"\" class=\"wp-image-53584\" srcset=\"https:\/\/www.vidademadrid.com\/es\/wp-content\/uploads\/2023\/11\/EMT-1024x512.jpg 1024w, https:\/\/www.vidademadrid.com\/es\/wp-content\/uploads\/2023\/11\/EMT-300x150.jpg 300w, https:\/\/www.vidademadrid.com\/es\/wp-content\/uploads\/2023\/11\/EMT-768x384.jpg 768w, https:\/\/www.vidademadrid.com\/es\/wp-content\/uploads\/2023\/11\/EMT-696x348.jpg 696w, https:\/\/www.vidademadrid.com\/es\/wp-content\/uploads\/2023\/11\/EMT-1068x534.jpg 1068w, https:\/\/www.vidademadrid.com\/es\/wp-content\/uploads\/2023\/11\/EMT-840x420.jpg 840w, https:\/\/www.vidademadrid.com\/es\/wp-content\/uploads\/2023\/11\/EMT.jpg 1200w\" sizes=\"auto, (max-width: 1024px) 100vw, 1024px\" \/><\/a><figcaption>Foto: Ayuntamiento de Madrid <\/figcaption><\/figure>\n\n\n\n<h4 class=\"wp-block-heading\"><span class=\"OYPEnA font-feature-liga-off font-feature-clig-off font-feature-calt-off text-decoration-none text-strikethrough-none\">Fiesta de la Movilidad<\/span><\/h4>\n\n\n\n<p><span class=\"OYPEnA font-feature-liga-off font-feature-clig-off font-feature-calt-off text-decoration-none text-strikethrough-none\">Durante todo el finde habr\u00e1 actividades en distintos lugares de Madrid dentro de la Semana de la Movilidad. Las principales ser\u00e1n en la <strong>Fiesta de la Movilidad<\/strong> que se celebra el domingo 22 de septiembre entre Col\u00f3n y Atocha con exhibici\u00f3n de autobuses hist\u00f3ricos, exhibici\u00f3n de drones de la Polic\u00eda Municipal, gimnasio port\u00e1til Cubo Gym y m\u00e1s.&nbsp;<\/span><\/p>\n\n\n\n<h4 class=\"wp-block-heading\"><span class=\"OYPEnA font-feature-liga-off font-feature-clig-off font-feature-calt-off text-decoration-none text-strikethrough-none\">Circulaci\u00f3n de autob\u00fas sin conductor<\/span><\/h4>\n\n\n\n<p><span class=\"OYPEnA font-feature-liga-off font-feature-clig-off font-feature-calt-off text-decoration-none text-strikethrough-none\">Entre las actividades, EMT Madrid presenta su <strong>prototipo de autob\u00fas aut\u00f3nomo sin conductor en en un circuito cerrado<\/strong>. Se realizar\u00e1n diferentes maniobras como la circulaci\u00f3n y el estacionamiento del veh\u00edculo. Podr\u00e1s presenciarlo el <strong>domingo 22 de septiembre de 11 h a 14 h entre Cibeles y Col\u00f3n<\/strong>.&nbsp;&nbsp;<\/span><\/p>\n\n\n\n<h4 class=\"wp-block-heading\"><span class=\"OYPEnA font-feature-liga-off font-feature-clig-off font-feature-calt-off text-decoration-none text-strikethrough-none\">Discoteca para patinadores \u201cRoller Party 360&#8243;<\/span><\/h4>\n\n\n\n<p><span class=\"OYPEnA font-feature-liga-off font-feature-clig-off font-feature-calt-off text-decoration-none text-strikethrough-none\">El espacio junto a la Plaza de Cibeles se transforma en una fiesta de los patines: <\/span><\/p>\n\n\n\n<ul class=\"wp-block-list\"><li class=\"cvGsUA direction-ltr align-center para-style-body\"><span class=\"OYPEnA font-feature-liga-off font-feature-clig-off font-feature-calt-off text-decoration-none text-strikethrough-none\">De 11 h a 15.30 h podr\u00e1s disfrutar de clases, actuaciones, exhibiciones y servicio de pr\u00e9stamo. <\/span><\/li><li class=\"cvGsUA direction-ltr align-center para-style-body\"><span class=\"OYPEnA font-feature-liga-off font-feature-clig-off font-feature-calt-off text-decoration-none text-strikethrough-none\">De 15.30 h a 18 h podr\u00e1s disfrutar de la discoteca m\u00f3vil para patinadores con <\/span><span class=\"OYPEnA font-feature-liga-off font-feature-clig-off font-feature-calt-off text-decoration-none text-strikethrough-none\">m\u00fasica disco, funky y pop a\u00f1os 70-80.<\/span><\/li><\/ul>\n\n\n\n<h3 class=\"wp-block-heading\">Viaja en el Tren de Felipe II<\/h3>\n\n\n\n<p><span class=\"OYPEnA font-feature-liga-off font-feature-clig-off font-feature-calt-off text-decoration-none text-strikethrough-none\">\u00a1Queda inaugurada la temporada del Tren de Felipe II! Podr\u00e1s disfrutar de un viaje en el tiempo a bordo de un <strong>tren del siglo pasado<\/strong> que une Madrid y El Escorial, en el que vivir\u00e1s una experiencia \u00fanica. Durante el recorrido, un grupo de actores vestidos de la \u00e9poca acompa\u00f1ar\u00e1 a los viajeros compartiendo an\u00e9cdotas e historias de Felipe II. La primera salida est\u00e1 programada para este <strong>s\u00e1bado 21 de septiembre<\/strong> de 10h a 17.15h. Sale desde la Estaci\u00f3n de Pr\u00edncipe P\u00edo con <strong>billetes desde 18 euros<\/strong>. Descubre toda la info a trav\u00e9s de su <a href=\"https:\/\/www.trendefelipeii.com\/es\/\">p\u00e1gina web<\/a> (donde podr\u00e1s comprar tus billetes para vivir esta experiencia para la temporada 2024).<\/span><\/p>\n\n\n\n<p><em>*Plan en colaboraci\u00f3n&nbsp;<\/em><\/p>\n\n\n<div class=\"wp-block-image\">\n<figure class=\"aligncenter\"><a href=\"https:\/\/www.vidademadrid.com\/es\/wp-content\/uploads\/2024\/09\/Tren-Felipe-II.jpg\"><img loading=\"lazy\" decoding=\"async\" width=\"1200\" height=\"600\" src=\"https:\/\/www.vidademadrid.com\/es\/wp-content\/uploads\/2024\/09\/Tren-Felipe-II.jpg\" alt=\"\" class=\"wp-image-57628\" srcset=\"https:\/\/www.vidademadrid.com\/es\/wp-content\/uploads\/2024\/09\/Tren-Felipe-II.jpg 1200w, https:\/\/www.vidademadrid.com\/es\/wp-content\/uploads\/2024\/09\/Tren-Felipe-II-300x150.jpg 300w, https:\/\/www.vidademadrid.com\/es\/wp-content\/uploads\/2024\/09\/Tren-Felipe-II-1024x512.jpg 1024w, https:\/\/www.vidademadrid.com\/es\/wp-content\/uploads\/2024\/09\/Tren-Felipe-II-768x384.jpg 768w, https:\/\/www.vidademadrid.com\/es\/wp-content\/uploads\/2024\/09\/Tren-Felipe-II-696x348.jpg 696w, https:\/\/www.vidademadrid.com\/es\/wp-content\/uploads\/2024\/09\/Tren-Felipe-II-1068x534.jpg 1068w, https:\/\/www.vidademadrid.com\/es\/wp-content\/uploads\/2024\/09\/Tren-Felipe-II-840x420.jpg 840w\" sizes=\"auto, (max-width: 1200px) 100vw, 1200px\" \/><\/a><figcaption>Foto: Prensa<\/figcaption><\/figure><\/div>\n\n\n<h3 class=\"wp-block-heading\">Descubre la primera edici\u00f3n del Festival de las Ideas<\/h3>\n\n\n\n<p><span class=\"OYPEnA font-feature-liga-off font-feature-clig-off font-feature-calt-off text-decoration-none text-strikethrough-none\">Hasta el s\u00e1bado 21, tendr\u00e1 lugar el este <strong>nuevo festival de pensamiento<\/strong> con el objetivo de poner las ideas en boca de todos. Conversaciones, mesas redondas, <em>speakers corners<\/em> y conciertos en el gran escenario en Plaza de Espa\u00f1a (18 h a 23 h) y m\u00e1s actividades en el C\u00edrculo de Bellas Artes y otras sedes. Toda la info y programa completo <a href=\"https:\/\/festivaldelasideas.es\/\">aqu\u00ed.&nbsp;<\/a><\/span><\/p>\n\n\n\n<h3 class=\"wp-block-heading\">As\u00f3mbrate con el innovador festival visual en Matadero&nbsp;<\/h3>\n\n\n\n<p><span class=\"OYPEnA font-feature-liga-off font-feature-clig-off font-feature-calt-off text-decoration-none text-strikethrough-none\">Este fin de semana se celebra la s<strong>exta edici\u00f3n del festival de electr\u00f3nica visual y realidades extendidas<\/strong>: piezas de larga duraci\u00f3n de realidad virtual, instalaciones audiovisuales, charlas, actuaciones en directo y m\u00e1s. El cielo de <strong>Matadero<\/strong> se llenar\u00e1 de figuras de realidad virtual. Podr\u00e1s disfrutar de actividades tanto gratuitas como de pago con entradas desde 10 euros. Descubre toda la info y programaci\u00f3n completa <a href=\"https:\/\/levfestival.com\/dos-semanas-para-la-celebracion-de-l-e-v-matadero-2024-descubre-lo-que-no-puedes-perderte-de-esta-6a-edicion\/\">aqu\u00ed.&nbsp;<\/a><\/span><\/p>\n\n\n\n<h3 class=\"wp-block-heading\">Localiza las esculturas de vacas repartidas por la ciudad&nbsp;<\/h3>\n\n\n\n<p><span class=\"OYPEnA font-feature-liga-off font-feature-clig-off font-feature-calt-off text-decoration-none text-strikethrough-none\">Si a\u00fan no te has chocado con alguna de las estatuas de vacas por las calles de Madrid, este fin de semana estate atento. <strong>Madrid Cow Gallery<\/strong> ha llegado. Se trata de una nueva exposici\u00f3n urbana que fusiona naturaleza y arte por distintas ubicaciones de la ciudad a trav\u00e9s <strong>34 esculturas con forma de vaca<\/strong>, utilizadas como lienzos para representar la esencia de Madrid. Toda la info y localizaciones <a href=\"https:\/\/fansdelvacuno.com\/madrid-cow-gallery\/\">aqu\u00ed.&nbsp;<\/a><\/span><\/p>\n\n\n\n<h3 class=\"wp-block-heading\">Asiste al espect\u00e1culo gratuito <span class=\"OYPEnA font-feature-liga-off font-feature-clig-off font-feature-calt-off text-decoration-none text-strikethrough-none\">\u201cApocalipsync_\u201d<\/span><\/h3>\n\n\n\n<p><span class=\"OYPEnA font-feature-liga-off font-feature-clig-off font-feature-calt-off text-decoration-none text-strikethrough-none\">El <strong>centro cultural Valdebernardo<\/strong> acoge este <strong>s\u00e1bado 21 de 19 h a 20 h<\/strong> este divertido y extravagante espect\u00e1culo del <strong>actor argentino Luciano Rosso<\/strong> dentro de 21DISTRITOS. El artista hace uso de su cuerpo para ofrecer un show de danza, contorsionismo y, especialmente, lipsync (sincronizaci\u00f3n labial). Toda la info <a href=\"https:\/\/21distritos.es\/evento\/apocalipsync_\/\">aqu\u00ed.&nbsp;<\/a><\/span><\/p>\n\n\n\n<h3 class=\"wp-block-heading\">Visita las ferias y mercados disponibles para este finde&nbsp;<\/h3>\n\n\n\n<h4 class=\"wp-block-heading\"><span class=\"OYPEnA font-feature-liga-off font-feature-clig-off font-feature-calt-off text-decoration-none text-strikethrough-none\">Feria Internacional del Disco<\/span><\/h4>\n\n\n\n<p><span class=\"OYPEnA font-feature-liga-off font-feature-clig-off font-feature-calt-off text-decoration-none text-strikethrough-none\">Llega a Madrid un espacio dedicado a los amantes de la m\u00fasica y los discos, con 1<strong>13 stands y 55 vendedores con ofertas desde 1 o 2 euros<\/strong>, adem\u00e1s de merchandising y libros relacionados. Disponible en el <strong>Pabell\u00f3n de Convenciones Casa de Campo<\/strong> con entradas desde 5 euros. Toda la info <a href=\"https:\/\/feriainternacionaldeldisco.com\/\">aqu\u00ed.&nbsp;<\/a><\/span><\/p>\n\n\n\n<h4 class=\"wp-block-heading\"><span class=\"OYPEnA font-feature-liga-off font-feature-clig-off font-feature-calt-off text-decoration-none text-strikethrough-none\">Japan Weekend Madrid<\/span><\/h4>\n\n\n\n<p><span class=\"OYPEnA font-feature-liga-off font-feature-clig-off font-feature-calt-off text-decoration-none text-strikethrough-none\">El evento ofrecer\u00e1 concursos de cosplay, conciertos, talleres, videojuegos, y una Zona Pok\u00e9mon, con la participaci\u00f3n de ilustradores, cosplayers y youtubers. Disponible en Ifema con entradas desde 20 euros. Toda la info <a href=\"https:\/\/www.japanweekend.com\/\">aqu\u00ed.&nbsp;<\/a><\/span><\/p>\n\n\n\n<h4 class=\"wp-block-heading\"><span class=\"OYPEnA font-feature-liga-off font-feature-clig-off font-feature-calt-off text-decoration-none text-strikethrough-none\">M\u00e1s ferias y mercados<\/span><\/h4>\n\n\n\n<ul class=\"wp-block-list\"><li><span class=\"OYPEnA font-feature-liga-off font-feature-clig-off font-feature-calt-off text-decoration-none text-strikethrough-none\"><strong>feria de camper &amp; caravan en Ifema<\/strong><\/span><\/li><li><strong><span class=\"OYPEnA font-feature-liga-off font-feature-clig-off font-feature-calt-off text-decoration-none text-strikethrough-none\">Jard\u00edn Alhambra en Casa \u00c1rabe<\/span><\/strong><\/li><li><span class=\"OYPEnA font-feature-liga-off font-feature-clig-off font-feature-calt-off text-decoration-none text-strikethrough-none\">el s\u00e1bado 21: <strong>Mercado de Las Ranas en Las Letras<\/strong><\/span><\/li><li><span class=\"OYPEnA font-feature-liga-off font-feature-clig-off font-feature-calt-off text-decoration-none text-strikethrough-none\">el domingo 22: <strong>Mercado Productores Valdebebas<\/strong><\/span><\/li><li><span class=\"OYPEnA font-feature-liga-off font-feature-clig-off font-feature-calt-off text-decoration-none text-strikethrough-none\">Festival de artesan\u00eda <strong>All Those Food Market<\/strong> en el Museo del Ferrocarril<\/span><\/li><\/ul>\n\n\n\n<h2 class=\"wp-block-heading\">Nuevas exposiciones\u00a0<\/h2>\n\n\n\n<figure class=\"wp-block-image size-large td-caption-align-https:\/\/www.vidademadrid.com\/es\/wp-content\/uploads\/2022\/08\/Prado.jpeg\"><a href=\"https:\/\/www.vidademadrid.com\/es\/wp-content\/uploads\/2022\/08\/Prado.jpeg\"><img loading=\"lazy\" decoding=\"async\" width=\"1024\" height=\"512\" src=\"https:\/\/www.vidademadrid.com\/es\/wp-content\/uploads\/2022\/08\/Prado-1024x512.jpeg\" alt=\"\" class=\"wp-image-44121\" srcset=\"https:\/\/www.vidademadrid.com\/es\/wp-content\/uploads\/2022\/08\/Prado-1024x512.jpeg 1024w, https:\/\/www.vidademadrid.com\/es\/wp-content\/uploads\/2022\/08\/Prado-300x150.jpeg 300w, https:\/\/www.vidademadrid.com\/es\/wp-content\/uploads\/2022\/08\/Prado-768x384.jpeg 768w, https:\/\/www.vidademadrid.com\/es\/wp-content\/uploads\/2022\/08\/Prado-696x348.jpeg 696w, https:\/\/www.vidademadrid.com\/es\/wp-content\/uploads\/2022\/08\/Prado-1068x534.jpeg 1068w, https:\/\/www.vidademadrid.com\/es\/wp-content\/uploads\/2022\/08\/Prado-840x420.jpeg 840w, https:\/\/www.vidademadrid.com\/es\/wp-content\/uploads\/2022\/08\/Prado.jpeg 1200w\" sizes=\"auto, (max-width: 1024px) 100vw, 1024px\" \/><\/a><figcaption>Foto: Museo del Prado <\/figcaption><\/figure>\n\n\n\n<h3 class=\"wp-block-heading\">\u00a1Viva la gente! en La Fiambrera<\/h3>\n\n\n\n<p><span class=\"OYPEnA font-feature-liga-off font-feature-clig-off font-feature-calt-off text-decoration-none text-strikethrough-none\">Este fin de semana se estrena esta exposici\u00f3n del artista<strong> Roberto Maj\u00e1n<\/strong> protagonizada por la capital, Madrid, y la celebraci\u00f3n, el intercambio, la mezcla y la diversi\u00f3n. Podr\u00e1s visitarla de forma gratuita. Toda la info <a href=\"https:\/\/www.lafiambrera.net\/portfolio\/viva-la-gente\/\">aqu\u00ed.&nbsp;<\/a><\/span><\/p>\n\n\n\n<h3 class=\"wp-block-heading\"><span class=\"OYPEnA font-feature-liga-off font-feature-clig-off font-feature-calt-off text-decoration-none text-strikethrough-none\">Colecci\u00f3n P\u00e9rez Sim\u00f3n en CentroCentro<\/span><\/h3>\n\n\n\n<p><span class=\"OYPEnA font-feature-liga-off font-feature-clig-off font-feature-calt-off text-decoration-none text-strikethrough-none\"><strong>\u201cSetenta grandes maestros de la Colecci\u00f3n P\u00e9rez Sim\u00f3n\u201d<\/strong> es la nueva exposici\u00f3n que re\u00fane las principales piezas (la mayor\u00eda nunca antes vistas en Madrid) de este conjunto considerado como uno de los acervos privados m\u00e1s relevantes del mundo. Entradas desde 7 euros. Toda la info<a href=\"https:\/\/www.centrocentro.org\/exposicion\/setenta-grandes-maestros-de-la-coleccion-perez-simon\"> aqu\u00ed.&nbsp;<\/a><\/span><\/p>\n\n\n\n<h3 class=\"wp-block-heading\"><span class=\"OYPEnA font-feature-liga-off font-feature-clig-off font-feature-calt-off text-decoration-none text-strikethrough-none\">Vive la experiencia nocturna del Museo Arqueol\u00f3gico Nacional&nbsp;<\/span><\/h3>\n\n\n\n<p><span class=\"OYPEnA font-feature-liga-off font-feature-clig-off font-feature-calt-off text-decoration-none text-strikethrough-none\">El Museo Arqueol\u00f3gico Nacional presenta su obra invitada, el <strong>milenario Pugilatore<\/strong> desde Cerde\u00f1a, y lo celebra con la <strong>apertura extraordinaria del Patio Ib\u00e9rico<\/strong> el viernes entre 20:00 y 23:30, con entrada gratuita. Gratis viernes desde 20:00, s\u00e1bado desde 14:00 y domingo. Toda la info <a href=\"https:\/\/www.man.es\/man\/home.html\">aqu\u00ed.&nbsp;<\/a><\/span><\/p>\n\n\n\n<h3 class=\"wp-block-heading\"><span class=\"OYPEnA font-feature-liga-off font-feature-clig-off font-feature-calt-off text-decoration-none text-strikethrough-none\">Cartas de Col\u00f3n en la Casa de Alba<\/span><\/h3>\n\n\n\n<p><span class=\"OYPEnA font-feature-liga-off font-feature-clig-off font-feature-calt-off text-decoration-none text-strikethrough-none\">Nueva exposici\u00f3n que muestra por primera vez las 20 cartas de Col\u00f3n que se encuentran en el <strong>Palacio de Liria<\/strong>, junto a otros documentos colombinos y americanos. Entradas desde 8 euros. Toda la info <a href=\"https:\/\/www.esmadrid.com\/agenda\/cartas-colon-america-casa-alba-palacio-liria\">aqu\u00ed.&nbsp;<\/a><\/span><\/p>\n\n\n\n<h3 class=\"wp-block-heading\">Descubre las nuevas exposiciones en la Fundaci\u00f3n Mapfre&nbsp;<\/h3>\n\n\n\n<p><span class=\"OYPEnA font-feature-liga-off font-feature-clig-off font-feature-calt-off text-decoration-none text-strikethrough-none\">La Fundaci\u00f3n Mapfre inaugura <strong>tres exposiciones:&nbsp;<\/strong><\/span><\/p>\n\n\n\n<ul class=\"wp-block-list\"><li class=\"cvGsUA direction-ltr align-center para-style-body\"><span class=\"OYPEnA font-feature-liga-off font-feature-clig-off font-feature-calt-off text-decoration-none text-strikethrough-none\"> \u201cPaul Durand-Ruel y los \u00faltimos destellos del impresionismo\u201d<\/span><\/li><li class=\"cvGsUA direction-ltr align-center para-style-body\"><span class=\"OYPEnA font-feature-liga-off font-feature-clig-off font-feature-calt-off text-decoration-none text-strikethrough-none\"> \u201c31 mujeres &#8211; Una exposici\u00f3n de Peggy Guggenheim\u201d <\/span><\/li><li class=\"cvGsUA direction-ltr align-center para-style-body\"><span class=\"OYPEnA font-feature-liga-off font-feature-clig-off font-feature-calt-off text-decoration-none text-strikethrough-none\">&nbsp;\u201cWeegee &#8211; Autopsia del espect\u00e1culo\u201d.<\/span><\/li><\/ul>\n\n\n\n<p>Toda la info <a href=\"https:\/\/www.fundacionmapfre.org\/arte-y-cultura\/exposiciones\/sala-recoletos\/\">aqu\u00ed.&nbsp;<\/a><\/p>\n\n\n\n<h2 class=\"wp-block-heading\">Musicales, festivales y nuevos estrenos de teatro<\/h2>\n\n\n\n<figure class=\"wp-block-image size-large td-caption-align-https:\/\/www.vidademadrid.com\/es\/wp-content\/uploads\/2022\/02\/vdm-37.jpeg\"><a href=\"https:\/\/www.vidademadrid.com\/es\/wp-content\/uploads\/2022\/02\/vdm-37.jpeg\"><img loading=\"lazy\" decoding=\"async\" width=\"1024\" height=\"512\" src=\"https:\/\/www.vidademadrid.com\/es\/wp-content\/uploads\/2022\/02\/vdm-37-1024x512.jpeg\" alt=\"\" class=\"wp-image-40200\" srcset=\"https:\/\/www.vidademadrid.com\/es\/wp-content\/uploads\/2022\/02\/vdm-37-1024x512.jpeg 1024w, https:\/\/www.vidademadrid.com\/es\/wp-content\/uploads\/2022\/02\/vdm-37-300x150.jpeg 300w, https:\/\/www.vidademadrid.com\/es\/wp-content\/uploads\/2022\/02\/vdm-37-768x384.jpeg 768w, https:\/\/www.vidademadrid.com\/es\/wp-content\/uploads\/2022\/02\/vdm-37-696x348.jpeg 696w, https:\/\/www.vidademadrid.com\/es\/wp-content\/uploads\/2022\/02\/vdm-37-1068x534.jpeg 1068w, https:\/\/www.vidademadrid.com\/es\/wp-content\/uploads\/2022\/02\/vdm-37-840x420.jpeg 840w, https:\/\/www.vidademadrid.com\/es\/wp-content\/uploads\/2022\/02\/vdm-37.jpeg 1200w\" sizes=\"auto, (max-width: 1024px) 100vw, 1024px\" \/><\/a><figcaption>Foto: Primavera Sound Festivals<\/figcaption><\/figure>\n\n\n\n<h3 class=\"wp-block-heading\"><span class=\"OYPEnA font-feature-liga-off font-feature-clig-off font-feature-calt-off text-decoration-none text-strikethrough-none\">Festival Brava Madrid<\/span><\/h3>\n\n\n\n<p><span class=\"OYPEnA font-feature-liga-off font-feature-clig-off font-feature-calt-off text-decoration-none text-strikethrough-none\">Este finde podr\u00e1s disfrutar en el recinto de Ifema del festival de m\u00fasica pop y electr\u00f3nica con los mejores hits, donde actuar\u00e1n <strong>Zara Larsson, Aqua, Edurne, Angelina Mango, INNA,<\/strong> entre otros. El recinto cuenta con food trucks para comer. Toda la info y entradas <a href=\"https:\/\/bravamadrid.com\/\">aqu\u00ed.&nbsp;<\/a><\/span><\/p>\n\n\n\n<h3 class=\"wp-block-heading\"><span class=\"OYPEnA font-feature-liga-off font-feature-clig-off font-feature-calt-off text-decoration-none text-strikethrough-none\">Tiago Iorc en concierto<\/span><\/h3>\n\n\n\n<p><span class=\"OYPEnA font-feature-liga-off font-feature-clig-off font-feature-calt-off text-decoration-none text-strikethrough-none\">Tiago, una de las grandes estrellas de la m\u00fasica brasile\u00f1a actual y ganador del \u00faltimo Latin Grammy, presentar\u00e1 sus canciones m\u00e1s recientes y sus cl\u00e1sicos en un concierto organizado por 21DISTRITOS en la Nave de Terneras este viernes a las 20 h. Toda la info <a href=\"https:\/\/21distritos.es\/evento\/tiago-iorc-2\/\">aqu\u00ed.&nbsp;<\/a><\/span><\/p>\n\n\n\n<h3 class=\"wp-block-heading\"><span class=\"OYPEnA font-feature-liga-off font-feature-clig-off font-feature-calt-off text-decoration-none text-strikethrough-none\">Espect\u00e1culo \u201cImagina Circo\u201d<\/span><\/h3>\n\n\n\n<p><span class=\"OYPEnA font-feature-liga-off font-feature-clig-off font-feature-calt-off text-decoration-none text-strikethrough-none\">Este s\u00e1bado, la compa\u00f1\u00eda madrile\u00f1a Ale-Hop presenta un espect\u00e1culo que fusiona circo, artes de calle y performance, organizado por 21DISTRITOS en la Calle Guare\u00f1a. Toda la info <a href=\"https:\/\/21distritos.es\/evento\/imagina-circo\/\">aqu\u00ed.&nbsp;<\/a><\/span><\/p>\n\n\n\n<h3 class=\"wp-block-heading\"><span class=\"OYPEnA font-feature-liga-off font-feature-clig-off font-feature-calt-off text-decoration-none text-strikethrough-none\">Musical \u201cThe Book of Mormon\u201d<\/span><\/h3>\n\n\n\n<p><span class=\"OYPEnA font-feature-liga-off font-feature-clig-off font-feature-calt-off text-decoration-none text-strikethrough-none\">Elegido como <strong>mejor musical de 2024<\/strong>, creado por Trey Parker, Matt Stone y Robert L\u00f3pez: arranca la \u00faltima temporada del espect\u00e1culo c\u00f3mico con una banda sonora magistral y un humor audaz que no deja indiferente a nadie. Disponible en el <strong>Teatro Calder\u00f3n<\/strong> con entradas desde 23 euros. Toda la info <a href=\"https:\/\/thebookofmormonelmusical.es\/\">aqu\u00ed.&nbsp;<\/a><\/span><\/p>\n\n\n\n<h3 class=\"wp-block-heading\"><span class=\"OYPEnA font-feature-liga-off font-feature-clig-off font-feature-calt-off text-decoration-none text-strikethrough-none\">Obra teatral \u201cCigarreras\u201d<\/span><\/h3>\n\n\n\n<p><span class=\"OYPEnA font-feature-liga-off font-feature-clig-off font-feature-calt-off text-decoration-none text-strikethrough-none\">La obra es una adaptaci\u00f3n de La Tribuna de Emilia Pardo Baz\u00e1n, dirigida por C\u00e1ndido Paz\u00f3, protagonizada por un elenco femenino que destaca la lucha de las trabajadoras y su contexto hist\u00f3rico. Disponible en Fern\u00e1n G\u00f3mez Centro Cultural de la Villa de Col\u00f3n con entradas desde 20 euros. Toda la info y entradas <a href=\"https:\/\/www.teatrofernangomez.es\/actividades\/cigarreras\">aqu\u00ed.&nbsp;<\/a><\/span><\/p>\n\n\n\n<h3 class=\"wp-block-heading\"><span class=\"OYPEnA font-feature-liga-off font-feature-clig-off font-feature-calt-off text-decoration-none text-strikethrough-none\">Musical \u201cUn viaje por Broadway\u201d<\/span><\/h3>\n\n\n\n<p><span class=\"OYPEnA font-feature-liga-off font-feature-clig-off font-feature-calt-off text-decoration-none text-strikethrough-none\">Una velada a la luz de las velas con una selecci\u00f3n de los temas m\u00e1s emocionantes del teatro musical internacional. Disfruta de las grandes voces de los artistas de este espect\u00e1culo. Disponible en la <strong>Sala La Usina<\/strong> con entradas desde 13 euros. Toda la info y funciones <a href=\"https:\/\/www.lausina.es\/\">aqu\u00ed.&nbsp;<\/a><\/span><\/p>\n\n\n\n<h3 class=\"wp-block-heading\"><span class=\"OYPEnA font-feature-liga-off font-feature-clig-off font-feature-calt-off text-decoration-none text-strikethrough-none\">\u201cEl nadador de aguas abiertas\u201d<\/span><\/h3>\n\n\n\n<p><span class=\"OYPEnA font-feature-liga-off font-feature-clig-off font-feature-calt-off text-decoration-none text-strikethrough-none\">Escrita por Adam Mart\u00edn Skilton y dirigida por Fernando Bernu\u00e9s, esta comedia sigue a Nilo, un actor en decadencia, que aprende a nadar a los 48 a\u00f1os con la ayuda de Walrus, un nadador con un trauma familiar. Disponible en el Teatro Pav\u00f3n. Entradas desde 8 euros. Toda la info <a href=\"https:\/\/elpavonteatro.es\/el-nadador-de-aguas-abiertas-inaugura-la-nueva-temporada-del-teatro-pavon\/#:~:text=El%20nadador%20de%20aguas%20abiertas%20inaugura%20la%20nueva%20temporada%20del%20Teatro%20Pav%C3%B3n,-By%20Teatro%20Pav%C3%B3n&amp;text=El%20Teatro%20Pav%C3%B3n%20abre%20su,hasta%20el%2029%20de%20septiembre.\">aqu\u00ed.&nbsp;<\/a><\/span><\/p>\n\n\n\n<h3 class=\"wp-block-heading\"><span class=\"OYPEnA font-feature-liga-off font-feature-clig-off font-feature-calt-off text-decoration-none text-strikethrough-none\">\u201cFelipe V, el rey que nos sali\u00f3 rana\u201d<\/span><\/h3>\n\n\n\n<p><span class=\"OYPEnA font-feature-liga-off font-feature-clig-off font-feature-calt-off text-decoration-none text-strikethrough-none\">Este mon\u00f3logo de David Botello es un stand-up hist\u00f3rico y c\u00f3mico sobre el primer Borb\u00f3n en el trono de Espa\u00f1a. <\/span><span class=\"OYPEnA font-feature-liga-off font-feature-clig-off font-feature-calt-off text-decoration-none text-strikethrough-none\">Hasta el 27 de octubre todos los domingos, con funci\u00f3n este <strong>domingo 22<\/strong> a la 13h en el <strong>Teatro Lara<\/strong>. Toda la info y entradas <a href=\"https:\/\/teatrolara.com\/programacion\/felipe-v\">aqu\u00ed.&nbsp;<\/a><\/span><\/p>\n\n\n\n<h3 class=\"wp-block-heading\"><span class=\"OYPEnA font-feature-liga-off font-feature-clig-off font-feature-calt-off text-decoration-none text-strikethrough-none\">\u201cSolitudes\u201d de Kulunka<\/span><\/h3>\n\n\n\n<p><span class=\"OYPEnA font-feature-liga-off font-feature-clig-off font-feature-calt-off text-decoration-none text-strikethrough-none\">La obra, homenaje que celebra los 15 a\u00f1os de la compa\u00f1\u00eda teatral internacional, explora, con humor, la soledad y la incomunicaci\u00f3n familiar a trav\u00e9s de un anciano que lucha por sus sencillos deseos. Disponible <strong>solo este finde en el Teatro Espa\u00f1ol<\/strong>. Entradas desde 6 euros. Toda la info y entradas <a href=\"https:\/\/kulunkateatro.com\/portfolio\/solitudes\/\">aqu\u00ed.&nbsp;<\/a><\/span><\/p>\n\n\n\n<h2 class=\"wp-block-heading\">Fiestas en Madrid<\/h2>\n\n\n\n<figure class=\"wp-block-image size-large td-caption-align-https:\/\/www.vidademadrid.com\/es\/wp-content\/uploads\/2024\/07\/Fiestas-populares.jpg\"><a href=\"https:\/\/www.vidademadrid.com\/es\/wp-content\/uploads\/2024\/07\/Fiestas-populares.jpg\"><img loading=\"lazy\" decoding=\"async\" width=\"1024\" height=\"512\" src=\"https:\/\/www.vidademadrid.com\/es\/wp-content\/uploads\/2024\/07\/Fiestas-populares-1024x512.jpg\" alt=\"\" class=\"wp-image-57110\" srcset=\"https:\/\/www.vidademadrid.com\/es\/wp-content\/uploads\/2024\/07\/Fiestas-populares-1024x512.jpg 1024w, https:\/\/www.vidademadrid.com\/es\/wp-content\/uploads\/2024\/07\/Fiestas-populares-300x150.jpg 300w, https:\/\/www.vidademadrid.com\/es\/wp-content\/uploads\/2024\/07\/Fiestas-populares-768x384.jpg 768w, https:\/\/www.vidademadrid.com\/es\/wp-content\/uploads\/2024\/07\/Fiestas-populares-696x348.jpg 696w, https:\/\/www.vidademadrid.com\/es\/wp-content\/uploads\/2024\/07\/Fiestas-populares-1068x534.jpg 1068w, https:\/\/www.vidademadrid.com\/es\/wp-content\/uploads\/2024\/07\/Fiestas-populares-840x420.jpg 840w, https:\/\/www.vidademadrid.com\/es\/wp-content\/uploads\/2024\/07\/Fiestas-populares.jpg 1200w\" sizes=\"auto, (max-width: 1024px) 100vw, 1024px\" \/><\/a><figcaption>Foto: esmadrid <\/figcaption><\/figure>\n\n\n\n<p>Este fin de semana podr\u00e1s disfrutar de un programa completo con conciertos y actividades en:<\/p>\n\n\n\n<ul class=\"wp-block-list\"><li class=\"cvGsUA direction-ltr align-center para-style-body\"><strong><span class=\"OYPEnA font-feature-liga-off font-feature-clig-off font-feature-calt-off text-decoration-none text-strikethrough-none\">Barajas<\/span><\/strong><span class=\"OYPEnA font-feature-liga-off font-feature-clig-off font-feature-calt-off text-decoration-none text-strikethrough-none\">, cierre de las fiestas con actos religiosos. Programa completo <a href=\"http:\/\/chrome-extension:\/\/efaidnbmnnnibpcajpcglclefindmkaj\/https:\/\/diario.madrid.es\/wp-content\/uploads\/2022\/09\/Programa-fiestas-distrito-de-Barajas.pdf\" data-wplink-url-error=\"true\">aqu\u00ed.&nbsp;<\/a><\/span><\/li><li class=\"cvGsUA direction-ltr align-center para-style-body\"><strong>Chamart\u00edn<\/strong><span class=\"OYPEnA font-feature-liga-off font-feature-clig-off font-feature-calt-off text-decoration-none text-strikethrough-none\" style=\"color: initial;\">, comienzo de las fiestas de San Miguel. <span class=\"OYPEnA font-feature-liga-off font-feature-clig-off font-feature-calt-off text-decoration-none text-strikethrough-none\">Programa completo <a href=\"http:\/\/chrome-extension:\/\/efaidnbmnnnibpcajpcglclefindmkaj\/https:\/\/diario.madrid.es\/wp-content\/uploads\/2022\/09\/Programa-Fiestas-San-Miguel-22-Chamartin.pdf\" data-wplink-url-error=\"true\">aqu\u00ed.<\/a><\/span><\/span><\/li><li class=\"cvGsUA direction-ltr align-center para-style-body\"><strong>Lucero<\/strong><span class=\"OYPEnA font-feature-liga-off font-feature-clig-off font-feature-calt-off text-decoration-none text-strikethrough-none\" style=\"color: initial;\">, fiestas vecinales con talleres, conciertos, fiesta de colores. <span class=\"OYPEnA font-feature-liga-off font-feature-clig-off font-feature-calt-off text-decoration-none text-strikethrough-none\">Programa completo <a href=\"http:\/\/chrome-extension:\/\/efaidnbmnnnibpcajpcglclefindmkaj\/https:\/\/site.educa.madrid.org\/cpm.teresaberganza.madrid\/\/wp-content\/uploads\/cpm.teresaberganza.madrid\/2024\/09\/fiestas_lucero_2024.pdf\" data-wplink-url-error=\"true\">aqu\u00ed.<\/a><\/span><\/span><\/li><li class=\"cvGsUA direction-ltr align-center para-style-body\"><strong>Hortaleza<\/strong><span class=\"OYPEnA font-feature-liga-off font-feature-clig-off font-feature-calt-off text-decoration-none text-strikethrough-none\" style=\"color: initial;\">, fiestas vecinales de la colonia El Bosque.&nbsp;<\/span><\/li><\/ul>\n\n\n\n<p><span class=\"OYPEnA font-feature-liga-off font-feature-clig-off font-feature-calt-off text-decoration-none text-strikethrough-none\">En otras localidades de la Comunidad de Madrid:<\/span><\/p>\n\n\n\n<ul class=\"wp-block-list\"><li class=\"cvGsUA direction-ltr align-center para-style-body\"><strong><span class=\"OYPEnA font-feature-liga-off font-feature-clig-off font-feature-calt-off text-decoration-none text-strikethrough-none\">Las Rozas<\/span><\/strong><span class=\"OYPEnA font-feature-liga-off font-feature-clig-off font-feature-calt-off text-decoration-none text-strikethrough-none\">, comienzo de fiestas con campeonatos y desfile gaiteros. Programa completo <a href=\"http:\/\/chrome-extension:\/\/efaidnbmnnnibpcajpcglclefindmkaj\/https:\/\/www.lasrozas.es\/sites\/default\/files\/inline-files\/Programa%20PROVISIONAL%20San%20Miguel%202024.pdf\" data-wplink-url-error=\"true\">aqu\u00ed.<\/a><\/span><\/li><li class=\"cvGsUA direction-ltr align-center para-style-body\"><strong>Majadahonda<\/strong><span class=\"OYPEnA font-feature-liga-off font-feature-clig-off font-feature-calt-off text-decoration-none text-strikethrough-none\" style=\"color: initial;\">, fiestas con Camela, Caf\u00e9 Quijano, Mikel Erentxun. <span class=\"OYPEnA font-feature-liga-off font-feature-clig-off font-feature-calt-off text-decoration-none text-strikethrough-none\">Programa completo <a href=\"http:\/\/chrome-extension:\/\/efaidnbmnnnibpcajpcglclefindmkaj\/https:\/\/www.majadahonda.org\/documents\/36614\/2095725\/Fiestas-2024.pdf\/708eb8f0-69c6-ee6e-5ced-99c9c08a31c4\" data-wplink-url-error=\"true\">aqu\u00ed.<\/a><\/span><\/span><\/li><li class=\"cvGsUA direction-ltr align-center para-style-body\"><strong>Tres Cantos<\/strong><span class=\"OYPEnA font-feature-liga-off font-feature-clig-off font-feature-calt-off text-decoration-none text-strikethrough-none\" style=\"color: initial;\">, fiestas con dj session, baile y exhibiciones. <span class=\"OYPEnA font-feature-liga-off font-feature-clig-off font-feature-calt-off text-decoration-none text-strikethrough-none\">Programa completo <a href=\"http:\/\/chrome-extension:\/\/efaidnbmnnnibpcajpcglclefindmkaj\/https:\/\/web.trescantos.es\/contenido\/fondo-documental\/2024Septiembre.pdf\" data-wplink-url-error=\"true\">aqu\u00ed.<\/a><\/span><\/span><\/li><li class=\"cvGsUA direction-ltr align-center para-style-body\"><strong>Villaviciosa de Od\u00f3n<\/strong><span class=\"OYPEnA font-feature-liga-off font-feature-clig-off font-feature-calt-off text-decoration-none text-strikethrough-none\" style=\"color: initial;\">, fiestas con Abraham Mateo, torneos y aperitivo. <span class=\"OYPEnA font-feature-liga-off font-feature-clig-off font-feature-calt-off text-decoration-none text-strikethrough-none\">Programa completo <a href=\"http:\/\/chrome-extension:\/\/efaidnbmnnnibpcajpcglclefindmkaj\/https:\/\/www.aytovillaviciosadeodon.es\/documents\/22602\/5114502\/Programaci%C3%B3n+Fiestas+2024\/1304d496-0d73-469c-b3b6-630a60d64b8b\" data-wplink-url-error=\"true\">aqu\u00ed.<\/a><\/span><\/span><\/li><li class=\"cvGsUA direction-ltr align-center para-style-body\"><strong>Sevilla La Nueva<\/strong><span class=\"OYPEnA font-feature-liga-off font-feature-clig-off font-feature-calt-off text-decoration-none text-strikethrough-none\" style=\"color: initial;\">, fiestas con Tributo Gipsy King, Rock Dealers, DJ Toni. <span class=\"OYPEnA font-feature-liga-off font-feature-clig-off font-feature-calt-off text-decoration-none text-strikethrough-none\">Programa completo <a href=\"https:\/\/www.sevillalanueva.es\/noticia\/cuenta-atras-para-las-fiestas-patronales-de-sevilla-la-nueva-2024\/\">aqu\u00ed.<\/a><\/span><\/span><\/li><li class=\"cvGsUA direction-ltr align-center para-style-body\"><strong>Alpedrete<\/strong><span class=\"OYPEnA font-feature-liga-off font-feature-clig-off font-feature-calt-off text-decoration-none text-strikethrough-none\" style=\"color: initial;\">, nueva edici\u00f3n del Mercado Medieval.&nbsp;<\/span><\/li><\/ul>\n\n\n\n<h2 class=\"wp-block-heading\">\u00daltima oportunidad para disfrutar de&#8230;<\/h2>\n\n\n\n<h3 class=\"wp-block-heading\"><span class=\"OYPEnA font-feature-liga-off font-feature-clig-off font-feature-calt-off text-decoration-none text-strikethrough-none\">Obra teatral \u201cLa comedia de los errores\u201d<\/span><\/h3>\n\n\n\n<p><span class=\"OYPEnA font-feature-liga-off font-feature-clig-off font-feature-calt-off text-decoration-none text-strikethrough-none\">Esta c<strong>omedia de Shakespeare<\/strong>, protagonizada por Pep\u00f3n Nieto y Antonio Pagudo, narra enredos y confusiones c\u00f3micas entre dos pares de gemelos id\u00e9nticos separados al nacer. La trama est\u00e1 llena de malentendidos y situaciones hilarantes. Disponible en el T<strong>eatro La Latina desde 12 euros<\/strong>. Toda la info <a href=\"https:\/\/www.teatrolalatina.es\/obra-de-teatro\/la-comedia-de-los-errores\/\">aqu\u00ed.&nbsp;<\/a><\/span><\/p>\n\n\n\n<h3 class=\"wp-block-heading\"><span class=\"OYPEnA font-feature-liga-off font-feature-clig-off font-feature-calt-off text-decoration-none text-strikethrough-none\">Arte y transformaciones en Espa\u00f1a<\/span><\/h3>\n\n\n\n<p><span class=\"OYPEnA font-feature-liga-off font-feature-clig-off font-feature-calt-off text-decoration-none text-strikethrough-none\">Esta muestra ofrece la visi\u00f3n de c\u00f3mo los artistas capturaron la transformaci\u00f3n social en Espa\u00f1a entre 1885 y 1910, destacando el cambio del enfoque en pintura de historia a temas sociales. Presenta casi 300 obras, muchas in\u00e9ditas. Disponible por <strong>15 euros en el Museo del Prado<\/strong>. Toda la info <a href=\"https:\/\/www.museodelprado.es\/actualidad\/exposicion\/arte-y-transformaciones-sociales-en-espaa\/3f0ff56e-a6bc-9f45-a53c-32d1264367a7\">aqu\u00ed.&nbsp;<\/a><\/span><\/p>\n\n\n\n<h2 class=\"wp-block-heading\">Restaurantes para el finde<\/h2>\n\n\n\n<h3 class=\"wp-block-heading\">Momus<\/h3>\n\n\n\n<p><span class=\"OYPEnA font-feature-liga-off font-feature-clig-off font-feature-calt-off text-decoration-none text-strikethrough-none\">Una de las mejores cocteler\u00edas de Madrid ubicadas en pleno <strong>Chueca<\/strong>, con una original carta donde cada trago est\u00e1 representado por un dibujo, para seguir viendo la vida a trav\u00e9s de los ojos de un ni\u00f1o. Su<strong> Kingston Negroni ha sido premiado como mejor c\u00f3ctel 2023<\/strong> en la ciudad. Descubre nuestra experiencia completa en nuestras <a href=\"https:\/\/www.instagram.com\/stories\/highlights\/18462241480054820\/\">IG stories.&nbsp;<\/a><\/span><\/p>\n\n\n\n<h2 class=\"wp-block-heading\">M\u00e1s planes<\/h2>\n\n\n\n<script async src=\"https:\/\/pagead2.googlesyndication.com\/pagead\/js\/adsbygoogle.js\"><\/script> <ins class=\"adsbygoogle\" style=\"display:block; text-align:center;\" data-ad-layout=\"in-article\" data-ad-format=\"fluid\" data-ad-client=\"ca-pub-7450064428034605\" data-ad-slot=\"5670045061\"><\/ins> <script>(adsbygoogle = window.adsbygoogle || []).push({});<\/script>\n\n\n\n\n<p>Como siempre, tenemos muchas m\u00e1s propuestas de planes en Vida de Madrid. Puedes consultar el listado completo de planes&nbsp;en nuestra&nbsp;<a href=\"https:\/\/www.vidademadrid.com\/es\/57178\/agenda-agosto-2024-madrid-planes-eventos\/\">agenda del mes<\/a><a href=\"https:\/\/www.vidademadrid.com\/es\/52298\/agenda-septiembre-2023-madrid\/\">&nbsp;<\/a>y en el&nbsp;<a href=\"http:\/\/vidademadrid.com\/planes\">especial Planes<\/a>. No te pierdas los eventos del momento en nuestras redes: puedes seguir <a href=\"https:\/\/www.instagram.com\/VidaDeMadrid\/\">los reportajes diarios en IG Stories @vidademadrid<\/a>\u2026 y m\u00e1s contenido en <a href=\"https:\/\/www.tiktok.com\/@vida_demadrid\">TikTok<\/a>.<\/p>\n","protected":false},"excerpt":{"rendered":"<p>Tren de Felipe II, actividades por la Semana de la Movilidad, nuevas exposiciones y m\u00e1s. <\/p>\n","protected":false},"author":13,"featured_media":57667,"comment_status":"open","ping_status":"open","sticky":false,"template":"","format":"standard","meta":{"footnotes":""},"categories":[187,194,119],"tags":[],"class_list":{"0":"post-57658","1":"post","2":"type-post","3":"status-publish","4":"format-standard","5":"has-post-thumbnail","7":"category-madrid-hoy","8":"category-planes-del-fin-de-semana-madrid","9":"category-portada"},"_links":{"self":[{"href":"https:\/\/www.vidademadrid.com\/es\/wp-json\/wp\/v2\/posts\/57658","targetHints":{"allow":["GET"]}}],"collection":[{"href":"https:\/\/www.vidademadrid.com\/es\/wp-json\/wp\/v2\/posts"}],"about":[{"href":"https:\/\/www.vidademadrid.com\/es\/wp-json\/wp\/v2\/types\/post"}],"author":[{"embeddable":true,"href":"https:\/\/www.vidademadrid.com\/es\/wp-json\/wp\/v2\/users\/13"}],"replies":[{"embeddable":true,"href":"https:\/\/www.vidademadrid.com\/es\/wp-json\/wp\/v2\/comments?post=57658"}],"version-history":[{"count":5,"href":"https:\/\/www.vidademadrid.com\/es\/wp-json\/wp\/v2\/posts\/57658\/revisions"}],"predecessor-version":[{"id":57668,"href":"https:\/\/www.vidademadrid.com\/es\/wp-json\/wp\/v2\/posts\/57658\/revisions\/57668"}],"wp:featuredmedia":[{"embeddable":true,"href":"https:\/\/www.vidademadrid.com\/es\/wp-json\/wp\/v2\/media\/57667"}],"wp:attachment":[{"href":"https:\/\/www.vidademadrid.com\/es\/wp-json\/wp\/v2\/media?parent=57658"}],"wp:term":[{"taxonomy":"category","embeddable":true,"href":"https:\/\/www.vidademadrid.com\/es\/wp-json\/wp\/v2\/categories?post=57658"},{"taxonomy":"post_tag","embeddable":true,"href":"https:\/\/www.vidademadrid.com\/es\/wp-json\/wp\/v2\/tags?post=57658"}],"curies":[{"name":"wp","href":"https:\/\/api.w.org\/{rel}","templated":true}]}}