{"id":57636,"date":"2024-09-17T10:41:19","date_gmt":"2024-09-17T08:41:19","guid":{"rendered":"https:\/\/www.vidademadrid.com\/es\/?p=57636"},"modified":"2024-09-17T10:41:22","modified_gmt":"2024-09-17T08:41:22","slug":"exposicion-marvel-universe-of-super-heroes-madrid-fechas-entradas-2024","status":"publish","type":"post","link":"https:\/\/www.vidademadrid.com\/es\/57636\/exposicion-marvel-universe-of-super-heroes-madrid-fechas-entradas-2024\/","title":{"rendered":"Una gran exposici\u00f3n de Marvel con m\u00e1s de 200 piezas originales llega a Madrid"},"content":{"rendered":"<p>Este oto\u00f1o Madrid ser\u00e1 la sede de la gran exposici\u00f3n <strong>\u00abMarvel: Universe of Super Heroes\u00bb\u00a0<\/strong>una muestra que celebra el impacto cultural de Marvel con piezas originales que recorren sus 85 a\u00f1os de historia.\u00a0<\/p>\n<h2 class=\"p1\">\u00abMarvel: Universe of Super Heroes\u00bb en Madrid<\/h2>\n<p><script async=\"\" src=\"https:\/\/pagead2.googlesyndication.com\/pagead\/js\/adsbygoogle.js\"><\/script> <ins class=\"adsbygoogle\" style=\"display: block;\" data-ad-format=\"fluid\" data-ad-layout-key=\"-7f+eo+1+2-5\" data-ad-client=\"ca-pub-7450064428034605\" data-ad-slot=\"7327027071\"><\/ins><script>(adsbygoogle = window.adsbygoogle || []).push({});<\/script><\/p>\n<p>La exposici\u00f3n <strong>\u00abMarvel: Universe of Super Heroes\u00bb\u00a0<\/strong>cuenta con m\u00e1s de\u00a0<strong>200 de piezas originales\u00a0<\/strong>entre los que se incluyen elementos de\u00a0<strong>vestuario, accesorios y obras,\u00a0<\/strong>muchas de ellas nunca han sido expuestas al p\u00fablico.\u00a0<\/p>\n<p><strong>\u00abMarvel: Universe of Super Heroes\u00bb\u00a0<\/strong>recorre la historia de la compa\u00f1\u00eda y su impacto en la cultura visual de la mano de sus personajes ic\u00f3nicos como\u00a0<strong>Capit\u00e1n Am\u00e9rica, Spider-Man, Black Panther, Capitana Marvel o Doctor Strange.\u00a0<\/strong><\/p>\n<p>Esta exposici\u00f3n adentrar\u00e1 a sus visitantes en el Universo Marvel y tendr\u00e1n la oportunidad de viajar a trav\u00e9s de la misteriosa dimensi\u00f3n espejo de Doctor Strange; ver bocetos, accesorios y vestuarios e incluso entrar en el\u00a0<strong>laboratorio de Tony Stark.\u00a0<\/strong><\/p>\n<h2>\u00abMarvel: Universe of Super Heroes\u00bb: fechas y entradas<\/h2>\n<p><script async=\"\" src=\"https:\/\/pagead2.googlesyndication.com\/pagead\/js\/adsbygoogle.js\"><\/script> <ins class=\"adsbygoogle\" style=\"display: block; text-align: center;\" data-ad-layout=\"in-article\" data-ad-format=\"fluid\" data-ad-client=\"ca-pub-7450064428034605\" data-ad-slot=\"5670045061\"><\/ins> <script>(adsbygoogle = window.adsbygoogle || []).push({});<\/script><\/p>\n<p>La exposici\u00f3n <strong>\u00abMarvel: Universe of Super Heroes\u00bb\u00a0<\/strong>se podr\u00e1 visitar en el Pabell\u00f3n 2 del Recinto Ferial de IFEMA Madrid (Metro Feria de Madrid) a partir del\u00a0<strong>15 de noviembre de 2024.\u00a0<\/strong><\/p>\n<p>Las entradas van desde los\u00a0<strong>14,90 euros\u00a0<\/strong>y saldr\u00e1n a la venta el\u00a0<strong>24 de septiembre de 2024.\u00a0<\/strong>Si quieres ser de los primeros en visitar la exposici\u00f3n ap\u00fantate a la lista de espera en este <a href=\"https:\/\/www.superhero-exhibition.com\/es\/\">enlace<\/a>.\u00a0<\/p>\n\n\n<p><\/p>\n","protected":false},"excerpt":{"rendered":"<p>La exposici\u00f3n recorre la historia de Marvel. <\/p>\n","protected":false},"author":15,"featured_media":57637,"comment_status":"open","ping_status":"open","sticky":false,"template":"","format":"standard","meta":{"footnotes":""},"categories":[111],"tags":[],"class_list":{"0":"post-57636","1":"post","2":"type-post","3":"status-publish","4":"format-standard","5":"has-post-thumbnail","7":"category-exposiciones-madrid"},"_links":{"self":[{"href":"https:\/\/www.vidademadrid.com\/es\/wp-json\/wp\/v2\/posts\/57636","targetHints":{"allow":["GET"]}}],"collection":[{"href":"https:\/\/www.vidademadrid.com\/es\/wp-json\/wp\/v2\/posts"}],"about":[{"href":"https:\/\/www.vidademadrid.com\/es\/wp-json\/wp\/v2\/types\/post"}],"author":[{"embeddable":true,"href":"https:\/\/www.vidademadrid.com\/es\/wp-json\/wp\/v2\/users\/15"}],"replies":[{"embeddable":true,"href":"https:\/\/www.vidademadrid.com\/es\/wp-json\/wp\/v2\/comments?post=57636"}],"version-history":[{"count":2,"href":"https:\/\/www.vidademadrid.com\/es\/wp-json\/wp\/v2\/posts\/57636\/revisions"}],"predecessor-version":[{"id":57639,"href":"https:\/\/www.vidademadrid.com\/es\/wp-json\/wp\/v2\/posts\/57636\/revisions\/57639"}],"wp:featuredmedia":[{"embeddable":true,"href":"https:\/\/www.vidademadrid.com\/es\/wp-json\/wp\/v2\/media\/57637"}],"wp:attachment":[{"href":"https:\/\/www.vidademadrid.com\/es\/wp-json\/wp\/v2\/media?parent=57636"}],"wp:term":[{"taxonomy":"category","embeddable":true,"href":"https:\/\/www.vidademadrid.com\/es\/wp-json\/wp\/v2\/categories?post=57636"},{"taxonomy":"post_tag","embeddable":true,"href":"https:\/\/www.vidademadrid.com\/es\/wp-json\/wp\/v2\/tags?post=57636"}],"curies":[{"name":"wp","href":"https:\/\/api.w.org\/{rel}","templated":true}]}}