{"id":57491,"date":"2024-09-05T10:56:13","date_gmt":"2024-09-05T08:56:13","guid":{"rendered":"https:\/\/www.vidademadrid.com\/es\/?p=57491"},"modified":"2024-09-05T10:56:16","modified_gmt":"2024-09-05T08:56:16","slug":"la-funcion-que-sale-mal-vuelve-a-madrid-fechas-entradas-2024","status":"publish","type":"post","link":"https:\/\/www.vidademadrid.com\/es\/57491\/la-funcion-que-sale-mal-vuelve-a-madrid-fechas-entradas-2024\/","title":{"rendered":"\u00abLa funci\u00f3n que sale mal\u00bb comienza su sexta temporada en Madrid"},"content":{"rendered":"<p><strong>\u00abLa funci\u00f3n que sale mal\u00bb,&nbsp;<\/strong>la comedia m\u00e1s divertida del mundo, vuelve a Madrid con su sexta temporada. Te contamos toda la informaci\u00f3n en este art\u00edculo.&nbsp;<\/p>\n<h2>\u00abLa funci\u00f3n que sale mal\u00bb vuelve a Madrid&nbsp;<\/h2>\n<p><script async=\"\" src=\"https:\/\/pagead2.googlesyndication.com\/pagead\/js\/adsbygoogle.js\"><\/script> <ins class=\"adsbygoogle\" style=\"display:block\" data-ad-format=\"fluid\" data-ad-layout-key=\"-7f+eo+1+2-5\" data-ad-client=\"ca-pub-7450064428034605\" data-ad-slot=\"7327027071\"><\/ins><script>(adsbygoogle = window.adsbygoogle || []).push({});<\/script>La puesta en escena que ha cautivado a m\u00e1s de&nbsp;<strong>450 mil espectadores&nbsp;<\/strong>vuelve a Madrid. La sexta temporada de&nbsp;<strong>\u00abLa funci\u00f3n que sale mal\u00bb&nbsp;<\/strong>volver\u00e1 al Teatro Amaya este oto\u00f1o.&nbsp;<\/p>\n<p><strong>\u00abLa funci\u00f3n que sale mal\u00bb&nbsp;<\/strong>es una mezcla de&nbsp;<em>Monty Python&nbsp;<\/em>y&nbsp;<em>Sherlock Holmes<\/em> y presenta un grupo de teatro&nbsp;<em>amateur<\/em> en el estreno de su obra de misterio en la que todo lo que puede salir mal, \u00a1sale mal!&nbsp;<\/p>\n<p>Est\u00e1 recomendada para todos los p\u00fablicos y tiene una duraci\u00f3n de 1 hora y 40 minutos sin descanso.&nbsp;<\/p>\n<h2>Fechas y entradas<\/h2>\n<p><script async=\"\" src=\"https:\/\/pagead2.googlesyndication.com\/pagead\/js\/adsbygoogle.js\"><\/script> <ins class=\"adsbygoogle\" style=\"display:block; text-align:center;\" data-ad-layout=\"in-article\" data-ad-format=\"fluid\" data-ad-client=\"ca-pub-7450064428034605\" data-ad-slot=\"5670045061\"><\/ins> <script>(adsbygoogle = window.adsbygoogle || []).push({});<\/script><strong>\u00abLa funci\u00f3n que sale mal\u00bb&nbsp;<\/strong>volver\u00e1 al&nbsp;<strong>Teatro Amaya<\/strong> (Metro Iglesia) el <strong>19 de septiembre de 2024.&nbsp;<\/strong>Habr\u00e1 funciones de martes a domingo.<\/p>\n<p>Las entradas ya se encuentran a la venta desde los 22 euros. Se pueden comprar en este <a href=\"https:\/\/lafuncionquesalemal.janto.es\/espectaculo\/la-funcion-que-sale-mal\/LFQSM\">enlace<\/a>.&nbsp;<\/p>\n","protected":false},"excerpt":{"rendered":"<p>Las entradas ya est\u00e1n a la venta. <\/p>\n","protected":false},"author":15,"featured_media":57492,"comment_status":"open","ping_status":"open","sticky":false,"template":"","format":"standard","meta":{"footnotes":""},"categories":[111],"tags":[],"class_list":{"0":"post-57491","1":"post","2":"type-post","3":"status-publish","4":"format-standard","5":"has-post-thumbnail","7":"category-exposiciones-madrid"},"_links":{"self":[{"href":"https:\/\/www.vidademadrid.com\/es\/wp-json\/wp\/v2\/posts\/57491","targetHints":{"allow":["GET"]}}],"collection":[{"href":"https:\/\/www.vidademadrid.com\/es\/wp-json\/wp\/v2\/posts"}],"about":[{"href":"https:\/\/www.vidademadrid.com\/es\/wp-json\/wp\/v2\/types\/post"}],"author":[{"embeddable":true,"href":"https:\/\/www.vidademadrid.com\/es\/wp-json\/wp\/v2\/users\/15"}],"replies":[{"embeddable":true,"href":"https:\/\/www.vidademadrid.com\/es\/wp-json\/wp\/v2\/comments?post=57491"}],"version-history":[{"count":3,"href":"https:\/\/www.vidademadrid.com\/es\/wp-json\/wp\/v2\/posts\/57491\/revisions"}],"predecessor-version":[{"id":57561,"href":"https:\/\/www.vidademadrid.com\/es\/wp-json\/wp\/v2\/posts\/57491\/revisions\/57561"}],"wp:featuredmedia":[{"embeddable":true,"href":"https:\/\/www.vidademadrid.com\/es\/wp-json\/wp\/v2\/media\/57492"}],"wp:attachment":[{"href":"https:\/\/www.vidademadrid.com\/es\/wp-json\/wp\/v2\/media?parent=57491"}],"wp:term":[{"taxonomy":"category","embeddable":true,"href":"https:\/\/www.vidademadrid.com\/es\/wp-json\/wp\/v2\/categories?post=57491"},{"taxonomy":"post_tag","embeddable":true,"href":"https:\/\/www.vidademadrid.com\/es\/wp-json\/wp\/v2\/tags?post=57491"}],"curies":[{"name":"wp","href":"https:\/\/api.w.org\/{rel}","templated":true}]}}