{"id":57463,"date":"2024-09-03T11:38:12","date_gmt":"2024-09-03T09:38:12","guid":{"rendered":"https:\/\/www.vidademadrid.com\/es\/?p=57463"},"modified":"2024-09-10T16:21:03","modified_gmt":"2024-09-10T14:21:03","slug":"exposicion-cartas-de-colon-america-casa-de-alba-entradas-fecha-2024","status":"publish","type":"post","link":"https:\/\/www.vidademadrid.com\/es\/57463\/exposicion-cartas-de-colon-america-casa-de-alba-entradas-fecha-2024\/","title":{"rendered":"La exposici\u00f3n \u00abCartas de Col\u00f3n. Am\u00e9rica en la Casa de Alba\u00bb llega al Palacio de Liria"},"content":{"rendered":"<p>El&nbsp;<strong>Palacio de Liria&nbsp;<\/strong>albergar\u00e1 la nueva exposici\u00f3n&nbsp;<strong>\u00abCartas de Col\u00f3n. Am\u00e9rica en la Casa de Alba\u00bb,&nbsp;<\/strong>que explora el patrimonio americano de la colecci\u00f3n de la Fundaci\u00f3n Casa de Alba.&nbsp;<\/p>\n<h2>\u00abCartas de Col\u00f3n. Am\u00e9rica en la Casa de Alba\u00bb<\/h2>\n<p><script data-wid=\"auto\" type=\"text\/javascript\" src=\"https:\/\/content.viralize.tv\/display\/?zid=AAFp9jxPDaxQ3F4h\"><\/script><\/p>\n<p>La exposici\u00f3n&nbsp;<strong>\u00abCartas de Col\u00f3n. Am\u00e9rica en la Casa de Alba\u00bb&nbsp;<\/strong>explora el patrimonio americano de la colecci\u00f3n de la Fundaci\u00f3n Casa de Alba y descubre el v\u00ednculo de la familia con Am\u00e9rica desde el siglo XV.&nbsp;<\/p>\n<p>A trav\u00e9s de un recorrido con m\u00e1s de 150 piezas entre las que destacan 20 cartas de Crist\u00f3bal Col\u00f3n, los visitantes podr\u00e1n conocer el patrimonio hist\u00f3rico y art\u00edstico que ofrece informaci\u00f3n sobre los viajes colombinos, la etapa virreinal, la relaci\u00f3n de Cristobal Col\u00f3n con los Reyes y m\u00e1s.&nbsp;<\/p>\n<p>Adem\u00e1s se mostrar\u00e1n retratos in\u00e9ditos de Crist\u00f3bal Col\u00f3n y, por primera vez, se expone el Privilegio y el primer escudo concedido a Col\u00f3n por parte de los Reyes Cat\u00f3licos.&nbsp;<\/p>\n<h2>Visita la exposici\u00f3n<\/h2>\n<p>La exposici\u00f3n&nbsp;<strong>\u00abCartas de Col\u00f3n. Am\u00e9rica en la Casa de Alba\u00bb&nbsp;<\/strong>se podr\u00e1 visitar a partir del 19 de septiembre en el Palacio de Liria (Metro Plaza de Espa\u00f1a \/ Ventura Rodr\u00edguez).&nbsp;<\/p>\n<p>El precio de la entrada es de 18 euros.&nbsp;<\/p>\n","protected":false},"excerpt":{"rendered":"<p>Se podr\u00e1 visitar a partir del 19 de septiembre. <\/p>\n","protected":false},"author":15,"featured_media":57464,"comment_status":"open","ping_status":"open","sticky":false,"template":"","format":"standard","meta":{"footnotes":""},"categories":[111,115],"tags":[],"class_list":{"0":"post-57463","1":"post","2":"type-post","3":"status-publish","4":"format-standard","5":"has-post-thumbnail","7":"category-exposiciones-madrid","8":"category-planes-del-momento-madrid"},"_links":{"self":[{"href":"https:\/\/www.vidademadrid.com\/es\/wp-json\/wp\/v2\/posts\/57463","targetHints":{"allow":["GET"]}}],"collection":[{"href":"https:\/\/www.vidademadrid.com\/es\/wp-json\/wp\/v2\/posts"}],"about":[{"href":"https:\/\/www.vidademadrid.com\/es\/wp-json\/wp\/v2\/types\/post"}],"author":[{"embeddable":true,"href":"https:\/\/www.vidademadrid.com\/es\/wp-json\/wp\/v2\/users\/15"}],"replies":[{"embeddable":true,"href":"https:\/\/www.vidademadrid.com\/es\/wp-json\/wp\/v2\/comments?post=57463"}],"version-history":[{"count":3,"href":"https:\/\/www.vidademadrid.com\/es\/wp-json\/wp\/v2\/posts\/57463\/revisions"}],"predecessor-version":[{"id":57513,"href":"https:\/\/www.vidademadrid.com\/es\/wp-json\/wp\/v2\/posts\/57463\/revisions\/57513"}],"wp:featuredmedia":[{"embeddable":true,"href":"https:\/\/www.vidademadrid.com\/es\/wp-json\/wp\/v2\/media\/57464"}],"wp:attachment":[{"href":"https:\/\/www.vidademadrid.com\/es\/wp-json\/wp\/v2\/media?parent=57463"}],"wp:term":[{"taxonomy":"category","embeddable":true,"href":"https:\/\/www.vidademadrid.com\/es\/wp-json\/wp\/v2\/categories?post=57463"},{"taxonomy":"post_tag","embeddable":true,"href":"https:\/\/www.vidademadrid.com\/es\/wp-json\/wp\/v2\/tags?post=57463"}],"curies":[{"name":"wp","href":"https:\/\/api.w.org\/{rel}","templated":true}]}}