{"id":57430,"date":"2024-09-02T12:38:40","date_gmt":"2024-09-02T10:38:40","guid":{"rendered":"https:\/\/www.vidademadrid.com\/es\/?p=57430"},"modified":"2024-09-04T23:23:49","modified_gmt":"2024-09-04T21:23:49","slug":"concierto-orquestra-metropolitana-lisboa-madrid-entradas-fechas-2024","status":"publish","type":"post","link":"https:\/\/www.vidademadrid.com\/es\/57430\/concierto-orquestra-metropolitana-lisboa-madrid-entradas-fechas-2024\/","title":{"rendered":"La Orquestra Metropolitana de Lisboa se presentar\u00e1 en concierto en Madrid"},"content":{"rendered":"<p>La\u00a0<strong>Orquestra Metropolitana de Lisboa <\/strong>volver\u00e1 a Espa\u00f1a con un concierto muy especial. El concierto\u00a0<em><strong>Portugal-Espa\u00f1a: 50 a\u00f1os de Cultura y Democracia\u00a0<\/strong><\/em>forma parte de las celebraciones por el 50\u00ba aniversario de la democracia en Portugal. Te contamos toda la informaci\u00f3n en este art\u00edculo.<\/p>\n<h2>Concierto Portugal-Espa\u00f1a: 50 a\u00f1os de Cultura y Democracia<\/h2>\n<div style=\"width: 480px;\" class=\"wp-video\"><!--[if lt IE 9]><script>document.createElement('video');<\/script><![endif]-->\n<video class=\"wp-video-shortcode\" id=\"video-57430-1\" width=\"480\" height=\"854\" preload=\"metadata\" controls=\"controls\"><source type=\"video\/mp4\" src=\"https:\/\/www.vidademadrid.com\/es\/wp-content\/uploads\/2024\/09\/portugal.mp4?_=1\" \/><a href=\"https:\/\/www.vidademadrid.com\/es\/wp-content\/uploads\/2024\/09\/portugal.mp4\">https:\/\/www.vidademadrid.com\/es\/wp-content\/uploads\/2024\/09\/portugal.mp4<\/a><\/video><\/div>\n<p>Este a\u00f1o, es el <strong>50\u00ba aniversario de la Revoluci\u00f3n de los Claveles\u00a0<\/strong>que termin\u00f3 con la instauraci\u00f3n de la democracia en Portugal. Para conmemorar este hecho, la <strong>Orquestra Metropolitana de Lisboa\u00a0<\/strong>interpretar\u00e1 un concierto en Madrid.<\/p>\n<p>Es la primera presentaci\u00f3n de este proyecto musical en\u00a0<strong>Espa\u00f1a\u00a0<\/strong>desde 2019 y es parte del programa que se llevar\u00e1 a cabo en Portugal y Espa\u00f1a en 2024 y 2025. Ser\u00e1 dirigida por Pedro Neves.<\/p>\n<p>\u00bfPor qu\u00e9 un concierto para celebrar la democracia portuguesa? Porque dos populares canciones fueron las que sirvieron como arranque del movimiento que acabo con la dictadura portuguesa: \u00abE Depois de Adeus\u00bb de Paulo de Carvalho, emitida la noche del 24 de abril de 1974, y \u00abGr\u00e1ndola Vila Morena\u00bb de Jos\u00e9 &#8216;Zeca&#8217; Afonso, emitida la ma\u00f1ana del 25 de abril del mismo a\u00f1o.<\/p>\n<h3>Programa<\/h3>\n<p>En este concierto se podr\u00e1 disfrutar de\u00a0<em>Hist\u00f3rias de Abril\u00a0<\/em>de Anne Victorino d&#8217;Alemida,\u00a0<em>Sinfonieta (Homenagem a Haydn)\u00a0<\/em>de Fernando Lopes Gra\u00e7a,\u00a0<em>El Amor Brujo\u00a0<\/em>de Manuel de Falla y\u00a0<em>Sinfonia Cl\u00e1ssica\u00a0<\/em>de Sergei Prokofiev.<\/p>\n<h2>Orquestra Metropolitana de Lisboa<\/h2>\n<p>La Orquestra Metropolitana de Lisboa es una de las principales orquestas de Portugal y tiene el prop\u00f3sito de confluir las misiones art\u00edstica, pedag\u00f3gica y c\u00edvica a trav\u00e9s de una visi\u00f3n amplia e integrada de todas las facetas del fen\u00f3meno musical. Su primera presentaci\u00f3n en p\u00fablico fue en 1992 en el Monasterio de los Jer\u00f3nimos.<\/p>\n<p>Se han presentado en distintos pa\u00edses como B\u00e9lgica, Italia, India, Corea del Sur, Tailandia, Austria, China, Cabo Verde, entre otros.<\/p>\n<h2>Fecha y entradas<\/h2>\n<p>El concierto ser\u00e1 el\u00a0<strong>6 de septiembre de 2024 a las 19.30 horas en el Auditorio Nacional de M\u00fasica <\/strong>(Metro Cruz del Rayo \/ Prosperidad).<\/p>\n<p>Las entradas tienen un precio simb\u00f3lico de\u00a0<strong>5 euros\u00a0<\/strong>y se pueden comprar en este <a href=\"https:\/\/www.auditorionacional.mcu.es\/es\/programacion\/embajada-de-portugal-portugal-espana-50-anos-de-cultura-y-democracia\">enlace<\/a>.<\/p>\n","protected":false},"excerpt":{"rendered":"<p>Se celebran 50 a\u00f1os de democracia en Portugal. <\/p>\n","protected":false},"author":15,"featured_media":57431,"comment_status":"open","ping_status":"open","sticky":false,"template":"","format":"standard","meta":{"footnotes":""},"categories":[11,111,115],"tags":[],"class_list":{"0":"post-57430","1":"post","2":"type-post","3":"status-publish","4":"format-standard","5":"has-post-thumbnail","7":"category-eventos-madrid","8":"category-exposiciones-madrid","9":"category-planes-del-momento-madrid"},"_links":{"self":[{"href":"https:\/\/www.vidademadrid.com\/es\/wp-json\/wp\/v2\/posts\/57430","targetHints":{"allow":["GET"]}}],"collection":[{"href":"https:\/\/www.vidademadrid.com\/es\/wp-json\/wp\/v2\/posts"}],"about":[{"href":"https:\/\/www.vidademadrid.com\/es\/wp-json\/wp\/v2\/types\/post"}],"author":[{"embeddable":true,"href":"https:\/\/www.vidademadrid.com\/es\/wp-json\/wp\/v2\/users\/15"}],"replies":[{"embeddable":true,"href":"https:\/\/www.vidademadrid.com\/es\/wp-json\/wp\/v2\/comments?post=57430"}],"version-history":[{"count":2,"href":"https:\/\/www.vidademadrid.com\/es\/wp-json\/wp\/v2\/posts\/57430\/revisions"}],"predecessor-version":[{"id":57472,"href":"https:\/\/www.vidademadrid.com\/es\/wp-json\/wp\/v2\/posts\/57430\/revisions\/57472"}],"wp:featuredmedia":[{"embeddable":true,"href":"https:\/\/www.vidademadrid.com\/es\/wp-json\/wp\/v2\/media\/57431"}],"wp:attachment":[{"href":"https:\/\/www.vidademadrid.com\/es\/wp-json\/wp\/v2\/media?parent=57430"}],"wp:term":[{"taxonomy":"category","embeddable":true,"href":"https:\/\/www.vidademadrid.com\/es\/wp-json\/wp\/v2\/categories?post=57430"},{"taxonomy":"post_tag","embeddable":true,"href":"https:\/\/www.vidademadrid.com\/es\/wp-json\/wp\/v2\/tags?post=57430"}],"curies":[{"name":"wp","href":"https:\/\/api.w.org\/{rel}","templated":true}]}}