{"id":57392,"date":"2024-08-29T21:36:59","date_gmt":"2024-08-29T19:36:59","guid":{"rendered":"https:\/\/www.vidademadrid.com\/es\/?p=57392"},"modified":"2025-10-04T14:51:44","modified_gmt":"2025-10-04T12:51:44","slug":"planes-para-este-fin-de-semana-en-madrid-30-31-de-agosto-y-1-de-septiembre","status":"publish","type":"post","link":"https:\/\/www.vidademadrid.com\/es\/57392\/planes-para-este-fin-de-semana-en-madrid-30-31-de-agosto-y-1-de-septiembre\/","title":{"rendered":"Planes para este fin de semana en Madrid: 30, 31 de agosto y 1 de septiembre"},"content":{"rendered":"\n<p>Este fin de semana nos despedimos de agosto y damos la bienvenida a septiembre. Ya seas de los que ya esta de vuelta a la rutina o no, estos d\u00edas te esperan novedades en Madrid como el nuevo espacio de Harry Potter que te har\u00e1 viajar a Hogwarts, el Real Mercado Medieval Siglo de Oro en Navalcarnero, Fiestas patronales en San Sebasti\u00e1n de los Reyes y Alcal\u00e1 de Henares y mucho m\u00e1s. Adem\u00e1s, si quieres empezar el mes de septiembre con buen pie te damos toda la info sobre los cursos de ingl\u00e9s de Number 16 School.\u00a0<\/p>\n\n\n\n<p>Como cada semana, en este art\u00edculo te hacemos una selecci\u00f3n de los mejores planes, fiestas y restaurantes para disfrutar este fin de semana <strong>30, 31 de agosto y 1 de septiembre&nbsp;de 2024 en Madrid.<\/strong><\/p>\n\n\n\n<h2 class=\"wp-block-heading\">Actividades&nbsp;<\/h2>\n\n\n\n<script async src=\"https:\/\/pagead2.googlesyndication.com\/pagead\/js\/adsbygoogle.js\"><\/script> <ins class=\"adsbygoogle\"  style=\"display:block\" data-ad-format=\"fluid\" data-ad-layout-key=\"-7f+eo+1+2-5\" data-ad-client=\"ca-pub-7450064428034605\" data-ad-slot=\"7327027071\"><\/ins><script>(adsbygoogle = window.adsbygoogle || []).push({});<\/script>\n\n\n\n\n<h3 class=\"wp-block-heading\"><span class=\"OYPEnA font-feature-liga-off font-feature-clig-off font-feature-calt-off text-decoration-none text-strikethrough-none\">Viaja a Hogwarts gratis con el nuevo espacio de Pr\u00edncipe P\u00edo&nbsp;<\/span><\/h3>\n\n\n\n<p><span class=\"OYPEnA font-feature-liga-off font-feature-clig-off font-feature-calt-off text-decoration-none text-strikethrough-none\">Solo este finde podr\u00e1s tomarte fotos en los ic\u00f3nicos escenarios dedicados a la pel\u00edcula de Harry Potter, en Paseo de la Florida, 2. Y el domingo a las 11 h se recrear\u00e1 la partida del Expreso de Hogwarts<\/span> <span class=\"OYPEnA font-feature-liga-off font-feature-clig-off font-feature-calt-off text-decoration-none text-strikethrough-none\">desde el And\u00e9n 9 y 3\/4 <\/span><span class=\"OYPEnA font-feature-liga-off font-feature-clig-off font-feature-calt-off text-decoration-none text-strikethrough-none\">en el <strong>Gran Teatro CaixaBank Pr\u00edncipe P\u00edo<\/strong>. Toda la info <a href=\"https:\/\/www.vidademadrid.com\/es\/57370\/regreso-a-hogwarts-madrid-lugar-hora\/\">aqu\u00ed.&nbsp;<\/a><\/span><\/p>\n\n\n<div class=\"wp-block-image\">\n<figure class=\"aligncenter\"><a href=\"https:\/\/www.vidademadrid.com\/es\/wp-content\/uploads\/2024\/08\/Harry-Potter-1.jpg\"><img loading=\"lazy\" decoding=\"async\" width=\"1200\" height=\"600\" src=\"https:\/\/www.vidademadrid.com\/es\/wp-content\/uploads\/2024\/08\/Harry-Potter-1.jpg\" alt=\"\" class=\"wp-image-57389\" srcset=\"https:\/\/www.vidademadrid.com\/es\/wp-content\/uploads\/2024\/08\/Harry-Potter-1.jpg 1200w, https:\/\/www.vidademadrid.com\/es\/wp-content\/uploads\/2024\/08\/Harry-Potter-1-300x150.jpg 300w, https:\/\/www.vidademadrid.com\/es\/wp-content\/uploads\/2024\/08\/Harry-Potter-1-1024x512.jpg 1024w, https:\/\/www.vidademadrid.com\/es\/wp-content\/uploads\/2024\/08\/Harry-Potter-1-768x384.jpg 768w, https:\/\/www.vidademadrid.com\/es\/wp-content\/uploads\/2024\/08\/Harry-Potter-1-696x348.jpg 696w, https:\/\/www.vidademadrid.com\/es\/wp-content\/uploads\/2024\/08\/Harry-Potter-1-1068x534.jpg 1068w, https:\/\/www.vidademadrid.com\/es\/wp-content\/uploads\/2024\/08\/Harry-Potter-1-840x420.jpg 840w\" sizes=\"auto, (max-width: 1200px) 100vw, 1200px\" \/><\/a><figcaption>Foto: Harry Potter The Exhibition<\/figcaption><\/figure><\/div>\n\n\n<h3 class=\"wp-block-heading\">Asiste a alguna de las dos novedades teatrales&nbsp;<\/h3>\n\n\n\n<ul class=\"wp-block-list\"><li><span class=\"OYPEnA font-feature-liga-off font-feature-clig-off font-feature-calt-off text-decoration-none text-strikethrough-none\"><strong>Espect\u00e1culo teatral \u201cPrima Facie\u201d<\/strong>: <\/span>Esta obra de Suzie Miller, protagonizada por Vicky Luengo, es un mon\u00f3logo que cuestiona la eficacia del sistema judicial y la violencia contra las mujeres, desafiando al p\u00fablico a replantear la igualdad y los derechos en la sociedad. Disponible en el <strong>Teatro Infanta Isabel<\/strong>. M\u00e1s info <a href=\"https:\/\/www.teatroinfantaisabel.es\/obra\/prima-facie\/?gad_source=1&amp;gclid=CjwKCAjwuMC2BhA7EiwAmJKRrAj3Ru15-pp36O_2gmFzEqW6s2hlLj-rphB95tU9rGCtv28AKU9MyBoCrHYQAvD_BwE\">aqu\u00ed.&nbsp;<\/a><\/li><li><span class=\"OYPEnA font-feature-liga-off font-feature-clig-off font-feature-calt-off text-decoration-none text-strikethrough-none\"><strong>Espect\u00e1culo teatral \u201cLa comedia de los errores\u201d<\/strong>: Esta comedia de Shakespeare, protagonizada por Pep\u00f3n Nieto y Antonio Pagudo, narra enredos y confusiones c\u00f3micas entre dos pares de gemelos id\u00e9nticos separados al nacer. La trama est\u00e1 llena de malentendidos y situaciones hilarantes. Disponible en el <strong>Teatro La Latina<\/strong>. M\u00e1s info <a href=\"https:\/\/www.teatrolalatina.es\/obra-de-teatro\/la-comedia-de-los-errores\/\">aqu\u00ed.&nbsp;<\/a><\/span><\/li><\/ul>\n\n\n\n<h3 class=\"wp-block-heading\">Date una vuelta por el Mercado de Productores de Planetario&nbsp;<\/h3>\n\n\n\n<p><span class=\"OYPEnA font-feature-liga-off font-feature-clig-off font-feature-calt-off text-decoration-none text-strikethrough-none\">Vuelve el gran mercado junto al <strong>Parque Tierno Galv\u00e1n<\/strong>, con 36 productores artesanos y ecol\u00f3gicos. A partir de las 12 horas disfruta del aperitivo con m\u00fasica en vivo, vermut de grifo, cervezas artesanas y m\u00e1s. Toda la info<a href=\"http:\/\/productoresplanetario.es\/\"> aqu\u00ed.&nbsp;<\/a><\/span><\/p>\n\n\n\n<h3 class=\"wp-block-heading\">No te pierdas el Real Mercado Medieval Siglo de Oro<\/h3>\n\n\n\n<p><span class=\"OYPEnA font-feature-liga-off font-feature-clig-off font-feature-calt-off text-decoration-none text-strikethrough-none\">Este mercado celebra su 17\u00aa edici\u00f3n y como siempre habr\u00e1 actividades de animaci\u00f3n, teatro de calle, m\u00fasica, personajes, animales y talleres infantiles en las calles y plazas del centro de Navalcarnero, Villa Real desde el tiempo del rey Felipe IV. Toda la info actualizada en su <a href=\"https:\/\/www.facebook.com\/realmercadonaval\/?locale=es_ES\">perfil de Facebook<\/a>.&nbsp;<\/span><\/p>\n\n\n\n<h3 class=\"wp-block-heading\">Descubre las nuevas aperturas de tiendas<\/h3>\n\n\n\n<p><span class=\"OYPEnA font-feature-liga-off font-feature-clig-off font-feature-calt-off text-decoration-none text-strikethrough-none\">En los \u00faltimos d\u00edas han abierto nuevas tiendas en Madrid:<\/span><\/p>\n\n\n\n<ul class=\"wp-block-list\"><li class=\"cvGsUA direction-ltr align-center para-style-body\"><strong><span class=\"OYPEnA font-feature-liga-off font-feature-clig-off font-feature-calt-off text-decoration-none text-strikethrough-none\">Mango <\/span><\/strong><span class=\"OYPEnA font-feature-liga-off font-feature-clig-off font-feature-calt-off text-decoration-none text-strikethrough-none\">estrena su flagship de tres plantas en Plaza de Espa\u00f1a, <\/span>en el Edificio Espa\u00f1a (reportaje completo en nuestro <a href=\"https:\/\/www.instagram.com\/p\/C_OEdCJAqss\/\">reel<\/a>).<\/li><li class=\"cvGsUA direction-ltr align-center para-style-body\"><strong>Primark<\/strong> <span class=\"OYPEnA font-feature-liga-off font-feature-clig-off font-feature-calt-off text-decoration-none text-strikethrough-none\" style=\"color: initial;\">acaba de abrir su tienda n\u00b012 en la Comunidad de Madrid, de 2.300 m2, en el centro comercial H2O de Rivas-Vaciamadrid.<\/span><\/li><li class=\"cvGsUA direction-ltr align-center para-style-body\"><strong>Ikea<\/strong> <span class=\"OYPEnA font-feature-liga-off font-feature-clig-off font-feature-calt-off text-decoration-none text-strikethrough-none\" style=\"color: initial;\">ha lanzado en la Comunidad de Madrid \u201cPreowned\u201d, su plataforma online para comprar y vender muebles usados.<\/span><\/li><\/ul>\n\n\n\n<h2 class=\"wp-block-heading\">Recomendaciones para empezar bien el mes de septiembre&nbsp;<\/h2>\n\n\n\n<h3 class=\"wp-block-heading\"><span class=\"OYPEnA font-feature-liga-off font-feature-clig-off font-feature-calt-off text-decoration-none text-strikethrough-none\">Ap\u00fantate a los cursos regulares de ingl\u00e9s 2024\/2025 de Number 16 School<\/span><\/h3>\n\n\n\n<p><span class=\"OYPEnA font-feature-liga-off font-feature-clig-off font-feature-calt-off text-decoration-none text-strikethrough-none\">La academia celebra su 16\u00ba aniversario y abre las inscripciones para sus <strong>cursos de ingl\u00e9s<\/strong> 2024\/2025 en Madrid, disponibles a partir de septiembre. Sus cursos son adaptados a todas las edades y niveles para alcanzar las metas ling\u00fc\u00edsticas de una manera din\u00e1mica y eficaz. La ense\u00f1anza, con profesores nativos, se basa en un enfoque pr\u00e1ctico y participativo, para que el proceso sea <\/span><span class=\"OYPEnA font-feature-liga-off font-feature-clig-off font-feature-calt-off text-decoration-none text-strikethrough-none\">una experiencia divertida y motivadora. Descubre toda la informaci\u00f3n<a href=\"https:\/\/www.vidademadrid.com\/es\/57361\/cursos-de-ingles-2024-2025-en-madrid-number-16-school\/\"> aqu\u00ed.<\/a>&nbsp;<\/span><\/p>\n\n\n\n<p><em>*Plan en colaboraci\u00f3n con Number 16 School&nbsp;<\/em><\/p>\n\n\n<div class=\"wp-block-image\">\n<figure class=\"aligncenter\"><a href=\"https:\/\/www.vidademadrid.com\/es\/wp-content\/uploads\/2024\/08\/number16-school.jpg\"><img loading=\"lazy\" decoding=\"async\" width=\"900\" height=\"600\" src=\"https:\/\/www.vidademadrid.com\/es\/wp-content\/uploads\/2024\/08\/number16-school.jpg\" alt=\"\" class=\"wp-image-57363\" srcset=\"https:\/\/www.vidademadrid.com\/es\/wp-content\/uploads\/2024\/08\/number16-school.jpg 900w, https:\/\/www.vidademadrid.com\/es\/wp-content\/uploads\/2024\/08\/number16-school-300x200.jpg 300w, https:\/\/www.vidademadrid.com\/es\/wp-content\/uploads\/2024\/08\/number16-school-768x512.jpg 768w, https:\/\/www.vidademadrid.com\/es\/wp-content\/uploads\/2024\/08\/number16-school-696x464.jpg 696w, https:\/\/www.vidademadrid.com\/es\/wp-content\/uploads\/2024\/08\/number16-school-630x420.jpg 630w\" sizes=\"auto, (max-width: 900px) 100vw, 900px\" \/><\/a><figcaption>Foto: Number 16 School<\/figcaption><\/figure><\/div>\n\n\n<h2 class=\"wp-block-heading\">Fiestas patronales&nbsp;<\/h2>\n\n\n\n<p>Aunque la vuelta a la rutina est\u00e9 cada vez m\u00e1s cerca (si es que no ha empezado ya), pasamos ahora a las fiestas de septiembre en <strong>San Sebasti\u00e1n de los Reyes, Alcal\u00e1 de Henares y otras fiestas.&nbsp;<\/strong><\/p>\n\n\n\n<h3 class=\"wp-block-heading\">Fiestas de San Sebasti\u00e1n de los Reyes&nbsp;<\/h3>\n\n\n\n<p>Solo hasta este fin de semana podr\u00e1s seguir disfrutando de su programaci\u00f3n. Para este finde te espera, entre otras actividades:&nbsp;<\/p>\n\n\n\n<ul class=\"wp-block-list\"><li>Viernes 30 de agosto: Concierto de <strong>Salistre<\/strong> a la 13 h y de <strong>Dani Fern\u00e1ndez<\/strong> a las 23 h.&nbsp;<\/li><li>S\u00e1bado 31 de agosto: Concierto de <strong>Inma Vilchez<\/strong> a la 13, de<strong> Darwing<\/strong> a las 22 h y de <strong>Viva Suecia<\/strong> a las 23 h.&nbsp;<\/li><li>Domingo 1 de septiembre: <strong>Corrida de toros<\/strong> a las 19 h y <strong>fuegos artificiales<\/strong> a las 23 h.&nbsp;<\/li><\/ul>\n\n\n\n<p>Te dejamos el programa completo <a href=\"https:\/\/www.laplazadesanse.es\/documents\/1349941\/1689324\/LA%20PLAZA%20SANSE_Fiestas.pdf\/11b61993-c368-7ba4-75b8-4c86e3408a09\">aqu\u00ed.&nbsp;<\/a><\/p>\n\n\n\n<h3 class=\"wp-block-heading\">Fiestas de Alcal\u00e1 de Henares&nbsp;<\/h3>\n\n\n\n<p>Solo hasta este fin de semana podr\u00e1s seguir disfrutando de su programaci\u00f3n. Para este finde te espera, entre otras actividades:&nbsp;<\/p>\n\n\n\n<ul class=\"wp-block-list\"><li>Viernes 30 de agosto: <strong>Fiesta de espuma<\/strong> a las 11h y distintas actuaciones musicales a las 23 h.&nbsp;<\/li><li>S\u00e1bado 31 de agosto: \u00abLas noches del patio\u00bb a las 22 h&nbsp;<\/li><li>Domingo 1 de septiembre: <strong>Desfile y carrozas<\/strong> a las 21 h y <strong>fuegos artificiales<\/strong> a medianoche.&nbsp;<\/li><\/ul>\n\n\n\n<p>Te dejamos el programa completo <a href=\"https:\/\/festejos.ayto-alcaladehenares.es\/wp-content\/uploads\/2024\/08\/web_PROGRAMA-FERIAS-2024-1.pdf\">aqu\u00ed.&nbsp;<\/a><\/p>\n\n\n\n<h3 class=\"wp-block-heading\">Otras fiestas&nbsp;<\/h3>\n\n\n\n<p>Adem\u00e1s, tambi\u00e9n podr\u00e1s disfrutar de otras fiestas en distintas localidades de la regi\u00f3n:&nbsp;<\/p>\n\n\n\n<ul class=\"wp-block-list\"><li><strong>Moraleja de Enmedio<\/strong> (hasta el 1 de septiembre): Programa completo <a href=\"https:\/\/ayto-moraleja.es\/wordpress_8\/wp-content\/uploads\/2017\/08\/programa-fiestas-2017-final-web.pdf\">aqu\u00ed.&nbsp;<\/a><\/li><li><strong>Loeches<\/strong> (del 30 de agosto hasta el 8 de septiembre): Programa completo <a href=\"https:\/\/fiestasloeches.com\/\">aqu\u00ed.&nbsp;<\/a><\/li><\/ul>\n\n\n\n<h2 class=\"wp-block-heading\">Conciertos&nbsp;<\/h2>\n\n\n\n<h3 class=\"wp-block-heading\"><span class=\"OYPEnA font-feature-liga-off font-feature-clig-off font-feature-calt-off text-decoration-none text-strikethrough-none\">Festival Kalorama<\/span><\/h3>\n\n\n\n<p><span class=\"OYPEnA font-feature-liga-off font-feature-clig-off font-feature-calt-off text-decoration-none text-strikethrough-none\">El festival musical al aire libre con reconocidos artistas internacionales llega a Madrid del 29 al 31 de agosto tras el \u00e9xito en Lisboa. Podr\u00e1s disfrutar de grandes artistas como: <\/span><strong><span class=\"OYPEnA font-feature-liga-off font-feature-clig-off font-feature-calt-off text-decoration-none text-strikethrough-none\">The Prodigy, Raye, Fever Ray, Gossip,<\/span><\/strong><span class=\"OYPEnA font-feature-liga-off font-feature-clig-off font-feature-calt-off text-decoration-none text-strikethrough-none\"><strong> Massive Attack, Sam Smith, Jungle, Peggy Gou<\/strong> y m\u00e1s en <strong>Ifema Madrid<\/strong>. Sigue habiendo entradas disponibles desde 75 euros. Toda la info y entradas <a href=\"https:\/\/kaloramamadrid.com\/\">aqu\u00ed.&nbsp;<\/a><\/span><\/p>\n\n\n\n<h3 class=\"wp-block-heading\"><span class=\"OYPEnA font-feature-liga-off font-feature-clig-off font-feature-calt-off text-decoration-none text-strikethrough-none\">Conciertos de la Muralla de Alcal\u00e1 de Henares<\/span><\/h3>\n\n\n\n<p><span class=\"OYPEnA font-feature-liga-off font-feature-clig-off font-feature-calt-off text-decoration-none text-strikethrough-none\">Las Murallas del Palacio Arzobispal vuelven a ser el escenario del ciclo de conciertos que lleva ya 7 a\u00f1os. Se podr\u00e1 disfrutar de artistas como:<\/span><strong><span class=\"OYPEnA font-feature-liga-off font-feature-clig-off font-feature-calt-off text-decoration-none text-strikethrough-none\"> Daviles De Novelda, Lia Kali, Jc Reyes, Omar Montes y Selecta o<\/span><\/strong><span class=\"OYPEnA font-feature-liga-off font-feature-clig-off font-feature-calt-off text-decoration-none text-strikethrough-none\"><strong> Mal\u00fa<\/strong>. Entradas desde 15 euros. Toda la info <a href=\"https:\/\/www.losconciertosdelamuralla.com\/\">aqu\u00ed.&nbsp;<\/a><\/span><\/p>\n\n\n\n<h3 class=\"wp-block-heading\"><span class=\"OYPEnA font-feature-liga-off font-feature-clig-off font-feature-calt-off text-decoration-none text-strikethrough-none\">Las noches cl\u00e1sicas del Olivar<\/span><\/h3>\n\n\n\n<p><span class=\"OYPEnA font-feature-liga-off font-feature-clig-off font-feature-calt-off text-decoration-none text-strikethrough-none\">\u00daltimo finde para disfrutar de la <strong>m\u00fasica instrumental en la Fundaci\u00f3n Olivar de Castillejo<\/strong>. Estos d\u00edas se podr\u00e1 disfrutar de \u00c1<\/span><span class=\"OYPEnA font-feature-liga-off font-feature-clig-off font-feature-calt-off text-decoration-none text-strikethrough-none\">ngel Laguna al piano y Eva Lac\u00e1rcel a la viola. El cierre tendr\u00e1 lugar el s\u00e1bado 31<\/span><span class=\"OYPEnA font-feature-liga-off font-feature-clig-off font-feature-calt-off text-decoration-none text-strikethrough-none\"> con la Orquesta de cuerda Ensemble Madrid Artis Sinf\u00f3nica dirigida por Miguel Romea. Entradas por 15 euros. Toda la info<a href=\"https:\/\/olivardecastillejo.com\/\"> aqu\u00ed.&nbsp;<\/a><\/span><\/p>\n\n\n\n<h2 class=\"wp-block-heading\">\u00daltima oportunidad para disfrutar de&#8230;<\/h2>\n\n\n\n<h3 class=\"wp-block-heading\"><span class=\"OYPEnA font-feature-liga-off font-feature-clig-off font-feature-calt-off text-decoration-none text-strikethrough-none\">Exposici\u00f3n de James Lee Byars<\/span><\/h3>\n\n\n\n<p><span class=\"OYPEnA font-feature-liga-off font-feature-clig-off font-feature-calt-off text-decoration-none text-strikethrough-none\">En el Parque del Retiro, \u00faltimos d\u00edas para apreciar la muestra de obras de Byars en materiales refinados y formas geom\u00e9tricas. Toda la info <a href=\"https:\/\/www.esmadrid.com\/agenda\/james-lee-byars-palacio-velazquez\">aqu\u00ed.<\/a>&nbsp;<\/span><\/p>\n\n\n\n<h3 class=\"wp-block-heading\"><span class=\"OYPEnA font-feature-liga-off font-feature-clig-off font-feature-calt-off text-decoration-none text-strikethrough-none\">\u201cEn movimiento. Veh\u00edculos y carruajes\u201d<\/span><\/h3>\n\n\n\n<p><span class=\"OYPEnA font-feature-liga-off font-feature-clig-off font-feature-calt-off text-decoration-none text-strikethrough-none\">La exposici\u00f3n muestra unas cincuenta piezas hist\u00f3ricas de carruajes en Espa\u00f1a, incluyendo la Berlina Dorada y el Land\u00f3 de bronces, que reflejan su papel en la representaci\u00f3n del poder desde el siglo XVI. Disponible en la Galer\u00eda de las Colecciones Reales. Entrada por 14 euros. Toda la info <a href=\"https:\/\/www.galeriadelascoleccionesreales.es\/exposicion\/en-movimiento-vehiculos-y-carruajes-de-patrimonio\/cca823ea-5099-fec2-d4dc-3781ed4364f9\">aqu\u00ed.&nbsp;<\/a><\/span><\/p>\n\n\n\n<h3 class=\"wp-block-heading\"><span class=\"OYPEnA font-feature-liga-off font-feature-clig-off font-feature-calt-off text-decoration-none text-strikethrough-none\">\u201cJap\u00f3n Arte y Manga\u201d<\/span><\/h3>\n\n\n\n<p><span class=\"OYPEnA font-feature-liga-off font-feature-clig-off font-feature-calt-off text-decoration-none text-strikethrough-none\">\u00daltima oportunidad para visitar la exposici\u00f3n que recorre la historia del manga japon\u00e9s con m\u00e1s de 200 piezas. Destaca la evoluci\u00f3n del manga y su influencia global, conect\u00e1ndolo con el arte tradicional japon\u00e9s. Disponible en el COAM. Entradas desde 8 euros. Toda la info <a href=\"https:\/\/mangaexpo.es\/\">aqu\u00ed.&nbsp;<\/a><\/span><\/p>\n\n\n\n<h3 class=\"wp-block-heading\"><span class=\"OYPEnA font-feature-liga-off font-feature-clig-off font-feature-calt-off text-decoration-none text-strikethrough-none\">Exposici\u00f3n \u201cPerpetuum mobile\u201d<\/span><\/h3>\n\n\n\n<p><span class=\"OYPEnA font-feature-liga-off font-feature-clig-off font-feature-calt-off text-decoration-none text-strikethrough-none\">Acaba la muestra de PHotoESPA\u00d1A sobre los artistas espa\u00f1oles que se mueven en las fronteras de la ficci\u00f3n. Con hibridaciones formales, que desbordan la bidimensionalidad de las fotograf\u00edas, y conceptuales. Disponible en el C\u00edrculo de Bellas Artes. Entradas por 5 euros. Toda la info <a href=\"https:\/\/www.circulobellasartes.com\/exposiciones\/perpetuum-mobile\/\">aqu\u00ed.&nbsp;<\/a><\/span><\/p>\n\n\n\n<h3 class=\"wp-block-heading\"><span class=\"OYPEnA font-feature-liga-off font-feature-clig-off font-feature-calt-off text-decoration-none text-strikethrough-none\">Comedia \u201c\u00a1Splash!\u201d<\/span><\/h3>\n\n\n\n<p><span class=\"OYPEnA font-feature-liga-off font-feature-clig-off font-feature-calt-off text-decoration-none text-strikethrough-none\">La compa\u00f1\u00eda Yllana se presenta en la \u00faltima funci\u00f3n de esta comedia gestual y de pantomima, donde tres marineros viven divertidas aventuras. Un espect\u00e1culo fresco y original que estimula la imaginaci\u00f3n. Disponible en el teatro Alfil (Noviciado). Entradas desde 18 euros. Toda la info <a href=\"https:\/\/teatroalfil.es\/splash-yllana\/\">aqu\u00ed.&nbsp;<\/a><\/span><\/p>\n\n\n\n<h3 class=\"wp-block-heading\"><span class=\"OYPEnA font-feature-liga-off font-feature-clig-off font-feature-calt-off text-decoration-none text-strikethrough-none\">Espect\u00e1culo de danza \u201cJondo\u201d<\/span><\/h3>\n\n\n\n<p><span class=\"OYPEnA font-feature-liga-off font-feature-clig-off font-feature-calt-off text-decoration-none text-strikethrough-none\">Se acaba este finde la obra protagonizada por Eduardo Guerrero \u201cJondo, del primer llanto, del primer beso\u201d, espect\u00e1culo de danza flamenca con los personajes de la obra literaria de Lorca. Disponible en el Teatro EDP Gran V\u00eda. Entradas desde 30 euros. Toda la info <a href=\"https:\/\/gruposmedia.com\/teatro-edp-gran-via\/jondo\/\">aqu\u00ed.&nbsp;<\/a><\/span><\/p>\n\n\n\n<h2 class=\"wp-block-heading\">Restaurantes para el finde&nbsp;<\/h2>\n\n\n\n<script async src=\"https:\/\/pagead2.googlesyndication.com\/pagead\/js\/adsbygoogle.js\"><\/script> <ins class=\"adsbygoogle\" style=\"display:block; text-align:center;\" data-ad-layout=\"in-article\" data-ad-format=\"fluid\" data-ad-client=\"ca-pub-7450064428034605\" data-ad-slot=\"5670045061\"><\/ins> <script>(adsbygoogle = window.adsbygoogle || []).push({});<\/script>\n\n\n\n\n<h3 class=\"wp-block-heading\">Bar Melo&#8217;s<\/h3>\n\n\n\n<p>Este m\u00edtico bar gallego f<span class=\"OYPEnA font-feature-liga-off font-feature-clig-off font-feature-calt-off text-decoration-none text-strikethrough-none\">amoso por su Zapatilla (tambi\u00e9n en media raci\u00f3n) con lac\u00f3n, queso fundido y pan de hogaza gallego, <\/span><span class=\"OYPEnA font-feature-liga-off font-feature-clig-off font-feature-calt-off text-decoration-none text-strikethrough-none\">y otras tapas como los Croquetones <\/span>ha abierto su<span class=\"OYPEnA font-feature-liga-off font-feature-clig-off font-feature-calt-off text-decoration-none text-strikethrough-none\"> segundo local en Arg\u00fcelles.&nbsp;<\/span><\/p>\n","protected":false},"excerpt":{"rendered":"<p>Nuevo espacio de Harry Potter, fiestas patronales, conciertos y m\u00e1s. <\/p>\n","protected":false},"author":13,"featured_media":57396,"comment_status":"open","ping_status":"open","sticky":false,"template":"","format":"standard","meta":{"footnotes":""},"categories":[194],"tags":[],"class_list":{"0":"post-57392","1":"post","2":"type-post","3":"status-publish","4":"format-standard","5":"has-post-thumbnail","7":"category-planes-del-fin-de-semana-madrid"},"_links":{"self":[{"href":"https:\/\/www.vidademadrid.com\/es\/wp-json\/wp\/v2\/posts\/57392","targetHints":{"allow":["GET"]}}],"collection":[{"href":"https:\/\/www.vidademadrid.com\/es\/wp-json\/wp\/v2\/posts"}],"about":[{"href":"https:\/\/www.vidademadrid.com\/es\/wp-json\/wp\/v2\/types\/post"}],"author":[{"embeddable":true,"href":"https:\/\/www.vidademadrid.com\/es\/wp-json\/wp\/v2\/users\/13"}],"replies":[{"embeddable":true,"href":"https:\/\/www.vidademadrid.com\/es\/wp-json\/wp\/v2\/comments?post=57392"}],"version-history":[{"count":6,"href":"https:\/\/www.vidademadrid.com\/es\/wp-json\/wp\/v2\/posts\/57392\/revisions"}],"predecessor-version":[{"id":57399,"href":"https:\/\/www.vidademadrid.com\/es\/wp-json\/wp\/v2\/posts\/57392\/revisions\/57399"}],"wp:featuredmedia":[{"embeddable":true,"href":"https:\/\/www.vidademadrid.com\/es\/wp-json\/wp\/v2\/media\/57396"}],"wp:attachment":[{"href":"https:\/\/www.vidademadrid.com\/es\/wp-json\/wp\/v2\/media?parent=57392"}],"wp:term":[{"taxonomy":"category","embeddable":true,"href":"https:\/\/www.vidademadrid.com\/es\/wp-json\/wp\/v2\/categories?post=57392"},{"taxonomy":"post_tag","embeddable":true,"href":"https:\/\/www.vidademadrid.com\/es\/wp-json\/wp\/v2\/tags?post=57392"}],"curies":[{"name":"wp","href":"https:\/\/api.w.org\/{rel}","templated":true}]}}