{"id":57370,"date":"2024-08-26T16:53:21","date_gmt":"2024-08-26T14:53:21","guid":{"rendered":"https:\/\/www.vidademadrid.com\/es\/?p=57370"},"modified":"2024-08-28T10:08:08","modified_gmt":"2024-08-28T08:08:08","slug":"regreso-a-hogwarts-madrid-lugar-hora","status":"publish","type":"post","link":"https:\/\/www.vidademadrid.com\/es\/57370\/regreso-a-hogwarts-madrid-lugar-hora\/","title":{"rendered":"Vive la magia del regreso a Hogwarts en Madrid"},"content":{"rendered":"<p class=\"p1\">La magia del universo de Harry Potter llega a Madrid con eventos en los que podr\u00e1s vivir tu propio viaje de vuelta a Hogwarts. Te contamos toda la informaci\u00f3n en este art\u00edculo.<span class=\"Apple-converted-space\">\u00a0<\/span><\/p>\n<h2 class=\"p1\">Harry Potter: Back to Hogwarts Madrid<span class=\"Apple-converted-space\">\u00a0<\/span><\/h2>\n<p><script async=\"\" src=\"https:\/\/pagead2.googlesyndication.com\/pagead\/js\/adsbygoogle.js\"><\/script> <ins class=\"adsbygoogle\" style=\"display: block;\" data-ad-format=\"fluid\" data-ad-layout-key=\"-7f+eo+1+2-5\" data-ad-client=\"ca-pub-7450064428034605\" data-ad-slot=\"7327027071\"><\/ins><script>(adsbygoogle = window.adsbygoogle || []).push({});<\/script><\/p>\n<p class=\"p1\">El <b>regreso a Hogwarts <\/b>para un curso m\u00e1s de magia se vivir\u00e1 en Madrid. Tendr\u00e1s la oportunidad de tomarte fotos en los <b>espacios \u00fanicos <\/b>para vivir tu propio viaje de vuelta a la Escuela de Magia.<span class=\"Apple-converted-space\">\u00a0<\/span><\/p>\n<p class=\"p1\">Adem\u00e1s, por primera vez se celebrar\u00e1 en Madrid la cuenta atr\u00e1s para la partida del Expreso de Hogwarts.<span class=\"Apple-converted-space\">\u00a0<\/span><\/p>\n<h3 class=\"p1\">Espacios \u00fanicos de Harry Potter en Madrid<span class=\"Apple-converted-space\">\u00a0<\/span><\/h3>\n<p class=\"p1\">Del <b>30 de agosto al 1 de septiembre <\/b>podr\u00e1s tomarte fotos en los ic\u00f3nicos espacios que habr\u00e1 en <b>Paseo de la Florida, 2 <\/b>(Metro Pr\u00edncipe P\u00edo). Horario:<br \/>\nViernes 15:00 &#8211; 20:00<br \/>\nS\u00e1bado 10:00 &#8211; 20:00<br \/>\nDomingo 10:00 &#8211; 20:00<span class=\"Apple-converted-space\">\u00a0<\/span><\/p>\n<h3 class=\"p1\">Cuenta atr\u00e1s para la salida del Expreso de Hogwarts<span class=\"Apple-converted-space\">\u00a0<\/span><\/h3>\n<p><script async=\"\" src=\"https:\/\/pagead2.googlesyndication.com\/pagead\/js\/adsbygoogle.js\"><\/script> <ins class=\"adsbygoogle\" style=\"display: block; text-align: center;\" data-ad-layout=\"in-article\" data-ad-format=\"fluid\" data-ad-client=\"ca-pub-7450064428034605\" data-ad-slot=\"5670045061\"><\/ins> <script>(adsbygoogle = window.adsbygoogle || []).push({});<\/script><\/p>\n<p class=\"p1\">La partida del <b>Expreso de Hogwarts desde el And\u00e9n 9 y 3\/4 <\/b>y la junta atr\u00e1s se vivir\u00e1 por primera vez en Madrid.<span class=\"Apple-converted-space\">\u00a0<\/span><\/p>\n<p class=\"p1\">Ser\u00e1 en el <b>Gran Teatro CaixaBank Pr\u00edncipe P\u00edo <\/b>(Metro Pr\u00edncipe P\u00edo) a las <b>11 horas del domingo 1 de septiembre. <\/b>La apertura de puertas ser\u00e1 a las 10.30 tras y la entrada es libre hasta completar aforo.<span class=\"Apple-converted-space\">\u00a0<\/span><\/p>\n","protected":false},"excerpt":{"rendered":"<p>Disfruta por primera vez de estos eventos. <\/p>\n","protected":false},"author":15,"featured_media":57371,"comment_status":"open","ping_status":"open","sticky":false,"template":"","format":"standard","meta":{"footnotes":""},"categories":[111],"tags":[],"class_list":{"0":"post-57370","1":"post","2":"type-post","3":"status-publish","4":"format-standard","5":"has-post-thumbnail","7":"category-exposiciones-madrid"},"_links":{"self":[{"href":"https:\/\/www.vidademadrid.com\/es\/wp-json\/wp\/v2\/posts\/57370","targetHints":{"allow":["GET"]}}],"collection":[{"href":"https:\/\/www.vidademadrid.com\/es\/wp-json\/wp\/v2\/posts"}],"about":[{"href":"https:\/\/www.vidademadrid.com\/es\/wp-json\/wp\/v2\/types\/post"}],"author":[{"embeddable":true,"href":"https:\/\/www.vidademadrid.com\/es\/wp-json\/wp\/v2\/users\/15"}],"replies":[{"embeddable":true,"href":"https:\/\/www.vidademadrid.com\/es\/wp-json\/wp\/v2\/comments?post=57370"}],"version-history":[{"count":2,"href":"https:\/\/www.vidademadrid.com\/es\/wp-json\/wp\/v2\/posts\/57370\/revisions"}],"predecessor-version":[{"id":57385,"href":"https:\/\/www.vidademadrid.com\/es\/wp-json\/wp\/v2\/posts\/57370\/revisions\/57385"}],"wp:featuredmedia":[{"embeddable":true,"href":"https:\/\/www.vidademadrid.com\/es\/wp-json\/wp\/v2\/media\/57371"}],"wp:attachment":[{"href":"https:\/\/www.vidademadrid.com\/es\/wp-json\/wp\/v2\/media?parent=57370"}],"wp:term":[{"taxonomy":"category","embeddable":true,"href":"https:\/\/www.vidademadrid.com\/es\/wp-json\/wp\/v2\/categories?post=57370"},{"taxonomy":"post_tag","embeddable":true,"href":"https:\/\/www.vidademadrid.com\/es\/wp-json\/wp\/v2\/tags?post=57370"}],"curies":[{"name":"wp","href":"https:\/\/api.w.org\/{rel}","templated":true}]}}