{"id":57246,"date":"2024-08-06T10:51:00","date_gmt":"2024-08-06T08:51:00","guid":{"rendered":"https:\/\/www.vidademadrid.com\/es\/?p=57246"},"modified":"2024-08-17T23:12:08","modified_gmt":"2024-08-17T21:12:08","slug":"asi-sera-el-primark-rivas-vaciamadrid-2024","status":"publish","type":"post","link":"https:\/\/www.vidademadrid.com\/es\/57246\/asi-sera-el-primark-rivas-vaciamadrid-2024\/","title":{"rendered":"As\u00ed es el nuevo Primark que abre este mes en Madrid"},"content":{"rendered":"<p>Muy pronto una nueva tienda de&nbsp;<strong>Primark&nbsp;<\/strong>abrir\u00e1 en la Comunidad de Madrid, ser\u00e1 la 12\u00ba en la regi\u00f3n y en este art\u00edculo te contamos c\u00f3mo ser\u00e1.&nbsp;<\/p>\n<h2>Nuevo Primark Rivas-Vaciamadrid&nbsp;<\/h2>\n<p><script async=\"\" src=\"https:\/\/pagead2.googlesyndication.com\/pagead\/js\/adsbygoogle.js\"><\/script> <ins class=\"adsbygoogle\" style=\"display:block\" data-ad-format=\"fluid\" data-ad-layout-key=\"-7f+eo+1+2-5\" data-ad-client=\"ca-pub-7450064428034605\" data-ad-slot=\"7327027071\"><\/ins><script>(adsbygoogle = window.adsbygoogle || []).push({});<\/script>La nueva tienda de&nbsp;<strong>Primark&nbsp;<\/strong>abrir\u00e1 este verano en&nbsp;<strong>Rivas-Vaciamadrid,&nbsp;<\/strong>esta es la 12\u00ba tienda de la marca en la regi\u00f3n, y estar\u00e1 ubicada en el centro comercial H20.&nbsp;<\/p>\n<p>La apertura de el nuevo Primark ser\u00e1 el&nbsp;<strong>27 de agosto de 2024.&nbsp;<\/strong><\/p>\n<h2>As\u00ed ser\u00e1 el nuevo Primark de Madrid<\/h2>\n<p><script async=\"\" src=\"https:\/\/pagead2.googlesyndication.com\/pagead\/js\/adsbygoogle.js\"><\/script> <ins class=\"adsbygoogle\" style=\"display:block; text-align:center;\" data-ad-layout=\"in-article\" data-ad-format=\"fluid\" data-ad-client=\"ca-pub-7450064428034605\" data-ad-slot=\"5670045061\"><\/ins> <script>(adsbygoogle = window.adsbygoogle || []).push({});<\/script>El&nbsp;<strong>Primark Rivas-Vaciamadrid&nbsp;<\/strong>tendr\u00e1 una superficie de&nbsp;<strong>2 mil 300 metros cuadrados&nbsp;<\/strong>en los que se podr\u00e1n encontrar art\u00edculos de&nbsp;<strong>moda de mujer, hombre e infantil&nbsp;<\/strong>as\u00ed como art\u00edculos de <strong>hogar, accesorios y belleza.&nbsp;<\/strong><\/p>\n<p>Una de las novedades que tendr\u00e1 este Primark, como sus apertura recientes, contar\u00e1 con&nbsp;<strong>cajas de autocobro&nbsp;<\/strong>adem\u00e1s de las tadicionales.&nbsp;<\/p>\n","protected":false},"excerpt":{"rendered":"<p>Abrir\u00e1 sus puertas el pr\u00f3ximo 27 de agosto. <\/p>\n","protected":false},"author":15,"featured_media":46094,"comment_status":"open","ping_status":"open","sticky":false,"template":"","format":"standard","meta":{"footnotes":""},"categories":[115,27],"tags":[],"class_list":{"0":"post-57246","1":"post","2":"type-post","3":"status-publish","4":"format-standard","5":"has-post-thumbnail","7":"category-planes-del-momento-madrid","8":"category-tiendas-madrid"},"_links":{"self":[{"href":"https:\/\/www.vidademadrid.com\/es\/wp-json\/wp\/v2\/posts\/57246","targetHints":{"allow":["GET"]}}],"collection":[{"href":"https:\/\/www.vidademadrid.com\/es\/wp-json\/wp\/v2\/posts"}],"about":[{"href":"https:\/\/www.vidademadrid.com\/es\/wp-json\/wp\/v2\/types\/post"}],"author":[{"embeddable":true,"href":"https:\/\/www.vidademadrid.com\/es\/wp-json\/wp\/v2\/users\/15"}],"replies":[{"embeddable":true,"href":"https:\/\/www.vidademadrid.com\/es\/wp-json\/wp\/v2\/comments?post=57246"}],"version-history":[{"count":1,"href":"https:\/\/www.vidademadrid.com\/es\/wp-json\/wp\/v2\/posts\/57246\/revisions"}],"predecessor-version":[{"id":57248,"href":"https:\/\/www.vidademadrid.com\/es\/wp-json\/wp\/v2\/posts\/57246\/revisions\/57248"}],"wp:featuredmedia":[{"embeddable":true,"href":"https:\/\/www.vidademadrid.com\/es\/wp-json\/wp\/v2\/media\/46094"}],"wp:attachment":[{"href":"https:\/\/www.vidademadrid.com\/es\/wp-json\/wp\/v2\/media?parent=57246"}],"wp:term":[{"taxonomy":"category","embeddable":true,"href":"https:\/\/www.vidademadrid.com\/es\/wp-json\/wp\/v2\/categories?post=57246"},{"taxonomy":"post_tag","embeddable":true,"href":"https:\/\/www.vidademadrid.com\/es\/wp-json\/wp\/v2\/tags?post=57246"}],"curies":[{"name":"wp","href":"https:\/\/api.w.org\/{rel}","templated":true}]}}