{"id":57197,"date":"2024-08-01T10:21:19","date_gmt":"2024-08-01T08:21:19","guid":{"rendered":"https:\/\/www.vidademadrid.com\/es\/?p=57197"},"modified":"2024-08-26T10:30:39","modified_gmt":"2024-08-26T08:30:39","slug":"exposicion-sorolla-galeria-colecciones-reales-entradas-fechas","status":"publish","type":"post","link":"https:\/\/www.vidademadrid.com\/es\/57197\/exposicion-sorolla-galeria-colecciones-reales-entradas-fechas\/","title":{"rendered":"Visita \u00abSorolla, cien a\u00f1os de modernidad\u00bb en la Galer\u00eda de las Colecciones Reales\u00a0"},"content":{"rendered":"<p class=\"p1\">La <b>Galer\u00eda de las Colecciones Reales <\/b>albergar\u00e1 la exposici\u00f3n \u00ab<b>Sorolla, cien a\u00f1os de modernidad<\/b>\u00bb, la muestra que cierra el A\u00f1o Sorolla. Te contamos toda la informaci\u00f3n en este art\u00edculo.<span class=\"Apple-converted-space\">&nbsp;<\/span><\/p>\n<h2 class=\"p1\">\u00abSorolla, cien a\u00f1os de modernidad\u00bb<\/h2>\n<p><script async=\"\" src=\"https:\/\/pagead2.googlesyndication.com\/pagead\/js\/adsbygoogle.js\"><\/script> <ins class=\"adsbygoogle\" style=\"display:block\" data-ad-format=\"fluid\" data-ad-layout-key=\"-7f+eo+1+2-5\" data-ad-client=\"ca-pub-7450064428034605\" data-ad-slot=\"7327027071\"><\/ins><script>(adsbygoogle = window.adsbygoogle || []).push({});<\/script><\/p>\n<p class=\"p1\">La sala de <b>exposiciones temporales <\/b>de la <b>Galer\u00eda de las Colecciones Reales <\/b>acoger\u00e1 la nueva exposici\u00f3n dedicada a Sorolla a cien a\u00f1os de la muerte del artista.<span class=\"Apple-converted-space\">&nbsp;<\/span><\/p>\n<p class=\"p1\">\u00ab<b>Sorolla, cien a\u00f1os de modernidad<\/b>\u00bb reunir\u00e1 por primera vez <b>77 obras del artista, <\/b>desde las m\u00e1s c\u00e9lebres hasta las que nunca se han expuesto en el pa\u00eds.<span class=\"Apple-converted-space\">&nbsp;<\/span><\/p>\n<p class=\"p1\">Las obras proceden de instituciones como el Museo Sorolla, la Fundaci\u00f3n Sorolla, la Hispanic Society of America, el Museo del Prado, la Colecci\u00f3n Pedro Masaveu y m\u00e1s.<span class=\"Apple-converted-space\">&nbsp;<\/span><\/p>\n<h2 class=\"p1\">Visita la exposici\u00f3n<span class=\"Apple-converted-space\">&nbsp;<\/span><\/h2>\n<p><script async=\"\" src=\"https:\/\/pagead2.googlesyndication.com\/pagead\/js\/adsbygoogle.js\"><\/script> <ins class=\"adsbygoogle\" style=\"display:block; text-align:center;\" data-ad-layout=\"in-article\" data-ad-format=\"fluid\" data-ad-client=\"ca-pub-7450064428034605\" data-ad-slot=\"5670045061\"><\/ins> <script>(adsbygoogle = window.adsbygoogle || []).push({});<\/script><\/p>\n<p class=\"p1\">La exposici\u00f3n se podr\u00e1 visitar en la sala de exposiciones temporales de la Galer\u00eda de las Colecciones Reales (Metro \u00d3pera) desde octubre de 2024 hasta febrero de 2025.<span class=\"Apple-converted-space\">&nbsp;<\/span><\/p>\n<p class=\"p1\">Las entradas se pueden reservar ya en este <a href=\"https:\/\/www.entradas.com\/artist\/sorolla-exposicion\/\">enlace<\/a>.<span class=\"Apple-converted-space\">&nbsp;<\/span><\/p>\n","protected":false},"excerpt":{"rendered":"<p>Se podr\u00e1 visitar hasta febrero de 2025. <\/p>\n","protected":false},"author":15,"featured_media":57198,"comment_status":"open","ping_status":"open","sticky":false,"template":"","format":"standard","meta":{"footnotes":""},"categories":[111],"tags":[],"class_list":{"0":"post-57197","1":"post","2":"type-post","3":"status-publish","4":"format-standard","5":"has-post-thumbnail","7":"category-exposiciones-madrid"},"_links":{"self":[{"href":"https:\/\/www.vidademadrid.com\/es\/wp-json\/wp\/v2\/posts\/57197","targetHints":{"allow":["GET"]}}],"collection":[{"href":"https:\/\/www.vidademadrid.com\/es\/wp-json\/wp\/v2\/posts"}],"about":[{"href":"https:\/\/www.vidademadrid.com\/es\/wp-json\/wp\/v2\/types\/post"}],"author":[{"embeddable":true,"href":"https:\/\/www.vidademadrid.com\/es\/wp-json\/wp\/v2\/users\/15"}],"replies":[{"embeddable":true,"href":"https:\/\/www.vidademadrid.com\/es\/wp-json\/wp\/v2\/comments?post=57197"}],"version-history":[{"count":2,"href":"https:\/\/www.vidademadrid.com\/es\/wp-json\/wp\/v2\/posts\/57197\/revisions"}],"predecessor-version":[{"id":57200,"href":"https:\/\/www.vidademadrid.com\/es\/wp-json\/wp\/v2\/posts\/57197\/revisions\/57200"}],"wp:featuredmedia":[{"embeddable":true,"href":"https:\/\/www.vidademadrid.com\/es\/wp-json\/wp\/v2\/media\/57198"}],"wp:attachment":[{"href":"https:\/\/www.vidademadrid.com\/es\/wp-json\/wp\/v2\/media?parent=57197"}],"wp:term":[{"taxonomy":"category","embeddable":true,"href":"https:\/\/www.vidademadrid.com\/es\/wp-json\/wp\/v2\/categories?post=57197"},{"taxonomy":"post_tag","embeddable":true,"href":"https:\/\/www.vidademadrid.com\/es\/wp-json\/wp\/v2\/tags?post=57197"}],"curies":[{"name":"wp","href":"https:\/\/api.w.org\/{rel}","templated":true}]}}