{"id":57137,"date":"2024-07-25T10:31:06","date_gmt":"2024-07-25T08:31:06","guid":{"rendered":"https:\/\/www.vidademadrid.com\/es\/?p=57137"},"modified":"2025-10-04T14:51:45","modified_gmt":"2025-10-04T12:51:45","slug":"planes-para-este-fin-de-semana-en-madrid-25-26-27-y-28-de-julio-de-2024","status":"publish","type":"post","link":"https:\/\/www.vidademadrid.com\/es\/57137\/planes-para-este-fin-de-semana-en-madrid-25-26-27-y-28-de-julio-de-2024\/","title":{"rendered":"Planes para este fin de semana en Madrid: 25, 26, 27 y 28 de julio de 2024"},"content":{"rendered":"\n<p>Este jueves se celebra la <strong>festividad de Santiago Ap\u00f3stol <\/strong>con actividades especiales como la procesi\u00f3n y apertura gratuita de monumentos de Patrimonio Nacional. Adem\u00e1s se podr\u00e1 disfrutar de la <strong>programaci\u00f3n de Veranos de la Villa, exposiciones y m\u00e1s<\/strong>. Si quieres huir del calor te proponemos ir a Rita&#8217;s Brunch Summer Edition en el Autocine de Madrid.<strong> <\/strong>Como cada semana, en este art\u00edculo te hacemos una selecci\u00f3n de los mejores planes, conciertos, fiestas de barrio y restaurantes para disfrutar este fin de semana <strong>25, 26, 27 y 28 de julio de 2024 en Madrid.<\/strong><\/p>\n\n\n\n<h2 class=\"wp-block-heading\">Actividades&nbsp;<\/h2>\n\n\n\n<script async src=\"https:\/\/pagead2.googlesyndication.com\/pagead\/js\/adsbygoogle.js\"><\/script> <ins class=\"adsbygoogle\"  style=\"display:block\" data-ad-format=\"fluid\" data-ad-layout-key=\"-7f+eo+1+2-5\" data-ad-client=\"ca-pub-7450064428034605\" data-ad-slot=\"7327027071\"><\/ins><script>(adsbygoogle = window.adsbygoogle || []).push({});<\/script>\n\n\n\n\n<figure class=\"wp-block-image size-large td-caption-align-https:\/\/www.vidademadrid.com\/es\/wp-content\/uploads\/2024\/07\/Veranos-en-el-Parque-.jpg\"><a href=\"https:\/\/www.vidademadrid.com\/es\/wp-content\/uploads\/2024\/07\/Veranos-en-el-Parque-.jpg\"><img loading=\"lazy\" decoding=\"async\" width=\"1024\" height=\"512\" src=\"https:\/\/www.vidademadrid.com\/es\/wp-content\/uploads\/2024\/07\/Veranos-en-el-Parque--1024x512.jpg\" alt=\"\" class=\"wp-image-56945\" srcset=\"https:\/\/www.vidademadrid.com\/es\/wp-content\/uploads\/2024\/07\/Veranos-en-el-Parque--1024x512.jpg 1024w, https:\/\/www.vidademadrid.com\/es\/wp-content\/uploads\/2024\/07\/Veranos-en-el-Parque--300x150.jpg 300w, https:\/\/www.vidademadrid.com\/es\/wp-content\/uploads\/2024\/07\/Veranos-en-el-Parque--768x384.jpg 768w, https:\/\/www.vidademadrid.com\/es\/wp-content\/uploads\/2024\/07\/Veranos-en-el-Parque--696x348.jpg 696w, https:\/\/www.vidademadrid.com\/es\/wp-content\/uploads\/2024\/07\/Veranos-en-el-Parque--1068x534.jpg 1068w, https:\/\/www.vidademadrid.com\/es\/wp-content\/uploads\/2024\/07\/Veranos-en-el-Parque--840x420.jpg 840w, https:\/\/www.vidademadrid.com\/es\/wp-content\/uploads\/2024\/07\/Veranos-en-el-Parque-.jpg 1200w\" sizes=\"auto, (max-width: 1024px) 100vw, 1024px\" \/><\/a><figcaption>Foto: Comunidad de Madrid <\/figcaption><\/figure>\n\n\n\n<h3 class=\"wp-block-heading\">Especial Veranos de la Villa&nbsp;<\/h3>\n\n\n\n<p>Un a\u00f1o m\u00e1s vuelve la programaci\u00f3n de <a href=\"https:\/\/www.veranosdelavilla.com\/es\/programa\">Veranos de la Villa<\/a> con una multitud de <strong>actividades<\/strong> <strong>gratuitas<\/strong> para disfrutar de los d\u00edas de verano en la ciudad. Para este fin de semana&#8230;&nbsp;<\/p>\n\n\n\n<h4 class=\"wp-block-heading\">Descubre Jap\u00f3n a trav\u00e9s de actividades y exposiciones<\/h4>\n\n\n\n<h5 class=\"wp-block-heading\">Danza, teatro y fusi\u00f3n en el Teatro Conde Duque<\/h5>\n\n\n\n<p>Este jueves <strong>Hiroaki Umeda<\/strong> presenta sus <strong>coreograf\u00edas<\/strong> m\u00e1s recientes: Assimilating y<br>Moving State 1, gracias a The Japan Foundation y la Embajada del Jap\u00f3n en Espa\u00f1a. Ser\u00e1 este julio en el Teatro Conde Duque a las 20h.&nbsp;<\/p>\n\n\n\n<h5 class=\"wp-block-heading\">Exposiciones de arte japon\u00e9s en Serrer\u00eda Belga&nbsp;<\/h5>\n\n\n\n<ul class=\"wp-block-list\"><li><strong>\u00abKinpaku. Naturaleza, poder e imaginaci\u00f3n\u00bb<\/strong> mostrar\u00e1 biombos y abanicos antiguos. M\u00e1s info <a href=\"https:\/\/www.veranosdelavilla.com\/es\/evento\/kinpaku-biombos-y-abanicos-japoneses\">aqu\u00ed<\/a>.<\/li><li><strong>\u00abKimono, identidad cambiante\u00bb<\/strong> recorrer\u00e1 la historia del kimono desde el siglo XX hasta hoy. M\u00e1s info<a href=\"https:\/\/www.veranosdelavilla.com\/es\/evento\/kimono-identidad-cambiante-un-siglo-a-pie-de-calle\"> aqu\u00ed.&nbsp;<\/a><\/li><li>Otras muestras de las que podr\u00e1s disfrutar: manga y c\u00f3mic japon\u00e9s y cocina japonesa. M\u00e1s info <a href=\"https:\/\/www.veranosdelavilla.com\/es\/fecha\/25-07-2024\">aqu<\/a>\u00ed.&nbsp;<\/li><\/ul>\n\n\n\n<h5 class=\"wp-block-heading\">Actividades en la escuela de verano de Serrer\u00eda Belga&nbsp;<\/h5>\n\n\n\n<p>El <strong>viernes 26 de julio<\/strong> podr\u00e1s disfrutar de \u00abBajo el resplandor dorado\u00bby conferencia sobre videojuegos japoneses, as\u00ed como del Japan International Manga Award, cuenta cuentos y<br>Academy para ni\u00f1os. Info completa<a href=\"https:\/\/www.veranosdelavilla.com\/es\/evento\/gemu-cultura-visual-y-videojuego-japones-1\"> aqu\u00ed.&nbsp;<\/a><\/p>\n\n\n\n<h3 class=\"wp-block-heading\">Huye del del calor con Rita&#8217;s Brunch Summer Edition&nbsp;<\/h3>\n\n\n\n<p>Ubicado en el Autocine de Madrid. Rita&#8217;s Brunch cuenta con un gran espacio donde podr\u00e1s disfrutar de su <strong>fiesta de la espuma, un hinchable de agua, su flamingo shower, bingo, food trucks y mucho m\u00e1s<\/strong>. Es apto para toda la familia y pet friendly. Entrada desde 7 euros. Toda la info y entradas <a href=\"https:\/\/ritas.es\/madrid-centro\/brunch-madrid\/\">aqu\u00ed.&nbsp;<\/a><\/p>\n\n\n\n<h3 class=\"wp-block-heading\">Recorre la procesi\u00f3n de Santiago Ap\u00f3stol&nbsp;<\/h3>\n\n\n\n<p>Tendr\u00e1 lugar este <strong>jueves 25 a las 21 h<\/strong>. El recorrido de este a\u00f1o ser\u00e1 acompa\u00f1ado por la banda de m\u00fasica: salida desde la parroquia, Plaza de Carabanchel, calles Blas\u00f3n, Francisco Romero, General Ricardos y Monse\u00f1or \u00d3scar Romero, con llegada a la parroquia. Toda la info <a href=\"https:\/\/www.madrid.es\/portales\/munimadrid\/es\/Inicio\/Movilidad-y-transportes\/Incidencias-de-Trafico\/Procesion-de-Santiago-Apostol\/?vgnextfmt=default&amp;vgnextoid=ec92c91710ad0910VgnVCM1000001d4a900aRCRD&amp;vgnextchannel=e7908fb9458fe410VgnVCM1000000b205a0aRCRD\">aqu\u00ed.&nbsp;<\/a><\/p>\n\n\n\n<h3 class=\"wp-block-heading\">Disfruta de los veranos en la Pollina&nbsp;<\/h3>\n\n\n\n<p>Sigue el ciclo de conciertos de verano de Fuenlabrada con Ruth Glenzo (26 de julio) y Jes\u00fas Del Castillo y Folker (27 de julio). Info completa en la<a href=\"https:\/\/www.ayto-fuenlabrada.es\/web\/portal\/w\/los-veranos-de-la-pollina-03072023\"> p\u00e1gina web del ayuntamiento.&nbsp;<\/a><\/p>\n\n\n\n<h3 class=\"wp-block-heading\">Vive el V Festival de bandas musicales&nbsp;<\/h3>\n\n\n\n<p>El Teatro Griego del Parque Europa (Torrej\u00f3n de Ardoz) acoge a la <strong>Asociaci\u00f3n Musical Santa Cecilia de Alc\u00e1zar de San Juan<\/strong> (26 de julio) para cerrar el festival de verano. En esta ubicaci\u00f3n, tambi\u00e9n podr\u00e1s disfrutar durante los findes de semana del&nbsp; <strong>espect\u00e1culo de fuente de agua, luz y sonido<\/strong>. Toda la info<a href=\"https:\/\/parqueeuropa.ayto-torrejon.es\/noticia\/nota-de-prensa\/manana-sabado-15-de-julio-continua-el-iv-festival-nacional-de-bandas-de\"> aqu\u00ed.&nbsp;<\/a><\/p>\n\n\n\n<h3 class=\"wp-block-heading\">Compra entradas para el Ballet Nacional&nbsp;<\/h3>\n\n\n\n<p>Durante los pr\u00f3ximos d\u00edas (del 25 al 28 de julio) podr\u00e1s disfrutar en el <strong>Teatro de la Zarzuela del Ballet Nacional<\/strong>. Rub\u00e9n Olmo, director de la obra, ofrece un espect\u00e1culo de danza espa\u00f1ola antigua y moderna de estilos mixtos con bailes de tres generaciones de artistas espa\u00f1oles. Podr\u00e1s adquirir las <strong>entradas desde 16 euros<\/strong>. Entradas <a href=\"https:\/\/entradasinaem.es\/ListaEventos.aspx?id=7&amp;idEspectaculo=899\">aqu\u00ed.&nbsp;<\/a><\/p>\n\n\n\n<h2 class=\"wp-block-heading\">Exposiciones y teatro&nbsp;<\/h2>\n\n\n\n<figure class=\"wp-block-image size-large td-caption-align-https:\/\/www.vidademadrid.com\/es\/wp-content\/uploads\/2023\/10\/Galeria-de-las-Colecciones-Reales.jpg\"><a href=\"https:\/\/www.vidademadrid.com\/es\/wp-content\/uploads\/2023\/10\/Galeria-de-las-Colecciones-Reales.jpg\"><img loading=\"lazy\" decoding=\"async\" width=\"1024\" height=\"512\" src=\"https:\/\/www.vidademadrid.com\/es\/wp-content\/uploads\/2023\/10\/Galeria-de-las-Colecciones-Reales-1024x512.jpg\" alt=\"\" class=\"wp-image-52963\" srcset=\"https:\/\/www.vidademadrid.com\/es\/wp-content\/uploads\/2023\/10\/Galeria-de-las-Colecciones-Reales-1024x512.jpg 1024w, https:\/\/www.vidademadrid.com\/es\/wp-content\/uploads\/2023\/10\/Galeria-de-las-Colecciones-Reales-300x150.jpg 300w, https:\/\/www.vidademadrid.com\/es\/wp-content\/uploads\/2023\/10\/Galeria-de-las-Colecciones-Reales-768x384.jpg 768w, https:\/\/www.vidademadrid.com\/es\/wp-content\/uploads\/2023\/10\/Galeria-de-las-Colecciones-Reales-696x348.jpg 696w, https:\/\/www.vidademadrid.com\/es\/wp-content\/uploads\/2023\/10\/Galeria-de-las-Colecciones-Reales-1068x534.jpg 1068w, https:\/\/www.vidademadrid.com\/es\/wp-content\/uploads\/2023\/10\/Galeria-de-las-Colecciones-Reales-840x420.jpg 840w, https:\/\/www.vidademadrid.com\/es\/wp-content\/uploads\/2023\/10\/Galeria-de-las-Colecciones-Reales.jpg 1200w\" sizes=\"auto, (max-width: 1024px) 100vw, 1024px\" \/><\/a><figcaption>Foto: Patrimonio Nacional<\/figcaption><\/figure>\n\n\n\n<h3 class=\"wp-block-heading\">No te pierdas las visitas de puertas abiertas a los monumentos de Patrimonio Nacional&nbsp;<\/h3>\n\n\n\n<p>Patrimonio Nacional ha anunciado que durante el d\u00eda de Santiago Ap\u00f3stol, d\u00eda festivo, se podr\u00e1 visitar gratuitamente la Galer\u00eda de las Colecciones Reales, Reales Sitios y Reales Monasterios de la comunidad.&nbsp;<\/p>\n\n\n\n<h3 class=\"wp-block-heading\">Spirit of Japan en Nomad Museo Inmersivo&nbsp;<\/h3>\n\n\n\n<p>Por primera vez llega a Madrid la muestra sobre el movimiento art\u00edstico Ukiyo-e que cuenta con m\u00e1s de <strong>400 obras<\/strong> de los m\u00e1s importantes maestros de la corriente como Katsushika<br>Hokusai, Kitagawa Utamaro entre todos. M\u00e1s info <a href=\"https:\/\/www.esmadrid.com\/agenda\/spirit-japan-nomad-museo-inmersivo\">aqu\u00ed.&nbsp;<\/a><\/p>\n\n\n\n<h2 class=\"wp-block-heading\">Fiestas de barrio&nbsp;<\/h2>\n\n\n\n<h3 class=\"wp-block-heading\">Fiestas de Villaverde Bajo&nbsp;<\/h3>\n\n\n\n<p>Esta semana (del 25 al 28 de julio) comienza la fiesta del barrio. Cuenta con <strong>talleres infantiles, bandas musicales y dj<\/strong>, el t<strong>orneo de Petanca<\/strong>, una actuaci\u00f3n estelar del grupo <strong>pop-rock Elefantes<\/strong> (27 de julio), <strong>fiesta de la espuma, paella popular y fuegos artificiales<\/strong>. Descubre la programaci\u00f3n completa <a href=\"https:\/\/diario.madrid.es\/wp-content\/uploads\/2024\/07\/Cartel-Villaverde-Bajo-Alta.jpg\">aqu\u00ed.&nbsp;<\/a><\/p>\n\n\n\n<h2 class=\"wp-block-heading\">\u00daltima oportunidad para disfrutar&#8230;&nbsp;<\/h2>\n\n\n\n<h3 class=\"wp-block-heading\">Entrada gratuita al Museo del Romanticismo&nbsp;<\/h3>\n\n\n\n<p>Con motivo del centenario de su apertura, el Museo del Romanticismo abre sus puertas de forma gratuita. Podr\u00e1s acceder a las exposiciones temporales y permanentes.<\/p>\n\n\n\n<h3 class=\"wp-block-heading\">Exposici\u00f3n fotogr\u00e1fica de Lili \u00c1lvarez&nbsp;<\/h3>\n\n\n\n<p>Descubre la vida de <strong>Lili \u00c1lvarez<\/strong>, la primera mujer espa\u00f1ola que particip\u00f3 en unos Juegos Ol\u00edmpicos en Par\u00eds 1924. Esta exposici\u00f3n que acoge la <strong>Fundaci\u00f3n Ortega Mara\u00f1\u00f3n<\/strong>, incluye fotograf\u00edas, art\u00edculos de prensa, libros y m\u00e1s. Disponible <strong>hasta el viernes 26 de julio<\/strong>. Entrada gratuita. M\u00e1s info <a href=\"https:\/\/ortegaygasset.edu\/evento\/inauguracion-exposicion-la-senorita-los-inicios-del-deporte-femenino-1915-1936\/\">aqu\u00ed.&nbsp;<\/a><\/p>\n\n\n\n<h3 class=\"wp-block-heading\">C\u00e9nate Las Ventas&nbsp;<\/h3>\n\n\n\n<p>Una acci\u00f3n que combina toros y gastronom\u00eda. Podr\u00e1s disfrutar de un mercado gastron\u00f3mico productos madrile\u00f1os y los festejos del Certamen de Novilladas en la propia<strong> Plaza de las Ventas. Entradas desde 12 euros. <\/strong>Toda la info <a href=\"https:\/\/www.las-ventas.com\/actualidad\/presentada-la-quinta-edicion-de-cenate-las-ventas\">aqu\u00ed.&nbsp;<\/a><\/p>\n\n\n\n<h3 class=\"wp-block-heading\">Cine Plaza de Verano en Matadero&nbsp;<\/h3>\n\n\n\n<p>Disfruta del cine de verano de Matadero cuya tem\u00e1tica este a\u00f1o es \u00abSuperestrellas\u00bb. Este fin de semana se proyectar\u00e1 <strong>\u00abLa Bien Querida\u00bb<\/strong> un tributo a Carlos Saura, \u00ab<strong>Aretha Franklin: Amazing Grace\u00bb<\/strong>, <strong>\u00abPink Floyd: The Wall\u00bb y \u00abHedwig and the Angry Inch\u00bb<\/strong>. Entradas desde 5 euros. Toda la info <a href=\"https:\/\/www.mataderomadrid.org\/programacion\/cineplaza-de-verano-6\">aqu\u00ed.&nbsp;<\/a><\/p>\n\n\n\n<h3 class=\"wp-block-heading\">Clima Fitness en Matadero&nbsp;<\/h3>\n\n\n\n<p>Esta instalaci\u00f3n fusiona <strong>una exposici\u00f3n, un gimnasio, una performance, un dispositivo y un lugar de encuentro<\/strong> para reflexionar en torno a la crisis planetaria y los efectos del cambio clim\u00e1tico. Disponible hasta este domingo 28 de julio. Toda la info <a href=\"https:\/\/www.mataderomadrid.org\/programacion\/clima-fitness\">aqu\u00ed.&nbsp;<\/a><\/p>\n\n\n\n<h2 class=\"wp-block-heading\">Restaurantes para el finde&nbsp;<\/h2>\n\n\n\n<h3 class=\"wp-block-heading\">Terraza Club de Campo Villa de Madrid&nbsp;<\/h3>\n\n\n\n<p>La terraza de Club de Campo Villa de Madrid ofrece platos dise\u00f1ados por el Chef Iv\u00e1n S\u00e1ez mientras disfrutas de las vistas 360\u00ba de campos de golf, encinas y las cinco torres. Se puede acceder reservando tu mesa o pagando la 1 entrada de mediod\u00eda para acceder al club (que luego te descontar\u00e1n de la cuenta). Descubre nuestra experiencia completa y los platos que probamos a trav\u00e9s de nuestras <a href=\"https:\/\/www.instagram.com\/stories\/highlights\/17883996921083126\/\">IG stories.<\/a><\/p>\n\n\n\n<h2 class=\"wp-block-heading\">M\u00e1s planes&nbsp;<\/h2>\n\n\n\n<script async src=\"https:\/\/pagead2.googlesyndication.com\/pagead\/js\/adsbygoogle.js\"><\/script> <ins class=\"adsbygoogle\" style=\"display:block; text-align:center;\" data-ad-layout=\"in-article\" data-ad-format=\"fluid\" data-ad-client=\"ca-pub-7450064428034605\" data-ad-slot=\"5670045061\"><\/ins> <script>(adsbygoogle = window.adsbygoogle || []).push({});<\/script>\n\n\n\n\n<p>Como siempre, tenemos muchas m\u00e1s propuestas de planes en Vida de Madrid. Puedes consultar el listado completo de planes&nbsp;en nuestra&nbsp;<a href=\"https:\/\/www.vidademadrid.com\/es\/56831\/agenda-julio-2024-madrid-planes-eventos\/\">agenda del mes<\/a><a href=\"https:\/\/www.vidademadrid.com\/es\/52298\/agenda-septiembre-2023-madrid\/\">&nbsp;<\/a>y en el&nbsp;<a href=\"http:\/\/vidademadrid.com\/planes\">especial Planes<\/a>. No te pierdas los eventos del momento en nuestras redes: puedes seguir <a href=\"https:\/\/www.instagram.com\/VidaDeMadrid\/\">los reportajes diarios en IG Stories @vidademadrid<\/a>\u2026 y m\u00e1s contenido en <a href=\"https:\/\/www.tiktok.com\/@vida_demadrid\">TikTok<\/a>,&nbsp;<a href=\"https:\/\/www.facebook.com\/vidademadrid\">Facebook<\/a>&nbsp;o&nbsp;<a href=\"https:\/\/twitter.com\/VidaDeMadrid\">X<\/a>.<\/p>\n\n\n\n<h3 class=\"wp-block-heading\">&nbsp;<\/h3>\n","protected":false},"excerpt":{"rendered":"<p>Actividades gratuitas de Veranos de la Villa, procesi\u00f3n de Santiago Ap\u00f3stol y m\u00e1s. <\/p>\n","protected":false},"author":13,"featured_media":56937,"comment_status":"open","ping_status":"open","sticky":false,"template":"","format":"standard","meta":{"footnotes":""},"categories":[194],"tags":[],"class_list":{"0":"post-57137","1":"post","2":"type-post","3":"status-publish","4":"format-standard","5":"has-post-thumbnail","7":"category-planes-del-fin-de-semana-madrid"},"_links":{"self":[{"href":"https:\/\/www.vidademadrid.com\/es\/wp-json\/wp\/v2\/posts\/57137","targetHints":{"allow":["GET"]}}],"collection":[{"href":"https:\/\/www.vidademadrid.com\/es\/wp-json\/wp\/v2\/posts"}],"about":[{"href":"https:\/\/www.vidademadrid.com\/es\/wp-json\/wp\/v2\/types\/post"}],"author":[{"embeddable":true,"href":"https:\/\/www.vidademadrid.com\/es\/wp-json\/wp\/v2\/users\/13"}],"replies":[{"embeddable":true,"href":"https:\/\/www.vidademadrid.com\/es\/wp-json\/wp\/v2\/comments?post=57137"}],"version-history":[{"count":2,"href":"https:\/\/www.vidademadrid.com\/es\/wp-json\/wp\/v2\/posts\/57137\/revisions"}],"predecessor-version":[{"id":57139,"href":"https:\/\/www.vidademadrid.com\/es\/wp-json\/wp\/v2\/posts\/57137\/revisions\/57139"}],"wp:featuredmedia":[{"embeddable":true,"href":"https:\/\/www.vidademadrid.com\/es\/wp-json\/wp\/v2\/media\/56937"}],"wp:attachment":[{"href":"https:\/\/www.vidademadrid.com\/es\/wp-json\/wp\/v2\/media?parent=57137"}],"wp:term":[{"taxonomy":"category","embeddable":true,"href":"https:\/\/www.vidademadrid.com\/es\/wp-json\/wp\/v2\/categories?post=57137"},{"taxonomy":"post_tag","embeddable":true,"href":"https:\/\/www.vidademadrid.com\/es\/wp-json\/wp\/v2\/tags?post=57137"}],"curies":[{"name":"wp","href":"https:\/\/api.w.org\/{rel}","templated":true}]}}