{"id":5711,"date":"2016-12-14T09:30:25","date_gmt":"2016-12-14T08:30:25","guid":{"rendered":"http:\/\/www.vidademadrid.com\/es\/?p=5711"},"modified":"2020-05-13T12:47:26","modified_gmt":"2020-05-13T10:47:26","slug":"mad-cool-2017-cartel-entradas-info-rumores-fechas","status":"publish","type":"post","link":"https:\/\/www.vidademadrid.com\/es\/5711\/mad-cool-2017-cartel-entradas-info-rumores-fechas\/","title":{"rendered":"Mad Cool 2017: cartel, entradas, info, rumores, fechas"},"content":{"rendered":"<p>Tras el \u00e9xito de la primera edici\u00f3n, ya es tiempo de pensar en <strong>Mad Cool 2017<\/strong>: en esta p\u00e1gina toda la info previa sobre cartel, entradas, rumores y fechas del festival musical en Caja Magica Madrid. Ser\u00e1 por cierto uno de los festivales musicales m\u00e1s importantes de todo el 2017 en la capital de Espa\u00f1a, en el cartel artistas espa\u00f1oles e internacionales.<br \/>\n<script async src=\"\/\/pagead2.googlesyndication.com\/pagead\/js\/adsbygoogle.js\"><\/script> <!-- Vida vertical --> <ins class=\"adsbygoogle\" style=\"display:inline-block;width:300px;height:600px\" data-ad-client=\"ca-pub-7450064428034605\" data-ad-slot=\"7296098777\"><\/ins> <script> (adsbygoogle = window.adsbygoogle || []).push({}); <\/script><br \/>\n<a href=\"#a\">Mad Cool 2017: info y fechas<\/a> &#8211; <a href=\"#b\">Mad Cool 2017: cartel (rumores y confirmados)<\/a> &#8211; <a href=\"#c\">Mad Cool 2017: rueda de prensa<\/a><\/p>\n<h2 id=\"a\">Mad Cool 2017: info y fechas<\/h2>\n<p>Mad Cool 2017 ya tiene <strong>fechas<\/strong> confirmadas: <strong>6, 7, 8 julio 2017<\/strong> (jueves, viernes y s\u00e1bado).<\/p>\n<p>\u00bfDonde? En <strong>Caja M\u00e1gica<\/strong>. Lo que han dicho los organizadores: \u00ab<em>Habr\u00e1 cuatro grandes escenarios al aire libre<\/em>\u00ab.<\/p>\n<p>\u00ab<em>La mayor parte de los concierto ser\u00e1n al aire libre, con un total de cuatro escenarios exteriores y uno interior para bandas locales. \u00a1Adem\u00e1s ampliaremos los horarios!<\/em>\u00ab.<\/p>\n<h2 id=\"b\">Mad Cool 2017: cartel (rumores y confirmados)<\/h2>\n<p><script async src=\"\/\/pagead2.googlesyndication.com\/pagead\/js\/adsbygoogle.js\"><\/script> <!-- Vida 1 --> <ins class=\"adsbygoogle\" style=\"display:block\" data-ad-client=\"ca-pub-7450064428034605\" data-ad-slot=\"2284573579\" data-ad-format=\"auto\"><\/ins> <script> (adsbygoogle = window.adsbygoogle || []).push({}); <\/script> <\/p>\n<h2>ARTISTAS CONFIRMADOS<\/h2>\n<blockquote class=\"twitter-tweet\" data-lang=\"es\">\n<p lang=\"es\" dir=\"ltr\"><a href=\"https:\/\/twitter.com\/hashtag\/MadCoolFestival?src=hash\">#MadCoolFestival<\/a>: cartel cerrado, quedan 4 bandas (anunciadas el 20 feb) <a href=\"https:\/\/twitter.com\/hashtag\/madrid?src=hash\">#madrid<\/a> <a href=\"https:\/\/twitter.com\/madcoolfestival\">@madcoolfestival<\/a> <a href=\"https:\/\/twitter.com\/hashtag\/conciertos?src=hash\">#conciertos<\/a> <a href=\"https:\/\/t.co\/a1bouTn7Lh\">pic.twitter.com\/a1bouTn7Lh<\/a><\/p>\n<p>&mdash; Vida de Madrid (@VidaDeMadrid) <a href=\"https:\/\/twitter.com\/VidaDeMadrid\/status\/829285289491329029\">8 de febrero de 2017<\/a><\/p><\/blockquote>\n<p><script async src=\"\/\/platform.twitter.com\/widgets.js\" charset=\"utf-8\"><\/script><\/p>\n<ul>\n<strong>jueves 6 julio 2017:<\/strong><\/p>\n<li><strong>Foo Fighters<\/strong>\n<li><strong>Belle &#038; Sebastian<\/strong>\n<li><strong>The Lumineers<\/strong>\n<li>Kurt Vile &#038; The Violators\n<li>Warpaint\n<li>Wolf Alice\n<li>Boys Noize\n<li>Machinedrum<br \/>\n<strong><br \/>\nviernes 7 julio 2017:<\/strong><\/p>\n<li><strong><a href=\"http:\/\/www.vidademadrid.com\/es\/5717\/green-day-concierto-madrid-julio-2017\/\">Green Day<\/a><\/strong>\n<li><strong>Alt-J<\/strong>\n<li><strong>Ryan Adamas<\/strong>\n<li><strong>Rancid<\/strong>\n<li>Kodaline\n<li>Royksopp\n<li>Spoon\n<li>Kiasmos\n<li>Deap Vally\n<p><strong><br \/>\ns\u00e1bado 8 julio 2017<\/strong><\/p>\n<li><strong>Kings of Leon<\/strong>\n<li><strong>Wilco<\/strong>\n<li><strong>Foster The People<\/strong>\n<li><strong>Moderat<\/strong>\n<li>Dinosaur Jr.\n<li>Xavier Rudd\n<li>Belako\n<\/ul>\n<h2 id=\"d\">Mad Cool 2017: entradas<\/h2>\n<p><strong><a href='https:\/\/ad.zanox.com\/ppc\/?40362097C1206166007&#038;ulp=[[http:\/\/www.ticketmaster.es\/checkout\/externalSiteRedirect.php?event=135859-1-1-1&#038;market=spain&#038;owner=TTT]]' title='Entradas Mad Cool 2017' target='_blank' rel=\"nofollow noopener noreferrer\">Pincha aqu\u00ed para comprar las entradas de Mad Cool 2017 en Ticketmaster<\/a><\/strong><\/p>\n<blockquote class=\"twitter-tweet\" data-lang=\"es\">\n<p lang=\"und\" dir=\"ltr\"><a href=\"https:\/\/twitter.com\/hashtag\/madcool?src=hash\">#madcool<\/a> <a href=\"https:\/\/twitter.com\/hashtag\/madcool2017?src=hash\">#madcool2017<\/a> <a href=\"https:\/\/twitter.com\/madcoolfestival\">@madcoolfestival<\/a> <a href=\"https:\/\/t.co\/TDvqXeVvT7\">pic.twitter.com\/TDvqXeVvT7<\/a><\/p>\n<p>&mdash; Vida de Madrid (@VidaDeMadrid) <a href=\"https:\/\/twitter.com\/VidaDeMadrid\/status\/796685847840047105\">10 de noviembre de 2016<\/a><\/p><\/blockquote>\n<p><script async src=\"\/\/platform.twitter.com\/widgets.js\" charset=\"utf-8\"><\/script><\/p>\n","protected":false},"excerpt":{"rendered":"<p>Especial Vida de Madrid sobre Mad Cool<\/p>\n","protected":false},"author":1,"featured_media":5712,"comment_status":"open","ping_status":"open","sticky":false,"template":"","format":"standard","meta":{"footnotes":""},"categories":[22,11],"tags":[95],"class_list":{"0":"post-5711","1":"post","2":"type-post","3":"status-publish","4":"format-standard","5":"has-post-thumbnail","7":"category-conciertos-madrid","8":"category-eventos-madrid","9":"tag-mad-cool"},"_links":{"self":[{"href":"https:\/\/www.vidademadrid.com\/es\/wp-json\/wp\/v2\/posts\/5711","targetHints":{"allow":["GET"]}}],"collection":[{"href":"https:\/\/www.vidademadrid.com\/es\/wp-json\/wp\/v2\/posts"}],"about":[{"href":"https:\/\/www.vidademadrid.com\/es\/wp-json\/wp\/v2\/types\/post"}],"author":[{"embeddable":true,"href":"https:\/\/www.vidademadrid.com\/es\/wp-json\/wp\/v2\/users\/1"}],"replies":[{"embeddable":true,"href":"https:\/\/www.vidademadrid.com\/es\/wp-json\/wp\/v2\/comments?post=5711"}],"version-history":[{"count":24,"href":"https:\/\/www.vidademadrid.com\/es\/wp-json\/wp\/v2\/posts\/5711\/revisions"}],"predecessor-version":[{"id":20075,"href":"https:\/\/www.vidademadrid.com\/es\/wp-json\/wp\/v2\/posts\/5711\/revisions\/20075"}],"wp:featuredmedia":[{"embeddable":true,"href":"https:\/\/www.vidademadrid.com\/es\/wp-json\/wp\/v2\/media\/5712"}],"wp:attachment":[{"href":"https:\/\/www.vidademadrid.com\/es\/wp-json\/wp\/v2\/media?parent=5711"}],"wp:term":[{"taxonomy":"category","embeddable":true,"href":"https:\/\/www.vidademadrid.com\/es\/wp-json\/wp\/v2\/categories?post=5711"},{"taxonomy":"post_tag","embeddable":true,"href":"https:\/\/www.vidademadrid.com\/es\/wp-json\/wp\/v2\/tags?post=5711"}],"curies":[{"name":"wp","href":"https:\/\/api.w.org\/{rel}","templated":true}]}}