{"id":56993,"date":"2024-07-12T08:45:22","date_gmt":"2024-07-12T06:45:22","guid":{"rendered":"https:\/\/www.vidademadrid.com\/es\/?p=56993"},"modified":"2025-10-04T14:51:46","modified_gmt":"2025-10-04T12:51:46","slug":"planes-para-este-fin-de-semana-en-madrid-12-13-y-14-de-julio-de-2024","status":"publish","type":"post","link":"https:\/\/www.vidademadrid.com\/es\/56993\/planes-para-este-fin-de-semana-en-madrid-12-13-y-14-de-julio-de-2024\/","title":{"rendered":"Planes para este fin de semana en Madrid: 12, 13 y 14 de julio de 2024"},"content":{"rendered":"\n<p>Seguimos este mes de julio con una amplia programaci\u00f3n de <strong>actividades, grandes festivales <\/strong>como el Mad Cool y<strong> fiestas de barrio <\/strong>entre la que destaca la tradicional<strong> batalla <\/strong>naval en el marco de las fiestas de Vallecas. Adem\u00e1s, este domingo todos disfrutaremos de la<strong> final de la Eurocopa (Espa\u00f1a vs Inglaterra) <\/strong>y se colocar\u00e1n tres pantallas gigantes para verlo. &nbsp;Como cada semana, en este art\u00edculo te hacemos una selecci\u00f3n de los mejores planes, conciertos, fiestas de barrio y restaurantes para disfrutar este fin de semana <strong>12, 13 y 14 de julio de 2024 en Madrid.<\/strong><\/p>\n\n\n\n<h2 class=\"wp-block-heading\">Actividades<\/h2>\n\n\n\n<script async=\"\" src=\"https:\/\/pagead2.googlesyndication.com\/pagead\/js\/adsbygoogle.js\"><\/script> <ins class=\"adsbygoogle\" style=\"display:block\" data-ad-format=\"fluid\" data-ad-layout-key=\"-7f+eo+1+2-5\" data-ad-client=\"ca-pub-7450064428034605\" data-ad-slot=\"7327027071\"><\/ins><script>(adsbygoogle = window.adsbygoogle || []).push({});<\/script>\n\n\n\n<h3 class=\"wp-block-heading\">No te pierdas la final de la Eurocopa en las pantallas gigantes<\/h3>\n\n\n\n<p><span class=\"OYPEnA text-decoration-none text-strikethrough-none\">Este domingo 14 de julio, <strong>Espa\u00f1a e Inglaterra<\/strong> se enfrentar\u00e1n en la <strong>final de la Eurocopa<\/strong> y para animar a la Selecci\u00f3n Espa\u00f1ola, el Ayuntamiento instalar\u00e1 <strong>tres pantallas gigantes<\/strong> para ver el partido en dos ubicaciones de la ciudad: <strong>Plaza de Col\u00f3n y Puente del Rey<\/strong>. Toda la info <a href=\"https:\/\/www.vidademadrid.com\/es\/56989\/pantallas-gigantes-final-espana-inglaterra-eurocopa-2024\/\">aqu\u00ed<\/a>.&nbsp;<\/span><\/p>\n\n\n\n<figure class=\"wp-block-image size-large td-caption-align-https:\/\/www.vidademadrid.com\/es\/wp-content\/uploads\/2024\/07\/SEFutbol.jpg\"><a href=\"https:\/\/www.vidademadrid.com\/es\/wp-content\/uploads\/2024\/07\/SEFutbol.jpg\"><img loading=\"lazy\" decoding=\"async\" width=\"1024\" height=\"512\" src=\"https:\/\/www.vidademadrid.com\/es\/wp-content\/uploads\/2024\/07\/SEFutbol-1024x512.jpg\" alt=\"\" class=\"wp-image-56990\" srcset=\"https:\/\/www.vidademadrid.com\/es\/wp-content\/uploads\/2024\/07\/SEFutbol-1024x512.jpg 1024w, https:\/\/www.vidademadrid.com\/es\/wp-content\/uploads\/2024\/07\/SEFutbol-300x150.jpg 300w, https:\/\/www.vidademadrid.com\/es\/wp-content\/uploads\/2024\/07\/SEFutbol-768x384.jpg 768w, https:\/\/www.vidademadrid.com\/es\/wp-content\/uploads\/2024\/07\/SEFutbol-696x348.jpg 696w, https:\/\/www.vidademadrid.com\/es\/wp-content\/uploads\/2024\/07\/SEFutbol-1068x534.jpg 1068w, https:\/\/www.vidademadrid.com\/es\/wp-content\/uploads\/2024\/07\/SEFutbol-840x420.jpg 840w, https:\/\/www.vidademadrid.com\/es\/wp-content\/uploads\/2024\/07\/SEFutbol.jpg 1200w\" sizes=\"auto, (max-width: 1024px) 100vw, 1024px\" \/><\/a><figcaption>Foto: Instagram @SEFutbol <\/figcaption><\/figure>\n\n\n\n<h3 class=\"wp-block-heading\">Disfruta de alguna de las fiestas de barrio<\/h3>\n\n\n\n<p>Este fin de semana comienzan <strong data-rich-text-format-boundary=\"true\">nuevas fiestas en distintas localizaciones de la Comunidad de Madrid<\/strong>. Como siempre, cada una de ellas con su programa de actividades y conciertos gratuitos:<\/p>\n\n\n\n<h3 class=\"wp-block-heading\">Fiestas del Carmen de Chamber\u00ed<\/h3>\n\n\n\n<p><span class=\"OYPEnA text-decoration-none text-strikethrough-none\">Este fin de semana podr\u00e1s disfrutar en la Plaza de Chamber\u00ed de estas fiestas que cuentan con <strong>conciertos de Antonio Carmona, Seguridad Social<\/strong>, Un ping\u00fcino en mi ascensor y m\u00e1s. Adem\u00e1s, tambi\u00e9n habr\u00e1 actuaciones de teatro, escape room, flashmob, actividades en los mercados, luces en la plaza, actividades deportivas, familiares y actos religiosos. Programa completo <a href=\"https:\/\/www.esmadrid.com\/sites\/default\/files\/fiestas-nuestra-senora-del-carmen-chamberi-2024.pdf\">aqu\u00ed<\/a>.&nbsp;<\/span><\/p>\n\n\n\n<h3 class=\"wp-block-heading\"><span class=\"OYPEnA text-decoration-none text-strikethrough-none\">Fiestas del Carmen en Puente de Vallecas<\/span><\/h3>\n\n\n\n<p>Desde este mismo viernes tambi\u00e9n est\u00e1n disponibles las celebraciones en el Recinto Ferial Calle Payaso Fof\u00f3. Ofrecen <span class=\"OYPEnA text-decoration-none text-strikethrough-none\"> distintas <strong>actividades<\/strong> y los <strong>conciertos<\/strong> de Lagrimas de sangre (viernes), Nacha Pop (s\u00e1bado), Los Rebeldes (domingo). Adem\u00e1s, habr\u00e1 actuaciones de la Colla Castellera de Madrid con los Minyons de Terrassa: viernes 20.30 h ensayos en el Parque de las Siete Tetas; s\u00e1bado 19 h en el Parque Garc\u00eda Esparter. Descubre el programa completo<a href=\"https:\/\/diario.madrid.es\/blog\/notas-de-prensa\/puente-de-vallecas-celebra-unas-fiestas-del-carmen-pensadas-para-todos-los-publicos\/\"> aqu\u00ed.&nbsp;<\/a><\/span><\/p>\n\n\n\n<h4 class=\"wp-block-heading\">No te pierdas la Batalla Naval de Vallecas<\/h4>\n\n\n\n<p>Un a\u00f1o m\u00e1s vuelve <span class=\"OYPEnA text-decoration-none text-strikethrough-none\">la famosa <strong>batalla naval de la Cofrad\u00eda Marinera<\/strong> donde miles de personas se divierten dispar\u00e1ndose agua. Ser\u00e1 este domingo en el<strong> Boulevar de Pe\u00f1a Gorbea<\/strong>, donde se ha organizado un programa completo tambi\u00e9n con pasacalles, batucada, conciertos, bingo musical, ultrapaella y m\u00e1s. Toda la info <a href=\"https:\/\/www.vidademadrid.com\/es\/56862\/fiestas-karmela-2024-batalla-naval-vallecas-programa-fechas\/\">aqu\u00ed.&nbsp;<\/a><\/span><\/p>\n\n\n\n<figure class=\"wp-block-image size-large td-caption-align-https:\/\/www.vidademadrid.com\/es\/wp-content\/uploads\/2024\/07\/Batalla-Naval-840x420-1-1.jpg\"><a href=\"https:\/\/www.vidademadrid.com\/es\/wp-content\/uploads\/2024\/07\/Batalla-Naval-840x420-1-1.jpg\"><img loading=\"lazy\" decoding=\"async\" width=\"1024\" height=\"512\" src=\"https:\/\/www.vidademadrid.com\/es\/wp-content\/uploads\/2024\/07\/Batalla-Naval-840x420-1-1-1024x512.jpg\" alt=\"\" class=\"wp-image-56931\" srcset=\"https:\/\/www.vidademadrid.com\/es\/wp-content\/uploads\/2024\/07\/Batalla-Naval-840x420-1-1-1024x512.jpg 1024w, https:\/\/www.vidademadrid.com\/es\/wp-content\/uploads\/2024\/07\/Batalla-Naval-840x420-1-1-300x150.jpg 300w, https:\/\/www.vidademadrid.com\/es\/wp-content\/uploads\/2024\/07\/Batalla-Naval-840x420-1-1-768x384.jpg 768w, https:\/\/www.vidademadrid.com\/es\/wp-content\/uploads\/2024\/07\/Batalla-Naval-840x420-1-1-696x348.jpg 696w, https:\/\/www.vidademadrid.com\/es\/wp-content\/uploads\/2024\/07\/Batalla-Naval-840x420-1-1-1068x534.jpg 1068w, https:\/\/www.vidademadrid.com\/es\/wp-content\/uploads\/2024\/07\/Batalla-Naval-840x420-1-1-840x420.jpg 840w, https:\/\/www.vidademadrid.com\/es\/wp-content\/uploads\/2024\/07\/Batalla-Naval-840x420-1-1.jpg 1200w\" sizes=\"auto, (max-width: 1024px) 100vw, 1024px\" \/><\/a><figcaption>Fuente foto: Telemadrid<\/figcaption><\/figure>\n\n\n\n<h3 class=\"wp-block-heading\">Ap\u00fantate a alguno de los eventos musicales del fin de semana<\/h3>\n\n\n\n<p>Ya sabemos que verano es m\u00fasica y durante estos meses Madrid se convierte en el escenario de una serie de conciertos y festivales musicales que no te podr\u00e1s perder. Este fin de semana se podr\u00e1 disfrutar de:&nbsp;<\/p>\n\n\n\n<h4 class=\"wp-block-heading\">Mad Cool 2024<\/h4>\n\n\n\n<p>Dio comienzo el mi\u00e9rcoles y ahora entra en su recta final. <span class=\"OYPEnA text-decoration-none text-strikethrough-none\">\u00daltimos dos d\u00edas de uno de los principales festivales de Espa\u00f1a.<\/span><\/p>\n\n\n\n<ul class=\"wp-block-list\"><li><span class=\"OYPEnA text-decoration-none text-strikethrough-none\">El viernes con <strong>Maneskin, Sum 41, Jessie Ware<\/strong> y m\u00e1s.<\/span><\/li><li>El s\u00e1bado con <strong>The Killers, Bring Me The Horizon, Avril Lavigne<\/strong> y m\u00e1s.<\/li><\/ul>\n\n\n\n<p>Toda la info y entradas desde 89 euros <a href=\"https:\/\/madcoolfestival.es\/\">aqu\u00ed.<\/a> Sigue de cerca los artistas que ya han pasado y que pasar\u00e1n por los distintos escenarios a trav\u00e9s de nuestro <a href=\"https:\/\/www.instagram.com\/stories\/highlights\/18019060643369710\/\">IG stories<\/a>.&nbsp;<\/p>\n\n\n\n<h4 class=\"wp-block-heading\">Conciertos en el Templete de M\u00fasica del Parque del Oeste&nbsp;<\/h4>\n\n\n\n<p><span class=\"OYPEnA text-decoration-none text-strikethrough-none\">Este finde el <strong>programa musical<\/strong> del distrito de Moncloa propone el homenaje a Tony Bennet con Pablo Das\u00ed Tr\u00edo (13 julio) y \u201cEl flamenco en mi maleta\u201d de Natalia Mellado (14 julio). Son completamente gratuitos. Toda la info <a href=\"https:\/\/www.vidademadrid.com\/es\/56940\/parque-oeste-conciertos-gratuitos-programa-2024\/\">aqu\u00ed.&nbsp;<\/a><\/span><\/p>\n\n\n\n<h4 class=\"wp-block-heading\"><span class=\"OYPEnA text-decoration-none text-strikethrough-none\">Festival BBF Madrid 2024<\/span><\/h4>\n\n\n\n<p>Para rematar el finde y solo durante el domingo a partir de las 18 h, IFEMA acoge por primera vez este festival que cuenta con los <strong>artistas de <\/strong><span class=\"OYPEnA text-decoration-none text-strikethrough-none\"><strong>EDM<\/strong> m\u00e1s importantes con <strong>Armin Van Buuren, Hardwell, Marshmello <\/strong><\/span><span class=\"OYPEnA text-decoration-none text-strikethrough-none\"><strong>y Martin Garrix<\/strong> entre otros. Toda la info y entradas desde 65,5 euros <a href=\"https:\/\/www.ifema.es\/bbf-madrid\">aqu\u00ed.&nbsp;<\/a><\/span><\/p>\n\n\n\n<h4 class=\"wp-block-heading\">Concierto en 21 distritos<\/h4>\n\n\n\n<p><span class=\"OYPEnA text-decoration-none text-strikethrough-none\">Este domingo a las 21h en el <strong>Parque Lineal del Manzanares<\/strong>, <strong>Ensamble B11<\/strong>, grupo musical venezuelano, presenta una variedad de ritmos t\u00edpicos revitalizando piezas antiguas y modernas d<\/span><span class=\"OYPEnA text-decoration-none text-strikethrough-none\">e manera innovadora y al aire libre. Es gratuito. M\u00e1s informaci\u00f3n y programa completo de 21 distritos <a href=\"https:\/\/21distritos.es\/\">aqu\u00ed.<\/a>&nbsp;<\/span><\/p>\n\n\n\n<h3 class=\"wp-block-heading\">S\u00e9 el primero en asistir al cine de verano de Plaza Espa\u00f1a&nbsp;<\/h3>\n\n\n\n<p>Este finde se inaugura el ya famosos <strong>cine de verano La Estival<\/strong> con una propuesta de <span class=\"OYPEnA text-decoration-none text-strikethrough-none\">cine, teatro, m\u00fasica y gastronom\u00eda. El s\u00e1bado habr\u00e1 concierto de la BSO de Cinema Paradiso, adem\u00e1s de la proyecci\u00f3n del finde y el domingo se podr\u00e1 disfrutar de Cualquier Menos T\u00fa. Toda la info <a href=\"https:\/\/www.vidademadrid.com\/es\/56799\/la-estival-cine-de-verano-plaza-de-espana-2024-programacion\/\">aqu\u00ed<\/a> y venta de entradas a trav\u00e9s de la <a href=\"https:\/\/www.laestival.com\/\">p\u00e1gina web.&nbsp;<\/a><\/span><\/p>\n\n\n\n<h3 class=\"wp-block-heading\">Disfruta la nueva iniciativa de verano en el Parque Santander&nbsp;<\/h3>\n\n\n\n<p><span class=\"OYPEnA text-decoration-none text-strikethrough-none\">Comienza la primera edici\u00f3n de la <strong>iniciativa cultural al aire libre<\/strong> que ofrece cine (los mi\u00e9rcoles) y teatro (los s\u00e1bados) en el Parque de Santander. Este 13 de julio: \u201cTranshumancia\u201d de Xip Xap. Todo de una forma gratuita. Toda la info y programa <a href=\"https:\/\/www.vidademadrid.com\/es\/56944\/cine-tea-tro-verano-gratuito-parque-santander-chamberi-programa-2024\/\">aqu\u00ed.&nbsp;<\/a>&nbsp;<\/span><\/p>\n\n\n\n<h3 class=\"wp-block-heading\">Visita el Prado de noche&nbsp;<\/h3>\n\n\n\n<p><span class=\"OYPEnA text-decoration-none text-strikethrough-none\">Este s\u00e1bado el <strong>Museo del Prado<\/strong> vuelve a abrir sus puertas <\/span><span class=\"OYPEnA text-decoration-none text-strikethrough-none\">por la noche con el objetivo de dar la oportunidad de <\/span><span class=\"OYPEnA text-decoration-none text-strikethrough-none\">visitar algunos espacios expositivos. La visita extraordinaria y gratuita estar\u00e1 disponible <strong>desde las 20.30 h hasta las 23.30 h<\/strong>.&nbsp;<\/span><\/p>\n\n\n\n<h3 class=\"wp-block-heading\">No te pierdas de la nuevas actividades de Veranos de la Villa 2024&nbsp;<\/h3>\n\n\n\n<p><span class=\"OYPEnA text-decoration-none text-strikethrough-none\">Este finde el programa propone tres sesiones en el ciclo de la Palabra Dicha y Dichosa: \u201cLa palabra de la lucha, la dicha de la militancia\u201d (12 julio), \u201cLa palabra de la ausencia, la dicha de la soledad\u201d (13 de julio) y \u201cLa palabra en escena\u201d (14 julio). Toda la info <a href=\"https:\/\/www.veranosdelavilla.com\/es\/programa\">aqu\u00ed.&nbsp;<\/a><\/span><\/p>\n\n\n\n<h2 class=\"wp-block-heading\">\u00daltima oportunidad para disfrutar de&#8230;<\/h2>\n\n\n\n<figure class=\"wp-block-image size-large td-caption-align-https:\/\/www.vidademadrid.com\/es\/wp-content\/uploads\/2023\/03\/Prado.jpeg\"><a href=\"https:\/\/www.vidademadrid.com\/es\/wp-content\/uploads\/2023\/03\/Prado.jpeg\"><img loading=\"lazy\" decoding=\"async\" width=\"1024\" height=\"512\" src=\"https:\/\/www.vidademadrid.com\/es\/wp-content\/uploads\/2023\/03\/Prado-1024x512.jpeg\" alt=\"\" class=\"wp-image-49008\" srcset=\"https:\/\/www.vidademadrid.com\/es\/wp-content\/uploads\/2023\/03\/Prado-1024x512.jpeg 1024w, https:\/\/www.vidademadrid.com\/es\/wp-content\/uploads\/2023\/03\/Prado-300x150.jpeg 300w, https:\/\/www.vidademadrid.com\/es\/wp-content\/uploads\/2023\/03\/Prado-768x384.jpeg 768w, https:\/\/www.vidademadrid.com\/es\/wp-content\/uploads\/2023\/03\/Prado-696x348.jpeg 696w, https:\/\/www.vidademadrid.com\/es\/wp-content\/uploads\/2023\/03\/Prado-1068x534.jpeg 1068w, https:\/\/www.vidademadrid.com\/es\/wp-content\/uploads\/2023\/03\/Prado-840x420.jpeg 840w, https:\/\/www.vidademadrid.com\/es\/wp-content\/uploads\/2023\/03\/Prado.jpeg 1200w\" sizes=\"auto, (max-width: 1024px) 100vw, 1024px\" \/><\/a><figcaption>Foto: Comunidad de Madrid <\/figcaption><\/figure>\n\n\n\n<h3 class=\"wp-block-heading\"><span class=\"OYPEnA text-decoration-none text-strikethrough-none\">Exposici\u00f3n Notre-Dame en CentroCentro&nbsp;<\/span><\/h3>\n\n\n\n<p><span class=\"OYPEnA text-decoration-none text-strikethrough-none\">Acaba este finde la muestra con realidad aumentada que recorre los <strong>850 a\u00f1os de historia y momentos m\u00e1s importantes de Nuestra Se\u00f1ora de Par\u00eds<\/strong>, la catedral m\u00e1s visitada del mundo. Toda la info <a href=\"https:\/\/www.vidademadrid.com\/es\/55737\/exposicion-notre-dame-cibeles-madrid-entradas-2024\/\">aqu\u00ed.&nbsp;<\/a><\/span><\/p>\n\n\n\n<h3 class=\"wp-block-heading\"><span class=\"OYPEnA text-decoration-none text-strikethrough-none\">\u201cM\u00fasica urbana, Pop y Alta Cultura\u201d en la sede de SGAE&nbsp;<\/span><\/h3>\n\n\n\n<p>Este domingo ser\u00e1 el \u00faltimo d\u00eda para <span class=\"OYPEnA text-decoration-none text-strikethrough-none\">disfrutar de la exposici\u00f3n que<\/span> <span class=\"OYPEnA text-decoration-none text-strikethrough-none\">celebra el <strong>talento de figuras como <\/strong><\/span><span class=\"OYPEnA text-decoration-none text-strikethrough-none\"><strong>Rosal\u00eda, C. Tangana, Bad Gyal, La Zowi, Quevedo<\/strong> mostrando centenar de vestidos y prendas de ropa, galardones, elementos fotogr\u00e1ficos, ilustraciones y fotograf\u00edas originales. Toda la info <a href=\"https:\/\/www.vidademadrid.com\/es\/56514\/musica-urbana-pop-alta-cultura-exposicion-sgae-horario\/\">aqu\u00ed.&nbsp;<\/a><\/span><\/p>\n\n\n\n<h3 class=\"wp-block-heading\"><span class=\"OYPEnA text-decoration-none text-strikethrough-none\">\u201cEntre el Bosco y Sorolla\u201d en Col\u00f3n&nbsp;<\/span><\/h3>\n\n\n\n<p>Concretamente en la <span class=\"OYPEnA text-decoration-none text-strikethrough-none\"><strong>Fundaci\u00f3n Mar\u00eda Cristina Masaveu Peterson<\/strong> se re\u00fanen obras de los <strong>pintores valencianos<\/strong> desde el siglo XV a trav\u00e9s de un recorrido hist\u00f3rico, art\u00edstico y social que se acerca hasta la modernidad. La entrada es gratuita. M\u00e1s info <a href=\"https:\/\/www.vidademadrid.com\/es\/55260\/exposicion-bosco-sorolla-coleccion-museo-bellas-artes-valencia-2024\/\">aqu\u00ed.&nbsp;<\/a><\/span><\/p>\n\n\n\n<h3 class=\"wp-block-heading\"><span class=\"OYPEnA text-decoration-none text-strikethrough-none\">\u201c440 a\u00f1os de historia del Teatro Espa\u00f1ol\u201d en el Teatro Espa\u00f1ol&nbsp;<\/span><\/h3>\n\n\n\n<p><span class=\"OYPEnA text-decoration-none text-strikethrough-none\">La muestra celebra el <strong>teatro m\u00e1s antiguo de Europa<\/strong> (1583-2023) reuniendo documentos, an\u00e9cdotas e im\u00e1genes de los artistas, el p\u00fablico y los profesionales. Se puede tambi\u00e9n visitar algunas salas del teatro. Toda la info <a href=\"https:\/\/www.vidademadrid.com\/es\/53432\/440-anos-teatro-espanol-exposicion-gratuita-fechas-horarios\/\">aqu\u00ed.&nbsp;<\/a><\/span><\/p>\n\n\n\n<h3 class=\"wp-block-heading\"><span class=\"OYPEnA text-decoration-none text-strikethrough-none\">Obra invitada de Antonio L\u00f3pez en el Museo Arqueol\u00f3gico Nacional&nbsp;<\/span><\/h3>\n\n\n\n<p><span class=\"OYPEnA text-decoration-none text-strikethrough-none\">Para celebrar los 10 a\u00f1os de la reapertura del Museo Arqueol\u00f3gico Nacional, la Vitrina Cero acoge un <strong>cuadro de Antonio L\u00f3pez<\/strong> <\/span><span class=\"OYPEnA text-decoration-none text-strikethrough-none\">que muestra la fachada del Museo. La entrada tiene un preco de 3\u20ac y este fin de semana ser\u00e1 el \u00faltimo para disfrutar de ella. Toda la info <a href=\"https:\/\/www.vidademadrid.com\/es\/55907\/obra-invitada-antonio-lopez-vitrina-cero-museo-arqueologico-2024\/\">aqu\u00ed.&nbsp;<\/a><\/span><\/p>\n\n\n\n<h2 class=\"wp-block-heading\">Restaurante para el finde&nbsp;<\/h2>\n\n\n\n<h3 class=\"wp-block-heading\"><span class=\"OYPEnA text-decoration-none text-strikethrough-none\">El Pabell\u00f3n <\/span><span class=\"OYPEnA text-decoration-none text-strikethrough-none\">de Florida Park<\/span><\/h3>\n\n\n\n<p><span class=\"OYPEnA text-decoration-none text-strikethrough-none\">Dentro del <strong>Retiro<\/strong> visitamos el <strong>restaurante Florida Park<\/strong> que cuenta con carta variada que incluye platos tradicionales espa\u00f1oles, sushi, carne y pescado; adem\u00e1s de terraza. Estate muy pendiente de nuestra stories para conocer todos los detalles.&nbsp;<\/span><\/p>\n\n\n\n<h3 class=\"wp-block-heading\"><span class=\"OYPEnA text-decoration-none text-strikethrough-none\">Gran Caf\u00e9 Shanghai<\/span><\/h3>\n\n\n\n<p><span class=\"OYPEnA text-decoration-none text-strikethrough-none\">Este restaurante ubicado muy cerca de <strong>Gran V\u00eda<\/strong>, celebra hasta el 28 de julio el <\/span><span class=\"OYPEnA text-decoration-none text-strikethrough-none\"><strong>II Festival del Dim Sum<\/strong> con una nueva <strong>propuesta de men\u00fa<\/strong> que incluye tambi\u00e9n pato con naranja y Kubak. Descubre todos los platos que incluye y el precio del men\u00fa a trav\u00e9s de nuestros <a href=\"https:\/\/www.instagram.com\/stories\/highlights\/18126440305362169\/\">IG stories.<\/a>&nbsp;<\/span><\/p>\n\n\n\n<script async=\"\" src=\"https:\/\/pagead2.googlesyndication.com\/pagead\/js\/adsbygoogle.js\"><\/script> <ins class=\"adsbygoogle\" style=\"display:block; text-align:center;\" data-ad-layout=\"in-article\" data-ad-format=\"fluid\" data-ad-client=\"ca-pub-7450064428034605\" data-ad-slot=\"5670045061\"><\/ins> <script>(adsbygoogle = window.adsbygoogle || []).push({});<\/script>\n\n\n\n<h2 class=\"wp-block-heading\">M\u00e1s planes&nbsp;<\/h2>\n\n\n\n<p>Como siempre, tenemos muchas m\u00e1s propuestas de planes en Vida de Madrid. Puedes consultar el <strong>listado completo de planes<\/strong>&nbsp;en nuestra&nbsp;<a href=\"https:\/\/www.vidademadrid.com\/es\/56831\/agenda-julio-2024-madrid-planes-eventos\/\"><strong>agenda del mes<\/strong><\/a><a href=\"https:\/\/www.vidademadrid.com\/es\/52298\/agenda-septiembre-2023-madrid\/\">&nbsp;<\/a>y en el&nbsp;<a href=\"http:\/\/vidademadrid.com\/planes\"><strong>especial Planes<\/strong><\/a>. No te pierdas los eventos del momento en nuestras redes: puedes seguir <a href=\"https:\/\/www.instagram.com\/VidaDeMadrid\/\">los reportajes diarios en IG Stories @vidademadrid<\/a>\u2026 y m\u00e1s contenido en <a href=\"https:\/\/www.tiktok.com\/@vida_demadrid\">TikTok<\/a>,&nbsp;<a href=\"https:\/\/www.facebook.com\/vidademadrid\">Facebook<\/a>&nbsp;o&nbsp;<a href=\"https:\/\/twitter.com\/VidaDeMadrid\">X<\/a>.<\/p>\n","protected":false},"excerpt":{"rendered":"<p>Pantallas gigantes para la final de la Eurocopa, fiestas de barrio, festivales y m\u00e1s. <\/p>\n","protected":false},"author":13,"featured_media":43524,"comment_status":"open","ping_status":"open","sticky":false,"template":"","format":"standard","meta":{"footnotes":""},"categories":[187,194,119],"tags":[],"class_list":{"0":"post-56993","1":"post","2":"type-post","3":"status-publish","4":"format-standard","5":"has-post-thumbnail","7":"category-madrid-hoy","8":"category-planes-del-fin-de-semana-madrid","9":"category-portada"},"_links":{"self":[{"href":"https:\/\/www.vidademadrid.com\/es\/wp-json\/wp\/v2\/posts\/56993","targetHints":{"allow":["GET"]}}],"collection":[{"href":"https:\/\/www.vidademadrid.com\/es\/wp-json\/wp\/v2\/posts"}],"about":[{"href":"https:\/\/www.vidademadrid.com\/es\/wp-json\/wp\/v2\/types\/post"}],"author":[{"embeddable":true,"href":"https:\/\/www.vidademadrid.com\/es\/wp-json\/wp\/v2\/users\/13"}],"replies":[{"embeddable":true,"href":"https:\/\/www.vidademadrid.com\/es\/wp-json\/wp\/v2\/comments?post=56993"}],"version-history":[{"count":7,"href":"https:\/\/www.vidademadrid.com\/es\/wp-json\/wp\/v2\/posts\/56993\/revisions"}],"predecessor-version":[{"id":57087,"href":"https:\/\/www.vidademadrid.com\/es\/wp-json\/wp\/v2\/posts\/56993\/revisions\/57087"}],"wp:featuredmedia":[{"embeddable":true,"href":"https:\/\/www.vidademadrid.com\/es\/wp-json\/wp\/v2\/media\/43524"}],"wp:attachment":[{"href":"https:\/\/www.vidademadrid.com\/es\/wp-json\/wp\/v2\/media?parent=56993"}],"wp:term":[{"taxonomy":"category","embeddable":true,"href":"https:\/\/www.vidademadrid.com\/es\/wp-json\/wp\/v2\/categories?post=56993"},{"taxonomy":"post_tag","embeddable":true,"href":"https:\/\/www.vidademadrid.com\/es\/wp-json\/wp\/v2\/tags?post=56993"}],"curies":[{"name":"wp","href":"https:\/\/api.w.org\/{rel}","templated":true}]}}