{"id":56913,"date":"2024-07-05T08:37:53","date_gmt":"2024-07-05T06:37:53","guid":{"rendered":"https:\/\/www.vidademadrid.com\/es\/?p=56913"},"modified":"2024-07-08T09:23:34","modified_gmt":"2024-07-08T07:23:34","slug":"planes-para-este-fin-de-semana-5-6-y-7-de-julio-de-2024","status":"publish","type":"post","link":"https:\/\/www.vidademadrid.com\/es\/56913\/planes-para-este-fin-de-semana-5-6-y-7-de-julio-de-2024\/","title":{"rendered":"Planes para este fin de semana 5, 6 y 7 de julio de 2024"},"content":{"rendered":"\n<p>Empieza el mes de julio con una amplia programaci\u00f3n de <strong>actividades y conciertos con motivo del Orgullo 2024<\/strong>. Como todos los a\u00f1os la Plaza de Espa\u00f1a, la Plaza de Pedro Zerolo, la Plaza del Rey, y este a\u00f1o tambi\u00e9n la Puerta del Sol, se llenan de m\u00fasica y color. Adem\u00e1s, este fin de semana tambi\u00e9n se podr\u00e1 disfrutar de <strong>nuevos cines de verano en Matadero y en el Museo Reina Sof\u00eda<\/strong>. Como cada semana, en este art\u00edculo te hacemos una selecci\u00f3n de los mejores planes, conciertos, fiestas de barrio y restaurantes para disfrutar este fin de semana <strong>5, 6 y 7 de julio de 2024 en Madrid.<\/strong><\/p>\n\n\n\n<h2 class=\"wp-block-heading\">Especial Orgullo Madrid 2024&nbsp;<\/h2>\n\n\n\n<script async=\"\" src=\"https:\/\/pagead2.googlesyndication.com\/pagead\/js\/adsbygoogle.js\"><\/script> <ins class=\"adsbygoogle\" style=\"display:block\" data-ad-format=\"fluid\" data-ad-layout-key=\"-7f+eo+1+2-5\" data-ad-client=\"ca-pub-7450064428034605\" data-ad-slot=\"7327027071\"><\/ins><script>(adsbygoogle = window.adsbygoogle || []).push({});<\/script>\n\n\n\n<figure class=\"wp-block-image size-large td-caption-align-https:\/\/www.vidademadrid.com\/es\/wp-content\/uploads\/2024\/07\/vision-1.jpg\"><a href=\"https:\/\/www.vidademadrid.com\/es\/wp-content\/uploads\/2024\/07\/vision-1.jpg\"><img loading=\"lazy\" decoding=\"async\" width=\"1024\" height=\"512\" src=\"https:\/\/www.vidademadrid.com\/es\/wp-content\/uploads\/2024\/07\/vision-1-1024x512.jpg\" alt=\"\" class=\"wp-image-56838\" srcset=\"https:\/\/www.vidademadrid.com\/es\/wp-content\/uploads\/2024\/07\/vision-1-1024x512.jpg 1024w, https:\/\/www.vidademadrid.com\/es\/wp-content\/uploads\/2024\/07\/vision-1-300x150.jpg 300w, https:\/\/www.vidademadrid.com\/es\/wp-content\/uploads\/2024\/07\/vision-1-768x384.jpg 768w, https:\/\/www.vidademadrid.com\/es\/wp-content\/uploads\/2024\/07\/vision-1-696x348.jpg 696w, https:\/\/www.vidademadrid.com\/es\/wp-content\/uploads\/2024\/07\/vision-1-1068x534.jpg 1068w, https:\/\/www.vidademadrid.com\/es\/wp-content\/uploads\/2024\/07\/vision-1-840x420.jpg 840w, https:\/\/www.vidademadrid.com\/es\/wp-content\/uploads\/2024\/07\/vision-1.jpg 1200w\" sizes=\"auto, (max-width: 1024px) 100vw, 1024px\" \/><\/a><figcaption>madridorgullo.com<\/figcaption><\/figure>\n\n\n\n<p>Este fin de semana comienza oficialmente el <strong>programa de actividades y conciertos<\/strong> con motivo del <strong>Orgullo 2024<\/strong>. Podr\u00e1s disfrutar de:&nbsp;<\/p>\n\n\n\n<h3 class=\"wp-block-heading\">Manifestaci\u00f3n estatal del Orgullo LGTBI+&nbsp;<\/h3>\n\n\n\n<p><span class=\"OYPEnA text-decoration-none text-strikethrough-none\">Este s\u00e1bado <strong>6 de julio a las 19 h<\/strong> tendr\u00e1 lugar la <strong>manifestaci\u00f3n que recorre las calles desde Atocha a Col\u00f3n<\/strong>, donde adem\u00e1s, se leer\u00e1 el manifiesto. Toda la info <a href=\"https:\/\/www.madridorgullo.com\/manifestacion\">aqu\u00ed.<\/a>&nbsp;<\/span><\/p>\n\n\n\n<h3 class=\"wp-block-heading\">Conciertos en Plaza Espa\u00f1a&nbsp;<\/h3>\n\n\n\n<ul class=\"wp-block-list\"><li><strong><span class=\"OYPEnA text-decoration-none text-strikethrough-none\">Viernes:<\/span><\/strong><span class=\"OYPEnA text-decoration-none text-strikethrough-none\"> conciertos y final Mr. Gay Espa\u00f1a 2024 presentada por Luj\u00e1n Arg\u00fcelles y Omar Su\u00e1rez, con Nacho Nacif, Mirela, Roser, Elettra Lamborghini, Alm\u00e1cor, Jorge Gonz\u00e1lez y Ricchi e Poveri.<\/span><\/li><li><strong>S\u00e1bado:<\/strong><span class=\"OYPEnA text-decoration-none text-strikethrough-none\" style=\"color: initial;\"> conciertos \u201cOrgullo Latino\u201d y m\u00e1s.<\/span><\/li><li><strong>Domingo:<\/strong><span class=\"OYPEnA text-decoration-none text-strikethrough-none\" style=\"color: initial;\"> gala clausura \u201cPridevision\u201d presentada por Soraya y Sharonne, con Nemo, Nebulossa, Barei, Az\u00facar Moreno, Soraya, La D\u00e9cada Prodigiosa, Megara, actuaci\u00f3n sorpresa y m\u00e1s.<\/span><\/li><\/ul>\n\n\n\n<p>*El programa de conciertos va desde las 20h hasta las 2h30. A excepci\u00f3n del domingo que terminan a las 00h. Toda la info y programa completo <a href=\"https:\/\/www.madridorgullo.com\/programacion\/espana\">aqu\u00ed.&nbsp;<\/a><\/p>\n\n\n\n<h3 class=\"wp-block-heading\">Conciertos en Puerta del Sol&nbsp;<\/h3>\n\n\n\n<ul class=\"wp-block-list\"><li class=\"cvGsUA direction-ltr align-center para-style-body\"><span class=\"OYPEnA text-decoration-none text-strikethrough-none\">Viernes:<\/span><span class=\"OYPEnA text-decoration-none text-strikethrough-none\"> noche Proud Bling! 2024 dedicada a los sonidos urbanos, con La Zowi, Recycled J, Metrika y m\u00e1s. <\/span><\/li><li class=\"cvGsUA direction-ltr align-center para-style-body\"><span class=\"OYPEnA text-decoration-none text-strikethrough-none\">S\u00e1bado: <\/span>Fiestas Choco Churros, Fiesta Master Pride y m\u00e1s conciertos.<\/li><\/ul>\n\n\n\n<p>*El programa de conciertos va desde las 20h hasta las 2h30. Toda la info y programa completo <a href=\"https:\/\/www.madridorgullo.com\/programacion\/sol\">aqu\u00ed.&nbsp;<\/a><\/p>\n\n\n\n<h3 class=\"wp-block-heading\">Fiestas en la Plaza de Pedro Zerolo&nbsp;<\/h3>\n\n\n\n<ul class=\"wp-block-list\"><li class=\"cvGsUA direction-ltr align-center para-style-body\"><strong><span class=\"OYPEnA text-decoration-none text-strikethrough-none\">Viernes:<\/span><\/strong><span class=\"OYPEnA text-decoration-none text-strikethrough-none\"> fiesta LL, fiesta Mariconchis, Fiestar Pride, Super Prima\u2019s Festival.<\/span><\/li><li class=\"cvGsUA direction-ltr align-center para-style-body\"><strong>S\u00e1bado:<\/strong><span class=\"OYPEnA text-decoration-none text-strikethrough-none\" style=\"color: initial;\"> La Petit Nuit, Maravilla\u2019s Pride, <\/span><span class=\"OYPEnA text-decoration-none text-strikethrough-none\" style=\"color: initial;\">DLRO Live, Tombol\u00f3n Maric\u00f3n.<\/span><\/li><\/ul>\n\n\n\n<p>*El programa de conciertos va desde las 20h hasta las 00h. Toda la info y programa completo <a href=\"https:\/\/www.madridorgullo.com\/programacion\/zerolo\">aqu\u00ed.&nbsp;<\/a><\/p>\n\n\n\n<h3 class=\"wp-block-heading\"><span class=\"OYPEnA text-decoration-none text-strikethrough-none\">Conciertos en Plaza del Rey \u201cPlaza de las Reinas\u201d<\/span><\/h3>\n\n\n\n<ul class=\"wp-block-list\"><li><strong><span class=\"OYPEnA text-decoration-none text-strikethrough-none\">Viernes:<\/span><\/strong><span class=\"OYPEnA text-decoration-none text-strikethrough-none\"> Silvina Magari, Nya de la Rubia, Roc\u00edo Saiiz, Ptazeta, Fiesta Fulanita de tal. <\/span><\/li><li><strong><span class=\"OYPEnA text-decoration-none text-strikethrough-none\">S\u00e1bado:<\/span><\/strong><span class=\"OYPEnA text-decoration-none text-strikethrough-none\"> D\u2019John, Andrea Rocatti, Las Dianas, Brequette, La Beba, Fluide Scape Party.<\/span><\/li><li><strong><span class=\"OYPEnA text-decoration-none text-strikethrough-none\">Domingo:<\/span><\/strong><span class=\"OYPEnA text-decoration-none text-strikethrough-none\"> Ebhel, Sara Socas, La Cendejas, Nebulossa, actuaci\u00f3n especial.<\/span><\/li><\/ul>\n\n\n\n<p>*El programa de conciertos va desde las 20h hasta las 00h. A excepci\u00f3n del domingo que comenzar\u00e1 a las 19 h y finalizar\u00e1 a las 23 h. Toda la info y programa completo <a href=\"https:\/\/www.madridorgullo.com\/programacion\/rey\">aqu\u00ed.&nbsp;<\/a><\/p>\n\n\n\n<h2 class=\"wp-block-heading\">Actividades&nbsp;<\/h2>\n\n\n\n<figure class=\"wp-block-image size-large td-caption-align-https:\/\/www.vidademadrid.com\/es\/wp-content\/uploads\/2024\/07\/Futbol.jpg\"><a href=\"https:\/\/www.vidademadrid.com\/es\/wp-content\/uploads\/2024\/07\/Futbol.jpg\"><img loading=\"lazy\" decoding=\"async\" width=\"1024\" height=\"512\" src=\"https:\/\/www.vidademadrid.com\/es\/wp-content\/uploads\/2024\/07\/Futbol-1024x512.jpg\" alt=\"\" class=\"wp-image-56897\" srcset=\"https:\/\/www.vidademadrid.com\/es\/wp-content\/uploads\/2024\/07\/Futbol-1024x512.jpg 1024w, https:\/\/www.vidademadrid.com\/es\/wp-content\/uploads\/2024\/07\/Futbol-300x150.jpg 300w, https:\/\/www.vidademadrid.com\/es\/wp-content\/uploads\/2024\/07\/Futbol-768x384.jpg 768w, https:\/\/www.vidademadrid.com\/es\/wp-content\/uploads\/2024\/07\/Futbol-696x348.jpg 696w, https:\/\/www.vidademadrid.com\/es\/wp-content\/uploads\/2024\/07\/Futbol-1068x534.jpg 1068w, https:\/\/www.vidademadrid.com\/es\/wp-content\/uploads\/2024\/07\/Futbol-840x420.jpg 840w, https:\/\/www.vidademadrid.com\/es\/wp-content\/uploads\/2024\/07\/Futbol.jpg 1200w\" sizes=\"auto, (max-width: 1024px) 100vw, 1024px\" \/><\/a><figcaption>Foto: Instagram @sefutbol<\/figcaption><\/figure>\n\n\n\n<h3 class=\"wp-block-heading\">Suspendida la pantalla gigante para ver el partido Espa\u00f1a &#8211; Alemania en pantalla gigante\u00a0<\/h3>\n\n\n\n<p>Suspendido por altas temperaturas.<\/p>\n\n\n\n<p><span class=\"OYPEnA text-decoration-none text-strikethrough-none\">E<s>ste viernes los aficionados de f\u00fatbol podr\u00e1n seguir el partido de <strong>cuartos de final de la Eurocopa entre Espa\u00f1a y Alemania<\/strong> en la pantalla gigante instalada por el Ayuntamiento en la Plaza de Felipe II y as\u00ed apoyar juntos a la Selecci\u00f3n Espa\u00f1ola. <\/s><\/span><s>Toda la info <a href=\"https:\/\/www.vidademadrid.com\/es\/56894\/pantallas-gigantes-cuartos-de-final-espana-alemania-eurocopa-202\/#google_vignette\">aqu\u00ed.<\/a>\u00a0<\/s><\/p>\n\n\n\n<h3 class=\"wp-block-heading\">Participa en el primer Hitball en X Madrid&nbsp;<\/h3>\n\n\n\n<p><span class=\"OYPEnA text-decoration-none text-strikethrough-none\">Acaba de abrir el primer simulador de bateo de Europa, <\/span><span class=\"OYPEnA text-decoration-none text-strikethrough-none\">con 6 boxes, para pasar el tiempo de manera divertida con amigos. Adem\u00e1s ofrecen una carta de raciones, hamburguesas y perritos. Podr\u00e1s batear <strong>desde 7 euros<\/strong>. Descubre toda la informaci\u00f3n a trav\u00e9s de nuestras <a href=\"https:\/\/www.instagram.com\/stories\/highlights\/18030797897477422\/\">stories de IG<\/a>.&nbsp;<\/span><\/p>\n\n\n\n<h3 class=\"wp-block-heading\">Visita Retroland Vintage Toys&nbsp;<\/h3>\n\n\n\n<p>El <strong>Museo del Ferrocarril<\/strong> acoge este s\u00e1bado y domingo la f<span class=\"OYPEnA text-decoration-none text-strikethrough-none\">eria de coleccionismo y de modelismo ferroviario con j<strong>uguetes antiguos y de colecci\u00f3n de los a\u00f1os 70 y 80<\/strong> y una r\u00e9plica de KITT. Con m\u00e1s de 50 expositores y food trucks. Se podr\u00e1 apoyar a la<\/span> <span class=\"OYPEnA text-decoration-none text-strikethrough-none\">Asociaci\u00f3n Salvando \u00c1ngeles Sin Alas. Podr\u00e1s acceder por 1 euro. Toda la info <a href=\"https:\/\/www.esmadrid.com\/agenda\/retroland-vintage-toys-museo-ferrocarril\">aqu\u00ed.&nbsp;<\/a><\/span><\/p>\n\n\n\n<h3 class=\"wp-block-heading\">Disfruta de m\u00fasica y conciertos&nbsp;<\/h3>\n\n\n\n<figure class=\"wp-block-image size-large td-caption-align-https:\/\/www.vidademadrid.com\/es\/wp-content\/uploads\/2023\/12\/Noches-dle-Bota\u0301nico.jpg\"><a href=\"https:\/\/www.vidademadrid.com\/es\/wp-content\/uploads\/2023\/12\/Noches-dle-Bota\u0301nico.jpg\"><img loading=\"lazy\" decoding=\"async\" width=\"1024\" height=\"512\" src=\"https:\/\/www.vidademadrid.com\/es\/wp-content\/uploads\/2023\/12\/Noches-dle-Bota\u0301nico-1024x512.jpg\" alt=\"\" class=\"wp-image-54061\" srcset=\"https:\/\/www.vidademadrid.com\/es\/wp-content\/uploads\/2023\/12\/Noches-dle-Bota\u0301nico-1024x512.jpg 1024w, https:\/\/www.vidademadrid.com\/es\/wp-content\/uploads\/2023\/12\/Noches-dle-Bota\u0301nico-300x150.jpg 300w, https:\/\/www.vidademadrid.com\/es\/wp-content\/uploads\/2023\/12\/Noches-dle-Bota\u0301nico-768x384.jpg 768w, https:\/\/www.vidademadrid.com\/es\/wp-content\/uploads\/2023\/12\/Noches-dle-Bota\u0301nico-696x348.jpg 696w, https:\/\/www.vidademadrid.com\/es\/wp-content\/uploads\/2023\/12\/Noches-dle-Bota\u0301nico-1068x534.jpg 1068w, https:\/\/www.vidademadrid.com\/es\/wp-content\/uploads\/2023\/12\/Noches-dle-Bota\u0301nico-840x420.jpg 840w, https:\/\/www.vidademadrid.com\/es\/wp-content\/uploads\/2023\/12\/Noches-dle-Bota\u0301nico.jpg 1200w\" sizes=\"auto, (max-width: 1024px) 100vw, 1024px\" \/><\/a><figcaption>Foto: Noches del Bot\u00e1nico <\/figcaption><\/figure>\n\n\n\n<p>Cuando empieza el calor y empieza a oscurecer m\u00e1s tarde, no hay nada mejor que disfrutar de un <strong>concierto al aire libre<\/strong>. Este fin de semana podr\u00e1s disfrutar de dos festivales:&nbsp;<\/p>\n\n\n\n<ul class=\"wp-block-list\"><li><strong>Festival R\u00edo de Babel:<\/strong> <span class=\"OYPEnA text-decoration-none text-strikethrough-none\">evento musical que regresa con su sexta edici\u00f3n con cantantes como Amaral, La Pegatina, Two Door Cinema Club, La Oreja de Van Gogh, Depedro, Die Antwoord,<\/span> <span class=\"OYPEnA text-decoration-none text-strikethrough-none\">The Cat Empire y tendr\u00e1 una secci\u00f3n de comedia. Estar\u00e1 disponible viernes y s\u00e1bado. Toda la info y \u00faltimas entradas en la <a href=\"https:\/\/festivalriobabel.com\/\">p\u00e1gina oficial.&nbsp;<\/a><\/span><\/li><li><strong>Noches del Bot\u00e1nico:<\/strong> contin\u00faa esta cita musical en el <span class=\"OYPEnA text-decoration-none text-strikethrough-none\"><span class=\"OYPEnA text-decoration-none text-strikethrough-none\">Real Jard\u00edn Bot\u00e1nico de Alfonso XIII. Este fin de semana (de viernes a domingo) se podr\u00e1n escuchar artistas como <\/span><\/span>Vance Joy y Sammy Rae &amp; The Friends (5 de julio), Santiago Auser\u00f3n y Salif Keita (6 de julio). Ya agotados los conciertos de Paolo Nutini y Jalen Ngonda del 7 de julio. Las entradas las podr\u00e1s adquirir por 35 euros en la <a href=\"https:\/\/www.nochesdelbotanico.com\/entradas-artistas\">p\u00e1gina oficial<\/a> del evento.&nbsp;<\/li><\/ul>\n\n\n\n<h3 class=\"wp-block-heading\">Asiste a alguno de los cines de verano disponibles&nbsp;<\/h3>\n\n\n\n<p><strong>\u00bfAlgo mejor que una buena peli y palomitas en un cine de verano?<\/strong><\/p>\n\n\n\n<p>Estos d\u00edas ya puedes disfrutar de:&nbsp;<\/p>\n\n\n\n<h4 class=\"wp-block-heading\">CinePlaza de Verano en Matadero&nbsp;<\/h4>\n\n\n\n<p><span class=\"OYPEnA text-decoration-none text-strikethrough-none\">La plaza de Matadero acoge la nueva temporada de cine al aire libre, el programa de este finde incluye las proyecciones de \u201c<\/span><a class=\"OYPEnA text-decoration-none text-strikethrough-none\" draggable=\"false\" href=\"https:\/\/www.mataderomadrid.org\/programacion\/paul-mccartney-get-back\" target=\"_blank\" rel=\"noopener\">Paul McCartney Get Back\u201d<\/a><span class=\"OYPEnA text-decoration-none text-strikethrough-none\"> (5 de julio), \u201cMoonwalker\u201d (6 de julio) y <\/span><a class=\"OYPEnA text-decoration-none text-strikethrough-none\" draggable=\"false\" href=\"https:\/\/www.mataderomadrid.org\/programacion\/under-cherry-moon\" target=\"_blank\" rel=\"noopener\">\u201cUnder the Cherry Moon\u201d<\/a><span class=\"OYPEnA text-decoration-none text-strikethrough-none\"> (7 de julio). Podr\u00e1s visualizar alguna de las pel\u00edculas del programa por tan solo <strong>3,50 euros.<\/strong> M\u00e1s info y programa completo <a href=\"https:\/\/www.mataderomadrid.org\/programacion\/cineplaza-de-verano-6\">aqu\u00ed.&nbsp;<\/a><\/span><\/p>\n\n\n\n<h4 class=\"wp-block-heading\">Cine de verano del Museo Reina Sof\u00eda&nbsp;<\/h4>\n\n\n\n<p><span class=\"OYPEnA text-decoration-none text-strikethrough-none\">Empieza este finde el ciclo \u201cEl cine piensa el cine\u201d en el j<strong>ard\u00edn del Edificio Sabatini<\/strong> con \u201cTodo sobre mi madre\u201d (5 de junio) y \u201cMay December\u201d (6 de junio). Podr\u00e1s acceder completamente <strong>gratis<\/strong> hasta completar aforo. Toda la info <a href=\"https:\/\/www.museoreinasofia.es\/actividades\/cine-piensa-cine\">aqu\u00ed.&nbsp;<\/a><\/span><\/p>\n\n\n\n<h4 class=\"wp-block-heading\">Cine de verano en el Palacio de Cristal de Cibeles&nbsp;<\/h4>\n\n\n\n<p>Se inaugur\u00f3 el pasado fin de semana y estar\u00e1 disponible todo el verano. Estos d\u00edas podr\u00e1s disfrutar de <strong>Back to Black (5 de julio) o Al final de la escapada (7 de julio)<\/strong>. Toda la info y entradas <a href=\"https:\/\/www.vidademadrid.com\/es\/56623\/cibeles-cine-2024-fechas-entradas-cartelera\/\">aqu\u00ed.&nbsp;<\/a><\/p>\n\n\n\n<h3 class=\"wp-block-heading\">Asiste al recital en recuerdo de Lope en el Museo Lope de Vega&nbsp;<\/h3>\n\n\n\n<p>El <strong>Museo Lope de Vega<\/strong> ubicado muy cerca de la boca de metro de Ant\u00f3n Mart\u00edn ofrece este viernes <strong>5 de julio a las 21h<\/strong> la oportunidad de <span class=\"OYPEnA text-decoration-none text-strikethrough-none\">de disfrutar del <strong>recital en recuerdo de Lope<\/strong> en un entorno familiar donde se puede charlar y pasar la noche en el jard\u00edn encantador. Podr\u00e1s acceder de forma gratuita.&nbsp;<\/span><\/p>\n\n\n\n<h2 class=\"wp-block-heading\">Fiestas de barrio&nbsp;<\/h2>\n\n\n\n<p>Este fin de semana comienzan <strong>nuevas fiestas en distintas localizaciones de la Comunidad de Madrid<\/strong>. Como siempre, cada una de ellas con su programa de actividades y conciertos gratuitos:&nbsp;<\/p>\n\n\n\n<h3 class=\"wp-block-heading\"><span class=\"OYPEnA text-decoration-none text-strikethrough-none\">Fiestas de Tetu\u00e1n<\/span><\/h3>\n\n\n\n<p><span class=\"OYPEnA text-decoration-none text-strikethrough-none\">El programa de la fiesta del barrio cuenta con conciertos (<strong>Henry M\u00e9ndez, L\u00e9rica<\/strong>), actuaciones, talleres infantiles, actividades deportivas, actos religiosos y poes\u00eda en centros culturales. Accede al programa completo <a href=\"https:\/\/www.esmadrid.com\/sites\/default\/files\/eventos\/fiestas_tetuan_2024.pdf\">aqu\u00ed.&nbsp;<\/a><\/span><\/p>\n\n\n\n<h3 class=\"wp-block-heading\"><span class=\"OYPEnA text-decoration-none text-strikethrough-none\">Fiestas de San Blas-Canillejas<\/span><\/h3>\n\n\n\n<p><span class=\"OYPEnA text-decoration-none text-strikethrough-none\">El distrito celebrar\u00e1 sus fiestas con distintas actividades como actividades deportivas e infantiles, conciertos, concursos, fuegos artificiales y muchas m\u00e1s planes. Toda la info y programa completo<a href=\"https:\/\/www.madrid.es\/portales\/munimadrid\/es\/Inicio\/El-Ayuntamiento\/San-Blas-Canillejas\/Actividades-y-eventos\/Fiestas-San-Blas-Canillejas-2024\/?vgnextfmt=default&amp;vgnextoid=c56e5825e8d60910VgnVCM2000001f4a900aRCRD&amp;vgnextchannel=3ef6d47ffee28010VgnVCM100000dc0ca8c0RCRD\"> aqu\u00ed.&nbsp;<\/a><\/span><\/p>\n\n\n\n<h3 class=\"wp-block-heading\"><span class=\"OYPEnA text-decoration-none text-strikethrough-none\">Fiestas de San Crist\u00f3bal de los \u00c1ngeles<\/span><\/h3>\n\n\n\n<p><span class=\"OYPEnA text-decoration-none text-strikethrough-none\">Este finde disfruta de la fiesta de Villaverde con el <strong>Holy Fest<\/strong>, varias actuaciones por la noche, talleres infantiles, la fiesta de la espuma, paella popular, cine y fuegos artificiales. Descubre el programa completo <a href=\"https:\/\/www.madrid.es\/portales\/munimadrid\/es\/Inicio\/Cultura-ocio-y-deporte\/Actividades-y-eventos\/Fiestas-San-Cristobal-de-los-Angeles-2024-Distrito-de-Villaverde\/?vgnextfmt=default&amp;vgnextoid=ff505825e8d60910VgnVCM2000001f4a900aRCRD&amp;vgnextchannel=6381f073808fe410VgnVCM2000000c205a0aRCRD\">aqu\u00ed.&nbsp;<\/a><\/span><\/p>\n\n\n\n<h2 class=\"wp-block-heading\">Restaurantes para este finde&nbsp;<\/h2>\n\n\n\n<h3 class=\"wp-block-heading\">Propuesta de Lateral&nbsp;<\/h3>\n\n\n\n<p>Los <strong>restaurantes Lateral<\/strong> de Madrid, con m\u00e1s de 10 locales en distintas ubicaciones, ofrece su <strong>nueva propuesta de verano<\/strong>. Como siempre podr\u00e1s disfrutar de sus cl\u00e1sicos entre los que destacan las croquetas, pero para esta temporada ofrecen una carta con platos m\u00e1s frescos que podr\u00e1s disfrutar tambi\u00e9n en terraza. No te pierdas todas sus novedades en nuestras <a href=\"https:\/\/www.instagram.com\/stories\/highlights\/18068758597488388\/\">IG stories.&nbsp;<\/a><\/p>\n\n\n\n<h3 class=\"wp-block-heading\">\u00c1stor Puerta Cerrada<\/h3>\n\n\n\n<p>Muy cerca de La Latina conocemos este restaurante <span class=\"OYPEnA text-decoration-none text-strikethrough-none\">in fronteras que <strong>fusiona la cocina argentina con la peruana, la espa\u00f1ola, la italiana y la francesa<\/strong>. No te pierdas nuestra experiencia completa y todos los platos que ofrecen en su carta a trav\u00e9s de nuestros <a href=\"https:\/\/www.instagram.com\/stories\/highlights\/18052812820732472\/\">IG stories.<\/a>&nbsp;<\/span><\/p>\n\n\n\n<h3 class=\"wp-block-heading\">Thai Market&nbsp;<\/h3>\n\n\n\n<p>El <strong>Gran Hotel Ingl\u00e9s<\/strong> muy cerca de Sol acoge este<strong> restaurante ef\u00edmero<\/strong> disponible durante todas las noches de fines de semana de verano. Ofrece <strong>platos al estilo tailand\u00e9s<\/strong>. Nosotros hemos tenido la oportunidad de ir a probar muchos de sus platos que podr\u00e1s descubrir en nuestros <a href=\"https:\/\/www.instagram.com\/stories\/highlights\/18005497949334726\/\">IG stories.&nbsp;<\/a><\/p>\n\n\n\n<h3 class=\"wp-block-heading\">La Mallorquina<\/h3>\n\n\n\n<p>Las tradicionales <strong>pasteler\u00edas La Mallorquina<\/strong> han incluido<span class=\"OYPEnA text-decoration-none text-strikethrough-none\"><strong> cuatro nuevos s\u00e1ndwiches<\/strong>: <strong>Mexicano, a<\/strong><\/span><strong><span class=\"OYPEnA text-decoration-none text-strikethrough-none\">t\u00fan y ma\u00edz, Pavo con <\/span><\/strong><span class=\"OYPEnA text-decoration-none text-strikethrough-none\"><strong>manzana y Tartufo<\/strong>. Una novedad que forma parte de su propuesta de salados caseros que elaboran cada d\u00eda en su obrador. Descubre m\u00e1s en nuestros <a href=\"https:\/\/www.instagram.com\/stories\/highlights\/17992179761664024\/\">IG stories<\/a>.&nbsp;<\/span><\/p>\n\n\n\n<h3 class=\"wp-block-heading\">Chatea Madrid&nbsp;<\/h3>\n\n\n\n<p>Este a\u00f1o vuelve la propuesta <strong>\u00abChatea Madrid\u00bb<\/strong> que ofrece <span class=\"OYPEnA text-decoration-none text-strikethrough-none\">Chato de vino D.O. Madrid a 1 \u20ac, con vaso serigrafiado de recuerdo, en ocho restaurantes centenarios de Madrid entre los que se encuentran <strong>Bodega de la Ardosa, Casa Alberto, Casa Ciriaco y m\u00e1s<\/strong>. No te pierdas la informaci\u00f3n completa en nuestros <a href=\"https:\/\/www.instagram.com\/stories\/highlights\/17926023227798208\/\">IG stories<\/a>.&nbsp;<\/span><\/p>\n\n\n\n<h2 class=\"wp-block-heading\">M\u00e1s planes&nbsp;<\/h2>\n\n\n\n<script async=\"\" src=\"https:\/\/pagead2.googlesyndication.com\/pagead\/js\/adsbygoogle.js\"><\/script> <ins class=\"adsbygoogle\" style=\"display:block; text-align:center;\" data-ad-layout=\"in-article\" data-ad-format=\"fluid\" data-ad-client=\"ca-pub-7450064428034605\" data-ad-slot=\"5670045061\"><\/ins> <script>(adsbygoogle = window.adsbygoogle || []).push({});<\/script>\n\n\n\n<p>Como siempre, tenemos muchas m\u00e1s propuestas de planes en Vida de Madrid. Puedes consultar el <strong>listado completo de planes<\/strong>&nbsp;en nuestra&nbsp;<a href=\"https:\/\/www.vidademadrid.com\/es\/56831\/agenda-julio-2024-madrid-planes-eventos\/\"><strong>agenda del mes<\/strong><\/a><a href=\"https:\/\/www.vidademadrid.com\/es\/52298\/agenda-septiembre-2023-madrid\/\">&nbsp;<\/a>y en el&nbsp;<a href=\"http:\/\/vidademadrid.com\/planes\"><strong>especial Planes<\/strong><\/a>. No te pierdas los eventos del momento en nuestras redes: puedes seguir <a href=\"https:\/\/www.instagram.com\/VidaDeMadrid\/\">los reportajes diarios en IG Stories @vidademadrid<\/a>\u2026 y m\u00e1s contenido en <a href=\"https:\/\/www.tiktok.com\/@vida_demadrid\">TikTok<\/a>,&nbsp;<a href=\"https:\/\/www.facebook.com\/vidademadrid\" data-rich-text-format-boundary=\"true\">Facebook<\/a>&nbsp;o&nbsp;<a href=\"https:\/\/twitter.com\/VidaDeMadrid\">X<\/a>.<\/p>\n","protected":false},"excerpt":{"rendered":"<p>Actividades y conciertos con motivo del Orgullo 2024, partido de Espa\u00f1a en pantalla gigante y nuevos cines de verano. <\/p>\n","protected":false},"author":13,"featured_media":56827,"comment_status":"open","ping_status":"open","sticky":false,"template":"","format":"standard","meta":{"footnotes":""},"categories":[1],"tags":[],"class_list":{"0":"post-56913","1":"post","2":"type-post","3":"status-publish","4":"format-standard","5":"has-post-thumbnail","7":"category-varios"},"_links":{"self":[{"href":"https:\/\/www.vidademadrid.com\/es\/wp-json\/wp\/v2\/posts\/56913","targetHints":{"allow":["GET"]}}],"collection":[{"href":"https:\/\/www.vidademadrid.com\/es\/wp-json\/wp\/v2\/posts"}],"about":[{"href":"https:\/\/www.vidademadrid.com\/es\/wp-json\/wp\/v2\/types\/post"}],"author":[{"embeddable":true,"href":"https:\/\/www.vidademadrid.com\/es\/wp-json\/wp\/v2\/users\/13"}],"replies":[{"embeddable":true,"href":"https:\/\/www.vidademadrid.com\/es\/wp-json\/wp\/v2\/comments?post=56913"}],"version-history":[{"count":4,"href":"https:\/\/www.vidademadrid.com\/es\/wp-json\/wp\/v2\/posts\/56913\/revisions"}],"predecessor-version":[{"id":56927,"href":"https:\/\/www.vidademadrid.com\/es\/wp-json\/wp\/v2\/posts\/56913\/revisions\/56927"}],"wp:featuredmedia":[{"embeddable":true,"href":"https:\/\/www.vidademadrid.com\/es\/wp-json\/wp\/v2\/media\/56827"}],"wp:attachment":[{"href":"https:\/\/www.vidademadrid.com\/es\/wp-json\/wp\/v2\/media?parent=56913"}],"wp:term":[{"taxonomy":"category","embeddable":true,"href":"https:\/\/www.vidademadrid.com\/es\/wp-json\/wp\/v2\/categories?post=56913"},{"taxonomy":"post_tag","embeddable":true,"href":"https:\/\/www.vidademadrid.com\/es\/wp-json\/wp\/v2\/tags?post=56913"}],"curies":[{"name":"wp","href":"https:\/\/api.w.org\/{rel}","templated":true}]}}