{"id":56792,"date":"2024-06-27T23:58:43","date_gmt":"2024-06-27T21:58:43","guid":{"rendered":"https:\/\/www.vidademadrid.com\/es\/?p=56792"},"modified":"2025-10-04T14:51:46","modified_gmt":"2025-10-04T12:51:46","slug":"planes-para-este-fin-de-semana-en-madrid-28-29-y-30-de-junio-de-2024","status":"publish","type":"post","link":"https:\/\/www.vidademadrid.com\/es\/56792\/planes-para-este-fin-de-semana-en-madrid-28-29-y-30-de-junio-de-2024\/","title":{"rendered":"Planes para este fin de semana en Madrid: 28, 29 y 30 de junio de 2024"},"content":{"rendered":"\n<p>Casi a las puertas del mes de julio, este fin de semana despedimos los \u00faltimos d\u00edas de junio con las <strong>primeras celebraciones del Orgullo<\/strong>. Adem\u00e1s ya est\u00e1n disponibles los c<strong>ines de verano de Cibeles y del Parque de la Bombilla<\/strong> (con una programaci\u00f3n para todo el verano). Y si te apetece m\u00e1s fiesta, tambi\u00e9n podr\u00e1s disfrutar de los programas de actividades en las distintas <strong>fiestas de barrio <\/strong>de la Comunidad de Madrid. Como cada semana, en este art\u00edculo te hacemos una selecci\u00f3n de los mejores planes, exposiciones, conciertos y restaurantes para disfrutar este fin de semana <strong>28, 29 y 30 de junio de 2024 en Madrid.<\/strong><\/p>\n\n\n\n<h2 class=\"wp-block-heading\">Actividades<\/h2>\n\n\n\n<script async src=\"https:\/\/pagead2.googlesyndication.com\/pagead\/js\/adsbygoogle.js\"><\/script> <ins class=\"adsbygoogle\" style=\"display:block; text-align:center;\" data-ad-layout=\"in-article\" data-ad-format=\"fluid\" data-ad-client=\"ca-pub-7450064428034605\" data-ad-slot=\"5670045061\"><\/ins> <script>(adsbygoogle = window.adsbygoogle || []).push({});<\/script>\n\n\n\n<div class=\"wp-block-image\">\n<figure class=\"aligncenter\"><a href=\"https:\/\/www.vidademadrid.com\/es\/wp-content\/uploads\/2020\/07\/orgullo-2020.jpg\"><img loading=\"lazy\" decoding=\"async\" width=\"1200\" height=\"600\" src=\"https:\/\/www.vidademadrid.com\/es\/wp-content\/uploads\/2020\/07\/orgullo-2020.jpg\" alt=\"\" class=\"wp-image-22490\" srcset=\"https:\/\/www.vidademadrid.com\/es\/wp-content\/uploads\/2020\/07\/orgullo-2020.jpg 1200w, https:\/\/www.vidademadrid.com\/es\/wp-content\/uploads\/2020\/07\/orgullo-2020-300x150.jpg 300w, https:\/\/www.vidademadrid.com\/es\/wp-content\/uploads\/2020\/07\/orgullo-2020-768x384.jpg 768w, https:\/\/www.vidademadrid.com\/es\/wp-content\/uploads\/2020\/07\/orgullo-2020-1024x512.jpg 1024w, https:\/\/www.vidademadrid.com\/es\/wp-content\/uploads\/2020\/07\/orgullo-2020-696x348.jpg 696w, https:\/\/www.vidademadrid.com\/es\/wp-content\/uploads\/2020\/07\/orgullo-2020-1068x534.jpg 1068w, https:\/\/www.vidademadrid.com\/es\/wp-content\/uploads\/2020\/07\/orgullo-2020-840x420.jpg 840w\" sizes=\"auto, (max-width: 1200px) 100vw, 1200px\" \/><\/a><figcaption>Foto: Vida de Madrid<\/figcaption><\/figure><\/div>\n\n\n<h3 class=\"wp-block-heading\">No te pierdas las primeras celebraciones del Orgullo&nbsp;<\/h3>\n\n\n\n<p>Este finde empieza <strong>MADO 24, la gran fiesta del Orgullo LGBTIQ+<\/strong>.La manifestaci\u00f3n, los conci ertos y los eventos principales tendr\u00e1n lugar en julio, pero ya estos d\u00edas habr\u00e1 distintas actividades, principalmente en Chueca (\u00abOrgullo de Barrio\u00bb), como el desfile de I mascotas adoptadas \u00abPluma y Patitas\u00bb (30 de junio). En Madrid R\u00edo se podr\u00e1 disfrutar del festival musical \u00abLa SUB25\u00bb con Zona Tun\u00e9ate y Puntos Activos (28 y 29 de junio) y el taller \u00abBailar mi indiferencia\u00bb (29 de junio). M\u00e1s info <a href=\"https:\/\/www.vidademadrid.com\/es\/56767\/fiestas-orgullo-madrid-2024-fechas-desfile-programa\/\">aqu\u00ed.<\/a>&nbsp;<\/p>\n\n\n\n<h3 class=\"wp-block-heading\">Compra entradas para alguno de los cines de verano&nbsp;<\/h3>\n\n\n\n<p>No hay verano, sin cines de verano. Este fin de semana ya estar\u00e1n operativos:&nbsp;<\/p>\n\n\n\n<ul class=\"wp-block-list\"><li><strong>Cibeles de cine<\/strong>: el cine que cada a\u00f1o acoge la Galer\u00eda de Cristal del Palacio de Cibeles. Se inaugura este fin de semana y estar\u00e1 disponible todo el verano. Estos d\u00edas podr\u00e1s disfrutar de El especialista (28 de junio), Wonka (29 de junio) o La ley del silencio (30 de junio). Toda la info y entradas <a href=\"https:\/\/www.vidademadrid.com\/es\/56623\/cibeles-cine-2024-fechas-entradas-cartelera\/\">aqu\u00ed.&nbsp;<\/a><\/li><li><strong>Cine de verano Fescinal<\/strong>: El parque de la Bombilla se convierte un a\u00f1o m\u00e1s en un cine de verano (40\u00ba edici\u00f3n) donde disfrutar de pel\u00edculas al aire libre. Este fin de semana proyectar\u00e1n Wonka, Garfield o Furiosa entre otras. M\u00e1s info <a href=\"https:\/\/www.vidademadrid.com\/es\/56539\/fescinal-bombilla-fechas-programacion-2024\/\">aqu\u00ed.&nbsp;<\/a><\/li><\/ul>\n\n\n\n<h3 class=\"wp-block-heading\">Ap\u00fantate a las noches cl\u00e1sicas del Olivar<\/h3>\n\n\n\n<p>Hasta el 31 de agosto se podr\u00e1 disfrutar en el <strong>Olivar de Castillejo<\/strong>, un jard\u00edn lleno e olivos centenarios situado en pleno distrito de Chamart\u00edn de<strong> m\u00fasica en directo y una propuesta gastron\u00f3mica de temporada<\/strong>. Unas jornadas que contar\u00e1n con la participaci\u00f3n de varios m\u00fasicos. El acceso al recinto requerir\u00e1 un donativo de 15\u20ac. Toda la info <a href=\"https:\/\/olivardecastillejo.com\/\">aqu\u00ed.&nbsp;<\/a><\/p>\n\n\n\n<h3 class=\"wp-block-heading\">Disfruta de Puro Latino Madrid Festival<\/h3>\n\n\n\n<p>Durante este fin de semana (28 y 29 de junio) la Cuidad del Rock en<strong> Arganda del Rey<\/strong> acoge una nueva edici\u00f3n de este festival que reunir\u00e1 la m\u00fasica de grandes artistas latinos, de reggaeton, trap y hip-hop. Contar\u00e1 con artistas como&nbsp;<strong>Jhayco,&nbsp; Saiko, JC Reyes,&nbsp; Anuel AA,&nbsp;y Mora<\/strong>. Toda la info y entradas disponibles <a href=\"https:\/\/purolatino.es\/madrid\/entradas\/\">aqu\u00ed.&nbsp;<\/a><\/p>\n\n\n\n<h3 class=\"wp-block-heading\">Aprende ingl\u00e9s con las clases intensivas de verano de Number 16 School&nbsp;<\/h3>\n\n\n\n<p>Aprovecha del verano en Madrid para<strong> aprender ingl\u00e9s de manera r\u00e1pida y efectiva<\/strong> con el curso intensivo de la academia que cuenta con tres sedes -\u00a1muy chulas!- en la ciudad: dos horas al d\u00eda en grupos reducidos, con profesores nativos, en un ambiente motivador y sin tener la sensaci\u00f3n de estar en clase.<br>*Adem\u00e1s, este verano organizan campamentos urbanos en Madrid (de 3 a 12 a\u00f1os) y una experiencia inmersiva de ingl\u00e9s en el Pirineo aragon\u00e9s (hasta 18 a\u00f1os). Toda la info en nuestro <a href=\"https:\/\/www.vidademadrid.com\/es\/56715\/cursos-verano-ingles-number-16-school-madrid\/\">art\u00edculo.&nbsp;<\/a><\/p>\n\n\n\n<h2 class=\"wp-block-heading\">Exposiciones<\/h2>\n\n\n<div class=\"wp-block-image\">\n<figure class=\"aligncenter\"><a href=\"https:\/\/www.vidademadrid.com\/es\/wp-content\/uploads\/2024\/06\/Exposicion-Thyssen.jpg\"><img loading=\"lazy\" decoding=\"async\" width=\"1200\" height=\"600\" src=\"https:\/\/www.vidademadrid.com\/es\/wp-content\/uploads\/2024\/06\/Exposicion-Thyssen.jpg\" alt=\"\" class=\"wp-image-56765\" srcset=\"https:\/\/www.vidademadrid.com\/es\/wp-content\/uploads\/2024\/06\/Exposicion-Thyssen.jpg 1200w, https:\/\/www.vidademadrid.com\/es\/wp-content\/uploads\/2024\/06\/Exposicion-Thyssen-300x150.jpg 300w, https:\/\/www.vidademadrid.com\/es\/wp-content\/uploads\/2024\/06\/Exposicion-Thyssen-1024x512.jpg 1024w, https:\/\/www.vidademadrid.com\/es\/wp-content\/uploads\/2024\/06\/Exposicion-Thyssen-768x384.jpg 768w, https:\/\/www.vidademadrid.com\/es\/wp-content\/uploads\/2024\/06\/Exposicion-Thyssen-696x348.jpg 696w, https:\/\/www.vidademadrid.com\/es\/wp-content\/uploads\/2024\/06\/Exposicion-Thyssen-1068x534.jpg 1068w, https:\/\/www.vidademadrid.com\/es\/wp-content\/uploads\/2024\/06\/Exposicion-Thyssen-840x420.jpg 840w\" sizes=\"auto, (max-width: 1200px) 100vw, 1200px\" \/><\/a><figcaption>Frans Hals. Grupo familiar ante un paisaje, c.1645-1648. \u00d3leo sobre lienzo. 202 x 285 cm<br>\u00a9 Museo Nacional Thyssen-Bornemisza, Madrid<\/figcaption><\/figure><\/div>\n\n\n<h3 class=\"wp-block-heading\">Exposici\u00f3n de la memoria colonial en las colecciones Thyssen-Bornemisza<\/h3>\n\n\n\n<p>A trav\u00e9s de una selecci\u00f3n de pinturas esta muestra destaca historias \u00abinvisibilizadas\u00bb de dominaci\u00f3n racial, cimarronaje y lucha por los derechos civiles, as\u00ed como la instauraci\u00f3n del orden mercantil moderno. Los visitantes&nbsp;podr\u00e1n ser testigos de la proyecci\u00f3n occidental en \u201cOriente\u201d. Toda la info y entradas <a href=\"https:\/\/www.museothyssen.org\/exposiciones\/memoria-colonial-colecciones-thyssen-bornemisza\">aqu\u00ed.&nbsp;<\/a><\/p>\n\n\n\n<h3 class=\"wp-block-heading\">La Se\u00f1orita: Lil\u00ed \u00c1lvarez y los inicios del deporte femenino 1915-1936<\/h3>\n\n\n\n<p>La <span style=\"color: initial;\"><strong>Fundaci\u00f3n Ortega Mara\u00f1\u00f3n<\/strong> y <strong>PHotoESPA\u00d1A<\/strong> acogen de lunes a viernes de 9h a 21h esta muestra fotogr\u00e1fica protagonizada por Lil\u00ed \u00c1lvarez, una figura fundamental de la historia del deporte espa\u00f1ol y busca c<\/span><span style=\"color: initial;\">onmemorar el centenario del olimpismo femenino espa\u00f1ol en la antigua Residencia de Se\u00f1oritas. Toda la info <a href=\"https:\/\/phe.es\/exposicion\/la-senorita-los-inicios-del-deporte-femenino-1915-1936\/\">aqu\u00ed.&nbsp;<\/a><\/span><\/p>\n\n\n\n<h3 class=\"wp-block-heading\">Nuevas exposiciones en la Casa de M\u00e9xico<\/h3>\n\n\n\n<p>Durante los meses de verano la Casa de M\u00e9xico acoge distintas muestras gratuitas. Entre ellas:<\/p>\n\n\n\n<ul class=\"wp-block-list\"><li><strong><em>El retorno del agua<\/em>,&nbsp;<\/strong>un proyecto del arquitecto mexicano Diego Rivero Borrell Maass. Se trata de una <strong>intervenci\u00f3n&nbsp;<\/strong>en las escaleras principales del edificio, conformada por un conjunto de esculturas de piedra, madera y cobre.<\/li><li><em><strong>En el ombligo de la luna.<\/strong><\/em> Un homenaje a M\u00e9xico a trav\u00e9s de los ojos del fot\u00f3grafo Miguel Soler-Roig que captura la esencia de M\u00e9xico desde hace m\u00e1s de treinta a\u00f1os.<\/li><\/ul>\n\n\n\n<p>Toda la info <a href=\"https:\/\/www.vidademadrid.com\/es\/56756\/exposiciones-casa-de-mexico-espana-verano-2024\/\">aqu\u00ed.&nbsp;<\/a><\/p>\n\n\n\n<h2 class=\"wp-block-heading\">Fiestas de barrio<\/h2>\n\n\n\n<h3 class=\"wp-block-heading\">Fiestas de Vic\u00e1lvaro 2024<\/h3>\n\n\n\n<p>Desde el jueves se podr\u00e1 disfrutar de un programa lleno de actividades culturales, deportivas y conciertos para todos los p\u00fablicos. Adem\u00e1s, el s\u00e1bado 29 de junio a las 23h actuar\u00e1 Ana Guerra. Toda la info y programa <a href=\"https:\/\/www.vidademadrid.com\/es\/56733\/fiestas-populares-vicalvaro-2024-conciertos-programa\/\">aqu\u00ed.&nbsp;<\/a><\/p>\n\n\n\n<h3 class=\"wp-block-heading\">Fiestas de Usera<\/h3>\n\n\n\n<p>Los distintos barrios de Usera ser\u00e1n escenario durante este fin de semana de actividades, talleres, conciertos, torneos deportivos y m\u00e1s. No te pierdas el programa completo de las fiestas <a href=\"https:\/\/www.madrid.es\/UnidadWeb\/UGBBDD\/Actividades\/Distritos\/Usera\/FiestasUsera2024\/ficheros\/Programa%20de%20Fiestas%20Usera%202024.pdf\">aqu\u00ed.&nbsp;<\/a><\/p>\n\n\n\n<h3 class=\"wp-block-heading\">Fiesta de San Pedro en Carabanchel<\/h3>\n\n\n\n<p>Hasta el domingo 30 de junio, el recinto ferial del parque de Las Cruces se convertir\u00e1 en el epicentro de un programa lleno de actividades, espect\u00e1culos infantiles, conciertos y fuegos artificiales. Toda la info y programa completo <a href=\"https:\/\/diario.madrid.es\/blog\/notas-de-prensa\/regresan-las-fiestas-de-san-pedro-en-carabanchel-con-musica-y-espectaculos-infantiles\/\">aqu\u00ed.<\/a><\/p>\n\n\n\n<h3 class=\"wp-block-heading\">Fiestas Marconi (distrito Villaverde)<\/h3>\n\n\n\n<p>Desde este mismo jueves (que se celebra el chupinazo) hasta el domingo, el distrito de villaverde celebra sus fiestas con un programa que cuenta con talleres, exhibici\u00f3n canina, paella, fiesta de la espuma, m\u00fasica, fuegos artificiales fin de fiesta y m\u00e1s. Toda la info y programa completo <a href=\"https:\/\/www.madrid.es\/portales\/munimadrid\/es\/Inicio\/Cultura-ocio-y-deporte\/Actividades-y-eventos\/Fiestas-Marconi-2024-Distrito-de-Villaverde\/?vgnextfmt=default&amp;vgnextoid=96f241b511f40910VgnVCM1000001d4a900aRCRD&amp;vgnextchannel=6381f073808fe410VgnVCM2000000c205a0aRCRD\">aqu\u00ed.<\/a><\/p>\n\n\n\n<h3 class=\"wp-block-heading\">Fiestas de San Fortunato en Legan\u00e9s<\/h3>\n\n\n\n<p>Hasta el 30 de junio, Legan\u00e9s acoge sus fiestas que contar\u00e1n este fin de semana con el concierto del grupo \u00abSiempre As\u00ed\u00bb, concursos, fuegos artificiales y m\u00e1s. Descubre toda la info y el programa completo <a href=\"https:\/\/ocioenleganes.es\/agenda\/eventos\/programacion-completa-de-las-fiestas-de-la-fortuna-2024\">aqu\u00ed<\/a>.<\/p>\n\n\n\n<h3 class=\"wp-block-heading\">Otras fiestas<\/h3>\n\n\n\n<p>Estos d\u00edas la Comunidad de Madrid tambi\u00e9n acoger\u00e1:&nbsp;<\/p>\n\n\n\n<ul class=\"wp-block-list\"><li>Las <strong>Fiestas de Pi\u00f1uecar en Pi\u00f1uecar-Gandullas<\/strong>. Programa completo <a href=\"https:\/\/fiestas.net\/pinuecar-gandullas\/2024\/\">aqu\u00ed.<\/a>&nbsp;<\/li><li>Las <strong>Fiestas de Buenavista y de Getafe Norte<\/strong>. Programa completo <a href=\"https:\/\/getafe.es\/llegan-las-fiestas-de-buenavista-y-getafe-norte\/\">aqu\u00ed.&nbsp;<\/a><\/li><li>Las <strong>Fiestas de San Pedro en Zarzalejo<\/strong>. Programa completo <a href=\"https:\/\/www.planinfantil.es\/eventos\/fiestas-de-san-pedro-2024-de-zarzalejo\/\">aqu\u00ed.&nbsp;<\/a><\/li><\/ul>\n\n\n\n<h2 class=\"wp-block-heading\">\u00daltima oportunidad para disfrutar de&#8230;<\/h2>\n\n\n\n<h3 class=\"wp-block-heading\">Exposici\u00f3n Antonio Palacios en la Real Casa de Correos<\/h3>\n\n\n\n<p>Solo <strong>hasta este domingo 30 de junio<\/strong> los visitantes podr\u00e1n descubrir, totalmente gratis,&nbsp; los aportes de Antonio Palacios a trav\u00e9s de 200 piezas de material gr\u00e1fico y audiovisual,&nbsp;as\u00ed como maquetas y planos, y disfrutar de elementos \u00fanicos como la reproducci\u00f3n hist\u00f3rica de la Puerta del Sol y el templete del ascensor de la Gran V\u00eda. Toda la info <a href=\"https:\/\/www.vidademadrid.com\/es\/56241\/exposicion-antonio-palacios-fechas-horario-real-casa-correos\/\">aqu\u00ed.&nbsp;<\/a><\/p>\n\n\n\n<h3 class=\"wp-block-heading\">\u00abMexicr\u00e1neos\u00bb en Fuenlabrada<\/h3>\n\n\n\n<p>El <strong>domingo 30<\/strong> tambi\u00e9n se despide esta exposici\u00f3n compuesta por <strong>18 cr\u00e1neos gigantes pintados por distintos artistas<\/strong> ubicado en la Plaza de Espa\u00f1a, la calle La Plaza y la Plaza del Tesillo en Fuenlabrada. Toda la info <a href=\"https:\/\/www.vidademadrid.com\/es\/56641\/mexicraneos-fuenlabrada-fechas-exposicion-2024\/\">aqu\u00ed.<\/a><\/p>\n\n\n\n<h2 class=\"wp-block-heading\">Restaurantes pata el finde<\/h2>\n\n\n\n<script async src=\"https:\/\/pagead2.googlesyndication.com\/pagead\/js\/adsbygoogle.js\"><\/script> <ins class=\"adsbygoogle\"  style=\"display:block\" data-ad-format=\"fluid\" data-ad-layout-key=\"-7f+eo+1+2-5\" data-ad-client=\"ca-pub-7450064428034605\" data-ad-slot=\"7327027071\"><\/ins><script>(adsbygoogle = window.adsbygoogle || []).push({});<\/script>\n\n\n\n\n<h3 class=\"wp-block-heading\">Parking Pizza<\/h3>\n\n\n\n<p>Tras aterrizar en Madrid con su primer local, abren su segundo espacio muy cerca de Rub\u00e9n Dar\u00edo. Un restaurante con toques industriales y pizzas artesanas donde destacan los productos frescos. No te pierdas nuestra visita y los platos que pedimos a trav\u00e9s de nuestras IG stories.&nbsp;<\/p>\n\n\n\n<h3 class=\"wp-block-heading\">Starbucks<\/h3>\n\n\n\n<p>Los establecimientos Starbucks de Madrid ofrecer\u00e1n por tiempo limitado 4 bebidas inspiradas en las serie precuela de Juego de Tronos, La Casa del Drag\u00f3n. Descubre m\u00e1s en nuestras <a href=\"https:\/\/www.instagram.com\/stories\/highlights\/18033378821045185\/\">IG stories<\/a> y si eres fan de la saga no te puedes perder estas bebidas.&nbsp;<\/p>\n\n\n\n<h3 class=\"wp-block-heading\">Santa Teresa<\/h3>\n\n\n\n<p>De cara a este verano Santa Teresa ha presentado su l\u00ednea de cremas fr\u00edas de verduras y frutas. Tienes tres sabores distintos. Todas elaboradas con ingredientes frescos y naturales. Vuelve a vivir nuestra visita en <a href=\"https:\/\/www.instagram.com\/stories\/highlights\/18255985630217253\/\">IG stories.&nbsp;<\/a><\/p>\n\n\n\n<h2 class=\"wp-block-heading\">M\u00e1s planes<\/h2>\n\n\n\n<p>Como siempre, tenemos muchas m\u00e1s propuestas de planes en Vida de Madrid. Puedes consultar el <strong>listado completo de planes<\/strong>&nbsp;en nuestra&nbsp;<a href=\"https:\/\/www.vidademadrid.com\/es\/55647\/agenda-abril-2024-madrid-planes-eventos\/\"><strong>agenda del mes<\/strong><\/a><a href=\"https:\/\/www.vidademadrid.com\/es\/52298\/agenda-septiembre-2023-madrid\/\">&nbsp;<\/a>y en el&nbsp;<a href=\"http:\/\/vidademadrid.com\/planes\"><strong>especial Planes<\/strong><\/a>. No te pierdas los eventos del momento en nuestras redes: puedes seguir <a href=\"https:\/\/www.instagram.com\/VidaDeMadrid\/\">los reportajes diarios en IG Stories @vidademadrid<\/a>\u2026 y m\u00e1s contenido en <a href=\"https:\/\/www.tiktok.com\/@vida_demadrid\">TikTok<\/a>,&nbsp;<a href=\"https:\/\/www.facebook.com\/vidademadrid\">Facebook<\/a>&nbsp;o&nbsp;<a href=\"https:\/\/twitter.com\/VidaDeMadrid\">X<\/a>.<\/p>\n","protected":false},"excerpt":{"rendered":"<p>Primeras celebraciones del Orgullo, cines de verano, fiestas de barrio y m\u00e1s. <\/p>\n","protected":false},"author":13,"featured_media":54950,"comment_status":"open","ping_status":"open","sticky":false,"template":"","format":"standard","meta":{"footnotes":""},"categories":[194],"tags":[],"class_list":{"0":"post-56792","1":"post","2":"type-post","3":"status-publish","4":"format-standard","5":"has-post-thumbnail","7":"category-planes-del-fin-de-semana-madrid"},"_links":{"self":[{"href":"https:\/\/www.vidademadrid.com\/es\/wp-json\/wp\/v2\/posts\/56792","targetHints":{"allow":["GET"]}}],"collection":[{"href":"https:\/\/www.vidademadrid.com\/es\/wp-json\/wp\/v2\/posts"}],"about":[{"href":"https:\/\/www.vidademadrid.com\/es\/wp-json\/wp\/v2\/types\/post"}],"author":[{"embeddable":true,"href":"https:\/\/www.vidademadrid.com\/es\/wp-json\/wp\/v2\/users\/13"}],"replies":[{"embeddable":true,"href":"https:\/\/www.vidademadrid.com\/es\/wp-json\/wp\/v2\/comments?post=56792"}],"version-history":[{"count":8,"href":"https:\/\/www.vidademadrid.com\/es\/wp-json\/wp\/v2\/posts\/56792\/revisions"}],"predecessor-version":[{"id":56813,"href":"https:\/\/www.vidademadrid.com\/es\/wp-json\/wp\/v2\/posts\/56792\/revisions\/56813"}],"wp:featuredmedia":[{"embeddable":true,"href":"https:\/\/www.vidademadrid.com\/es\/wp-json\/wp\/v2\/media\/54950"}],"wp:attachment":[{"href":"https:\/\/www.vidademadrid.com\/es\/wp-json\/wp\/v2\/media?parent=56792"}],"wp:term":[{"taxonomy":"category","embeddable":true,"href":"https:\/\/www.vidademadrid.com\/es\/wp-json\/wp\/v2\/categories?post=56792"},{"taxonomy":"post_tag","embeddable":true,"href":"https:\/\/www.vidademadrid.com\/es\/wp-json\/wp\/v2\/tags?post=56792"}],"curies":[{"name":"wp","href":"https:\/\/api.w.org\/{rel}","templated":true}]}}