{"id":56733,"date":"2024-06-21T11:46:12","date_gmt":"2024-06-21T09:46:12","guid":{"rendered":"https:\/\/www.vidademadrid.com\/es\/?p=56733"},"modified":"2024-06-24T10:01:37","modified_gmt":"2024-06-24T08:01:37","slug":"fiestas-populares-vicalvaro-2024-conciertos-programa","status":"publish","type":"post","link":"https:\/\/www.vidademadrid.com\/es\/56733\/fiestas-populares-vicalvaro-2024-conciertos-programa\/","title":{"rendered":"Fiestas de Vic\u00e1lvaro 2024: conciertos y programa"},"content":{"rendered":"<p>Las&nbsp;<strong>fiestas populares de Vic\u00e1lvaro&nbsp;<\/strong>vuelven este 2024 con un programa de actividades y conciertos para todos los p\u00fablicos. Te contamos toda la informaci\u00f3n en este art\u00edculo.&nbsp;<\/p>\n<h2>Fiestas de Vic\u00e1lvaro 2024&nbsp;<\/h2>\n<p><script async=\"\" src=\"https:\/\/pagead2.googlesyndication.com\/pagead\/js\/adsbygoogle.js\"><\/script> <ins class=\"adsbygoogle\" style=\"display:block\" data-ad-format=\"fluid\" data-ad-layout-key=\"-7f+eo+1+2-5\" data-ad-client=\"ca-pub-7450064428034605\" data-ad-slot=\"7327027071\"><\/ins><script>(adsbygoogle = window.adsbygoogle || []).push({});<\/script>Las&nbsp;<strong>Fiestas de Vic\u00e1lvaro&nbsp;<\/strong>se celebrar\u00e1n del&nbsp;<strong>jueves 27 al domingo 30 de junio&nbsp;<\/strong>en el&nbsp;<strong>Rencito Ferial de Vic\u00e1lvaro&nbsp;<\/strong>aunque se habr\u00e1 actividades en plazas de Rosa Chacel, de Juan Varlos Onetti y de Don Antonio de Andr\u00e9s.&nbsp;<\/p>\n<p>Habr\u00e1 actividades deportivas, culturales, conciertos y m\u00e1s.&nbsp;<\/p>\n<h2>Programa de las Fiestas de Vic\u00e1lvaro 2024&nbsp;<\/h2>\n<p><script async=\"\" src=\"https:\/\/pagead2.googlesyndication.com\/pagead\/js\/adsbygoogle.js\"><\/script> <ins class=\"adsbygoogle\" style=\"display:block; text-align:center;\" data-ad-layout=\"in-article\" data-ad-format=\"fluid\" data-ad-client=\"ca-pub-7450064428034605\" data-ad-slot=\"5670045061\"><\/ins> <script>(adsbygoogle = window.adsbygoogle || []).push({});<\/script><strong>Jueves 27 de junio<\/strong><\/p>\n<ul>\n<li>Centro Cultural El Madro\u00f1o\n<ul>\n<li>19 horas: Actuaci\u00f3n musical de la&nbsp;<strong>Rondalla y Coro El Madro\u00f1o<\/strong><\/li>\n<\/ul>\n<\/li>\n<li>Centro Cultural Valdebernardo\n<ul>\n<li>19.30 horas: El Coro Microcosmos de la Universidad Complutense de Madrid presenta \u00abLa m\u00fasica que nos acompa\u00f1a\u00bb<\/li>\n<\/ul>\n<\/li>\n<li>Recinto Ferial Vic\u00e1lvaro\n<ul>\n<li>20.30 horas: Actuaci\u00f3n Orquesta The Music Show<\/li>\n<li>22 horas: Preg\u00f3n de fiestas a cargo de Sergio Fern\u00e1ndez<\/li>\n<li>22.30 horas: Actuaci\u00f3n de&nbsp;<strong>La Edad de Oro del Pop Espa\u00f1ol<\/strong><\/li>\n<li>01 horas: Actuaci\u00f3n&nbsp;Orquesta The Music Show&nbsp;<\/li>\n<\/ul>\n<\/li>\n<\/ul>\n<p><strong>Viernes 28 de junio<\/strong><\/p>\n<ul>\n<li>El Ca\u00f1averal\n<ul>\n<li>18.30 a 20.30 horas: Hinchables y pintacaras<\/li>\n<li>20.30 horas: Actuaci\u00f3n infantil del grupo Tanalborde Teatro \u00abEl d\u00eda que Dorita perdi\u00f3 la nariz\u00bb<\/li>\n<li>22 horas: Baile con orquesta a cargo del Tr\u00edo Tierra<\/li>\n<\/ul>\n<\/li>\n<li>Centro Cultural El Madro\u00f1o\n<ul>\n<li>18 horas: cine. Madrid Distrito en Corto.&nbsp;<\/li>\n<\/ul>\n<\/li>\n<li>Centro Cultural Valdebernardo\n<ul>\n<li>19 horas: Teatro Ori\u00f3n representa la obra \u00abMilagro en el Convento de Santa Mar\u00eda Juana\u00bb&nbsp;<\/li>\n<\/ul>\n<\/li>\n<li>Recinto Ferial Vic\u00e1lvaro\n<ul>\n<li>20.30 horas: Actuaci\u00f3n Orquesta The Music Show<\/li>\n<li>21.30 horas: Actuaci\u00f3n del grupo ganador del III Concurso de Bandas Vic\u00e1lvaro Lobo Negro<\/li>\n<li>23 horas: Actuaci\u00f3n estelar de&nbsp;<strong>Carlos Tarque<\/strong><\/li>\n<li>01.15 horas: DJ Pulpo<\/li>\n<\/ul>\n<\/li>\n<\/ul>\n<p><strong>S\u00e1bado 29 de junio<\/strong><\/p>\n<ul>\n<li>El Ca\u00f1averal\n<ul>\n<li>18.30 a 20.30 horas: Hinchables y pintacaras<\/li>\n<li>20.30 horas: Actuaci\u00f3n infantil del grupo Marimba Marionetas \u00abFilomena y el espejo m\u00e1gico\u00bb<\/li>\n<li>22 horas: Baile con orquesta a cargo del Tr\u00edo Ibiza<\/li>\n<\/ul>\n<\/li>\n<li>Plaza Juan Carlos Onetti&nbsp;\n<ul>\n<li>09 horas: XVII Marat\u00f3n Fotogr\u00e1fico&nbsp;<\/li>\n<li>20 horas: Charanga El Ramillete \u00abDe tapas por Valdebernardo\u00bb<\/li>\n<\/ul>\n<\/li>\n<li>Plaza Rosa Chacel\n<ul>\n<li>11 a 12 horas: Actuaci\u00f3n infantil de Carlos Adriano con su espect\u00e1culo \u00abPasen y vean\u00bb<\/li>\n<li>12.30 horas: Actuaci\u00f3n del Trio Ddmusic<\/li>\n<\/ul>\n<\/li>\n<li>Centro Cultural El Madro\u00f1o\n<ul>\n<li>19 horas: Actuaci\u00f3n del Grupo Alquimia Circus con su espect\u00e1culo \u00abMalabar\u00edsticamente Hablando\u00bb<\/li>\n<\/ul>\n<\/li>\n<li>Centro Cultural Valdebernardo\n<ul>\n<li>18 horas: Espect\u00e1culo de Isis Danza, \u00abSacerdotisas de Bastet\u00bb<\/li>\n<\/ul>\n<\/li>\n<li>Recinto Ferial Vic\u00e1lvaro\n<ul>\n<li>21.30 horas: Actuaci\u00f3n del grupo semifinalista del III Concurso de Bandas de Vic\u00e1lvaro The Middle<\/li>\n<li>23 horas: Actuaci\u00f3n de&nbsp;<strong>Ana Guerra<\/strong><\/li>\n<li>00.30 horas: Actuaci\u00f3n Orquesta S\u00e9ptima Avenida<\/li>\n<\/ul>\n<\/li>\n<\/ul>\n<p><strong>Domingo 30 de junio<\/strong><\/p>\n<ul>\n<li>Plaza Juan Carlos Onetti\n<ul>\n<li>11 horas: XIII Encuentro canino<\/li>\n<li>12.30 horas: V Concurso de lanzamiento de huesos de aceituna<\/li>\n<li>13 horas: I Concurso de lanzamiento de Alpargata<\/li>\n<li>13.30 horas: XX Concurso de bebedores de bota<\/li>\n<li>14 horas: XX Concurso de Tortilla espa\u00f1ola<\/li>\n<li>14.30 horas: Comida popular<\/li>\n<li>20 horas: Baile con la Orquesta Plenitud<\/li>\n<li>21 horas: X Concurso de Bailes de Sal\u00f3n&nbsp;<\/li>\n<\/ul>\n<\/li>\n<li>Plaza Don Antonio de Andr\u00e9s\n<ul>\n<li>13 horas: Encuentro de Pe\u00f1as de Vic\u00e1lvaro<\/li>\n<\/ul>\n<\/li>\n<li>Centro Cultural El Madro\u00f1o\n<ul>\n<li>19 horas: Actuaci\u00f3n infantil del grupo Tanalborde Teatro con su espect\u00e1culo \u00abMart\u00edn y la m\u00fasica\u00bb<\/li>\n<\/ul>\n<\/li>\n<li>Centro Cultural Valdebernardo\n<ul>\n<li>19 horas: Actuaci\u00f3n del grupo The Singing Ladies<\/li>\n<\/ul>\n<\/li>\n<li>Recinto Ferial Vic\u00e1lvaro\n<ul>\n<li>11 horas: La Asociaci\u00f3n de Danza de Vic\u00e1lvaro impartir\u00e1 una \u00abMasterclass de Bachata\u00bb&nbsp;<\/li>\n<li>20.30 horas: Actuaci\u00f3n de la Asociaci\u00f3n de Danza de Vic\u00e1lvaro&nbsp;<\/li>\n<li>22.15 horas: Actuaci\u00f3n de la Orquesta Tierra<\/li>\n<li>0.00 horas: Gran Castillo de Fuegos Artificiales<\/li>\n<li>00.20 horas: Actuaci\u00f3n de la Orquesta Tierra<\/li>\n<\/ul>\n<\/li>\n<\/ul>\n<p>&nbsp;<\/p>\n","protected":false},"excerpt":{"rendered":"<p>Ser\u00e1n del 27 al 30 de junio. <\/p>\n","protected":false},"author":15,"featured_media":51951,"comment_status":"open","ping_status":"open","sticky":false,"template":"","format":"standard","meta":{"footnotes":""},"categories":[101,119],"tags":[],"class_list":{"0":"post-56733","1":"post","2":"type-post","3":"status-publish","4":"format-standard","5":"has-post-thumbnail","7":"category-ferias-fiestas-mercados-madrid","8":"category-portada"},"_links":{"self":[{"href":"https:\/\/www.vidademadrid.com\/es\/wp-json\/wp\/v2\/posts\/56733","targetHints":{"allow":["GET"]}}],"collection":[{"href":"https:\/\/www.vidademadrid.com\/es\/wp-json\/wp\/v2\/posts"}],"about":[{"href":"https:\/\/www.vidademadrid.com\/es\/wp-json\/wp\/v2\/types\/post"}],"author":[{"embeddable":true,"href":"https:\/\/www.vidademadrid.com\/es\/wp-json\/wp\/v2\/users\/15"}],"replies":[{"embeddable":true,"href":"https:\/\/www.vidademadrid.com\/es\/wp-json\/wp\/v2\/comments?post=56733"}],"version-history":[{"count":2,"href":"https:\/\/www.vidademadrid.com\/es\/wp-json\/wp\/v2\/posts\/56733\/revisions"}],"predecessor-version":[{"id":56735,"href":"https:\/\/www.vidademadrid.com\/es\/wp-json\/wp\/v2\/posts\/56733\/revisions\/56735"}],"wp:featuredmedia":[{"embeddable":true,"href":"https:\/\/www.vidademadrid.com\/es\/wp-json\/wp\/v2\/media\/51951"}],"wp:attachment":[{"href":"https:\/\/www.vidademadrid.com\/es\/wp-json\/wp\/v2\/media?parent=56733"}],"wp:term":[{"taxonomy":"category","embeddable":true,"href":"https:\/\/www.vidademadrid.com\/es\/wp-json\/wp\/v2\/categories?post=56733"},{"taxonomy":"post_tag","embeddable":true,"href":"https:\/\/www.vidademadrid.com\/es\/wp-json\/wp\/v2\/tags?post=56733"}],"curies":[{"name":"wp","href":"https:\/\/api.w.org\/{rel}","templated":true}]}}