{"id":56591,"date":"2024-06-11T11:17:28","date_gmt":"2024-06-11T09:17:28","guid":{"rendered":"https:\/\/www.vidademadrid.com\/es\/?p=56591"},"modified":"2024-06-11T11:17:31","modified_gmt":"2024-06-11T09:17:31","slug":"exposicion-fotografica-antonio-alcobas-museo-historia-2024","status":"publish","type":"post","link":"https:\/\/www.vidademadrid.com\/es\/56591\/exposicion-fotografica-antonio-alcobas-museo-historia-2024\/","title":{"rendered":"Descubre el Madrid de los a\u00f1os 60 en la nueva exposici\u00f3n fotogr\u00e1fica de Antonio Alcoba"},"content":{"rendered":"<p>El&nbsp;<strong>Museo de Historia de Madrid&nbsp;<\/strong>acoge la nueva exposici\u00f3n <strong>\u00abMadrid a\u00f1os 60. La mirada de Alcoba\u00bb&nbsp;<\/strong>en la que se podr\u00e1 disfrutar del archivo fotogr\u00e1fico del fotoperiodista Antonio Alcoba L\u00f3pez entre los a\u00f1os 60 y la primera d\u00e9cada del siglo XXI.&nbsp;<\/p>\n<h2>\u00abMadrid a\u00f1os 60. La mirada de Alcoba\u00bb<\/h2>\n<p><script async=\"\" src=\"https:\/\/pagead2.googlesyndication.com\/pagead\/js\/adsbygoogle.js\"><\/script> <ins class=\"adsbygoogle\" style=\"display:block\" data-ad-format=\"fluid\" data-ad-layout-key=\"-7f+eo+1+2-5\" data-ad-client=\"ca-pub-7450064428034605\" data-ad-slot=\"7327027071\"><\/ins><script>(adsbygoogle = window.adsbygoogle || []).push({});<\/script>Descubre un Madrid que ya no existe en la nueva exposici\u00f3n&nbsp;<strong>\u00abMadrid a\u00f1os 60. La mirada de Alcoba\u00bb.&nbsp;<\/strong>Esta exposici\u00f3n refleja la vida de Madrid en la d\u00e9cada de 1960 que reflejan el aperturismo hacia nuevas modas, h\u00e1bitos de consumo y m\u00fasica que se vivieron en esa \u00e9poca.&nbsp;<\/p>\n<p>La exposici\u00f3n&nbsp;<strong>\u00abMadrid a\u00f1os 60. La mirada de Alcoba\u00bb&nbsp;<\/strong>refleja fiestas populares como la de San Antonio de la Florida, las matinales del Circo Price, una secci\u00f3n dedicada a los deportes y m\u00e1s.&nbsp;<\/p>\n<h2>Visita la exposici\u00f3n&nbsp;<\/h2>\n<p><script async=\"\" src=\"https:\/\/pagead2.googlesyndication.com\/pagead\/js\/adsbygoogle.js\"><\/script> <ins class=\"adsbygoogle\" style=\"display:block; text-align:center;\" data-ad-layout=\"in-article\" data-ad-format=\"fluid\" data-ad-client=\"ca-pub-7450064428034605\" data-ad-slot=\"5670045061\"><\/ins> <script>(adsbygoogle = window.adsbygoogle || []).push({});<\/script>La exposici\u00f3n&nbsp;<strong>\u00abMadrid a\u00f1os 60. La mirada de Alcoba\u00bb&nbsp;<\/strong>se podr\u00e1 visitar a partir del 13 de junio en el Museo de Historia de Madrid (Metro Tribunal). La entrada es gratuita y se podr\u00e1 visitar de 10 a 20 horas.&nbsp;<\/p>\n","protected":false},"excerpt":{"rendered":"<p>Se podr\u00e1 visitar a partir del 13 de junio. <\/p>\n","protected":false},"author":15,"featured_media":56592,"comment_status":"open","ping_status":"open","sticky":false,"template":"","format":"standard","meta":{"footnotes":""},"categories":[111],"tags":[],"class_list":{"0":"post-56591","1":"post","2":"type-post","3":"status-publish","4":"format-standard","5":"has-post-thumbnail","7":"category-exposiciones-madrid"},"_links":{"self":[{"href":"https:\/\/www.vidademadrid.com\/es\/wp-json\/wp\/v2\/posts\/56591","targetHints":{"allow":["GET"]}}],"collection":[{"href":"https:\/\/www.vidademadrid.com\/es\/wp-json\/wp\/v2\/posts"}],"about":[{"href":"https:\/\/www.vidademadrid.com\/es\/wp-json\/wp\/v2\/types\/post"}],"author":[{"embeddable":true,"href":"https:\/\/www.vidademadrid.com\/es\/wp-json\/wp\/v2\/users\/15"}],"replies":[{"embeddable":true,"href":"https:\/\/www.vidademadrid.com\/es\/wp-json\/wp\/v2\/comments?post=56591"}],"version-history":[{"count":1,"href":"https:\/\/www.vidademadrid.com\/es\/wp-json\/wp\/v2\/posts\/56591\/revisions"}],"predecessor-version":[{"id":56593,"href":"https:\/\/www.vidademadrid.com\/es\/wp-json\/wp\/v2\/posts\/56591\/revisions\/56593"}],"wp:featuredmedia":[{"embeddable":true,"href":"https:\/\/www.vidademadrid.com\/es\/wp-json\/wp\/v2\/media\/56592"}],"wp:attachment":[{"href":"https:\/\/www.vidademadrid.com\/es\/wp-json\/wp\/v2\/media?parent=56591"}],"wp:term":[{"taxonomy":"category","embeddable":true,"href":"https:\/\/www.vidademadrid.com\/es\/wp-json\/wp\/v2\/categories?post=56591"},{"taxonomy":"post_tag","embeddable":true,"href":"https:\/\/www.vidademadrid.com\/es\/wp-json\/wp\/v2\/tags?post=56591"}],"curies":[{"name":"wp","href":"https:\/\/api.w.org\/{rel}","templated":true}]}}