{"id":56535,"date":"2024-06-06T22:45:14","date_gmt":"2024-06-06T20:45:14","guid":{"rendered":"https:\/\/www.vidademadrid.com\/es\/?p=56535"},"modified":"2025-10-04T14:51:47","modified_gmt":"2025-10-04T12:51:47","slug":"planes-para-este-fin-de-semana-en-madrid-7-8-y-9-de-junio-de-2024","status":"publish","type":"post","link":"https:\/\/www.vidademadrid.com\/es\/56535\/planes-para-este-fin-de-semana-en-madrid-7-8-y-9-de-junio-de-2024\/","title":{"rendered":"Planes para este fin de semana en Madrid: 7, 8 y 9 de junio de 2024"},"content":{"rendered":"\n<p>Este fin de semana seguimos con la Feria del Libro en el Retiro y nos esperan muchos eventos musicales: conciertos gratuitos de piano por la ciudad, en Plaza Espa\u00f1a&#8230; fiestas de barrio y la nueva exposici\u00f3n de <span id=\"Exposicion-Musica-urbana-Pop-y-Alta-Culturanbsp\"><strong>\u00abM\u00fasica urbana, Pop y Alta Cultura\u00bb <\/strong>de la SGAE.<\/span>&nbsp; Como cada semana, en este art\u00edculo te hacemos una selecci\u00f3n de los mejores planes, exposiciones, conciertos y restaurantes para disfrutar este fin de semana <strong>7, 8 y 9 de junio de 2024 en Madrid<\/strong>.<\/p>\n\n\n\n<p>*Te recordamos que este fin de semana se esperan lluvias, as\u00ed que puede haber cambios en el programa de alguna de las actividades propuestas. <\/p>\n\n\n\n<h2 class=\"wp-block-heading\">Actividades<\/h2>\n\n\n\n<script async=\"\" src=\"https:\/\/pagead2.googlesyndication.com\/pagead\/js\/adsbygoogle.js\"><\/script> <ins class=\"adsbygoogle\" style=\"display:block\" data-ad-format=\"fluid\" data-ad-layout-key=\"-7f+eo+1+2-5\" data-ad-client=\"ca-pub-7450064428034605\" data-ad-slot=\"7327027071\"><\/ins><script>(adsbygoogle = window.adsbygoogle || []).push({});<\/script>\n\n\n<div class=\"wp-block-image\">\n<figure class=\"aligncenter\"><a href=\"https:\/\/www.vidademadrid.com\/es\/wp-content\/uploads\/2024\/05\/Piano-city.jpg\"><img loading=\"lazy\" decoding=\"async\" width=\"1200\" height=\"600\" src=\"https:\/\/www.vidademadrid.com\/es\/wp-content\/uploads\/2024\/05\/Piano-city.jpg\" alt=\"\" class=\"wp-image-56457\" srcset=\"https:\/\/www.vidademadrid.com\/es\/wp-content\/uploads\/2024\/05\/Piano-city.jpg 1200w, https:\/\/www.vidademadrid.com\/es\/wp-content\/uploads\/2024\/05\/Piano-city-300x150.jpg 300w, https:\/\/www.vidademadrid.com\/es\/wp-content\/uploads\/2024\/05\/Piano-city-1024x512.jpg 1024w, https:\/\/www.vidademadrid.com\/es\/wp-content\/uploads\/2024\/05\/Piano-city-768x384.jpg 768w, https:\/\/www.vidademadrid.com\/es\/wp-content\/uploads\/2024\/05\/Piano-city-696x348.jpg 696w, https:\/\/www.vidademadrid.com\/es\/wp-content\/uploads\/2024\/05\/Piano-city-1068x534.jpg 1068w, https:\/\/www.vidademadrid.com\/es\/wp-content\/uploads\/2024\/05\/Piano-city-840x420.jpg 840w\" sizes=\"auto, (max-width: 1200px) 100vw, 1200px\" \/><\/a><figcaption>Foto: Piano City Madrid<\/figcaption><\/figure><\/div>\n\n\n<h3 class=\"wp-block-heading\">Disfruta de los conciertos gratuitos de Piano City<\/h3>\n\n\n\n<p>Un festival musical \u00fanico que celebra su&nbsp;tercera edici\u00f3n con m\u00e1s de&nbsp;<strong>60 conciertos gratuitos<\/strong> de piano cl\u00e1sico, jazz y m\u00e1s en espacios ic\u00f3nicos de la ciudad. Entre ellos:&nbsp;CentroCentro, Conde Duque, Invernadero del Palacio de Cristal de Arganzuela, Espacio Cultural Serrer\u00eda Belga o Cuesta de Moyano. Toda la info <a href=\"https:\/\/www.vidademadrid.com\/es\/56456\/piano-city-madrid-2024-espacios-programa-conciertos\/\">aqu\u00ed<\/a>.<\/p>\n\n\n\n<h3 class=\"wp-block-heading\">No te pierdas m\u00e1s conciertos gratuitos en Plaza de Espa\u00f1a<\/h3>\n\n\n\n<p>Este viernes 7 de junio se celebra el broche final del <strong>South Summit Street Fest 2024 <\/strong>y se podr\u00e1 disfrutar del DJ franc\u00e9s Martin Solveig, la cantante Judeline y el grupo madrile\u00f1o Club del R\u00edo. M\u00e1s info <a href=\"https:\/\/www.vidademadrid.com\/es\/56480\/conciertos-gratis-plaza-espana-2024-fecha-south-summit-street-fest\/\">aqu\u00ed<\/a>.<\/p>\n\n\n\n<h3 class=\"wp-block-heading\">Apertura extraordinaria de la Feria del Libro: \u00abLa noche iluminada\u00bb<\/h3>\n\n\n\n<p>Este viernes hasta las 23.30 h tendr\u00e1 lugar la <strong>apertura extraordinaria de la Feria del Libro.<\/strong> El evento tendr\u00e1 actuaciones teatrales con alumnos y alumnas de la RESAD y conciertos con artistas de Sofar Sound, las casetas de libros y m\u00e1s sorpresas. Toda la info <a href=\"https:\/\/www.vidademadrid.com\/es\/56478\/noche-iluminada-feria-libro-apertura-especial-2024\/\">aqu\u00ed.\u00a0<\/a><\/p>\n\n\n\n<h3 class=\"wp-block-heading\">Ap\u00fantate a la primera feria de arte contempor\u00e1neo y cer\u00e1mica de Espa\u00f1a<\/h3>\n\n\n\n<p>Hasta el domingo 9 de junio en el <strong>Palacio de Santa B\u00e1rbara<\/strong> se podr\u00e1 disfrutar de obras y esculturas de cer\u00e1mica de grandes coleccionistas y creadores nacionales e internacionales.&nbsp;La feria contar\u00e1 con la participaci\u00f3n de m\u00e1s de una docena de reconocidas galer\u00edas. Toda la info <a href=\"https:\/\/www.vidademadrid.com\/es\/56520\/cerartmic-2024-feria-ceramica-fechas-entradas\/\">aqu\u00ed<\/a>.<\/p>\n\n\n\n<h3 class=\"wp-block-heading\">No te pierdas Cultuletras 2024 en el barrio de Las Letras<\/h3>\n\n\n\n<p>Cultuletras regresa con una nueva edici\u00f3n, ofreciendo rutas teatralizadas, cuentacuentos, conciertos y exposiciones. Incluye visitas a palacios y museos, mercados artesanales, concursos, talleres y actividades en galer\u00edas y librer\u00edas, celebrando la cultura con diversas actividades para todos.<\/p>\n\n\n\n<h3 class=\"wp-block-heading\">C\u00f3mprate entradas para los conciertos de Noches del Bot\u00e1nico<\/h3>\n\n\n\n<p>El <strong>Real Jard\u00edn Bot\u00e1nico Alfonso XIII<\/strong> vuelve a acoger un a\u00f1o los conciertos de Noche del Bot\u00e1nico. Un festival que apuesta por el eclecticismo musical y la multiculturalidad con artistas nacionales e internacionales que comienza este <strong>viernes 7 de junio con PJ Harvey<\/strong>. Toda la info <a href=\"https:\/\/www.vidademadrid.com\/es\/54060\/noches-botanico-2024-cartel-entradas-fechas\/\">aqu\u00ed.&nbsp;<\/a><\/p>\n\n\n\n<h3 class=\"wp-block-heading\">Descubre las pel\u00edculas de \u00abEllas son cine\u00bb<\/h3>\n\n\n\n<p>El programa re\u00fane cinco&nbsp;<strong>pel\u00edculas dirigidas por cineastas africanas<\/strong> que ofrecen una perspectiva diversa, contempor\u00e1nea y feminista del panorama cinematogr\u00e1fico africano actual en la Fundaci\u00f3n Mujeres por \u00c1frica. Toda la info y fechas <a href=\"https:\/\/mujeresporafrica.es\/proyectos\/ellas-son-cine\/\">aqu\u00ed.&nbsp;<\/a><\/p>\n\n\n\n<h2 class=\"wp-block-heading\">Exposiciones<\/h2>\n\n\n\n<h3 class=\"wp-block-heading\">Visita la Galer\u00eda de las Colecciones Reales gratis<\/h3>\n\n\n\n<p>Los viernes de este mes de junio podr\u00e1s aprovechar para visitar de forma completamente gratuita la <strong>Galer\u00eda de las Colecciones Reales<\/strong> junto al Palacio Real y disfrutar de este espacio que cuenta con grandes piezas. tapices, obras de Goya, Vel\u00e1zquez&#8230; M\u00e1s info y entradas <a href=\"https:\/\/www.galeriadelascoleccionesreales.es\/horarios-y-tarifas\">aqu\u00ed.&nbsp;<\/a><\/p>\n\n\n\n<h3 class=\"wp-block-heading\">Descubre la nueva exposici\u00f3n de la SGAE<\/h3>\n\n\n\n<p><span id=\"Exposicion-Musica-urbana-Pop-y-Alta-Culturanbsp\">La <strong>SGAE<\/strong> acoge <strong>\u00abM\u00fasica urbana, Pop y Alta Cultura\u00bb<\/strong>. Esta<\/span>&nbsp;muestra incluye un&nbsp;centenar de vestidos y prendas de ropa, galardones, elementos fotogr\u00e1ficos, ilustraciones,<strong> fotograf\u00edas originales<\/strong> de&nbsp;<strong>Rosal\u00eda, C. Tangana, Bad Gyal, La Zowi, Quevedo.<\/strong> Disponible hasta el 14 de julio. Toda la info <a href=\"https:\/\/www.vidademadrid.com\/es\/56514\/musica-urbana-pop-alta-cultura-exposicion-sgae-horario\/\">aqu\u00ed <\/a>y si quieres conocerla m\u00e1s de cerca, nosotros ya nos hemos acercado a visitarla. Descubre m\u00e1s en <a href=\"https:\/\/www.instagram.com\/stories\/highlights\/18005327765320554\/\">IG stories.&nbsp;<\/a><\/p>\n\n\n\n<h2 class=\"wp-block-heading\">Fiestas de Barrio&nbsp;<\/h2>\n\n\n<div class=\"wp-block-image\">\n<figure class=\"aligncenter\"><a href=\"https:\/\/www.vidademadrid.com\/es\/wp-content\/uploads\/2024\/05\/Fiestas-Hortaleza.jpg\"><img loading=\"lazy\" decoding=\"async\" width=\"1200\" height=\"600\" src=\"https:\/\/www.vidademadrid.com\/es\/wp-content\/uploads\/2024\/05\/Fiestas-Hortaleza.jpg\" alt=\"\" class=\"wp-image-56337\" srcset=\"https:\/\/www.vidademadrid.com\/es\/wp-content\/uploads\/2024\/05\/Fiestas-Hortaleza.jpg 1200w, https:\/\/www.vidademadrid.com\/es\/wp-content\/uploads\/2024\/05\/Fiestas-Hortaleza-300x150.jpg 300w, https:\/\/www.vidademadrid.com\/es\/wp-content\/uploads\/2024\/05\/Fiestas-Hortaleza-1024x512.jpg 1024w, https:\/\/www.vidademadrid.com\/es\/wp-content\/uploads\/2024\/05\/Fiestas-Hortaleza-768x384.jpg 768w, https:\/\/www.vidademadrid.com\/es\/wp-content\/uploads\/2024\/05\/Fiestas-Hortaleza-696x348.jpg 696w, https:\/\/www.vidademadrid.com\/es\/wp-content\/uploads\/2024\/05\/Fiestas-Hortaleza-1068x534.jpg 1068w, https:\/\/www.vidademadrid.com\/es\/wp-content\/uploads\/2024\/05\/Fiestas-Hortaleza-840x420.jpg 840w\" sizes=\"auto, (max-width: 1200px) 100vw, 1200px\" \/><\/a><figcaption>Foto: esmadrid<\/figcaption><\/figure><\/div>\n\n\n<h3 class=\"wp-block-heading\">Fiestas de la Primavera en Hortaleza<\/h3>\n\n\n\n<p>El Recinto Ferial del parque Pinar del Rey acoge los \u00faltimos eventos culturales, actividades para ni\u00f1os y conciertos. Este finde habr\u00e1 actuaciones de <strong>La H\u00fangara<\/strong> y <strong>OBK<\/strong>. Disponibles hasta el 9 de junio. Toda la info <a href=\"https:\/\/www.vidademadrid.com\/es\/56336\/fiestas-de-la-primavera-de-hortaleza-2024-fechas\/\" data-rich-text-format-boundary=\"true\">aqu\u00ed<\/a>.<\/p>\n\n\n\n<h3 class=\"wp-block-heading\">Fiestas de Aluche<\/h3>\n\n\n\n<p>Aprovecha este finde para ir a las fiestas de Aluche que contar\u00e1 con un festival musical latino y folk, conciertos de grupos musicales y actividades deportivas al aire libre en el recinto ferial del Parque de Aluche. Toda la info y programa <a href=\"https:\/\/www.vidademadrid.com\/es\/56266\/fiestas-de-aluche-2024-programa-y-fechas\/\">aqu\u00ed.&nbsp;<\/a><\/p>\n\n\n\n<h3 class=\"wp-block-heading\">Fiestas de Coslada<\/h3>\n\n\n\n<p><span class=\"OYPEnA text-decoration-none text-strikethrough-none\">El Ayuntamiento de Coslada celebra sus Fiestas Mayores con conciertos (La Pegatina, Festival \u00c9pica Jam, Camela, Tributo a Man\u00e1) y dj set (Los 40 Sessions), actividades deportivas <\/span><span class=\"OYPEnA text-decoration-none text-strikethrough-none\">y m\u00e1s hasta la madrugada.&nbsp;<\/span><\/p>\n\n\n\n<h3 class=\"wp-block-heading\">Fiesta de Moratalaz<\/h3>\n\n\n\n<p>Las tradicionales fiestas de junio del <strong>distrito de Moratalaz<\/strong> comienzan este viernes con las primeras actividades. Toda la info del programa y conciertos <a href=\"https:\/\/www.vidademadrid.com\/es\/56463\/fiestas-moratalaz-2024-programa-conciertos-fechas\/\">aqu\u00ed<\/a>.<\/p>\n\n\n\n<h2 class=\"wp-block-heading\">Restaurantes para el finde<\/h2>\n\n\n\n<h3 class=\"wp-block-heading\">Zielou<\/h3>\n\n\n\n<p><span class=\"OYPEnA text-decoration-none text-strikethrough-none\">De cara a esta temporada, este restaurante ubicado en la Estaci\u00f3n de Chamart\u00edn (del que ya hemos hablado en otras ocasiones) presenta su nueva carta de verano con productos de temporada. Descubre los platos que probamos y nuestra experiencia en <a href=\"https:\/\/www.instagram.com\/stories\/highlights\/18042443827832187\/\">IG stories.\u00a0<\/a><\/span><\/p>\n\n\n\n<h3 class=\"wp-block-heading\">Voraz<\/h3>\n\n\n\n<p><span class=\"OYPEnA text-decoration-none text-strikethrough-none\">Muy cerca de Col\u00f3n, conocemos este restaurante que ofrece una carta mediterr\u00e1nea con platos ic\u00f3nicos como sus arroces y el carabinero con patata frita crujiente y huevos camperos.<\/span> Descubre todo en <a href=\"https:\/\/www.instagram.com\/VidaDeMadrid\">IG Stories<\/a>.<\/p>\n\n\n\n<h3 class=\"wp-block-heading\">Sello Copil<\/h3>\n\n\n\n<p><span class=\"OYPEnA text-decoration-none text-strikethrough-none\">Esta semana han sido anunciados los restaurantes que cumplen con la excelencia de la gastronom\u00eda mexicana.<\/span><\/p>\n\n\n\n<p><span class=\"OYPEnA text-decoration-none text-strikethrough-none\">En Madrid son: Barracuda Mx, Benditos sue\u00f1os, Can Chan Ch\u00e1n, Chona La Patrona, Coraz\u00f3n Agavero Mezcaloteca, Coraz\u00f3n de Ma\u00edz, Cutzamala Mex Food, El Baj\u00edo, Entre Suspiro y Suspiro, Fisher&#8217;s, Frida \u00cdntima, Hijo del Ma\u00edz, Iztac, Jer\u00f3nimo, La Chocolata, La Cosecha, La Tomata, La Turulita, La \u00danica Madrid, La Xida, Las Ma\u00f1anitas, Los Aguachiles, Mami Tacos, Marrufo, Mawey Tacobar, Mestizo Madrid, Mexcalista, Mexkhal, \u00d3rale Compadre, Puntarena, Rega\u00f1adientes, Sal Mestiza, Si Nos Dejan, Tacocteler\u00eda, Taquer\u00eda La Lupita, Taquer\u00eda Los Carnales, Taquer\u00eda Solito, Tatemado, Tepic, Ticu\u00ed, Tobal\u00e1 Tacobar, Trompo y Xipe. Vuelve a vivir nuestra experiencia en <a href=\"https:\/\/www.instagram.com\/stories\/highlights\/17915143373938726\/\">IG stories.\u00a0<\/a><\/span><\/p>\n\n\n\n<h3 class=\"wp-block-heading\"><\/h3>\n\n\n\n<h2 class=\"wp-block-heading\">M\u00e1s planes<\/h2>\n\n\n\n<script async=\"\" src=\"https:\/\/pagead2.googlesyndication.com\/pagead\/js\/adsbygoogle.js\"><\/script> <ins class=\"adsbygoogle\" style=\"display:block; text-align:center;\" data-ad-layout=\"in-article\" data-ad-format=\"fluid\" data-ad-client=\"ca-pub-7450064428034605\" data-ad-slot=\"5670045061\"><\/ins> <script>(adsbygoogle = window.adsbygoogle || []).push({});<\/script>\n\n\n\n<p>Como siempre, tenemos muchas m\u00e1s propuestas de planes en Vida de Madrid. Puedes consultar el <strong>listado completo de planes<\/strong>&nbsp;en nuestra&nbsp;<a href=\"https:\/\/www.vidademadrid.com\/es\/55647\/agenda-abril-2024-madrid-planes-eventos\/\"><strong>agenda del mes<\/strong><\/a><a href=\"https:\/\/www.vidademadrid.com\/es\/52298\/agenda-septiembre-2023-madrid\/\">&nbsp;<\/a>y en el&nbsp;<a href=\"http:\/\/vidademadrid.com\/planes\"><strong>especial Planes<\/strong><\/a>. No te pierdas los eventos del momento en nuestras redes: puedes seguir <a href=\"https:\/\/www.instagram.com\/VidaDeMadrid\/\">los reportajes diarios en IG Stories @vidademadrid<\/a>\u2026 y m\u00e1s contenido en <a href=\"https:\/\/www.tiktok.com\/@vida_demadrid\">TikTok<\/a>,&nbsp;<a href=\"https:\/\/www.facebook.com\/vidademadrid\" data-rich-text-format-boundary=\"true\">Facebook<\/a>&nbsp;o&nbsp;<a href=\"https:\/\/twitter.com\/VidaDeMadrid\">X<\/a>.<\/p>\n","protected":false},"excerpt":{"rendered":"<p>Conciertos gratis de piano, nueva exposici\u00f3n de la SGAE, fiestas de barrio y m\u00e1s&#8230;<\/p>\n","protected":false},"author":13,"featured_media":56553,"comment_status":"open","ping_status":"open","sticky":false,"template":"","format":"standard","meta":{"footnotes":""},"categories":[194],"tags":[],"class_list":{"0":"post-56535","1":"post","2":"type-post","3":"status-publish","4":"format-standard","5":"has-post-thumbnail","7":"category-planes-del-fin-de-semana-madrid"},"_links":{"self":[{"href":"https:\/\/www.vidademadrid.com\/es\/wp-json\/wp\/v2\/posts\/56535","targetHints":{"allow":["GET"]}}],"collection":[{"href":"https:\/\/www.vidademadrid.com\/es\/wp-json\/wp\/v2\/posts"}],"about":[{"href":"https:\/\/www.vidademadrid.com\/es\/wp-json\/wp\/v2\/types\/post"}],"author":[{"embeddable":true,"href":"https:\/\/www.vidademadrid.com\/es\/wp-json\/wp\/v2\/users\/13"}],"replies":[{"embeddable":true,"href":"https:\/\/www.vidademadrid.com\/es\/wp-json\/wp\/v2\/comments?post=56535"}],"version-history":[{"count":7,"href":"https:\/\/www.vidademadrid.com\/es\/wp-json\/wp\/v2\/posts\/56535\/revisions"}],"predecessor-version":[{"id":56557,"href":"https:\/\/www.vidademadrid.com\/es\/wp-json\/wp\/v2\/posts\/56535\/revisions\/56557"}],"wp:featuredmedia":[{"embeddable":true,"href":"https:\/\/www.vidademadrid.com\/es\/wp-json\/wp\/v2\/media\/56553"}],"wp:attachment":[{"href":"https:\/\/www.vidademadrid.com\/es\/wp-json\/wp\/v2\/media?parent=56535"}],"wp:term":[{"taxonomy":"category","embeddable":true,"href":"https:\/\/www.vidademadrid.com\/es\/wp-json\/wp\/v2\/categories?post=56535"},{"taxonomy":"post_tag","embeddable":true,"href":"https:\/\/www.vidademadrid.com\/es\/wp-json\/wp\/v2\/tags?post=56535"}],"curies":[{"name":"wp","href":"https:\/\/api.w.org\/{rel}","templated":true}]}}