{"id":56470,"date":"2024-05-31T07:59:40","date_gmt":"2024-05-31T05:59:40","guid":{"rendered":"https:\/\/www.vidademadrid.com\/es\/?p=56470"},"modified":"2025-10-04T14:51:47","modified_gmt":"2025-10-04T12:51:47","slug":"planes-para-este-fin-de-semana-en-madrid-31-mayo-1-y-2-de-junio-de-2024","status":"publish","type":"post","link":"https:\/\/www.vidademadrid.com\/es\/56470\/planes-para-este-fin-de-semana-en-madrid-31-mayo-1-y-2-de-junio-de-2024\/","title":{"rendered":"Planes para este fin de semana en Madrid: 31 de mayo, 1 y 2 de junio de 2024"},"content":{"rendered":"\n<p>Damos la bienvenida al mes de junio con buenas temperaturas y muchas actividades de las que disfrutar este fin de semana: comienza la <strong>Feria del Libro en El Retiro<\/strong> y un a\u00f1o m\u00e1s se celebra <strong>Passione Italiana 2024<\/strong>. Adem\u00e1s, comienza ya la <strong>temporada de festivales<\/strong> (Road to R\u00edo Babel o POMP\u00c4 Open Air) y las <strong>fiestas de barrio<\/strong> (Hortaleza y Aluche).&nbsp;Como cada semana, en este art\u00edculo te hacemos una selecci\u00f3n de los mejores planes, exposiciones, conciertos y restaurantes para disfrutar este fin de semana <strong>31 de mayo, 1 y 2 de junio de 2024 en Madrid<\/strong>.&nbsp;<\/p>\n\n\n\n<h2 class=\"wp-block-heading\">Actividades<\/h2>\n\n\n\n<script async=\"\" src=\"https:\/\/pagead2.googlesyndication.com\/pagead\/js\/adsbygoogle.js\"><\/script> <ins class=\"adsbygoogle\" style=\"display:block\" data-ad-format=\"fluid\" data-ad-layout-key=\"-7f+eo+1+2-5\" data-ad-client=\"ca-pub-7450064428034605\" data-ad-slot=\"7327027071\"><\/ins><script>(adsbygoogle = window.adsbygoogle || []).push({});<\/script>\n\n\n\n<figure class=\"wp-block-image size-large td-caption-align-https:\/\/www.vidademadrid.com\/es\/wp-content\/uploads\/2024\/04\/Noche-de-los-Libros-.jpg\"><a href=\"https:\/\/www.vidademadrid.com\/es\/wp-content\/uploads\/2024\/04\/Noche-de-los-Libros-.jpg\"><img loading=\"lazy\" decoding=\"async\" width=\"1024\" height=\"512\" src=\"https:\/\/www.vidademadrid.com\/es\/wp-content\/uploads\/2024\/04\/Noche-de-los-Libros--1024x512.jpg\" alt=\"\" class=\"wp-image-55700\" srcset=\"https:\/\/www.vidademadrid.com\/es\/wp-content\/uploads\/2024\/04\/Noche-de-los-Libros--1024x512.jpg 1024w, https:\/\/www.vidademadrid.com\/es\/wp-content\/uploads\/2024\/04\/Noche-de-los-Libros--300x150.jpg 300w, https:\/\/www.vidademadrid.com\/es\/wp-content\/uploads\/2024\/04\/Noche-de-los-Libros--768x384.jpg 768w, https:\/\/www.vidademadrid.com\/es\/wp-content\/uploads\/2024\/04\/Noche-de-los-Libros--696x348.jpg 696w, https:\/\/www.vidademadrid.com\/es\/wp-content\/uploads\/2024\/04\/Noche-de-los-Libros--1068x534.jpg 1068w, https:\/\/www.vidademadrid.com\/es\/wp-content\/uploads\/2024\/04\/Noche-de-los-Libros--840x420.jpg 840w, https:\/\/www.vidademadrid.com\/es\/wp-content\/uploads\/2024\/04\/Noche-de-los-Libros-.jpg 1200w\" sizes=\"auto, (max-width: 1024px) 100vw, 1024px\" \/><\/a><figcaption>Foto: Instagram @lanochedeloslibros <\/figcaption><\/figure>\n\n\n\n<h3 class=\"wp-block-heading\">S\u00e9 el primero en visitar la 83\u00aa Feria del Libro de Madrid&nbsp;<\/h3>\n\n\n\n<p>Vuelve en el Parque de El Retiro uno de los eventos del a\u00f1o en Madrid. Este 2024, a\u00f1o ol\u00edmpico, tiene como lema \u00abEntrena tu mente, lee tu cuerpo\u00bb. Habr\u00e1 en total <strong>359 casetas, con firmas y m\u00e1s actividades<\/strong> todos los d\u00edas. Estar\u00e1 <strong>disponible hasta el 16 de junio de 2024<\/strong>. Toda la info <a href=\"https:\/\/www.vidademadrid.com\/es\/54711\/feria-libro-2024-fecha-tema-horario\/\">aqu\u00ed<\/a>.&nbsp;<\/p>\n\n\n\n<h3 class=\"wp-block-heading\">No te pierdas Passione Italia 2024&nbsp;<\/h3>\n\n\n\n<p><span class=\"OYPEnA\">El <strong>Patio Scuola Italiana de Madrid<\/strong>, ubicado en R\u00edos Rosas, acoge la nueva edici\u00f3n de la gran fiesta italiana en Madrid con m\u00fasica en vivo, puestos de comida y bebida, momento aperitivo, venta de productos gastron\u00f3micos y de artesan\u00eda, talleres, actividades familiares y m\u00e1s. Este a\u00f1o, como novedad, la entrada es gratuita (hasta completar aforo). Descubre el programa completo <a href=\"https:\/\/www.vidademadrid.com\/es\/56249\/passione-italia-2024-madrid\/\">aqu\u00ed<\/a>.<\/span><\/p>\n\n\n\n<h3 class=\"wp-block-heading\">Disfruta de la 54 Feria Nacional del Sello<\/h3>\n\n\n\n<p>Este a\u00f1o tiene como tem\u00e1tica \u201cLa literatura y el sello\u201d. Se podr\u00e1n admirar monedas de oro de la \u00e9poca romana y objetos ol\u00edmpicos ic\u00f3nicos, como las medallas de oro de Barcelona 1992. La feria ofrecer\u00e1&nbsp;<strong>una zona expositiva y l\u00fadico-interactiva<\/strong>, ideal para disfrutar en familia. Estar\u00e1 disponible hasta este domingo 2 de junio en la Plaza Mayor. Toda la info <a href=\"https:\/\/www.vidademadrid.com\/es\/56423\/feria-del-sello-2024-plaza-mayor-madrid\/\">aqu\u00ed<\/a>.&nbsp;<\/p>\n\n\n\n<h3 class=\"wp-block-heading\">Descubre Cruza Carabanchel 2024&nbsp;<\/h3>\n\n\n\n<p>Un a\u00f1o m\u00e1s vuelve este festival cultural a Carabanchel con m\u00e1s de 140 actividades en 48 espacios del distrito, incluyendo exposiciones, teatro, conciertos, talleres y encuentros, destacando la diversidad cultural y art\u00edstica del territorio. Disponible hasta el 15 de junio. Toda la info <a href=\"https:\/\/www.esmadrid.com\/agenda\/cruza-carabanchel\">aqu\u00ed<\/a>.&nbsp;<\/p>\n\n\n\n<h3 class=\"wp-block-heading\">Ac\u00e9rcate al Festival de la Innovaci\u00f3n&nbsp;<\/h3>\n\n\n\n<p><span class=\"OYPEnA\"><strong>South Summit Street Fest<\/strong> inaugura el s\u00e1bado 1 de junio en Plaza Espa\u00f1a su espacio para probar las nuevas tecnolog\u00edas, con un pab\u00e9llon construido en madera y <\/span><span class=\"OYPEnA\">ocho islas de innovaci\u00f3n. Toda la info <a href=\"https:\/\/www.southsummit.io\/es\/madrid\/street-fest\/\">aqu\u00ed<\/a>.&nbsp;<\/span><\/p>\n\n\n\n<h3 class=\"wp-block-heading\">No te pierdas la final del World Rugby Seven Series en el Estadio Civitas Metropolitano&nbsp;<\/h3>\n\n\n\n<p><span class=\"OYPEnA\">La final del torneo que re\u00fane a los mejores equipos <\/span><span class=\"OYPEnA\">masculinos y femeninos de rugby siete. Tambi\u00e9n habr\u00e1 <\/span><span class=\"OYPEnA\">un beach club, conciertos y un food market. Podr\u00e1s conseguir entradas desde 5 euros. Toda la info <a href=\"https:\/\/www.svns.com\/en\/events\/madrid\">aqu\u00ed<\/a>.&nbsp;<\/span><\/p>\n\n\n\n<h3 class=\"wp-block-heading\">Ap\u00fantate a \u201cYoga por Refugio\u201d en el Palacio de Longoria<\/h3>\n\n\n\n<p>Un <strong>plan solidario<\/strong> organizado por CEAR, la Comisi\u00f3n Espa\u00f1ola de Ayuda al Refugiado, que ofrece <strong>yoga y brunch<\/strong> (solo 40 plazas) en la terraza del emblem\u00e1tico palacio sede de la SGAE. Ser\u00e1 este domingo 2 de junio. Toda la info y \u00faltimas entradas <a href=\"https:\/\/ti.to\/comision-espanola-de-ayuda-al-refugiado-cear\/yoga-por-refugio-en-madrid\">aqu\u00ed<\/a>.&nbsp;<\/p>\n\n\n\n<h2 class=\"wp-block-heading\">Exposiciones&nbsp;<\/h2>\n\n\n\n<figure class=\"wp-block-image size-large td-caption-align-https:\/\/www.vidademadrid.com\/es\/wp-content\/uploads\/2024\/05\/EcceHomo-Caravaggio.jpg\"><a href=\"https:\/\/www.vidademadrid.com\/es\/wp-content\/uploads\/2024\/05\/EcceHomo-Caravaggio.jpg\"><img loading=\"lazy\" decoding=\"async\" width=\"1024\" height=\"512\" src=\"https:\/\/www.vidademadrid.com\/es\/wp-content\/uploads\/2024\/05\/EcceHomo-Caravaggio-1024x512.jpg\" alt=\"\" class=\"wp-image-56384\" srcset=\"https:\/\/www.vidademadrid.com\/es\/wp-content\/uploads\/2024\/05\/EcceHomo-Caravaggio-1024x512.jpg 1024w, https:\/\/www.vidademadrid.com\/es\/wp-content\/uploads\/2024\/05\/EcceHomo-Caravaggio-300x150.jpg 300w, https:\/\/www.vidademadrid.com\/es\/wp-content\/uploads\/2024\/05\/EcceHomo-Caravaggio-768x384.jpg 768w, https:\/\/www.vidademadrid.com\/es\/wp-content\/uploads\/2024\/05\/EcceHomo-Caravaggio-696x348.jpg 696w, https:\/\/www.vidademadrid.com\/es\/wp-content\/uploads\/2024\/05\/EcceHomo-Caravaggio-1068x534.jpg 1068w, https:\/\/www.vidademadrid.com\/es\/wp-content\/uploads\/2024\/05\/EcceHomo-Caravaggio-840x420.jpg 840w, https:\/\/www.vidademadrid.com\/es\/wp-content\/uploads\/2024\/05\/EcceHomo-Caravaggio.jpg 1200w\" sizes=\"auto, (max-width: 1024px) 100vw, 1024px\" \/><\/a><figcaption>Detalle de Ecce Homo (despu\u00e9s de la restauraci\u00f3n). Michelangelo Merisi (conocido como Caravaggio). 1605-09. Imagen cortes\u00eda de colecci\u00f3n privada.<\/figcaption><\/figure>\n\n\n\n<h3 class=\"wp-block-heading\">Visita la obra de Caravaggio en el Museo del Prado&nbsp;<\/h3>\n\n\n\n<p><span class=\"OYPEnA\">Una muestra especial<\/span><span class=\"OYPEnA\">&nbsp;dedicada a la <strong>obra Ecce Homo<\/strong> (1605) del pintor italiano y perteneciente a la colecci\u00f3n de Felipe IV de Espa\u00f1a.<\/span><span class=\"OYPEnA\"> Adem\u00e1s, te recordamos que este s\u00e1bado tiene lugar la nueva edici\u00f3n de \u00abEl Prado de noche\u00bb y, por tanto, podr\u00e1s disfrutar de esta obra de arte de forma gratuita (los dem\u00e1s d\u00edas la entrada es de 15\u20ac). Toda la info <a href=\"https:\/\/www.vidademadrid.com\/es\/56383\/ecce-homo-caravaggio-museo-prado-fecha-2024\/\">aqu\u00ed<\/a>.&nbsp;<\/span><\/p>\n\n\n\n<h3 class=\"wp-block-heading\">\u00daltimos d\u00edas para descubrir la exposici\u00f3n de Isabel Quintanilla en el Museo Thyssen&nbsp;<\/h3>\n\n\n\n<p>La exposici\u00f3n presenta unas cien obras, muchas in\u00e9ditas en Espa\u00f1a, de colecciones alemanas de los a\u00f1os 70 y 80 mostrando objetos personales, hogares y talleres. Disponible hasta este domingo 2 de junio. Toda la info y entradas <a href=\"https:\/\/www.vidademadrid.com\/es\/55228\/realismo-intimo-isabel-quintanilla-exposicion-temporal-2024\/\">aqu\u00ed<\/a>.&nbsp;<\/p>\n\n\n\n<h2 class=\"wp-block-heading\">Fiestas de Barrio&nbsp;<\/h2>\n\n\n\n<figure class=\"wp-block-image size-large td-caption-align-https:\/\/www.vidademadrid.com\/es\/wp-content\/uploads\/2024\/05\/Fiestas-Hortaleza.jpg\"><a href=\"https:\/\/www.vidademadrid.com\/es\/wp-content\/uploads\/2024\/05\/Fiestas-Hortaleza.jpg\"><img loading=\"lazy\" decoding=\"async\" width=\"1024\" height=\"512\" src=\"https:\/\/www.vidademadrid.com\/es\/wp-content\/uploads\/2024\/05\/Fiestas-Hortaleza-1024x512.jpg\" alt=\"\" class=\"wp-image-56337\" srcset=\"https:\/\/www.vidademadrid.com\/es\/wp-content\/uploads\/2024\/05\/Fiestas-Hortaleza-1024x512.jpg 1024w, https:\/\/www.vidademadrid.com\/es\/wp-content\/uploads\/2024\/05\/Fiestas-Hortaleza-300x150.jpg 300w, https:\/\/www.vidademadrid.com\/es\/wp-content\/uploads\/2024\/05\/Fiestas-Hortaleza-768x384.jpg 768w, https:\/\/www.vidademadrid.com\/es\/wp-content\/uploads\/2024\/05\/Fiestas-Hortaleza-696x348.jpg 696w, https:\/\/www.vidademadrid.com\/es\/wp-content\/uploads\/2024\/05\/Fiestas-Hortaleza-1068x534.jpg 1068w, https:\/\/www.vidademadrid.com\/es\/wp-content\/uploads\/2024\/05\/Fiestas-Hortaleza-840x420.jpg 840w, https:\/\/www.vidademadrid.com\/es\/wp-content\/uploads\/2024\/05\/Fiestas-Hortaleza.jpg 1200w\" sizes=\"auto, (max-width: 1024px) 100vw, 1024px\" \/><\/a><figcaption>Foto: esmadrid<\/figcaption><\/figure>\n\n\n\n<p>Cuando empieza apretar el calor y nos vamos acercando al verano, empiezan las fiestas de barrio y este fin de semana comienzan&#8230;<\/p>\n\n\n\n<h3 class=\"wp-block-heading\">Fiestas de la Primavera de Hortaleza<\/h3>\n\n\n\n<p><span class=\"OYPEnA\">Podr\u00e1s disfrutar de 50 eventos culturales, actividades para ni\u00f1os y presentaciones musicales como este finde La Edad de Oro del Pop Espa\u00f1ol (viernes) y Rosario Mohedano (s\u00e1bado). Disponibles hasta el 9 de junio. Toda la info <a href=\"https:\/\/www.vidademadrid.com\/es\/56336\/fiestas-de-la-primavera-de-hortaleza-2024-fechas\/\">aqu\u00ed<\/a>.&nbsp;<\/span><\/p>\n\n\n\n<h3 class=\"wp-block-heading\">Fiestas de Aluche&nbsp;<\/h3>\n\n\n\n<p><span class=\"OYPEnA\">Vuleven las fiestas del barrio de Aluche con conciertos (el s\u00e1bado a las 23:45, Muchachito Bombo Infierno), <\/span><span class=\"OYPEnA\">eventos culturales y actividades. Disponibles hasta el 9 de junio. Toda la info y programa <a href=\"https:\/\/www.vidademadrid.com\/es\/56266\/fiestas-de-aluche-2024-programa-y-fechas\/\">aqu\u00ed<\/a>.&nbsp;<\/span><\/p>\n\n\n\n<h2 class=\"wp-block-heading\">Conciertos&nbsp;<\/h2>\n\n\n\n<h3 class=\"wp-block-heading\">Road to R\u00edo Babel<\/h3>\n\n\n\n<p>Llega a Madrid la primera edici\u00f3n del festival musical antesala del Festival R\u00edo Babel a la C\u00e1ja M\u00e1gica, con artistas muy conocidos como <strong>Green Day, The Hives, The Interrupters, Lagwagon y EMLAN<\/strong>. Con entradas disponibles desde 99\u20ac. Toda la info <a href=\"https:\/\/festivalriobabel.com\/\">aqu\u00ed<\/a>.&nbsp;<\/p>\n\n\n\n<h3 class=\"wp-block-heading\">POMP\u00c4 Open Air<\/h3>\n\n\n\n<p><span class=\"OYPEnA\">El festival indie pop con grandes artistas nacionales vuelve este&nbsp;<\/span><a class=\"OYPEnA\" draggable=\"false\" href=\"https:\/\/it.pons.com\/traduzione\/spagnolo-italiano\/a%C3%B1o#:~:text=a%C3%B1o%3A-,a%C3%B1o,per%20aggiungerlo%20al%20trainer%20lessicale\" target=\"_blank\" rel=\"noopener nofollow\">a\u00f1o<\/a><span class=\"OYPEnA\"> con <strong>\u00c1lvaro de Luna y Fuel Fandango<\/strong> entre los muchos&nbsp;<\/span><span class=\"OYPEnA\">cantantes que se exhiben solo durante este fin de semana (31 de mayo y 1 de junio) en el Parque Enrique Tierno Galv\u00e1n. Toda la info y cartel completo <a href=\"https:\/\/almafestival.info\/madrid\/artista\/pompa-2\/\">aqu\u00ed<\/a>.&nbsp;<\/span><\/p>\n\n\n\n<h3 class=\"wp-block-heading\"><span class=\"OYPEnA\">Espect\u00e1culos gratuitos 21Distritos<\/span><\/h3>\n\n\n\n<p>La programaci\u00f3n de <strong>21Distritos<\/strong> contin\u00faa y para este fin de semana podr\u00e1s disfrutar completamente gratis de:&nbsp;<\/p>\n\n\n\n<ul class=\"wp-block-list\"><li>Viernes 31 de mayo: \u201cComo hace 3000 a\u00f1os\u201d con H\u00e9ctor Alterio, un di\u00e1logo \u00edntimo entre el actor y la poes\u00eda en el Teatro Quique San Francisco.&nbsp;<\/li><li>S\u00e1bado 1 de junio: cumbia con Los Justicieros en el Parque de Pradolongo. Domingo: \u201cT\u00fa diriges la orquesta\u201d en el Parque Ciudad de Los \u00c1ngeles.<\/li><\/ul>\n\n\n\n<p>Descubre m\u00e1s actividades y la informaci\u00f3n completa de los conciertos en la <a href=\"https:\/\/21distritos.es\/programacion\/\">p\u00e1gina web de 21Distritos<\/a>. Te recordamos que la programaci\u00f3n terminar\u00e1 el pr\u00f3ximo 13 de junio.&nbsp;<\/p>\n\n\n\n<h2 class=\"wp-block-heading\">Restaurantes para el finde&nbsp;<\/h2>\n\n\n\n<h3 class=\"wp-block-heading\">Nuevo local de Raza en Chamber\u00ed&nbsp;<\/h3>\n\n\n\n<p>El templo de la carne acaba de abrir su tercer local, en Paseo de Eduardo Dato 8, con platazos como el Cube Roll de Simmental. Un restaurante que ya hemos visitado en otras ocasiones y que cuenta con dos locales m\u00e1s en la calle Barquillo y en Bernab\u00e9u. No te pierdas nuestra visita en IG stories.&nbsp;<\/p>\n\n\n\n<h3 class=\"wp-block-heading\">Pizzas napolitanas en Malocchio&nbsp;<\/h3>\n\n\n\n<p><span class=\"OYPEnA\">El maestro pizzaiolo premiado Mario Vicedomini abre su pizzer\u00eda: tradici\u00f3n napolitana y toques divertidos y originales muy cerca de Bernab\u00e9u y a muy buen precio. Descubre m\u00e1s en nuestras IG stories.&nbsp;<\/span><\/p>\n\n\n\n<h3 class=\"wp-block-heading\">Nueva propuesta de platos y c\u00f3cteles en Distrito Vegano&nbsp;<\/h3>\n\n\n\n<p>Muy cerca de Tirso de Molina, nos adentramos a este restaurante acogedor que presenta sus nuevas propuestas veganas para este verano, adem\u00e1s de su oferta de c\u00f3cteles. Podr\u00e1s disfrutar de diferentes platos en su versi\u00f3n vegana. Desc\u00fabrelo todo a trav\u00e9s de IG stories (que subiremos este fin de semana. As\u00ed que estate atento).&nbsp;<\/p>\n\n\n\n<h3 class=\"wp-block-heading\">Jornadas de rabo de buey en Rocacho&nbsp;<\/h3>\n\n\n\n<p>Hasta el 30 de junio este local especializado en brasas y ubicado muy cerca de Cuzco propone platos especiales de rabo de buey: arroz, ruedo y gyozas. Vuelve a vivir nuestra experiencia a trav\u00e9s de <a href=\"https:\/\/www.instagram.com\/stories\/highlights\/18055210915720084\/\">IG stories.<\/a>&nbsp;<\/p>\n\n\n\n<h2 class=\"wp-block-heading\">M\u00e1s planes&nbsp;<\/h2>\n\n\n\n<script async=\"\" src=\"https:\/\/pagead2.googlesyndication.com\/pagead\/js\/adsbygoogle.js\"><\/script> <ins class=\"adsbygoogle\" style=\"display:block; text-align:center;\" data-ad-layout=\"in-article\" data-ad-format=\"fluid\" data-ad-client=\"ca-pub-7450064428034605\" data-ad-slot=\"5670045061\"><\/ins> <script>(adsbygoogle = window.adsbygoogle || []).push({});<\/script>\n\n\n\n<p>Como siempre, tenemos muchas m\u00e1s propuestas de planes en Vida de Madrid. Puedes consultar el <strong>listado completo de planes<\/strong>&nbsp;en nuestra&nbsp;<a href=\"https:\/\/www.vidademadrid.com\/es\/55647\/agenda-abril-2024-madrid-planes-eventos\/\"><strong>agenda del mes<\/strong><\/a><a href=\"https:\/\/www.vidademadrid.com\/es\/52298\/agenda-septiembre-2023-madrid\/\">&nbsp;<\/a>y en el&nbsp;<a href=\"http:\/\/vidademadrid.com\/planes\"><strong>especial Planes<\/strong><\/a>. No te pierdas los eventos del momento en nuestras redes: puedes seguir <a href=\"https:\/\/www.instagram.com\/VidaDeMadrid\/\">los reportajes diarios en IG Stories @vidademadrid<\/a>\u2026 y m\u00e1s contenido en <a href=\"https:\/\/www.tiktok.com\/@vida_demadrid\">TikTok<\/a>,&nbsp;<a href=\"https:\/\/www.facebook.com\/vidademadrid\">Facebook<\/a>&nbsp;o&nbsp;<a href=\"https:\/\/twitter.com\/VidaDeMadrid\">X<\/a>.<\/p>\n","protected":false},"excerpt":{"rendered":"<p>Feria del Libro de Madrid, Passione Italia 2024, fiestas de Hortaleza y Aluche y mucho m\u00e1s. <\/p>\n","protected":false},"author":13,"featured_media":56489,"comment_status":"open","ping_status":"open","sticky":false,"template":"","format":"standard","meta":{"footnotes":""},"categories":[194],"tags":[],"class_list":{"0":"post-56470","1":"post","2":"type-post","3":"status-publish","4":"format-standard","5":"has-post-thumbnail","7":"category-planes-del-fin-de-semana-madrid"},"_links":{"self":[{"href":"https:\/\/www.vidademadrid.com\/es\/wp-json\/wp\/v2\/posts\/56470","targetHints":{"allow":["GET"]}}],"collection":[{"href":"https:\/\/www.vidademadrid.com\/es\/wp-json\/wp\/v2\/posts"}],"about":[{"href":"https:\/\/www.vidademadrid.com\/es\/wp-json\/wp\/v2\/types\/post"}],"author":[{"embeddable":true,"href":"https:\/\/www.vidademadrid.com\/es\/wp-json\/wp\/v2\/users\/13"}],"replies":[{"embeddable":true,"href":"https:\/\/www.vidademadrid.com\/es\/wp-json\/wp\/v2\/comments?post=56470"}],"version-history":[{"count":7,"href":"https:\/\/www.vidademadrid.com\/es\/wp-json\/wp\/v2\/posts\/56470\/revisions"}],"predecessor-version":[{"id":56477,"href":"https:\/\/www.vidademadrid.com\/es\/wp-json\/wp\/v2\/posts\/56470\/revisions\/56477"}],"wp:featuredmedia":[{"embeddable":true,"href":"https:\/\/www.vidademadrid.com\/es\/wp-json\/wp\/v2\/media\/56489"}],"wp:attachment":[{"href":"https:\/\/www.vidademadrid.com\/es\/wp-json\/wp\/v2\/media?parent=56470"}],"wp:term":[{"taxonomy":"category","embeddable":true,"href":"https:\/\/www.vidademadrid.com\/es\/wp-json\/wp\/v2\/categories?post=56470"},{"taxonomy":"post_tag","embeddable":true,"href":"https:\/\/www.vidademadrid.com\/es\/wp-json\/wp\/v2\/tags?post=56470"}],"curies":[{"name":"wp","href":"https:\/\/api.w.org\/{rel}","templated":true}]}}