{"id":56339,"date":"2024-06-06T10:57:32","date_gmt":"2024-06-06T08:57:32","guid":{"rendered":"https:\/\/www.vidademadrid.com\/es\/?p=56339"},"modified":"2024-06-09T23:41:57","modified_gmt":"2024-06-09T21:41:57","slug":"fiestas-de-san-antonio-de-la-florida-2024-fechas-y-programa","status":"publish","type":"post","link":"https:\/\/www.vidademadrid.com\/es\/56339\/fiestas-de-san-antonio-de-la-florida-2024-fechas-y-programa\/","title":{"rendered":"Fiestas de San Antonio de la Florida 2024: fechas y programa"},"content":{"rendered":"<p>Una de las fiestas m\u00e1s populares de Madrid,&nbsp;la de&nbsp;<strong>San Antonio de la Florida,&nbsp;<\/strong>vuelve este 2024 al Parque de la Bombilla y las cercan\u00edas de la ermita de San Antonio.<\/p>\n<h2>Fiestas de San Antonio de la Florida 2024<\/h2>\n<p><script async=\"\" src=\"https:\/\/pagead2.googlesyndication.com\/pagead\/js\/adsbygoogle.js\"><\/script> <ins class=\"adsbygoogle\" style=\"display:block\" data-ad-format=\"fluid\" data-ad-layout-key=\"-7f+eo+1+2-5\" data-ad-client=\"ca-pub-7450064428034605\" data-ad-slot=\"7327027071\"><\/ins><script>(adsbygoogle = window.adsbygoogle || []).push({});<\/script>Las tradicionales <strong>Fiestas de San Antonio de la Florida,<\/strong> la primera verbena de Madrid, ser\u00e1n del <strong>7 al 17 de junio de 2024.&nbsp;<\/strong>El recinto ferial ser\u00e1 en el entorno de la glorieta de San Antonio de la Florida y el parque de la Bombilla.<\/p>\n<p>En las fiestas de San Antonio se podr\u00e1 disfrutar de actividades culturales, actividades deportivas, religiosas y conciertos. Las actividades culturales ser\u00e1n del&nbsp;<strong>13 al 16 de junio.&nbsp;<\/strong><\/p>\n<h2>Fiestas de San Antonio de la Florida 2024: programa<\/h2>\n<p><script async=\"\" src=\"https:\/\/pagead2.googlesyndication.com\/pagead\/js\/adsbygoogle.js\"><\/script> <ins class=\"adsbygoogle\" style=\"display:block; text-align:center;\" data-ad-layout=\"in-article\" data-ad-format=\"fluid\" data-ad-client=\"ca-pub-7450064428034605\" data-ad-slot=\"5670045061\"><\/ins> <script>(adsbygoogle = window.adsbygoogle || []).push({});<\/script><strong>Jueves 13 de junio<\/strong><\/p>\n<ul>\n<li><strong>Parroquia de San Antonio<\/strong>\n<ul>\n<li>7 horas: Bendici\u00f3n de los panes de San Antonio&nbsp;<\/li>\n<\/ul>\n<\/li>\n<li><strong>Escenario Ermitas&nbsp;<\/strong>(Glorieta San Antonio)\n<ul>\n<li>8 a 20 horas: Reparto de panes y ritual de los alfileres<\/li>\n<li>12 horas: Misa Mayor&nbsp;<\/li>\n<li>13 horas: Procesi\u00f3n por las calles del barrio<\/li>\n<\/ul>\n<\/li>\n<li><strong>Explanada del templete&nbsp;<\/strong>(Parque de la Bombilla)\n<ul>\n<li>17 a 18 horas: \u00abHora sin ruidos\u00bb<\/li>\n<li>18.30 horas: Concierto&nbsp;<strong>Miguel Pe\u00f1alosa<\/strong><\/li>\n<li>19.15 horas: Actuaci\u00f3n&nbsp;<strong>Versilia<\/strong><\/li>\n<li>20.30 horas:&nbsp;<strong>Preg\u00f3n inaugural<\/strong><\/li>\n<li>20.30 horas: Reparto de limon\u00e1 chip\u00e9n<\/li>\n<li>21 horas: Actuaci\u00f3n&nbsp;<strong>The Harvest Band<\/strong><\/li>\n<li>22.15 horas: Actuaci\u00f3n&nbsp;<strong>Orquesta Madel\u00f3n&nbsp;<\/strong><\/li>\n<\/ul>\n<\/li>\n<\/ul>\n<p><strong>Viernes 14 de junio<\/strong><\/p>\n<ul>\n<li><strong>Explanada del templete&nbsp;<\/strong>(Parque de la Bombilla)\n<ul>\n<li>17 a 18 horas: \u00abHora sin ruidos\u00bb<\/li>\n<li>22 horas: Actuaci\u00f3n&nbsp;<strong>Nancy Rubias<\/strong><\/li>\n<li>23.30 horas: Actuaci\u00f3n&nbsp;<strong>Dj Albano<\/strong><\/li>\n<\/ul>\n<\/li>\n<\/ul>\n<p><strong>S\u00e1bado 15 de junio<\/strong><\/p>\n<ul>\n<li><strong>Explanada del templete&nbsp;<\/strong>(Parque de la Bombilla)&nbsp;\n<ul>\n<li>11 a 14 horas.&nbsp;<strong>Yincana infantil&nbsp;<\/strong>y pinta caras<\/li>\n<li>14 horas: Reparto de paella<\/li>\n<li>17 a 18 horas: \u00abHora sin ruidos\u00bb<\/li>\n<li>20 horas: Reparto de limon\u00e1 chip\u00e9n&nbsp;<\/li>\n<li>22 horas: Actuaci\u00f3n&nbsp;<strong>Amistades Peligrosas<\/strong><\/li>\n<li>24 horas: Actuaci\u00f3n&nbsp;<strong>Dj Lady Cherry Live Show<\/strong><\/li>\n<\/ul>\n<\/li>\n<li><strong>Escenario ermitas&nbsp;<\/strong>(Glorieta de San Antonio)\n<ul>\n<li>19.30 horas: Verbena popular<\/li>\n<\/ul>\n<\/li>\n<\/ul>\n<p><strong>Domingo 16 de junio: D\u00eda Castizo&nbsp;<\/strong><\/p>\n<ul>\n<li><strong>Explanada del templete&nbsp;<\/strong>(Parque de la Bombilla)\n<ul>\n<li>11 a 14 horas: Castillo hinchable y pinta caras<\/li>\n<li>17 a 18 horas: \u00abHora sin ruidos\u00bb<\/li>\n<li>17.15 horas: Inscripci\u00f3n de concursos<\/li>\n<li>18 horas:&nbsp;<strong>Concursos de mantones, chotis y pasodobles<\/strong><\/li>\n<li>19.15 horas: Entrega de trofeos<\/li>\n<li>19.45 horas: Actuaci\u00f3n de la&nbsp;<strong>Federaci\u00f3n de Grupos Tradicionales Madrile\u00f1os<\/strong><\/li>\n<li>20 horas: Reparto de&nbsp;<strong>chocolate con churros<\/strong><\/li>\n<li>22.30 horas: Actuaci\u00f3n&nbsp;<strong>Mari Pepa de Chamber\u00ed&nbsp;<\/strong><\/li>\n<li>0:00 horas: Fuegos artificiales<\/li>\n<\/ul>\n<\/li>\n<li><strong>Zona de ermitas&nbsp;<\/strong>(Glorieta de San Antonio)&nbsp;\n<ul>\n<li>18 horas:&nbsp;<strong>Pasacalles&nbsp;<\/strong>por la zona de Pr\u00edncipe P\u00edo<\/li>\n<li>20 horas: Baile con organillo&nbsp;<\/li>\n<\/ul>\n<\/li>\n<\/ul>\n<p>&nbsp;<\/p>\n<p>&nbsp;<\/p>\n","protected":false},"excerpt":{"rendered":"<p>Ser\u00e1n del 13 al 16 de junio. <\/p>\n","protected":false},"author":15,"featured_media":56340,"comment_status":"open","ping_status":"open","sticky":false,"template":"","format":"standard","meta":{"footnotes":""},"categories":[101,115],"tags":[],"class_list":{"0":"post-56339","1":"post","2":"type-post","3":"status-publish","4":"format-standard","5":"has-post-thumbnail","7":"category-ferias-fiestas-mercados-madrid","8":"category-planes-del-momento-madrid"},"_links":{"self":[{"href":"https:\/\/www.vidademadrid.com\/es\/wp-json\/wp\/v2\/posts\/56339","targetHints":{"allow":["GET"]}}],"collection":[{"href":"https:\/\/www.vidademadrid.com\/es\/wp-json\/wp\/v2\/posts"}],"about":[{"href":"https:\/\/www.vidademadrid.com\/es\/wp-json\/wp\/v2\/types\/post"}],"author":[{"embeddable":true,"href":"https:\/\/www.vidademadrid.com\/es\/wp-json\/wp\/v2\/users\/15"}],"replies":[{"embeddable":true,"href":"https:\/\/www.vidademadrid.com\/es\/wp-json\/wp\/v2\/comments?post=56339"}],"version-history":[{"count":2,"href":"https:\/\/www.vidademadrid.com\/es\/wp-json\/wp\/v2\/posts\/56339\/revisions"}],"predecessor-version":[{"id":56543,"href":"https:\/\/www.vidademadrid.com\/es\/wp-json\/wp\/v2\/posts\/56339\/revisions\/56543"}],"wp:featuredmedia":[{"embeddable":true,"href":"https:\/\/www.vidademadrid.com\/es\/wp-json\/wp\/v2\/media\/56340"}],"wp:attachment":[{"href":"https:\/\/www.vidademadrid.com\/es\/wp-json\/wp\/v2\/media?parent=56339"}],"wp:term":[{"taxonomy":"category","embeddable":true,"href":"https:\/\/www.vidademadrid.com\/es\/wp-json\/wp\/v2\/categories?post=56339"},{"taxonomy":"post_tag","embeddable":true,"href":"https:\/\/www.vidademadrid.com\/es\/wp-json\/wp\/v2\/tags?post=56339"}],"curies":[{"name":"wp","href":"https:\/\/api.w.org\/{rel}","templated":true}]}}