{"id":56320,"date":"2024-05-21T11:20:28","date_gmt":"2024-05-21T09:20:28","guid":{"rendered":"https:\/\/www.vidademadrid.com\/es\/?p=56320"},"modified":"2024-05-26T22:35:37","modified_gmt":"2024-05-26T20:35:37","slug":"sientate-leer-bancos-libros-gigantes-madrid-2024","status":"publish","type":"post","link":"https:\/\/www.vidademadrid.com\/es\/56320\/sientate-leer-bancos-libros-gigantes-madrid-2024\/","title":{"rendered":"Los libros gigantes vuelven a las calles de Madrid: ubicaci\u00f3n de todos los bancos"},"content":{"rendered":"<p>Las calles de Madrid se volver\u00e1n a llevar de\u00a0<strong>libros gigantes\u00a0<\/strong>con la exposici\u00f3n &#8216;<strong>Si\u00e9ntate a leer<\/strong>&#8216;,\u00a0con bancos con forma de libro enormes. Te contamos toda la informaci\u00f3n en este art\u00edculo.<\/p>\n<h2>&#8216;Sientate a leer&#8217;: libros gigantes en Madrid<\/h2>\n<p><script async=\"\" src=\"https:\/\/pagead2.googlesyndication.com\/pagead\/js\/adsbygoogle.js\"><\/script> <ins class=\"adsbygoogle\" style=\"display: block;\" data-ad-format=\"fluid\" data-ad-layout-key=\"-7f+eo+1+2-5\" data-ad-client=\"ca-pub-7450064428034605\" data-ad-slot=\"7327027071\"><\/ins><script>(adsbygoogle = window.adsbygoogle || []).push({});<\/script>Una vez m\u00e1s,\u00a0<strong>Madrid\u00a0<\/strong>tendr\u00e1\u00a0<strong>bancos con forma de libros enormes\u00a0<\/strong>de autores nacionales e internacionales. Los bancos tendr\u00e1n t\u00edtulos que destacan por ser grandes \u00e9xitos de la literatura o cl\u00e1sicos de la literatura.<\/p>\n<p>Se han instalado\u00a0<strong>26 bancos\u00a0<\/strong>con forma de libros en 9 distritos de la ciudad inspirados en autores y personajes ic\u00f3nicos de diversos g\u00e9neros literarios.<\/p>\n<p>Cada banco est\u00e1 dedicando a una obra de un autor diferente y cada banco incluye un c\u00f3digo QR que dirige a &#8216;Si\u00e9ntate a leer&#8217;. El a\u00f1o pasado se encontraron bancos de Javier Castillo, J.K. Rowling, Kate Morton, Ana Punset, Juan G\u00f3mez Jurado y m\u00e1s.<\/p>\n<p>Se podr\u00e1n ver en las calles de Madrid del\u00a0<strong>23 de mayo al 23 de junio.\u00a0<\/strong><\/p>\n<h2>Ubicaci\u00f3n de los libros gigantes en Madrid<\/h2>\n<ul>\n<li><strong>Plaza del Callao:\u00a0<\/strong><em>La grieta del silencio\u00a0<\/em>de Javier Castillo<\/li>\n<li><strong>Plaza de Alonso Mart\u00ednez:\u00a0<\/strong><em>Antes de diciembre\u00a0<\/em>de Joana Marc\u00fas<\/li>\n<li><strong>Gran V\u00eda, 29:\u00a0<\/strong><em>Harry Potter<\/em> de J.K. Rowling<\/li>\n<li><strong>Gran V\u00eda con Alcal\u00e1:\u00a0<\/strong><em>Mafalda. Todas las tiras\u00a0<\/em>de Quino<\/li>\n<li><strong>Puerta del Moro:\u00a0<\/strong><em>Los nueve reinos\u00a0<\/em>de Santiago D\u00edaz<\/li>\n<li><strong>Fuencarral con Barcel\u00f3:\u00a0<\/strong><em>10.000 millas para encontrarte\u00a0<\/em>de Mercedes Ron<\/li>\n<li><strong>Calle de Sevilla con Alcal\u00e1:\u00a0<\/strong><em>Esnob\u00a0<\/em>de El\u00edsabet Benavent<\/li>\n<li><strong>Calle de las Huertas, 71:\u00a0<\/strong><em>Algo que nos sirva como luz\u00a0<\/em>de Fernando Navarro<\/li>\n<li><strong>Plaza de la Prosperidad:\u00a0<\/strong><em>Vuelve a amar tu caos y el roce de vivir\u00a0<\/em>de Albert Espinosa<\/li>\n<li><strong>Plaza de Chamber\u00ed:\u00a0<\/strong><em>Un animal salvaje\u00a0<\/em>de Joel Dicker<\/li>\n<li><strong>Raimundo Fern\u00e1ndez de Villaverde con Cuatro Caminos:\u00a0<\/strong><em>Fabricante de L\u00e1grimas\u00a0<\/em>de Erin Doom<\/li>\n<li><strong>Avenida de Monforte de Lemos, frente a la Vaguada:\u00a0<\/strong><em>Me llamo Goa\u00a0<\/em>de Miriam Tirado<\/li>\n<li><strong>Entrada al Centro Comercial Caleido:\u00a0<\/strong><em>El hijo olvidado\u00a0<\/em>de M\u00edkel Santiago<\/li>\n<li><strong>Calle de la Princesa:\u00a0<\/strong><em>Las bragas al sol\u00a0<\/em>de Regina Rodr\u00edguez<\/li>\n<li><strong>Plaza de Cibeles\u00a0<\/strong><em>El problema final\u00a0<\/em>de Arturo P\u00e9rez-Reverte<\/li>\n<li><strong>Plaza de la Independencia:\u00a0<\/strong><em>Roma soy yo \/ Maldita Roma\u00a0<\/em>de Santiago Posteguillo<\/li>\n<li><strong>Entrada al Paseo de Coche de El Retiro:\u00a0<\/strong><em>En agosto nos vemos\u00a0<\/em>de Gabriel Garc\u00eda M\u00e1rquez<\/li>\n<li><strong>Entrada a El Retiro por calle de Men\u00e9ndez Pelayo:\u00a0<\/strong><em>Todos los hombres del rey\u00a0<\/em>de Laura Gallego<\/li>\n<li><strong>Cuesta de Moya con calle de Atocha:\u00a0<\/strong><em>Par\u00eds 2024\u00a0<\/em>de Francisco Ib\u00e1\u00f1ez<\/li>\n<li><strong>Plaza de Felipe II:\u00a0<\/strong><em>No hagas monta\u00f1as de granos de arena <\/em>de Rafael Santandreu<\/li>\n<li><strong>Plaza de Col\u00f3n &#8211; Biblioteca Nacional:\u00a0<\/strong><em>Los alemanes\u00a0<\/em>de Sergio del Molino<\/li>\n<li><strong>Plaza de Col\u00f3n con calle de Jorge Juan:\u00a0<\/strong><em>La condesa maldita\u00a0<\/em>de Reyes Monforte<\/li>\n<li><strong>Lateral del paseo de la Castellana a la altura de Moda Shopping:\u00a0<\/strong><em>Anatom\u00eda del mal\u00a0<\/em>de Jordi Wild<\/li>\n<li><strong>Plaza de Cuzco:\u00a0<\/strong><em>Romper el hielo\u00a0<\/em>de Hannah Grace<\/li>\n<li><strong>Paseo de Alberto Palacios, junto al mercado:\u00a0<\/strong><em>Amanda Black 1\u00a0<\/em>de Juan G\u00f3mez-Jurado y B\u00e1rbara Montes<\/li>\n<\/ul>\n<h2>Bancos de libros gigantes en Madrid<\/h2>\n<p><script async=\"\" src=\"https:\/\/pagead2.googlesyndication.com\/pagead\/js\/adsbygoogle.js\"><\/script> <ins class=\"adsbygoogle\" style=\"display: block; text-align: center;\" data-ad-layout=\"in-article\" data-ad-format=\"fluid\" data-ad-client=\"ca-pub-7450064428034605\" data-ad-slot=\"5670045061\"><\/ins> <script>(adsbygoogle = window.adsbygoogle || []).push({});<\/script>La iniciativa &#8216;<strong>Si\u00e9ntate a leer<\/strong>&#8216; busca fomentar la lectura y apoyar las librer\u00edas locales y los eventos en torno a la literatura como la pr\u00f3xima <a href=\"https:\/\/www.vidademadrid.com\/es\/54711\/feria-libro-2024-fecha-tema-horario\/\">Feria del Libro de Madrid 2024<\/a>.<\/p>\n<figure id=\"attachment_56322\" aria-describedby=\"caption-attachment-56322\" style=\"width: 591px\" class=\"wp-caption alignnone\"><a href=\"https:\/\/www.vidademadrid.com\/es\/wp-content\/uploads\/2024\/05\/Libro.jpeg\"><img loading=\"lazy\" decoding=\"async\" class=\"size-full wp-image-56322\" src=\"https:\/\/www.vidademadrid.com\/es\/wp-content\/uploads\/2024\/05\/Libro.jpeg\" alt=\"\" width=\"591\" height=\"788\" srcset=\"https:\/\/www.vidademadrid.com\/es\/wp-content\/uploads\/2024\/05\/Libro.jpeg 591w, https:\/\/www.vidademadrid.com\/es\/wp-content\/uploads\/2024\/05\/Libro-225x300.jpeg 225w, https:\/\/www.vidademadrid.com\/es\/wp-content\/uploads\/2024\/05\/Libro-315x420.jpeg 315w\" sizes=\"auto, (max-width: 591px) 100vw, 591px\" \/><\/a><figcaption id=\"caption-attachment-56322\" class=\"wp-caption-text\">Foto: Vida de Madrid<\/figcaption><\/figure>\n","protected":false},"excerpt":{"rendered":"<p>Estar\u00e1n hasta el 23 de junio. <\/p>\n","protected":false},"author":15,"featured_media":56362,"comment_status":"open","ping_status":"open","sticky":false,"template":"","format":"standard","meta":{"footnotes":""},"categories":[11,101,187,119],"tags":[],"class_list":{"0":"post-56320","1":"post","2":"type-post","3":"status-publish","4":"format-standard","5":"has-post-thumbnail","7":"category-eventos-madrid","8":"category-ferias-fiestas-mercados-madrid","9":"category-madrid-hoy","10":"category-portada"},"_links":{"self":[{"href":"https:\/\/www.vidademadrid.com\/es\/wp-json\/wp\/v2\/posts\/56320","targetHints":{"allow":["GET"]}}],"collection":[{"href":"https:\/\/www.vidademadrid.com\/es\/wp-json\/wp\/v2\/posts"}],"about":[{"href":"https:\/\/www.vidademadrid.com\/es\/wp-json\/wp\/v2\/types\/post"}],"author":[{"embeddable":true,"href":"https:\/\/www.vidademadrid.com\/es\/wp-json\/wp\/v2\/users\/15"}],"replies":[{"embeddable":true,"href":"https:\/\/www.vidademadrid.com\/es\/wp-json\/wp\/v2\/comments?post=56320"}],"version-history":[{"count":3,"href":"https:\/\/www.vidademadrid.com\/es\/wp-json\/wp\/v2\/posts\/56320\/revisions"}],"predecessor-version":[{"id":56365,"href":"https:\/\/www.vidademadrid.com\/es\/wp-json\/wp\/v2\/posts\/56320\/revisions\/56365"}],"wp:featuredmedia":[{"embeddable":true,"href":"https:\/\/www.vidademadrid.com\/es\/wp-json\/wp\/v2\/media\/56362"}],"wp:attachment":[{"href":"https:\/\/www.vidademadrid.com\/es\/wp-json\/wp\/v2\/media?parent=56320"}],"wp:term":[{"taxonomy":"category","embeddable":true,"href":"https:\/\/www.vidademadrid.com\/es\/wp-json\/wp\/v2\/categories?post=56320"},{"taxonomy":"post_tag","embeddable":true,"href":"https:\/\/www.vidademadrid.com\/es\/wp-json\/wp\/v2\/tags?post=56320"}],"curies":[{"name":"wp","href":"https:\/\/api.w.org\/{rel}","templated":true}]}}