{"id":56015,"date":"2024-04-25T17:53:00","date_gmt":"2024-04-25T15:53:00","guid":{"rendered":"https:\/\/www.vidademadrid.com\/es\/?p=56015"},"modified":"2025-10-04T14:51:48","modified_gmt":"2025-10-04T12:51:48","slug":"planes-para-este-fin-de-semana-en-madrid-26-27-y-28-de-abril-de-2024","status":"publish","type":"post","link":"https:\/\/www.vidademadrid.com\/es\/56015\/planes-para-este-fin-de-semana-en-madrid-26-27-y-28-de-abril-de-2024\/","title":{"rendered":"Planes para este fin de semana en Madrid: 26, 27 y 28 de abril de 2024"},"content":{"rendered":"<p>\u00daltimo fin de semana de abril y nos despedidos del mes con muchas novedades y nuevos planes. Estos d\u00edas podr\u00e1s disfrutar de la nueva <strong>exposici\u00f3n inmersiva de Notre-Dame<\/strong>. Entre los planes al aire libre destacamos<strong> Pinta Malasa\u00f1a<\/strong>, el festival de arte callejero o el <strong>Mercado de Productores de Valdebebas<\/strong>. Adem\u00e1s, este domingo Madrid acoger\u00e1 de nuevo la <strong>Marat\u00f3n Zurich Rock &#8216;n&#8217; Roll<\/strong>, as\u00ed que recuerda que durante la ma\u00f1ana del domingo las calles estar\u00e1n llenas de corredores. Adem\u00e1s habr\u00e1 una cena-concierto en un restaurante exclusivo a puerta cerrada y&#8230;<strong>\u00a1te invitamos al c\u00f3ctel!<\/strong> Como cada semana, en este art\u00edculo te hacemos una selecci\u00f3n de los mejores planes, exposiciones, conciertos y restaurantes para disfrutar este fin de semana <strong>26, 27 y 28 de abril de 2024 en Madrid.<\/strong><\/p>\n<h2>Actividades<\/h2>\n<figure id=\"attachment_49249\" aria-describedby=\"caption-attachment-49249\" style=\"width: 2560px\" class=\"wp-caption aligncenter\"><a href=\"https:\/\/www.vidademadrid.com\/es\/wp-content\/uploads\/2023\/03\/Pinta-Malasana-2022-Iris-Draws-scaled.jpg\"><img loading=\"lazy\" decoding=\"async\" class=\"size-full wp-image-49249\" src=\"https:\/\/www.vidademadrid.com\/es\/wp-content\/uploads\/2023\/03\/Pinta-Malasana-2022-Iris-Draws-scaled.jpg\" alt=\"\" width=\"2560\" height=\"1442\" srcset=\"https:\/\/www.vidademadrid.com\/es\/wp-content\/uploads\/2023\/03\/Pinta-Malasana-2022-Iris-Draws-scaled.jpg 2560w, https:\/\/www.vidademadrid.com\/es\/wp-content\/uploads\/2023\/03\/Pinta-Malasana-2022-Iris-Draws-300x169.jpg 300w, https:\/\/www.vidademadrid.com\/es\/wp-content\/uploads\/2023\/03\/Pinta-Malasana-2022-Iris-Draws-1024x577.jpg 1024w, https:\/\/www.vidademadrid.com\/es\/wp-content\/uploads\/2023\/03\/Pinta-Malasana-2022-Iris-Draws-768x433.jpg 768w, https:\/\/www.vidademadrid.com\/es\/wp-content\/uploads\/2023\/03\/Pinta-Malasana-2022-Iris-Draws-1536x865.jpg 1536w, https:\/\/www.vidademadrid.com\/es\/wp-content\/uploads\/2023\/03\/Pinta-Malasana-2022-Iris-Draws-2048x1154.jpg 2048w, https:\/\/www.vidademadrid.com\/es\/wp-content\/uploads\/2023\/03\/Pinta-Malasana-2022-Iris-Draws-696x392.jpg 696w, https:\/\/www.vidademadrid.com\/es\/wp-content\/uploads\/2023\/03\/Pinta-Malasana-2022-Iris-Draws-1068x602.jpg 1068w, https:\/\/www.vidademadrid.com\/es\/wp-content\/uploads\/2023\/03\/Pinta-Malasana-2022-Iris-Draws-1920x1082.jpg 1920w, https:\/\/www.vidademadrid.com\/es\/wp-content\/uploads\/2023\/03\/Pinta-Malasana-2022-Iris-Draws-745x420.jpg 745w\" sizes=\"auto, (max-width: 2560px) 100vw, 2560px\" \/><\/a><figcaption id=\"caption-attachment-49249\" class=\"wp-caption-text\">Pinta Malasa\u00f1a 2022. Foto: Pinta Malasa\u00f1a<\/figcaption><\/figure>\n<h3>Recorre las calles de Malasa\u00f1a y fotograf\u00eda \u00absu arte callejero\u00bb<\/h3>\n<p>Este domingo 28 de abril Malasa\u00f1a acoger\u00e1&nbsp;<strong>\u201cPinta Malasa\u00f1a\u201d, un festival de arte urbano<\/strong>&nbsp;que llenar\u00e1 las calles del barrio de arte y color. 100 artistas intervendr\u00e1n a la vez en 100 espacios cedidos por comerciantes, asociaciones y vecinos. Adem\u00e1s, durante la jornada no solo se podr\u00e1 disfrutar de arte en directo sino que tambi\u00e9n habr\u00e1 talleres y otras actividades paralelas. Toda la info <a href=\"https:\/\/pintamalasana.com\/\">aqu\u00ed<\/a>.<\/p>\n<h3>S\u00e9 el primero en conocer el nuevo pop-up de Shein<\/h3>\n<p>A partir de este s\u00e1bado 27 de abril en el centro comercial ABC Serrano <strong>Shein <\/strong>abrir\u00e1&nbsp;&nbsp;su&nbsp;tienda f\u00edsica m\u00e1s grandeen el pa\u00eds, tendr\u00e1 m\u00e1s de 900 metros cuadrados, donde los visitantes podr\u00e1n de disfrutar de actividades, animaciones y ofertas especiales. Toda la info <a href=\"https:\/\/www.vidademadrid.com\/es\/55969\/asi-sera-la-tienda-fisica-shein-madrid-2024\/\">aqu\u00ed<\/a>.<\/p>\n<h3>No te pierdas en Mercado de Productores de Valdebebas<\/h3>\n<p>El&nbsp;Mercado de Productores de Valdebebas&nbsp;llega a la Plaza Francisco de As\u00eds Cabrero donde&nbsp;se habilitar\u00e1&nbsp;un espacio de encuentro saludable&nbsp;con peque\u00f1os productores y artesanos de cercan\u00eda que ofrecen sus alimentos cultivados, criados o procesados en la regi\u00f3n. Podr\u00e1s degustar&nbsp;productos naturales y ecol\u00f3gicos como carnes, aceites, verduras, pan, vinos, licores y vermut, cerveza artesana, empanadas, pasta fresca, comidas preparadas, miel y m\u00e1s de un total de 36 productores. Toda la info <a href=\"https:\/\/www.vidademadrid.com\/es\/55981\/mercado-productores-valdebebas-2024-fechas-donde-esta\/\">aqu\u00ed<\/a>.<\/p>\n<h3>Date una vuelta por la nueva edici\u00f3n de \u00abLibros Mutantes\u00bb<\/h3>\n<p>Un a\u00f1o m\u00e1s, La Casa Encendida acoge proyectos editoriales independientes, nacionales e internacionales, que desde el viernes 22 al domingo 24 muestran sus trabajos en el Patio de este espacio ubicado muy cerca de Atocha. Descubre la programaci\u00f3n completa <a href=\"https:\/\/librosmutantes.com\/\">aqu\u00ed<\/a>.<\/p>\n<h3>Ve a animar a los corredores de la Marat\u00f3n Zurich Rock &#8216;n&#8217; Roll<\/h3>\n<p>Este domingo 28 de abril m\u00e1s de 40.000 corredores llenar\u00e1n las principales calles de la ciudad. Desde las mismas 8 de la ma\u00f1ana comenzar\u00e1 la carrera en las distintas versiones: 10k, 21k o 42k. As\u00ed que recuerda que lo m\u00e1s probable es que empiecen a cortar las calles desde el d\u00eda anterior.<\/p>\n<h2>Exposiciones<\/h2>\n<figure id=\"attachment_55738\" aria-describedby=\"caption-attachment-55738\" style=\"width: 1200px\" class=\"wp-caption aligncenter\"><a href=\"https:\/\/www.vidademadrid.com\/es\/wp-content\/uploads\/2024\/04\/Notre-Dame.jpg\"><img loading=\"lazy\" decoding=\"async\" class=\"size-full wp-image-55738\" src=\"https:\/\/www.vidademadrid.com\/es\/wp-content\/uploads\/2024\/04\/Notre-Dame.jpg\" alt=\"\" width=\"1200\" height=\"600\" srcset=\"https:\/\/www.vidademadrid.com\/es\/wp-content\/uploads\/2024\/04\/Notre-Dame.jpg 1200w, https:\/\/www.vidademadrid.com\/es\/wp-content\/uploads\/2024\/04\/Notre-Dame-300x150.jpg 300w, https:\/\/www.vidademadrid.com\/es\/wp-content\/uploads\/2024\/04\/Notre-Dame-1024x512.jpg 1024w, https:\/\/www.vidademadrid.com\/es\/wp-content\/uploads\/2024\/04\/Notre-Dame-768x384.jpg 768w, https:\/\/www.vidademadrid.com\/es\/wp-content\/uploads\/2024\/04\/Notre-Dame-696x348.jpg 696w, https:\/\/www.vidademadrid.com\/es\/wp-content\/uploads\/2024\/04\/Notre-Dame-1068x534.jpg 1068w, https:\/\/www.vidademadrid.com\/es\/wp-content\/uploads\/2024\/04\/Notre-Dame-840x420.jpg 840w\" sizes=\"auto, (max-width: 1200px) 100vw, 1200px\" \/><\/a><figcaption id=\"caption-attachment-55738\" class=\"wp-caption-text\">Foto: Notre Dame Expo<\/figcaption><\/figure>\n<h3>Visita la nueva exposici\u00f3n de Notre-Dame en Cibeles<\/h3>\n<p>En CentroCentro podr\u00e1s recorrer la historia de&nbsp;<strong>Notre-Dame de Par\u00eds <\/strong>desde su construcci\u00f3n en la Edad Media hasta su estado actual tras el incendio que sufri\u00f3 en 2019 y las reformas posteriores. Una experiencia inmersiva que te har\u00e1 vivir los momentos m\u00e1s importantes del monumento. Toda la info <a href=\"https:\/\/www.vidademadrid.com\/es\/55737\/exposicion-notre-dame-cibeles-madrid-entradas-2024\/\">aqu\u00ed<\/a>. No te pierdas nuestra visita en <a href=\"https:\/\/www.instagram.com\/stories\/highlights\/17866530996100613\/\">IG stories <\/a>o en nuestro <a href=\"https:\/\/www.vidademadrid.com\/es\/55737\/exposicion-notre-dame-cibeles-madrid-entradas-2024\/\">Reels.<\/a><\/p>\n<h3>Descubre las \u00abVerbenas desiertas\u00bb<\/h3>\n<p>Esta nueva exposici\u00f3n de Conde Duque presenta&nbsp;obras de diversos artistas, un total de ocho, donde las presencias espectrales son las grandes protagonistas. Toda la info <a href=\"https:\/\/www.vidademadrid.com\/es\/56004\/verbenas-desiertas-exposicion-centro-cultural-conde-duque-2024\/\">aqu\u00ed<\/a>.<\/p>\n<h3>Disfruta de Canal Connect 2024<\/h3>\n<p>Desde el pasado 23 de abril Teatros del Canal acoge la cuarta edici\u00f3n&nbsp;de este encuentro internacional anual dedicado a los v\u00ednculos entre las artes esc\u00e9nicas, la ciencia y la tecnolog\u00eda con teatro, instalaciones inversivas, talleres. Descubre la programaci\u00f3n completa <a href=\"https:\/\/www.teatroscanal.com\/espectaculo\/canalconnect2024\/\">aqu\u00ed<\/a>.<\/p>\n<h2>Conciertos<\/h2>\n<figure id=\"attachment_17318\" aria-describedby=\"caption-attachment-17318\" style=\"width: 1200px\" class=\"wp-caption aligncenter\"><a href=\"https:\/\/www.vidademadrid.com\/es\/wp-content\/uploads\/2020\/03\/Conciertos-IFEMA-2020.png\"><img loading=\"lazy\" decoding=\"async\" class=\"size-full wp-image-17318\" src=\"https:\/\/www.vidademadrid.com\/es\/wp-content\/uploads\/2020\/03\/Conciertos-IFEMA-2020.png\" alt=\"\" width=\"1200\" height=\"600\" srcset=\"https:\/\/www.vidademadrid.com\/es\/wp-content\/uploads\/2020\/03\/Conciertos-IFEMA-2020.png 1200w, https:\/\/www.vidademadrid.com\/es\/wp-content\/uploads\/2020\/03\/Conciertos-IFEMA-2020-300x150.png 300w, https:\/\/www.vidademadrid.com\/es\/wp-content\/uploads\/2020\/03\/Conciertos-IFEMA-2020-768x384.png 768w, https:\/\/www.vidademadrid.com\/es\/wp-content\/uploads\/2020\/03\/Conciertos-IFEMA-2020-1024x512.png 1024w, https:\/\/www.vidademadrid.com\/es\/wp-content\/uploads\/2020\/03\/Conciertos-IFEMA-2020-696x348.png 696w, https:\/\/www.vidademadrid.com\/es\/wp-content\/uploads\/2020\/03\/Conciertos-IFEMA-2020-1068x534.png 1068w, https:\/\/www.vidademadrid.com\/es\/wp-content\/uploads\/2020\/03\/Conciertos-IFEMA-2020-840x420.png 840w\" sizes=\"auto, (max-width: 1200px) 100vw, 1200px\" \/><\/a><figcaption id=\"caption-attachment-17318\" class=\"wp-caption-text\">Foto: ifema.es<\/figcaption><\/figure>\n<p>Si este fin de semana estas buscando alg\u00fan plan de m\u00fasica o concierto:<\/p>\n<h3>No te pierdas la Feria Internacional del Disco de Madrid<\/h3>\n<p>Este 27 y 28 de abril Rafael Hoteles Atocha (metro M\u00e9ndez \u00c1lvaro) acoger\u00e1 una nueva<strong>&nbsp;edici\u00f3n de la Feria Internacional del Disco de Madrid&nbsp;<\/strong>que tendr\u00e1 la mejor selecci\u00f3n de discos descatalogados, revistas, memorabilia y merchandising. Toda la info <a href=\"https:\/\/feriainternacionaldeldisco.com\">aqu\u00ed.<\/a><\/p>\n<h3>Descubre Locos por la m\u00fasica en el Bernab\u00e9u<\/h3>\n<p>Este viernes 26 de abril tendr\u00e1 lugar \u00abLocos por la m\u00fasica\u00bb,el primer festival en el Bernab\u00e9u tras su reforma. Durante 7 horas el escenario &nbsp;contar\u00e1 con un elenco privilegiado de artistas entre los que destacan Camela, Juan Mag\u00e1n, Seguridad Social, Coti o Modestia Aparte, adem\u00e1s de invitados sorpresas. Toda l info y entradas <a href=\"https:\/\/locosporlamusica.com\/\">aqu\u00ed<\/a>.<\/p>\n<h3>Asiste a elrow Town Festival 2024<\/h3>\n<p>Los d\u00edas 27 y 28 de abril de 2024, el Recinto Ferial de IFEMA MADRID se transformar\u00e1 en una ciudad ef\u00edmera, albergando m\u00e1s de 9 escenarios, actividades l\u00fadicas, espect\u00e1culos en vivo, actuaciones teatrales, colectivos creativos, m\u00e1s de 100 DJs y m\u00e1s de 450 actores.Toda la info y \u00faltimas entradas <a href=\"https:\/\/elrow.com\/es\/events\/upcoming\/city\/madrid\">aqu\u00ed.<\/a><\/p>\n<h2>\u00daltima oportunidad para disfrutar de&#8230;<\/h2>\n<h3>Pretty Woman, el musical<\/h3>\n<p>Este domingo 28 de abril el Teatro EDP Gran V\u00eda se despide de a historia de&nbsp;Vivian y Edward Lewis. Toda la info&nbsp;<a href=\"https:\/\/www.vidademadrid.com\/es\/47953\/pretty-woman-el-musical-madrid-entradas-2023\/\">aqu\u00ed<\/a>. Entradas de las \u00faltimas sesiones en la&nbsp;<a href=\"https:\/\/gruposmedia.com\/cartelera\/pretty-woman-el-musical\/\">p\u00e1gina web.<\/a><\/p>\n<h3>Chicago, el musical en el Teatro Apolo<\/h3>\n<p>Este fin de semana ser\u00e1 la \u00faltima oportunidad para disfrutar de este&nbsp;cl\u00e1sico musical de Broadway,&nbsp;<strong>\u00abChicago\u00bb. <\/strong>Una&nbsp;puesta en escena, ambientada en 1920, que cuenta la historia de Roxie Hart, una actriz que sue\u00f1a con que el baile y la canci\u00f3n le permitan abandonar su vida actual para seguir los pasos de la artista Velma Kelly. Toda la info <a href=\"https:\/\/www.vidademadrid.com\/es\/49226\/chicago-musical-fechas-horario-entradas-2023\/\">aqu\u00ed<\/a>.<\/p>\n<h3>\u00abLove Me Fast\u00bb de Noemi Iglesias Barrios en el Museo Thyssen<\/h3>\n<p>Este proyecto gira en torno a la obra de Noemi Iglesias Barrios (Langreo, 1987), con una veintena de piezas que dialogan con algunos cuadros de las colecciones del museo y que est\u00e1n realizadas en medios tan diversos como bronce, cristal, v\u00eddeo, fotograf\u00eda y, principalmente, porcelana, se despide tambi\u00e9n este domingo. La entrada es gratuita. Toda la info <a href=\"https:\/\/www.museothyssen.org\/exposiciones\/noemi-iglesias-barrios-love-fast\">aqu\u00ed<\/a>.<\/p>\n<h2>Restaurantes para el finde<\/h2>\n<h3>\u2022l S3CR3TO: cena-concierto el viernes. C\u00f3ctel gratis para los seguidores de Vida de Madrid<\/h3>\n<p>El elegante restaurante a puerta cerrada <a href=\"https:\/\/els3cr3to.es\/\"><strong>\u2022l S3CR3TO<\/strong><\/a>, en la zona de Alonso Mart\u00ednez,&nbsp;tendr\u00e1 este viernes una cena-concierto exclusiva con la m\u00fasica de Sananda Dico. Desde Vida de Madrid te invitamos a un c\u00f3ctel (a ti y a cada comensal de tu mesa). <a href=\"https:\/\/bit.ly\/3UdNcaB\"><strong>S\u00f3lo tienes que reservar mesa aqu\u00ed<\/strong><\/a>&nbsp; y en el campo \u201cpeticiones\u201d pon el c\u00f3digo \u201cVida de Madrid\u201d. \u00a1DISFRUTA! ?<\/p>\n<h3>Cozina &#8211; delivery<\/h3>\n<p>Nace un nuevo concepto gastron\u00f3mico para delivery o take away, con la gastronom\u00eda de <strong>Miguel Carretero<\/strong>, chef de Santerra: <strong>Cozina<\/strong> propone una carta inspirada en la tradici\u00f3n gastron\u00f3mica espa\u00f1ola, con algunos de los platos emblem\u00e1ticos y <strong>premiados<\/strong> de Santerra, como las croquetas de jam\u00f3n o las patatas bravas. No te pierdas sus incre\u00edbles tortillas (nosotros probamos la con chorizo picante de Le\u00f3n) o platos como el bocata de calamares \u00abRejos Chili Peppers\u00bb, el \u00abChoriburguer\u00bb. <a href=\"https:\/\/www.instagram.com\/VidaDeMadrid\">No te pierdas nuestra experiencia en IG Stories @vidademadrid<\/a>.<\/p>\n<h3>HUMO<\/h3>\n<p>El otro d\u00eda tuvimos la oportunidad de conocer el nuevo local de <strong>HUMO<\/strong> en Cuzco tras su \u00e9xito en el espacio de Hermosilla. Un restaurante especializado en <strong>pollos a la brasa peruanos<\/strong> al que querr\u00e1s volver. Tienen entrantes como su chorizo criollo o su causa peruana, adem\u00e1s de su plato estrella: el pollo a la brasa que va acompa\u00f1ado de ensalada y patata. <a href=\"https:\/\/www.instagram.com\/VidaDeMadrid\">No te pierdas nuestra experiencia en IG stories<\/a>.<\/p>\n<h2>M\u00e1s planes<\/h2>\n<p>Como siempre, tenemos muchas m\u00e1s propuestas de planes en Vida de Madrid. Puedes consultar el <strong>listado completo de planes<\/strong>&nbsp;en nuestra&nbsp;<a href=\"https:\/\/www.vidademadrid.com\/es\/55647\/agenda-abril-2024-madrid-planes-eventos\/\"><strong>agenda del mes<\/strong><\/a><a href=\"https:\/\/www.vidademadrid.com\/es\/52298\/agenda-septiembre-2023-madrid\/\">&nbsp;<\/a>y en el&nbsp;<a href=\"http:\/\/vidademadrid.com\/planes\"><strong>especial Planes<\/strong><\/a>. No te pierdas los eventos del momento en nuestras redes: puedes seguir <a href=\"https:\/\/www.instagram.com\/VidaDeMadrid\/\">los reportajes diarios en IG Stories @vidademadrid<\/a>\u2026 y m\u00e1s contenido en <a href=\"https:\/\/www.tiktok.com\/@vida_demadrid\">TikTok<\/a>,&nbsp;<a href=\"https:\/\/www.facebook.com\/vidademadrid\">Facebook<\/a>&nbsp;o&nbsp;<a href=\"https:\/\/twitter.com\/VidaDeMadrid\">X<\/a>.<\/p>\n","protected":false},"excerpt":{"rendered":"<p>Nueva exposici\u00f3n inmersiva de Notre-Dame, el festival de arte callejero Pinta Malasa\u00f1a o el Mercado de Productores de Valdebebas <\/p>\n","protected":false},"author":13,"featured_media":56036,"comment_status":"open","ping_status":"open","sticky":false,"template":"","format":"standard","meta":{"footnotes":""},"categories":[194],"tags":[],"class_list":{"0":"post-56015","1":"post","2":"type-post","3":"status-publish","4":"format-standard","5":"has-post-thumbnail","7":"category-planes-del-fin-de-semana-madrid"},"_links":{"self":[{"href":"https:\/\/www.vidademadrid.com\/es\/wp-json\/wp\/v2\/posts\/56015","targetHints":{"allow":["GET"]}}],"collection":[{"href":"https:\/\/www.vidademadrid.com\/es\/wp-json\/wp\/v2\/posts"}],"about":[{"href":"https:\/\/www.vidademadrid.com\/es\/wp-json\/wp\/v2\/types\/post"}],"author":[{"embeddable":true,"href":"https:\/\/www.vidademadrid.com\/es\/wp-json\/wp\/v2\/users\/13"}],"replies":[{"embeddable":true,"href":"https:\/\/www.vidademadrid.com\/es\/wp-json\/wp\/v2\/comments?post=56015"}],"version-history":[{"count":9,"href":"https:\/\/www.vidademadrid.com\/es\/wp-json\/wp\/v2\/posts\/56015\/revisions"}],"predecessor-version":[{"id":56099,"href":"https:\/\/www.vidademadrid.com\/es\/wp-json\/wp\/v2\/posts\/56015\/revisions\/56099"}],"wp:featuredmedia":[{"embeddable":true,"href":"https:\/\/www.vidademadrid.com\/es\/wp-json\/wp\/v2\/media\/56036"}],"wp:attachment":[{"href":"https:\/\/www.vidademadrid.com\/es\/wp-json\/wp\/v2\/media?parent=56015"}],"wp:term":[{"taxonomy":"category","embeddable":true,"href":"https:\/\/www.vidademadrid.com\/es\/wp-json\/wp\/v2\/categories?post=56015"},{"taxonomy":"post_tag","embeddable":true,"href":"https:\/\/www.vidademadrid.com\/es\/wp-json\/wp\/v2\/tags?post=56015"}],"curies":[{"name":"wp","href":"https:\/\/api.w.org\/{rel}","templated":true}]}}