{"id":55996,"date":"2024-04-22T13:31:08","date_gmt":"2024-04-22T11:31:08","guid":{"rendered":"https:\/\/www.vidademadrid.com\/es\/?p=55996"},"modified":"2024-04-28T21:52:53","modified_gmt":"2024-04-28T19:52:53","slug":"photo-espana-2024-programa-exposiciones-madrid","status":"publish","type":"post","link":"https:\/\/www.vidademadrid.com\/es\/55996\/photo-espana-2024-programa-exposiciones-madrid\/","title":{"rendered":"Vuelve PHoto Espa\u00f1a, el Festival de Fotograf\u00eda y Artes Visuales, este 2024"},"content":{"rendered":"<p>El&nbsp;<strong>Festival Internacional de Fotograf\u00eda y Artes Visuales, PHoto Espa\u00f1a,&nbsp;<\/strong>vuelve este 2024 con exposiciones en los principales museos, salas y galer\u00edas de arte.&nbsp;<\/p>\n<h2>PHoto Espa\u00f1a 2024<\/h2>\n<p><script async=\"\" src=\"https:\/\/pagead2.googlesyndication.com\/pagead\/js\/adsbygoogle.js\"><\/script> <ins class=\"adsbygoogle\" style=\"display:block\" data-ad-format=\"fluid\" data-ad-layout-key=\"-7f+eo+1+2-5\" data-ad-client=\"ca-pub-7450064428034605\" data-ad-slot=\"7327027071\"><\/ins><script>(adsbygoogle = window.adsbygoogle || []).push({});<\/script>Como cada verano, Madrid se convierte en una cita de referencia para los amantes de las&nbsp;<strong>artes visuales y la fotograf\u00eda.&nbsp;<\/strong>Esta edici\u00f3n, habr\u00e1&nbsp;<strong>exposiciones en museos, salas y galer\u00edas de arte&nbsp;<\/strong>en la que se podr\u00e1n descubrir las \u00faltimas tendencias del arte fotogr\u00e1fico.&nbsp;<\/p>\n<p>La edici\u00f3n de 2024 de&nbsp;<strong>PHoto Espa\u00f1a&nbsp;<\/strong>se presenta bajo el lema&nbsp;<em><strong>Perpetuum mobile,&nbsp;<\/strong><\/em>con el movimiento como eje central: el dinamismo del medio fotogr\u00e1fico; as\u00ed como el de los creadores en el desarrollo de su trabajo; la representaci\u00f3n del movimiento o la adopci\u00f3n de nuevas tecnolog\u00edas que liberan a la fotograf\u00eda de su estatismo.<\/p>\n<p>Una de las novedades de este a\u00f1o es que el <strong>Teatro Real&nbsp;<\/strong>se suma por primera vez como sede acogiendo una exposici\u00f3n \u00fanica. Otras de las sedes ser\u00e1 CentroCentro, el Espacio Cultural Serrer\u00eda Belga, el Fern\u00e1n G\u00f3mez Centro Cultural de la Villa y m\u00e1s.&nbsp;<\/p>\n<h2>PHoto Espa\u00f1a 2024: Programa&nbsp;<\/h2>\n<p><script async=\"\" src=\"https:\/\/pagead2.googlesyndication.com\/pagead\/js\/adsbygoogle.js\"><\/script> <ins class=\"adsbygoogle\" style=\"display:block; text-align:center;\" data-ad-layout=\"in-article\" data-ad-format=\"fluid\" data-ad-client=\"ca-pub-7450064428034605\" data-ad-slot=\"5670045061\"><\/ins> <script>(adsbygoogle = window.adsbygoogle || []).push({});<\/script>La edici\u00f3n 2024 de Photo Espa\u00f1a ser\u00e1 del&nbsp;<strong>10 de mayo al 29 de septiembre de 2024&nbsp;<\/strong>y contar\u00e1 con 84 exposiciones y la participaci\u00f3n de 293 artistas visuales.&nbsp;<\/p>\n<p>Conoce el programa completo en este <a href=\"https:\/\/phe.es\/exposiciones\/madrid\/\">enlace<\/a>.&nbsp;<\/p>\n","protected":false},"excerpt":{"rendered":"<p> Ser\u00e1 del 10 de mayo al 29 de septiembre. <\/p>\n","protected":false},"author":15,"featured_media":55997,"comment_status":"open","ping_status":"open","sticky":false,"template":"","format":"standard","meta":{"footnotes":""},"categories":[11,111],"tags":[],"class_list":{"0":"post-55996","1":"post","2":"type-post","3":"status-publish","4":"format-standard","5":"has-post-thumbnail","7":"category-eventos-madrid","8":"category-exposiciones-madrid"},"_links":{"self":[{"href":"https:\/\/www.vidademadrid.com\/es\/wp-json\/wp\/v2\/posts\/55996","targetHints":{"allow":["GET"]}}],"collection":[{"href":"https:\/\/www.vidademadrid.com\/es\/wp-json\/wp\/v2\/posts"}],"about":[{"href":"https:\/\/www.vidademadrid.com\/es\/wp-json\/wp\/v2\/types\/post"}],"author":[{"embeddable":true,"href":"https:\/\/www.vidademadrid.com\/es\/wp-json\/wp\/v2\/users\/15"}],"replies":[{"embeddable":true,"href":"https:\/\/www.vidademadrid.com\/es\/wp-json\/wp\/v2\/comments?post=55996"}],"version-history":[{"count":1,"href":"https:\/\/www.vidademadrid.com\/es\/wp-json\/wp\/v2\/posts\/55996\/revisions"}],"predecessor-version":[{"id":55998,"href":"https:\/\/www.vidademadrid.com\/es\/wp-json\/wp\/v2\/posts\/55996\/revisions\/55998"}],"wp:featuredmedia":[{"embeddable":true,"href":"https:\/\/www.vidademadrid.com\/es\/wp-json\/wp\/v2\/media\/55997"}],"wp:attachment":[{"href":"https:\/\/www.vidademadrid.com\/es\/wp-json\/wp\/v2\/media?parent=55996"}],"wp:term":[{"taxonomy":"category","embeddable":true,"href":"https:\/\/www.vidademadrid.com\/es\/wp-json\/wp\/v2\/categories?post=55996"},{"taxonomy":"post_tag","embeddable":true,"href":"https:\/\/www.vidademadrid.com\/es\/wp-json\/wp\/v2\/tags?post=55996"}],"curies":[{"name":"wp","href":"https:\/\/api.w.org\/{rel}","templated":true}]}}