{"id":55948,"date":"2024-04-18T10:13:56","date_gmt":"2024-04-18T08:13:56","guid":{"rendered":"https:\/\/www.vidademadrid.com\/es\/?p=55948"},"modified":"2024-04-18T16:34:55","modified_gmt":"2024-04-18T14:34:55","slug":"tienda-shein-madrid-donde-esta-horario-2024","status":"publish","type":"post","link":"https:\/\/www.vidademadrid.com\/es\/55948\/tienda-shein-madrid-donde-esta-horario-2024\/","title":{"rendered":"La pop-up store m\u00e1s grande de Shein llega a Madrid"},"content":{"rendered":"<p class=\"p1\"><b>Shein <\/b>volver\u00e1 a abrir una <b>tienda f\u00edsica <\/b>en Madrid. Se trata de su <b>pop-up store <\/b>m\u00e1s grande en Espa\u00f1a hasta la fecha. Te contamos toda la informaci\u00f3n en este art\u00edculo.<span class=\"Apple-converted-space\">&nbsp;<\/span><\/p>\n<h2>Tienda de Shein en Madrid 2024&nbsp;<\/h2>\n<p><script async=\"\" src=\"https:\/\/pagead2.googlesyndication.com\/pagead\/js\/adsbygoogle.js\"><\/script> <ins class=\"adsbygoogle\" style=\"display:block\" data-ad-format=\"fluid\" data-ad-layout-key=\"-7f+eo+1+2-5\" data-ad-client=\"ca-pub-7450064428034605\" data-ad-slot=\"7327027071\"><\/ins><script>(adsbygoogle = window.adsbygoogle || []).push({});<\/script><\/p>\n<p class=\"p1\">Tras casi dos a\u00f1os, <b>Shein <\/b>volver\u00e1 a abrir una tienda ef\u00edmera en Madrid. La tienda de <b>Shein <\/b>en Madrid tendr\u00e1 m\u00e1s de 900 metros cuadrados y es la m\u00e1s grande hasta la fecha en la ciudad.<span class=\"Apple-converted-space\">&nbsp;<\/span><\/p>\n<p class=\"p1\">En esta pop-store de <b>Shein <\/b>los visitantes podr\u00e1n encontrar moda de mujer, hombre, curvy e infantil as\u00ed como accesorios, calzados, joyas y productos para el hogar.<span class=\"Apple-converted-space\">&nbsp;<\/span><\/p>\n<p class=\"p1\">Adem\u00e1s, los visitantes podr\u00e1n disfrutar de una experiencia \u00fanica con actividades y ofertas especiales.<span class=\"Apple-converted-space\">&nbsp;<\/span><\/p>\n<h2>Tienda de Shein en Madrid 2024: \u00bfd\u00f3nde est\u00e1?&nbsp;<\/h2>\n<p><script async=\"\" src=\"https:\/\/pagead2.googlesyndication.com\/pagead\/js\/adsbygoogle.js\"><\/script> <ins class=\"adsbygoogle\" style=\"display:block; text-align:center;\" data-ad-layout=\"in-article\" data-ad-format=\"fluid\" data-ad-client=\"ca-pub-7450064428034605\" data-ad-slot=\"5670045061\"><\/ins> <script>(adsbygoogle = window.adsbygoogle || []).push({});<\/script><\/p>\n<p class=\"p1\">La <b>tienda ef\u00edmera de Shein <\/b>est\u00e1 ubicada en el <b>Barrio de Salamanca, <\/b>espec\u00edficamente en el centro comercial <b>ABC Serrano.<span class=\"Apple-converted-space\">&nbsp;<\/span><\/b><\/p>\n<p class=\"p1\">Se podr\u00e1 visitar del 27 de abril al 5 de mayo de 11 a 21 horas.<span class=\"Apple-converted-space\">&nbsp;<\/span><\/p>\n","protected":false},"excerpt":{"rendered":"<p>Tendr\u00e1 m\u00e1s de 900 metros cuadrados. <\/p>\n","protected":false},"author":15,"featured_media":42300,"comment_status":"open","ping_status":"open","sticky":false,"template":"","format":"standard","meta":{"footnotes":""},"categories":[115,187,27],"tags":[],"class_list":{"0":"post-55948","1":"post","2":"type-post","3":"status-publish","4":"format-standard","5":"has-post-thumbnail","7":"category-planes-del-momento-madrid","8":"category-madrid-hoy","9":"category-tiendas-madrid"},"_links":{"self":[{"href":"https:\/\/www.vidademadrid.com\/es\/wp-json\/wp\/v2\/posts\/55948","targetHints":{"allow":["GET"]}}],"collection":[{"href":"https:\/\/www.vidademadrid.com\/es\/wp-json\/wp\/v2\/posts"}],"about":[{"href":"https:\/\/www.vidademadrid.com\/es\/wp-json\/wp\/v2\/types\/post"}],"author":[{"embeddable":true,"href":"https:\/\/www.vidademadrid.com\/es\/wp-json\/wp\/v2\/users\/15"}],"replies":[{"embeddable":true,"href":"https:\/\/www.vidademadrid.com\/es\/wp-json\/wp\/v2\/comments?post=55948"}],"version-history":[{"count":1,"href":"https:\/\/www.vidademadrid.com\/es\/wp-json\/wp\/v2\/posts\/55948\/revisions"}],"predecessor-version":[{"id":55949,"href":"https:\/\/www.vidademadrid.com\/es\/wp-json\/wp\/v2\/posts\/55948\/revisions\/55949"}],"wp:featuredmedia":[{"embeddable":true,"href":"https:\/\/www.vidademadrid.com\/es\/wp-json\/wp\/v2\/media\/42300"}],"wp:attachment":[{"href":"https:\/\/www.vidademadrid.com\/es\/wp-json\/wp\/v2\/media?parent=55948"}],"wp:term":[{"taxonomy":"category","embeddable":true,"href":"https:\/\/www.vidademadrid.com\/es\/wp-json\/wp\/v2\/categories?post=55948"},{"taxonomy":"post_tag","embeddable":true,"href":"https:\/\/www.vidademadrid.com\/es\/wp-json\/wp\/v2\/tags?post=55948"}],"curies":[{"name":"wp","href":"https:\/\/api.w.org\/{rel}","templated":true}]}}