{"id":55903,"date":"2024-04-16T12:06:27","date_gmt":"2024-04-16T10:06:27","guid":{"rendered":"https:\/\/www.vidademadrid.com\/es\/?p=55903"},"modified":"2024-04-16T12:06:30","modified_gmt":"2024-04-16T10:06:30","slug":"actividades-dia-libro-madrid-programa-2024","status":"publish","type":"post","link":"https:\/\/www.vidademadrid.com\/es\/55903\/actividades-dia-libro-madrid-programa-2024\/","title":{"rendered":"Estas son todas las actividades para celebrar el D\u00eda del Libro 2024"},"content":{"rendered":"<p>El&nbsp;<strong>D\u00eda de los Libros&nbsp;<\/strong>se celebrar\u00e1 en Madrid con actividades gratuitas para todos los p\u00fablicos. Desde 1988, este d\u00eda busca fomentar la lectura y la industria editorial. Te contamos toda la informaci\u00f3n en este art\u00edculo.&nbsp;<\/p>\n<h2>D\u00eda del Libro en Madrid 2024&nbsp;<\/h2>\n<script async=\"\" src=\"https:\/\/pagead2.googlesyndication.com\/pagead\/js\/adsbygoogle.js\"><\/script> <ins class=\"adsbygoogle\" style=\"display:block\" data-ad-format=\"fluid\" data-ad-layout-key=\"-7f+eo+1+2-5\" data-ad-client=\"ca-pub-7450064428034605\" data-ad-slot=\"7327027071\"><\/ins><script>(adsbygoogle = window.adsbygoogle || []).push({});<\/script>\n\n\n<p>El&nbsp;<strong>D\u00eda del Libro&nbsp;<\/strong>se celebra el&nbsp;<strong>23 de abril&nbsp;<\/strong>a nivel mundial desde 1988. Esta celebraci\u00f3n, promovida por la UNESCO, tiene como objetivo fomentar la lectura, la industria editorial y la protecci\u00f3n de la propiedad intelectual por medio del derecho de autor.&nbsp;<\/p>\n<p>En Madrid, se han organizado actividades gratuitas para todos los p\u00fablicos. Habr\u00e1 actividades en los distritos, las bibliotecas y librer\u00edas de Madrid y m\u00e1s.<\/p>\n<h2>Programa&nbsp;<\/h2>\n\n<script async=\"\" src=\"https:\/\/pagead2.googlesyndication.com\/pagead\/js\/adsbygoogle.js\"><\/script> <ins class=\"adsbygoogle\" style=\"display:block; text-align:center;\" data-ad-layout=\"in-article\" data-ad-format=\"fluid\" data-ad-client=\"ca-pub-7450064428034605\" data-ad-slot=\"5670045061\"><\/ins> <script>(adsbygoogle = window.adsbygoogle || []).push({});<\/script>\n\n\n<h3>Actividades en los distritos<\/h3>\n<ul>\n<li>III Feria del libro en Arganzuela del 19 al 23 de abril de 2024. Ser\u00e1 en la Junta Municipal del Distrito de Arganzuela.&nbsp;<\/li>\n<li>Una casa para siempre en el Centro Sociocultural Jos\u00e9 de Espronceda en Tetu\u00e1n. Ser\u00e1 el 19 de abril a las 19.30 horas.&nbsp;<\/li>\n<li>Los Gorriones: &#8216;Cu\u00e9ntame un cuento&#8217; en el Centro Cultural &#8211; Centro Socio Cultural Villa de Barajas. Ser\u00e1 el s\u00e1bado 20 de abril a las 12.30 horas.&nbsp;<\/li>\n<li>El futuro y los libros ser\u00e1 en el Centro Sociocultural Francisco Fatou en la Villa de Vallecas. Ser\u00e1 el lunes 22 de abril de 2024 a las 19 horas.&nbsp;<\/li>\n<li>D\u00eda del libro en Vic\u00e1lvaro. Ser\u00e1 el 23 de abril a las 17 horas en el Centro Cultural Valdebernardo.<\/li>\n<li>D\u00eda del Libro en Tetu\u00e1n ser\u00e1 del 26 al 27 de abril en el Centro Cultural Eduardo \u00darculo en Tetu\u00e1n.&nbsp;<\/li>\n<li>Vallecas calle del libro ser\u00e1 el 26 de abril a las 19 horas en el Centro Sociocultural Alberto S\u00e1nchez en Puente de Vallecas.<\/li>\n<li>Vallecas nuestra historia ser\u00e1 el 30 de abril a las 19 horas en el Centro Cultural Lope de Vega en Puente de Vallecas.&nbsp;<\/li>\n<\/ul>\n<h3>D\u00eda del Libro en las Bibliotecas del Ayuntamiento de Madrid<\/h3>\n<ul>\n<li>Biblioteca humana en la Biblioteca P\u00fablica Municipal San Ferm\u00edn en Usera. Ser\u00e1 del 11 de marzo al 23 de abril.&nbsp;<\/li>\n<li>Ven a ver tu marcap\u00e1ginas favorito en la Biblioteca P\u00fablica Municipal Mar\u00eda Zambrano en Tetu\u00e1n. Del 8 al 30 de abril.<\/li>\n<li>&#8216;Rebeldes y visionarios. Pintores Rom\u00e1nticos, Prerrafaelistas y Simbolistas&#8217; de Pedro Ortega Ventureira&#8217; en la Biblioteca P\u00fablica Municipal Ciudad Lineal. Ser\u00e1 el 18 de abril a las 19 horas.&nbsp;<\/li>\n<li>&#8216;Yo quiero tocar la luna&#8217; narrado por la autora en el Biblioteca P\u00fablica Municipal Mario Vargas Llosa en el Centro. Ser\u00e1 el 19 de abril a las 18 horas.&nbsp;<\/li>\n<li>&#8216;Asesinato en directo&#8217; de Juan Miguel Antoranz en la Biblioteca P\u00fablica Municipal Mar\u00eda Zambrano en Tetu\u00e1n. Ser\u00e1 el 19 de abril a las 18.30 horas.&nbsp;<\/li>\n<li>Unidas por los libros. Mon\u00f3logo teatralizado en la Biblioteca P\u00fablica Municipal Jos\u00e9 Hierro en San Blas-Canillejas. Ser\u00e1 el 22 de abril a las 18 horas.&nbsp;<\/li>\n<li>Lectura dramatizada de la actriz Anna Allen en la Biblioteca P\u00fablica Municipal Iv\u00e1n de Vargas. Ser\u00e1 el 22 de abril a las 19 horas.&nbsp;<\/li>\n<li>Liberaci\u00f3n masiva de libros (bookcrossing) en la Biblioteca P\u00fablica MunicipalJos\u00e9 Saramago. Ser\u00e1 el 23 de abril a las 10 horas.&nbsp;<\/li>\n<li>Celebraci\u00f3n \u00abD\u00eda del libro\u00bb en la Biblioteca P\u00fablica Municipal Gabriel Garc\u00eda M\u00e1rquez en Usera. Ser\u00e1 el 23 de abril a las 17.30 horas.&nbsp;<\/li>\n<li>Los coleccionistas de ceros en la Biblioteca P\u00fablica Municipal San Ferm\u00edn en Usera. Ser\u00e1 el 23 de abril a las 18 horas.&nbsp;<\/li>\n<li>Cuentos m\u00e1gicos el 23 de abril a las 18 horas en la Biblioteca P\u00fablica Municipal Iv\u00e1n de Vagas.&nbsp;<\/li>\n<li>&#8216;Cuenta perros&#8217; de Luis Garc\u00eda Garc\u00eda en la Biblioteca Municipal Iv\u00e1n de Vargas el 23 de abril a las 19 horas.<\/li>\n<li>La arquitectura mud\u00e9jar en Castilla y Le\u00f3n: el foco de Cu\u00e9llar en la Biblioteca P\u00fablica Municipal Iv\u00e1n de Vargas. Ser\u00e1 el jueves 25 de abril a las 18 horas.&nbsp;<\/li>\n<li>El Madrid de Cervantes en la Biblioteca P\u00fablica Municipal Jos\u00e9 Hierro en San Blas-Canillejas. Ser\u00e1 el 26 de abril a las 12 horas.&nbsp;<\/li>\n<\/ul>\n<p>M\u00e1s actividades en este <a href=\"https:\/\/www.madrid.es\/portales\/munimadrid\/es\/Inicio\/Cultura-ocio-y-deporte\/Dia-del-Libro-en-las-Bibliotecas-del-Ayuntamiento-de-Madrid\/?vgnextfmt=default&amp;vgnextoid=2ee5512c35737810VgnVCM2000001f4a900aRCRD&amp;vgnextchannel=7911f073808fe410VgnVCM2000000c205a0aRCRD\">enlace<\/a>.&nbsp;<\/p>\n<h3>Noche de los Libros&nbsp;<\/h3>\n<p>La&nbsp;<strong><a href=\"https:\/\/www.vidademadrid.com\/es\/55699\/noche-libros-2024-fecha-programa-actividades\/\">Noche de los Libros<\/a>&nbsp;<\/strong>vuelve a Madrid con el lema&nbsp;<em><strong>Una casa para siempre,&nbsp;<\/strong><\/em>que hace referencia al modo que habitamos el mundo y nuestra intimidad y refugio en \u00e9l.&nbsp;<\/p>\n<p>Este 2024, participan m\u00e1s de 100 librer\u00edas, 135 instituciones, 120 bibliotecas y espacios culturales. Habr\u00e1 m\u00e1s de&nbsp;<strong>560 actividades en toda la Comunidad de Madrid.<\/strong><\/p>\n<p>Ser\u00e1 el&nbsp;<strong>viernes 19 de abril de 2024&nbsp;<\/strong>y comenzar\u00e1 a las 18 horas en la Real Casa de Correos.&nbsp;<\/p>\n<p>Descubre las actividades de la Noche de los Libros en las Bibliotecas de Madrid en este <a href=\"https:\/\/www.madrid.es\/portales\/munimadrid\/es\/Inicio\/Cultura-ocio-y-deporte\/Noche-de-los-Libros-en-las-Bibliotecas-del-Ayuntamiento-de-Madrid\/?vgnextfmt=default&amp;vgnextoid=c1a5512c35737810VgnVCM2000001f4a900aRCRD&amp;vgnextchannel=7911f073808fe410VgnVCM2000000c205a0aRCRD\">enlace<\/a>.&nbsp;<\/p>\n<h3>D\u00eda y Noche de los Libros en los Espacios de Igualdad<\/h3>\n<ul>\n<li>Mariposas que vuelven a volar en un mundo de colores de Cristina Alonso del jueves 11 al 24 de abril en el Espacio de Igualdad Mar\u00eda Moliner en Villa de Vallecas.<\/li>\n<li>Rinc\u00f3n creativo de Guada: festejamos con manualidad el D\u00eda del Libro en el Espacio de Igualdad Emilia Pardo Baz\u00e1n en Ciudad Lineal. Ser\u00e1 de 11 al 25 de abril.&nbsp;<\/li>\n<li>Una tarde de cuentacuentos: mujeres de ahora mujeres de antes en el Espacio de Igualdad Nieves Torres en Chamart\u00edn. Ser\u00e1 el 16 de abril a las 17 horas.&nbsp;<\/li>\n<li>La noche de los libros en el Espacio de Igualdad Carme Chac\u00f3n en el Espacio de Igualdad Carme Chac\u00f3n en Hortaleza. Ser\u00e1 el viernes 19 de abril a las 12 horas.&nbsp;<\/li>\n<li>Intercambio de libros en el Espacio de Igualdad Luc\u00eda S\u00e1nchez Saornil en el Espacio de Igualdad Luc\u00eda S\u00e1nchez Saornil en San Blas-Canillejas. Ser\u00e1 el 23 de abril a las 10 horas.&nbsp;<\/li>\n<li>D\u00eda del Libro: leemos a escritoras en el Espacio de Igualdad Mar\u00eda Zambrano en Chamber\u00ed. Ser\u00e1 el 23 de abril a las 18.30 horas.&nbsp;<\/li>\n<\/ul>\n<p>M\u00e1s actividades en este <a href=\"https:\/\/www.madrid.es\/portales\/munimadrid\/es\/Inicio\/Cultura-ocio-y-deporte\/Dia-y-Noche-de-los-Libros-en-los-Espacios-de-Igualdad\/?vgnextfmt=default&amp;vgnextoid=bd4b0d2f36727810VgnVCM1000001d4a900aRCRD&amp;vgnextchannel=7911f073808fe410VgnVCM2000000c205a0aRCRD\">enlace<\/a>.&nbsp;<\/p>\n<h3>Semana &#8216;El Siglo de Oro&#8217;&nbsp;&nbsp;<\/h3>\n<p>El&nbsp;<strong>Barrio de las Letras&nbsp;<\/strong>celebrar\u00e1 la <a href=\"https:\/\/www.vidademadrid.com\/es\/55900\/semana-siglo-oro-programa-actividades-2024\/\">Semana &#8216;<strong>El Siglo de Oro<\/strong><\/a>&#8216; con actividades como recorridos teatralizados, conciertos y m\u00e1s.&nbsp;<\/p>\n\n\n<p><\/p>\n","protected":false},"excerpt":{"rendered":"<p>Todas las actividades son gratuitas. <\/p>\n","protected":false},"author":15,"featured_media":32425,"comment_status":"open","ping_status":"open","sticky":false,"template":"","format":"standard","meta":{"footnotes":""},"categories":[111],"tags":[],"class_list":{"0":"post-55903","1":"post","2":"type-post","3":"status-publish","4":"format-standard","5":"has-post-thumbnail","7":"category-exposiciones-madrid"},"_links":{"self":[{"href":"https:\/\/www.vidademadrid.com\/es\/wp-json\/wp\/v2\/posts\/55903","targetHints":{"allow":["GET"]}}],"collection":[{"href":"https:\/\/www.vidademadrid.com\/es\/wp-json\/wp\/v2\/posts"}],"about":[{"href":"https:\/\/www.vidademadrid.com\/es\/wp-json\/wp\/v2\/types\/post"}],"author":[{"embeddable":true,"href":"https:\/\/www.vidademadrid.com\/es\/wp-json\/wp\/v2\/users\/15"}],"replies":[{"embeddable":true,"href":"https:\/\/www.vidademadrid.com\/es\/wp-json\/wp\/v2\/comments?post=55903"}],"version-history":[{"count":1,"href":"https:\/\/www.vidademadrid.com\/es\/wp-json\/wp\/v2\/posts\/55903\/revisions"}],"predecessor-version":[{"id":55906,"href":"https:\/\/www.vidademadrid.com\/es\/wp-json\/wp\/v2\/posts\/55903\/revisions\/55906"}],"wp:featuredmedia":[{"embeddable":true,"href":"https:\/\/www.vidademadrid.com\/es\/wp-json\/wp\/v2\/media\/32425"}],"wp:attachment":[{"href":"https:\/\/www.vidademadrid.com\/es\/wp-json\/wp\/v2\/media?parent=55903"}],"wp:term":[{"taxonomy":"category","embeddable":true,"href":"https:\/\/www.vidademadrid.com\/es\/wp-json\/wp\/v2\/categories?post=55903"},{"taxonomy":"post_tag","embeddable":true,"href":"https:\/\/www.vidademadrid.com\/es\/wp-json\/wp\/v2\/tags?post=55903"}],"curies":[{"name":"wp","href":"https:\/\/api.w.org\/{rel}","templated":true}]}}