{"id":55900,"date":"2024-04-16T11:04:47","date_gmt":"2024-04-16T09:04:47","guid":{"rendered":"https:\/\/www.vidademadrid.com\/es\/?p=55900"},"modified":"2024-04-16T11:04:50","modified_gmt":"2024-04-16T09:04:50","slug":"semana-siglo-oro-programa-actividades-2024","status":"publish","type":"post","link":"https:\/\/www.vidademadrid.com\/es\/55900\/semana-siglo-oro-programa-actividades-2024\/","title":{"rendered":"Celebra la semana cultural &#8216;El Siglo de Oro&#8217; en el barrio de Las Letras"},"content":{"rendered":"<p>El&nbsp;<strong>barrio de Las Letras&nbsp;<\/strong>conmemorar\u00e1 el fallecimiento del genio de la literatura espa\u00f1ola&nbsp;<strong>Miguel de Cervantes&nbsp;<\/strong>con actividades gratuitas.&nbsp;<\/p>\n<h2>Semana &#8216;El Siglo de Oro&#8217; en el barrio de Las Letras<\/h2>\n<p><script async=\"\" src=\"https:\/\/pagead2.googlesyndication.com\/pagead\/js\/adsbygoogle.js\"><\/script> <ins class=\"adsbygoogle\" style=\"display:block\" data-ad-format=\"fluid\" data-ad-layout-key=\"-7f+eo+1+2-5\" data-ad-client=\"ca-pub-7450064428034605\" data-ad-slot=\"7327027071\"><\/ins><script>(adsbygoogle = window.adsbygoogle || []).push({});<\/script>Con motivo de la conmemoraci\u00f3n de la literatura espa\u00f1ola&nbsp;<strong>Miguel de Cervantes&nbsp;<\/strong>se ha organizado la semana cultural&nbsp;<strong>&#8216;ElSiglo de Oro&#8217;&nbsp;<\/strong>en colaboraci\u00f3n con diferentes asociaciones y entidades del barrio de Cortes.<\/p>\n<p>Durante cinco d\u00edas, habr\u00e1 numerosas&nbsp;<strong>actividades gratuitas para todos los p\u00fablicos.&nbsp;<\/strong>Las actividades incluye actuaciones, rutas teatralizadas, conciertos y una demostraci\u00f3n de pintura y m\u00e1s.&nbsp;<\/p>\n<h2>Semana &#8216;El Siglo de Oro&#8217;: programa&nbsp;<\/h2>\n<p><script async=\"\" src=\"https:\/\/pagead2.googlesyndication.com\/pagead\/js\/adsbygoogle.js\"><\/script> <ins class=\"adsbygoogle\" style=\"display:block; text-align:center;\" data-ad-layout=\"in-article\" data-ad-format=\"fluid\" data-ad-client=\"ca-pub-7450064428034605\" data-ad-slot=\"5670045061\"><\/ins> <script>(adsbygoogle = window.adsbygoogle || []).push({});<\/script>La&nbsp;<strong>Semana &#8216;El Siglo de Oro&#8217;&nbsp;<\/strong>ser\u00e1 del&nbsp;<strong>19 al 23 de abril de 2024.&nbsp;<\/strong><\/p>\n<p>La primera de las actividades de \u2018El Siglo de Oro\u2019 ser\u00e1 el <strong>viernes 19<\/strong>, a partir de las 12:00 horas, cuando en la plaza de las Cortes se lea <em>Corona literaria a Miguel de Cervantes Saavedra,&nbsp;<\/em>una relaci\u00f3n de pasajes de la extensa obra del escritor espa\u00f1ol.<\/p>\n<p>El <strong>s\u00e1bado 20<\/strong>, hay dos propuestas. A las 12:00 horas, demostraci\u00f3n de pintura r\u00e1pida <em>Pinta Las Letras,&nbsp;<\/em>en la que tres miembros de la Asociaci\u00f3n Espa\u00f1ola de Pintores y Escultores, ubicados en las plazas de Santa Ana y de Jes\u00fas y en la calle de Cervantes, realizar\u00e1n un lienzo en un tiempo determinado. A las 19:00 horas, en la plaza de Santa Ana ser\u00e1 el turno de la representaci\u00f3n hist\u00f3rica <em>Siglo de Oro<\/em> a cargo de la Asociaci\u00f3n para el Estudio de la Cultura Cotidiana del Siglo de Oro.<\/p>\n<p>La bas\u00edlica de Nuestro Padre Jes\u00fas de Medinaceli es el punto de partida, el <strong>domingo 21<\/strong>, a las 11:00 horas, de la ruta teatralizada<em>&nbsp;Siglo de Oro<\/em>. El recorrido es el siguiente: explanada de CaixaForum, Fuente de Apolo (paseo del Prado frente al Real Jard\u00edn Bot\u00e1nico), vuelta a CaixaForum, balc\u00f3n de la sede de la Asociaci\u00f3n de Comerciantes Barrio de Las Letras (calle Huertas 47) y paseo del Prado.<\/p>\n<p>El <strong>lunes 22 de abri<\/strong>l, a las 19:00 horas, el Ateneo de Madrid, calle del Prado 21, en colaboraci\u00f3n con m\u00fasicos del Real Conservatorio Superior de M\u00fasica de Madrid, acoger\u00e1 el <strong>Concierto de M\u00fasica de C\u00e1mara Jes\u00fas de Monasterio<\/strong>.<\/p>\n<p>La despedida de la semana ser\u00e1 en la bas\u00edlica de Nuestro Padre Jes\u00fas de Medinaceli el <strong>23 de abril<\/strong>, coincidiendo con la celebraci\u00f3n del D\u00eda del Libro.. All\u00ed se podr\u00e1 disfrutar de la propuesta l\u00edrica musical barroca de la obra de otro de los ilustres escritores de la \u00e9poca y vecino del distrito de Centro, Lope de Vega a las 20.30 horas.<\/p>\n<figure style=\"width: 555px\" class=\"wp-caption alignnone\"><img loading=\"lazy\" decoding=\"async\" src=\"https:\/\/diario.madrid.es\/wp-content\/uploads\/2024\/04\/Cartel-semana-de-El-Siglo-de-Oro-555x785.jpg\" alt=\"\" width=\"555\" height=\"785\"><figcaption class=\"wp-caption-text\">Foto: Ayuntamiento de Madrid<\/figcaption><\/figure>\n","protected":false},"excerpt":{"rendered":"<p>Todas las actividades son gratuitas. <\/p>\n","protected":false},"author":15,"featured_media":49679,"comment_status":"open","ping_status":"open","sticky":false,"template":"","format":"standard","meta":{"footnotes":""},"categories":[111],"tags":[],"class_list":{"0":"post-55900","1":"post","2":"type-post","3":"status-publish","4":"format-standard","5":"has-post-thumbnail","7":"category-exposiciones-madrid"},"_links":{"self":[{"href":"https:\/\/www.vidademadrid.com\/es\/wp-json\/wp\/v2\/posts\/55900","targetHints":{"allow":["GET"]}}],"collection":[{"href":"https:\/\/www.vidademadrid.com\/es\/wp-json\/wp\/v2\/posts"}],"about":[{"href":"https:\/\/www.vidademadrid.com\/es\/wp-json\/wp\/v2\/types\/post"}],"author":[{"embeddable":true,"href":"https:\/\/www.vidademadrid.com\/es\/wp-json\/wp\/v2\/users\/15"}],"replies":[{"embeddable":true,"href":"https:\/\/www.vidademadrid.com\/es\/wp-json\/wp\/v2\/comments?post=55900"}],"version-history":[{"count":1,"href":"https:\/\/www.vidademadrid.com\/es\/wp-json\/wp\/v2\/posts\/55900\/revisions"}],"predecessor-version":[{"id":55901,"href":"https:\/\/www.vidademadrid.com\/es\/wp-json\/wp\/v2\/posts\/55900\/revisions\/55901"}],"wp:featuredmedia":[{"embeddable":true,"href":"https:\/\/www.vidademadrid.com\/es\/wp-json\/wp\/v2\/media\/49679"}],"wp:attachment":[{"href":"https:\/\/www.vidademadrid.com\/es\/wp-json\/wp\/v2\/media?parent=55900"}],"wp:term":[{"taxonomy":"category","embeddable":true,"href":"https:\/\/www.vidademadrid.com\/es\/wp-json\/wp\/v2\/categories?post=55900"},{"taxonomy":"post_tag","embeddable":true,"href":"https:\/\/www.vidademadrid.com\/es\/wp-json\/wp\/v2\/tags?post=55900"}],"curies":[{"name":"wp","href":"https:\/\/api.w.org\/{rel}","templated":true}]}}