{"id":55838,"date":"2024-04-11T18:58:43","date_gmt":"2024-04-11T16:58:43","guid":{"rendered":"https:\/\/www.vidademadrid.com\/es\/?p=55838"},"modified":"2025-10-04T14:51:49","modified_gmt":"2025-10-04T12:51:49","slug":"planes-para-este-fin-de-semana-en-madrid-12-13-y-14-de-abril-de-2024","status":"publish","type":"post","link":"https:\/\/www.vidademadrid.com\/es\/55838\/planes-para-este-fin-de-semana-en-madrid-12-13-y-14-de-abril-de-2024\/","title":{"rendered":"Planes para este fin de semana en Madrid: 12, 13 y 14 de abril de 2024"},"content":{"rendered":"\n<p>Un fin de semana m\u00e1s en el que nos esperan muy buenas temperaturas para disfrutar de paseos por alguno de los <strong>parques madrile\u00f1os<\/strong>, de los <strong>tulipanes del Real Jard\u00edn Bot\u00e1nico<\/strong>, de alguno de los <strong>mercados<\/strong> como el de <strong>Productores de Alcobendas<\/strong> o el <strong>Mercado del Encanto<\/strong> en calle Fuencarral o de los <strong>espect\u00e1culos de danza de Matadero<\/strong> y aprovechar para conocer las <strong>nuevas exposiciones del Palacio Real, CentroCentro<\/strong> y m\u00e1s. Como cada semana, en este art\u00edculo te hacemos una selecci\u00f3n de los mejores planes, exposiciones y restaurantes para disfrutar este fin de semana <strong>12, 13 y 14 de abril de 2024 en Madrid.<\/strong><\/p>\n\n\n\n<h2 class=\"wp-block-heading\">Actividades<\/h2>\n\n\n\n<script async=\"\" src=\"https:\/\/pagead2.googlesyndication.com\/pagead\/js\/adsbygoogle.js\"><\/script> <ins class=\"adsbygoogle\" style=\"display:block\" data-ad-format=\"fluid\" data-ad-layout-key=\"-7f+eo+1+2-5\" data-ad-client=\"ca-pub-7450064428034605\" data-ad-slot=\"7327027071\"><\/ins><script>(adsbygoogle = window.adsbygoogle || []).push({});<\/script>\n\n\n<div class=\"wp-block-image\">\n<figure class=\"aligncenter\"><a href=\"https:\/\/www.vidademadrid.com\/es\/wp-content\/uploads\/2024\/04\/Real-Jardin-Botanico.jpg\"><img loading=\"lazy\" decoding=\"async\" width=\"1200\" height=\"600\" src=\"https:\/\/www.vidademadrid.com\/es\/wp-content\/uploads\/2024\/04\/Real-Jardin-Botanico.jpg\" alt=\"\" class=\"wp-image-55830\" srcset=\"https:\/\/www.vidademadrid.com\/es\/wp-content\/uploads\/2024\/04\/Real-Jardin-Botanico.jpg 1200w, https:\/\/www.vidademadrid.com\/es\/wp-content\/uploads\/2024\/04\/Real-Jardin-Botanico-300x150.jpg 300w, https:\/\/www.vidademadrid.com\/es\/wp-content\/uploads\/2024\/04\/Real-Jardin-Botanico-1024x512.jpg 1024w, https:\/\/www.vidademadrid.com\/es\/wp-content\/uploads\/2024\/04\/Real-Jardin-Botanico-768x384.jpg 768w, https:\/\/www.vidademadrid.com\/es\/wp-content\/uploads\/2024\/04\/Real-Jardin-Botanico-696x348.jpg 696w, https:\/\/www.vidademadrid.com\/es\/wp-content\/uploads\/2024\/04\/Real-Jardin-Botanico-1068x534.jpg 1068w, https:\/\/www.vidademadrid.com\/es\/wp-content\/uploads\/2024\/04\/Real-Jardin-Botanico-840x420.jpg 840w\" sizes=\"auto, (max-width: 1200px) 100vw, 1200px\" \/><\/a><figcaption>Foto: Instagram @rjbotanico<\/figcaption><\/figure><\/div>\n\n\n<h3 class=\"wp-block-heading\">Disfruta de un paseo en alguno de los parques de Madrid<\/h3>\n\n\n\n<p>La primavera ha llegado y no hay mejor plan que un buen paseo por alguno de los parques m\u00e1s famosos y agradables de la ciudad: <strong>Parque del Retiro, Madrid R\u00edo, Casa de Campo, Cerro del T\u00edo P\u00edo<\/strong> (donde ver uno de los mejores atardeceres), <strong>Parque de la Quinta de los Molinos, El Capricho<\/strong>&#8230; No te pierdas todo lo que puedes descubrir en ellos <a href=\"https:\/\/www.vidademadrid.com\/es\/55814\/mejores-parques-madrid-primavera-flores\/#google_vignette\">aqu\u00ed<\/a>. Y si este finde est\u00e1s por el Retiro recuerda que tambi\u00e9n puedes visitar la nueva exposici\u00f3n fotogr\u00e1fica \u00abJuntos porque somos hermanos\u00bb organizado por Aldeas Infantiles justo en frente de Florida Park.<\/p>\n\n\n\n<h3 class=\"wp-block-heading\">Fotograf\u00eda los tulipanes del Real Jard\u00edn Bot\u00e1nico<\/h3>\n\n\n\n<p>El&nbsp;<strong>Real Jard\u00edn Bot\u00e1nico&nbsp;<\/strong>se ha llenado de colores con sus tulipanes, que ahora se encuentran su mayor semana de florecimiento, y se podr\u00e1n ver cientos de flores en su jard\u00edn. No pierdas esta oportunidad y compra tu entrada (desde 4 euros) para poder admirarlos de cerca. M\u00e1s info <a href=\"https:\/\/www.vidademadrid.com\/es\/55829\/semana-grande-tulipanes-real-jardin-botanico-2024\/\">aqu\u00ed<\/a>.<\/p>\n\n\n\n<h3 class=\"wp-block-heading\">No te pierdas los espect\u00e1culos de danza en Plaza Matadero<\/h3>\n\n\n\n<p>Con motivo del <strong>D\u00eda Internacional de la Danza<\/strong>, Matadero acoger\u00e1 20 actuaciones a cargo de 18 compa\u00f1\u00edas de danza con un total de 55 bailarines. Adem\u00e1s, tambi\u00e9n se podr\u00e1 disfrutar de proyecciones de cine relacionadas con el baile y talleres relacionados. Este finde, dentro del festival de danza contempor\u00e1nea y m\u00fasica en directo \u201cCuerpo Romo\u201d, las actuaciones al aire libre ser\u00e1n el s\u00e1bado a las 12, 14 y 21 h y el domingo a las 12 y 14 h. Toda la info y programa completo <a href=\"https:\/\/www.mataderomadrid.org\/programacion\/danzadero-2024\">aqu\u00ed<\/a>.<\/p>\n\n\n\n<h3 class=\"wp-block-heading\">Organiza una escapada a Sig\u00fcenza en su tren medieval<\/h3>\n\n\n\n<p>Este s\u00e1bado 13 de abril vuelve el\u00a0<strong>Tren Medieval <\/strong>que te llevar\u00e1 a conocer\u00a0<strong>Sig\u00fcenza\u00a0<\/strong>de la forma m\u00e1s original. Una\u00a0comitiva de personajes de la \u00e9poca\u00a0dar\u00e1n la bienvenida a los viajeros del tren y a partir de ah\u00ed comenzar\u00e1 la aventura para conocer la\u00a0historia y leyendas medievales de este municipio perteneciente a la provincia de Guadalajara. Toda la info <a href=\"https:\/\/www.vidademadrid.com\/es\/55818\/tren-medieval-2024-madrid-siguenza-fechas-billet\/\">aqu\u00ed<\/a>.<\/p>\n\n\n\n<h2 class=\"wp-block-heading\">Mercados<\/h2>\n\n\n<div class=\"wp-block-image\">\n<figure class=\"aligncenter\"><a href=\"https:\/\/www.vidademadrid.com\/es\/wp-content\/uploads\/2024\/04\/Mercado-Alcobendas.jpg\"><img loading=\"lazy\" decoding=\"async\" width=\"1200\" height=\"600\" src=\"https:\/\/www.vidademadrid.com\/es\/wp-content\/uploads\/2024\/04\/Mercado-Alcobendas.jpg\" alt=\"\" class=\"wp-image-55799\" srcset=\"https:\/\/www.vidademadrid.com\/es\/wp-content\/uploads\/2024\/04\/Mercado-Alcobendas.jpg 1200w, https:\/\/www.vidademadrid.com\/es\/wp-content\/uploads\/2024\/04\/Mercado-Alcobendas-300x150.jpg 300w, https:\/\/www.vidademadrid.com\/es\/wp-content\/uploads\/2024\/04\/Mercado-Alcobendas-1024x512.jpg 1024w, https:\/\/www.vidademadrid.com\/es\/wp-content\/uploads\/2024\/04\/Mercado-Alcobendas-768x384.jpg 768w, https:\/\/www.vidademadrid.com\/es\/wp-content\/uploads\/2024\/04\/Mercado-Alcobendas-696x348.jpg 696w, https:\/\/www.vidademadrid.com\/es\/wp-content\/uploads\/2024\/04\/Mercado-Alcobendas-1068x534.jpg 1068w, https:\/\/www.vidademadrid.com\/es\/wp-content\/uploads\/2024\/04\/Mercado-Alcobendas-840x420.jpg 840w\" sizes=\"auto, (max-width: 1200px) 100vw, 1200px\" \/><\/a><figcaption>Foto: Mercado de productores de Alcobendas<\/figcaption><\/figure><\/div>\n\n\n<p>Esta temporada de primavera es perfecta para darse una vuelta por la ciudad y mercados ef\u00edmeros que nos podemos encontrar durante la semana o fines de semana. Estos d\u00edas podr\u00e1s disfrutar de:<\/p>\n\n\n\n<h3 class=\"wp-block-heading\">Mercado Productores Alcobendas<\/h3>\n\n\n\n<p>Este fin de semana podr\u00e1s disfrutar de este gran mercado que ofrece <strong>alimentos artesanos, ecol\u00f3gicos y de cercan\u00eda\u00a0<\/strong>y en el que descubrir\u00e1s\u00a0<b>la cultura y el ocio gastron\u00f3mico, sano y de calidad<\/b>. Estar\u00e1 disponible este domingo 14 de abril y se puede llegar f\u00e1cilmente en Metro de Madrid o Cercan\u00edas Madrid. Adem\u00e1s, a partir de las 12 horas,\u00a0 los visitantes del\u00a0Mercado de Productores de Alcobendas\u00a0podr\u00e1n degustar los productos del mercado, tomarse un vermut o cerveza artesana y disfrutar de\u00a0m\u00fasica en vivo y animaci\u00f3n para los m\u00e1s peque\u00f1os. \u00bfPuede haber mejor plan? Descubre toda la info\u00a0<a href=\"https:\/\/www.vidademadrid.com\/es\/55798\/mercado-productores-alcobendas-2024-fechas-horario-como-llegar\/\"><span style=\"font-weight: 600;\">aqu\u00ed<\/span><\/a>.<\/p>\n\n\n\n<h3 class=\"wp-block-heading\">Mercado del Encanto (nueva ubicaci\u00f3n)<\/h3>\n\n\n\n<p>El tradicional mercado cambia de ubicaci\u00f3n a una antigua f\u00e1brica de cristal de Chamber\u00ed, en calle Sandoval 3 esquina Fuencarral (metro Bilbao). Del 12 al 14 de abril podr\u00e1s disfrutar de moda, dise\u00f1o, artesan\u00eda y talleres, todo con acceso gratuito. Ser\u00e1 el viernes de 17 a 21 h, el s\u00e1bado de 11.30 a 21.00 h y el domingo de 11.30 a 20.00 h, con puestos artesanos de moda, complementos, joyer\u00eda, artesan\u00eda, ilustraci\u00f3n, fotograf\u00eda, decoraci\u00f3n, cosm\u00e9tica.<br>Los asistentes participar\u00e1n en el sorteo de una cesta con productos de todos los expositores. Adem\u00e1s habr\u00e1 talleres de imagen personal y m\u00e1s.<\/p>\n\n\n\n<p> No te pierdas todas las novedades de este mercado en su <a href=\"https:\/\/www.instagram.com\/mercadodelencanto\/?hl=es\">IG<\/a>.<\/p>\n\n\n\n<h2 class=\"wp-block-heading\">Exposiciones<\/h2>\n\n\n\n<h3 class=\"wp-block-heading\">Visita la nueva exposici\u00f3n del Palacio Real<\/h3>\n\n\n\n<p>Este fin de semana tambi\u00e9n se estrena la nueva exposici\u00f3n del Palacio Real <strong>\u00abM\u00e1s all\u00e1 del Realismo: el arte figurativo en China y Espa\u00f1a\u00bb<\/strong>. Una muestra que tiene lugar con motivo del inicio de relaciones diplom\u00e1ticas entre China y Espa\u00f1a. Toda la info <a href=\"https:\/\/www.esmadrid.com\/agenda\/alla-realismo-arte-figurativo-china-espana-palacio-real\">aqu\u00ed<\/a>.<\/p>\n\n\n\n<h3 class=\"wp-block-heading\">Descubre la novedad para esta temporada de CentroCentro<\/h3>\n\n\n\n<p><strong>\u00abLa ciudad visible \/ La ciudad en juego\u00bb<\/strong>, as\u00ed se llama la nueva exposici\u00f3n de CentroCentro que\u00a0propone una mirada al videojuego desde su potencial para transformar la ciudad. Cuenta con proyectos nacionales e internacionales que plantean una perspectiva cr\u00edtica sobre el videojuego. M\u00e1s info <a href=\"https:\/\/www.vidademadrid.com\/es\/55000\/nuevas-exposiciones-temporales-centro-centro-2024\/\">aqu\u00ed<\/a>.<\/p>\n\n\n\n<h3 class=\"wp-block-heading\">No te pierdas \u00abMemoria del Per\u00fa\u00bb, la exposici\u00f3n de Casa Am\u00e9rica<\/h3>\n\n\n\n<p>Una exposici\u00f3n fotogr\u00e1fica que estar\u00e1 disponible hasta finales de mes (30 de abril). La exposici\u00f3n itinerante &#8216;<strong><i>Memoria del Per\u00fa. Fotograf\u00edas 1890-1950&#8242;<\/i><\/strong>&nbsp;permite apreciar una serie de huellas significativas en el desarrollo del Per\u00fa republicano. La entrada es gratuita. M\u00e1s info <a href=\"https:\/\/www.casamerica.es\/exposiciones\/memoria-del-peru\">aqu\u00ed<\/a>.<\/p>\n\n\n\n<h3 class=\"wp-block-heading\">Compra entradas para la nueva edici\u00f3n de Casa Decor<\/h3>\n\n\n\n<p>Este 2024, Casa Decor vuelve a abrir sus puertas en el Palacio de La Trinidad, muy cerca de Avenida de Am\u00e9rica. Se podr\u00e1 descubrir el esplendor del&nbsp;espacio&nbsp;que cuenta con&nbsp;tres plantas de Palacete, un Pabell\u00f3n de Invitados y los amplios jardines. Descubre m\u00e1s info sobre&nbsp;esta edici\u00f3n y el&nbsp;palacio <a href=\"https:\/\/www.vidademadrid.com\/es\/54090\/casa-decor-2024-palacio-trinidad-fechas\/\">aqu\u00ed<\/a>.<\/p>\n\n\n\n<h3 class=\"wp-block-heading\">Sorpr\u00e9ndete con Antik Almoneda (\u00faltimo fin de semana)<\/h3>\n\n\n\n<p><span style=\"font-weight: 400;\">Si eres un amante del arte y la decoraci\u00f3n, este es tu plan. Por si no lo conoces a\u00fan, <\/span><b>Antik Almoneda<\/b><span style=\"font-weight: 400;\"> es una feria de arte y antig\u00fcedades \u00fanicas que tendr\u00e1 lugar hasta el 14 de abril en <\/span><b>IFEMA<\/b><span style=\"font-weight: 400;\">. <\/span><b>Podr\u00e1s adquirir tu entrada online por 5 \u20ac\u00a0<\/b><span style=\"font-weight: 400;\">gracias al descuento especial para los seguidores de Vida de Madrid, con c\u00f3digo VIDADEMADRID (el precio en taquilla es de 13 \u20ac). Toda la info y p\u00e1gina de entradas <\/span><a href=\"https:\/\/bit.ly\/Compra_Entradas_Feria_Antik_Almoneda_Ifema\"><span style=\"font-weight: 400;\">aqu\u00ed<\/span><\/a><span style=\"font-weight: 400;\">.<\/span><\/p>\n\n\n\n<h3 class=\"wp-block-heading\">Vista la Feria de mu\u00f1ecos beb\u00e9s hiperrealistas<\/h3>\n\n\n\n<p>El <strong>1<\/strong><b>3 y el 14 de\u00a0abril<\/b>, tienen lugar la edici\u00f3n de primavera de la feria &#8216;<b>Dolls and Reborn International Show\u2019,\u00a0<\/b>con cientos de mu\u00f1ecos\u00a0<span class=\"il\">beb\u00e9s<\/span>\u00a0hiperrealistas,\u00a0considerados como aut\u00e9nticas piezas de colecci\u00f3n. Ser\u00e1 como todos los a\u00f1os en RafaelHoteles Atocha Madrid y podr\u00e1s adquirir tu entrada por 5\u20ac. M\u00e1s info <a href=\"https:\/\/feriabebereborn.com\/\">aqu\u00ed<\/a>.<\/p>\n\n\n\n<h2 class=\"wp-block-heading\">Restaurantes para el finde<\/h2>\n\n\n<div class=\"wp-block-image\">\n<figure class=\"aligncenter\"><a href=\"https:\/\/www.vidademadrid.com\/es\/wp-content\/uploads\/2024\/04\/1849-143_1-scaled.jpeg\"><img loading=\"lazy\" decoding=\"async\" width=\"2560\" height=\"1707\" src=\"https:\/\/www.vidademadrid.com\/es\/wp-content\/uploads\/2024\/04\/1849-143_1-scaled.jpeg\" alt=\"\" class=\"wp-image-55858\" srcset=\"https:\/\/www.vidademadrid.com\/es\/wp-content\/uploads\/2024\/04\/1849-143_1-scaled.jpeg 2560w, https:\/\/www.vidademadrid.com\/es\/wp-content\/uploads\/2024\/04\/1849-143_1-300x200.jpeg 300w, https:\/\/www.vidademadrid.com\/es\/wp-content\/uploads\/2024\/04\/1849-143_1-1024x683.jpeg 1024w, https:\/\/www.vidademadrid.com\/es\/wp-content\/uploads\/2024\/04\/1849-143_1-768x512.jpeg 768w, https:\/\/www.vidademadrid.com\/es\/wp-content\/uploads\/2024\/04\/1849-143_1-1536x1024.jpeg 1536w, https:\/\/www.vidademadrid.com\/es\/wp-content\/uploads\/2024\/04\/1849-143_1-2048x1365.jpeg 2048w, https:\/\/www.vidademadrid.com\/es\/wp-content\/uploads\/2024\/04\/1849-143_1-696x464.jpeg 696w, https:\/\/www.vidademadrid.com\/es\/wp-content\/uploads\/2024\/04\/1849-143_1-1068x712.jpeg 1068w, https:\/\/www.vidademadrid.com\/es\/wp-content\/uploads\/2024\/04\/1849-143_1-1920x1280.jpeg 1920w, https:\/\/www.vidademadrid.com\/es\/wp-content\/uploads\/2024\/04\/1849-143_1-630x420.jpeg 630w\" sizes=\"auto, (max-width: 2560px) 100vw, 2560px\" \/><\/a><figcaption>Foto: Do\u00f1aluz<\/figcaption><\/figure><\/div>\n\n\n<h3 class=\"wp-block-heading\">Le Chinois, nuevo restaurante chino<\/h3>\n\n\n\n<p>Este nuevo espacio ubicado muy cerca de Mar\u00eda de Molina, te trasladar\u00e1 a la China de la Dinast\u00eda Qing del siglo XVII con una carta que une tradici\u00f3n y modernidad. Nosotros comenzamos nuestra experiencia con unos c\u00f3cteles seguidos de algunos de sus platos entre los que degustamos sus especialidades: los dim sum artesanos o su pato laqueado (imprescindible). No te pierdas nuestra visita completa en nuestros <a href=\"https:\/\/www.instagram.com\/stories\/highlights\/17976226532688624\/\">IG stories<\/a>.<\/p>\n\n\n\n<h3 class=\"wp-block-heading\">DeAt\u00fan<\/h3>\n\n\n\n<p>En plena calle de Ponzano, descubrimos un templo del at\u00fan en Madrid donde podr\u00e1s degustar &nbsp;su carta repleta de delicias culinarias que celebran la frescura del mar: desde el at\u00fan m\u00e1s jugoso hasta las aut\u00e9nticas anchoas y el tierno sashimi. Descubre nuestra experiencia completa en IG stories.&nbsp;<\/p>\n\n\n\n<h3 class=\"wp-block-heading\">Terracotta<\/h3>\n\n\n\n<p>Probamos por primera vez este restaurante en Vel\u00e1zquez que te sorprender\u00e1 con su decoraci\u00f3n y su propuesta gastron\u00f3mica. Ofrece una carta original con muy buen producto, cocciones largas y platos para todos los gustos. Descubre algunos de los platos que probamos en nuestras <a href=\"https:\/\/www.instagram.com\/stories\/highlights\/17884131966031187\/\">IG stories<\/a> y no te podr\u00e1s perder su postre estrella: la torrija caramelizada, salsa toffee y helado de dulce de leche.<\/p>\n\n\n\n<h3 class=\"wp-block-heading\">Terraza de Do\u00f1aluz<\/h3>\n\n\n\n<p>Inauguramos la temporada de azoteas en la ya conocida Do\u00f1aluz con vistas a Sol y sus calles. Un espacio donde podr\u00e1s disfrutar de sus bebidas y platos. No te pierdas nuestra experiencia completa en IG stories.<\/p>\n\n\n\n<script async=\"\" src=\"https:\/\/pagead2.googlesyndication.com\/pagead\/js\/adsbygoogle.js\"><\/script> <ins class=\"adsbygoogle\" style=\"display:block; text-align:center;\" data-ad-layout=\"in-article\" data-ad-format=\"fluid\" data-ad-client=\"ca-pub-7450064428034605\" data-ad-slot=\"5670045061\"><\/ins> <script>(adsbygoogle = window.adsbygoogle || []).push({});<\/script>\n\n\n\n<h2 class=\"wp-block-heading\">M\u00e1s planes<\/h2>\n\n\n\n<p>Como siempre, tenemos muchas m\u00e1s propuestas de planes en Vida de Madrid. Puedes consultar el <strong>listado completo de planes<\/strong>&nbsp;en nuestra&nbsp;<a href=\"https:\/\/www.vidademadrid.com\/es\/55647\/agenda-abril-2024-madrid-planes-eventos\/\"><strong>agenda del mes<\/strong><\/a><a href=\"https:\/\/www.vidademadrid.com\/es\/52298\/agenda-septiembre-2023-madrid\/\">&nbsp;<\/a>y en el&nbsp;<a href=\"http:\/\/vidademadrid.com\/planes\"><strong>especial Planes<\/strong><\/a>. No te pierdas los eventos del momento en nuestras redes: puedes seguir <a href=\"https:\/\/www.instagram.com\/VidaDeMadrid\/\">los reportajes diarios en IG Stories @vidademadrid<\/a>\u2026 y m\u00e1s contenido en <a href=\"https:\/\/www.tiktok.com\/@vida_demadrid\">TikTok<\/a>,&nbsp;<a href=\"https:\/\/www.facebook.com\/vidademadrid\">Facebook<\/a>&nbsp;o&nbsp;<a href=\"https:\/\/twitter.com\/VidaDeMadrid\">X<\/a>.<\/p>\n","protected":false},"excerpt":{"rendered":"<p>Tulipanes en el Jard\u00edn Bot\u00e1nico, Mercado de Productores de Alcobendas, nuevas exposiciones y mucho m\u00e1s. <\/p>\n","protected":false},"author":13,"featured_media":55834,"comment_status":"open","ping_status":"open","sticky":false,"template":"","format":"standard","meta":{"footnotes":""},"categories":[194],"tags":[],"class_list":{"0":"post-55838","1":"post","2":"type-post","3":"status-publish","4":"format-standard","5":"has-post-thumbnail","7":"category-planes-del-fin-de-semana-madrid"},"_links":{"self":[{"href":"https:\/\/www.vidademadrid.com\/es\/wp-json\/wp\/v2\/posts\/55838","targetHints":{"allow":["GET"]}}],"collection":[{"href":"https:\/\/www.vidademadrid.com\/es\/wp-json\/wp\/v2\/posts"}],"about":[{"href":"https:\/\/www.vidademadrid.com\/es\/wp-json\/wp\/v2\/types\/post"}],"author":[{"embeddable":true,"href":"https:\/\/www.vidademadrid.com\/es\/wp-json\/wp\/v2\/users\/13"}],"replies":[{"embeddable":true,"href":"https:\/\/www.vidademadrid.com\/es\/wp-json\/wp\/v2\/comments?post=55838"}],"version-history":[{"count":4,"href":"https:\/\/www.vidademadrid.com\/es\/wp-json\/wp\/v2\/posts\/55838\/revisions"}],"predecessor-version":[{"id":55861,"href":"https:\/\/www.vidademadrid.com\/es\/wp-json\/wp\/v2\/posts\/55838\/revisions\/55861"}],"wp:featuredmedia":[{"embeddable":true,"href":"https:\/\/www.vidademadrid.com\/es\/wp-json\/wp\/v2\/media\/55834"}],"wp:attachment":[{"href":"https:\/\/www.vidademadrid.com\/es\/wp-json\/wp\/v2\/media?parent=55838"}],"wp:term":[{"taxonomy":"category","embeddable":true,"href":"https:\/\/www.vidademadrid.com\/es\/wp-json\/wp\/v2\/categories?post=55838"},{"taxonomy":"post_tag","embeddable":true,"href":"https:\/\/www.vidademadrid.com\/es\/wp-json\/wp\/v2\/tags?post=55838"}],"curies":[{"name":"wp","href":"https:\/\/api.w.org\/{rel}","templated":true}]}}