{"id":55686,"date":"2024-04-01T12:48:21","date_gmt":"2024-04-01T10:48:21","guid":{"rendered":"https:\/\/www.vidademadrid.com\/es\/?p=55686"},"modified":"2024-04-01T12:48:24","modified_gmt":"2024-04-01T10:48:24","slug":"ciclo-actividades-academia-bellas-artes-goya-programa","status":"publish","type":"post","link":"https:\/\/www.vidademadrid.com\/es\/55686\/ciclo-actividades-academia-bellas-artes-goya-programa\/","title":{"rendered":"Ciclo de Actividades con conciertos, conferencias y proyecciones de \u00abGoya. El despertar de la conciencia\u00bb"},"content":{"rendered":"<p>La&nbsp;<strong>Real Academia de Bellas Artes de San Fernando&nbsp;<\/strong>ha presentado una&nbsp;<strong>programaci\u00f3n especial&nbsp;<\/strong>en torno a su exposici\u00f3n temporal <a href=\"https:\/\/www.vidademadrid.com\/es\/55510\/goya-despertar-conciencia-exposicion-temporal-rasbaf-2024\/\">\u00abGoya. El despertar de la conciencia\u00bb.&nbsp;<\/a>El ciclo ofrece conciertos, conferencias y proyecciones que reflexionan sobre la obra de Francisco de Goya.&nbsp;<\/p>\n<h2>Conciertos<\/h2>\n<p><script async=\"\" src=\"https:\/\/pagead2.googlesyndication.com\/pagead\/js\/adsbygoogle.js\"><\/script> <ins class=\"adsbygoogle\" style=\"display:block\" data-ad-format=\"fluid\" data-ad-layout-key=\"-7f+eo+1+2-5\" data-ad-client=\"ca-pub-7450064428034605\" data-ad-slot=\"7327027071\"><\/ins><script>(adsbygoogle = window.adsbygoogle || []).push({});<\/script><\/p>\n<ul>\n<li>Jueves 4 de abril, 12 horas:&nbsp;<em>Goya, luz y sombra&nbsp;<\/em>(espect\u00e1culo de m\u00fasica y danza).&nbsp;<\/li>\n<li>Mi\u00e9rcoles 17 de abril, 12 horas:&nbsp;<em>M\u00fasica Goyesca: Dos miradas.&nbsp;<\/em>Se presenta el Cuarteto Vocal Europa en el Sal\u00f3n de Actos de la Academia.&nbsp;<\/li>\n<li>Mi\u00e9rcoles 22 de mayo, 12 horas:&nbsp;<em>Tres grandes compositores contempor\u00e1neos de Goya&nbsp;<\/em>se presentar\u00e1 en el Sal\u00f3n de actos de la Academia.&nbsp;<\/li>\n<\/ul>\n<h2>Conferencias&nbsp;<\/h2>\n<p><script async=\"\" src=\"https:\/\/pagead2.googlesyndication.com\/pagead\/js\/adsbygoogle.js\"><\/script> <ins class=\"adsbygoogle\" style=\"display:block; text-align:center;\" data-ad-layout=\"in-article\" data-ad-format=\"fluid\" data-ad-client=\"ca-pub-7450064428034605\" data-ad-slot=\"5670045061\"><\/ins> <script>(adsbygoogle = window.adsbygoogle || []).push({});<\/script><\/p>\n<ul>\n<li>Martes 23 de abril, 12 horas:&nbsp;<em>Goya y la conciencia&nbsp;<\/em>en la Sala Guitarte de la Academia. Impartida por V\u00edctor Nieto Alcaide.<\/li>\n<li>Martes 14 de mayo, 12 horas:&nbsp;<em>Goya en rojo y negro. El proceso creativo de los Caprichos&nbsp;<\/em>en la Sala Guitarte de la Academia. Impartida por Javier Blas Benito.<\/li>\n<li>Martes 21 de mayo, 12 horas:&nbsp;<em>A\u00fan Goya&nbsp;<\/em>en la Sala Guitarte de la Academia. Impartida por Estrella de Diego&nbsp;<\/li>\n<li>Jueves 13 de junio, 12 horas:&nbsp;<em>Goya a trav\u00e9s del c\u00f3mic: \u00abSaturnalia\u00bb <\/em>(Coloquio con los autores) en la Sala Guitarte de la Academia.<\/li>\n<li>Jueves 20 de junio, 12 horas:&nbsp;<em>El teatro con m\u00fasica en tiempos de Goya&nbsp;<\/em>en la Sala Guitarte de la Academia. Impartida por Bego\u00f1a Lolo.&nbsp;<\/li>\n<\/ul>\n<h2>Proyecciones&nbsp;<\/h2>\n<ul>\n<li>S\u00e1bado 18 de mayo, 22 horas: Instalaci\u00f3n art\u00edstica de Daniel Canogar con motivo del D\u00eda Internacional de los Museos en la fachada de la Academia.&nbsp;<\/li>\n<li>Martes 4 de junio, 11.30 horas: Serie \u00ab<em>Los desastres de la Guerra<\/em>\u00bb de Mario Camus (Cap\u00edtulo 1 y 2) en la Sala Guitarte de la Academia.&nbsp;<\/li>\n<li>Mi\u00e9rcoles 5 de junio, 11.30 horas:&nbsp;Serie \u00ab<em>Los desastres de la Guerra<\/em>\u00bb de Mario Camus (Cap\u00edtulo 3 y 4) en la Sala Guitarte de la Academia.&nbsp;<\/li>\n<li>Jueves 6 de junio, 11.30 horas:&nbsp;Serie \u00ab<em>Los desastres de la Guerra<\/em>\u00bb de Mario Camus (Cap\u00edtulo 5 y 6) en la Sala Guitarte de la Academia.&nbsp;<\/li>\n<\/ul>\n","protected":false},"excerpt":{"rendered":"<p>La entrada es gratuita hasta completar aforo. <\/p>\n","protected":false},"author":15,"featured_media":55511,"comment_status":"open","ping_status":"open","sticky":false,"template":"","format":"standard","meta":{"footnotes":""},"categories":[111],"tags":[],"class_list":{"0":"post-55686","1":"post","2":"type-post","3":"status-publish","4":"format-standard","5":"has-post-thumbnail","7":"category-exposiciones-madrid"},"_links":{"self":[{"href":"https:\/\/www.vidademadrid.com\/es\/wp-json\/wp\/v2\/posts\/55686","targetHints":{"allow":["GET"]}}],"collection":[{"href":"https:\/\/www.vidademadrid.com\/es\/wp-json\/wp\/v2\/posts"}],"about":[{"href":"https:\/\/www.vidademadrid.com\/es\/wp-json\/wp\/v2\/types\/post"}],"author":[{"embeddable":true,"href":"https:\/\/www.vidademadrid.com\/es\/wp-json\/wp\/v2\/users\/15"}],"replies":[{"embeddable":true,"href":"https:\/\/www.vidademadrid.com\/es\/wp-json\/wp\/v2\/comments?post=55686"}],"version-history":[{"count":2,"href":"https:\/\/www.vidademadrid.com\/es\/wp-json\/wp\/v2\/posts\/55686\/revisions"}],"predecessor-version":[{"id":55688,"href":"https:\/\/www.vidademadrid.com\/es\/wp-json\/wp\/v2\/posts\/55686\/revisions\/55688"}],"wp:featuredmedia":[{"embeddable":true,"href":"https:\/\/www.vidademadrid.com\/es\/wp-json\/wp\/v2\/media\/55511"}],"wp:attachment":[{"href":"https:\/\/www.vidademadrid.com\/es\/wp-json\/wp\/v2\/media?parent=55686"}],"wp:term":[{"taxonomy":"category","embeddable":true,"href":"https:\/\/www.vidademadrid.com\/es\/wp-json\/wp\/v2\/categories?post=55686"},{"taxonomy":"post_tag","embeddable":true,"href":"https:\/\/www.vidademadrid.com\/es\/wp-json\/wp\/v2\/tags?post=55686"}],"curies":[{"name":"wp","href":"https:\/\/api.w.org\/{rel}","templated":true}]}}