{"id":55649,"date":"2024-04-04T21:00:18","date_gmt":"2024-04-04T19:00:18","guid":{"rendered":"https:\/\/www.vidademadrid.com\/es\/?p=55649"},"modified":"2025-10-04T14:51:49","modified_gmt":"2025-10-04T12:51:49","slug":"planes-para-este-fin-de-semana-en-madrid-5-6-y-7-de-abril-de-2024","status":"publish","type":"post","link":"https:\/\/www.vidademadrid.com\/es\/55649\/planes-para-este-fin-de-semana-en-madrid-5-6-y-7-de-abril-de-2024\/","title":{"rendered":"Planes para este fin de semana en Madrid: 5, 6 y 7 de abril de 2024"},"content":{"rendered":"<p>Vuelve el buen tiempo y un gran listado de planes para todos los gustos. Este fin de semana se podr\u00e1 disfrutar por primera vez del <strong>Front\u00f3n Beti Jai gratis y sin reserva previa<\/strong>, podr\u00e1s darte un paseo al sol por distintos <strong>mercados (Salesas, Planetario y Las Ranas)<\/strong> o asistir al <strong>Festival Relevo Condeduque<\/strong>. Para los amantes del arte, vuelven las <strong>noches del Museo del Prado<\/strong> y otras exposiciones nuevas en distintos museos de la capital, as\u00ed como la <strong>Feria Antik Almoneda<\/strong>. Y atenci\u00f3n, el domingo tendr\u00e1 lugar la <strong>1\/2 Marat\u00f3n de Madrid<\/strong>, as\u00ed que habr\u00e1 muchas calles cortadas durante las primeras horas de la ma\u00f1ana.\u00a0Como cada semana, en este art\u00edculo te hacemos una selecci\u00f3n de los mejores planes, exposiciones y restaurantes para disfrutar este fin de semana <strong>5, 6 y 7 de abril de 2024 <\/strong>en Madrid.<\/p>\n<h2>Actividades<\/h2>\n<h3>Descubre el Front\u00f3n Beti Jai (gratis)<\/h3>\n<p>Este s\u00e1bado 6 de abril y con motivo de su 130 aniversario, el <strong>front\u00f3n Beti Jai<\/strong>, ubicado muy cerca de Alonso Mart\u00ednez, abrir\u00e1 sus puertas de manera totalmente gratuita para los visitantes. Descubre toda la info sobre este monumento nacional <a href=\"https:\/\/www.vidademadrid.com\/es\/55576\/visitas-guiadas-beti-jai-reservas-apertura-publico-2024\/\">aqu\u00ed<\/a>.<\/p>\n<figure id=\"attachment_52603\" aria-describedby=\"caption-attachment-52603\" style=\"width: 1200px\" class=\"wp-caption aligncenter\"><a href=\"https:\/\/www.vidademadrid.com\/es\/wp-content\/uploads\/2023\/09\/BetiJai-.jpg\"><img loading=\"lazy\" decoding=\"async\" class=\"size-full wp-image-52603\" src=\"https:\/\/www.vidademadrid.com\/es\/wp-content\/uploads\/2023\/09\/BetiJai-.jpg\" alt=\"\" width=\"1200\" height=\"600\" srcset=\"https:\/\/www.vidademadrid.com\/es\/wp-content\/uploads\/2023\/09\/BetiJai-.jpg 1200w, https:\/\/www.vidademadrid.com\/es\/wp-content\/uploads\/2023\/09\/BetiJai--300x150.jpg 300w, https:\/\/www.vidademadrid.com\/es\/wp-content\/uploads\/2023\/09\/BetiJai--1024x512.jpg 1024w, https:\/\/www.vidademadrid.com\/es\/wp-content\/uploads\/2023\/09\/BetiJai--768x384.jpg 768w, https:\/\/www.vidademadrid.com\/es\/wp-content\/uploads\/2023\/09\/BetiJai--696x348.jpg 696w, https:\/\/www.vidademadrid.com\/es\/wp-content\/uploads\/2023\/09\/BetiJai--1068x534.jpg 1068w, https:\/\/www.vidademadrid.com\/es\/wp-content\/uploads\/2023\/09\/BetiJai--840x420.jpg 840w\" sizes=\"auto, (max-width: 1200px) 100vw, 1200px\" \/><\/a><figcaption id=\"caption-attachment-52603\" class=\"wp-caption-text\">Foto: Ayutamiento de Madrid<\/figcaption><\/figure>\n<h3>No te pierdas la nueva pista de tenis de la Plaza Mayor<\/h3>\n<p>En plena Plaza Mayor y con motivo de <strong>Mutua Madrid Open 2024<\/strong>, han instalado una pista de tenis con el fin de acercar a todos los madrile\u00f1os a este deporte. Se trata de una gran pista de tierra batida que se podr\u00e1 reservar por un precio simb\u00f3lico (1\u20ac) a partir del 6 de abril a trav\u00e9s de la aplicaci\u00f3n Playtomic. M\u00e1s info <a href=\"https:\/\/www.vidademadrid.com\/es\/55695\/pista-tenis-plaza-mayor-madrid-reservas-2024\/\">aqu\u00ed<\/a>.<\/p>\n<h3>Anima a todos los participantes de la 1\/2 Marat\u00f3n de Madrid<\/h3>\n<p>Este domingo 7 de abril las calles de la ciudad se vuelven a llenar de miles de corredores que completar\u00e1n algo m\u00e1s de 21 km corriendo. As\u00ed que recuerda que al menos durante las primeras horas de la ma\u00f1ana y hasta el medio d\u00eda muchas calles de Madrid estar\u00e1n cortadas y podr\u00e1s aprovechar y animar a todos los valientes. Descubre el recorrido completo <a href=\"https:\/\/www.mediomaratonmadrid.es\/mmm-recorrido\">aqu\u00ed<\/a>.<\/p>\n<h3>Disfruta de alguno de los mercados disponibles este fin de semana<\/h3>\n<figure id=\"attachment_44797\" aria-describedby=\"caption-attachment-44797\" style=\"width: 1024px\" class=\"wp-caption aligncenter\"><a href=\"https:\/\/www.vidademadrid.com\/es\/wp-content\/uploads\/2022\/09\/unnamed1-1-1024x683-1.jpg\"><img loading=\"lazy\" decoding=\"async\" class=\"size-full wp-image-44797\" src=\"https:\/\/www.vidademadrid.com\/es\/wp-content\/uploads\/2022\/09\/unnamed1-1-1024x683-1.jpg\" alt=\"\" width=\"1024\" height=\"683\" srcset=\"https:\/\/www.vidademadrid.com\/es\/wp-content\/uploads\/2022\/09\/unnamed1-1-1024x683-1.jpg 1024w, https:\/\/www.vidademadrid.com\/es\/wp-content\/uploads\/2022\/09\/unnamed1-1-1024x683-1-300x200.jpg 300w, https:\/\/www.vidademadrid.com\/es\/wp-content\/uploads\/2022\/09\/unnamed1-1-1024x683-1-768x512.jpg 768w, https:\/\/www.vidademadrid.com\/es\/wp-content\/uploads\/2022\/09\/unnamed1-1-1024x683-1-696x464.jpg 696w, https:\/\/www.vidademadrid.com\/es\/wp-content\/uploads\/2022\/09\/unnamed1-1-1024x683-1-630x420.jpg 630w\" sizes=\"auto, (max-width: 1024px) 100vw, 1024px\" \/><\/a><figcaption id=\"caption-attachment-44797\" class=\"wp-caption-text\">Foto: The Festival Salesas<\/figcaption><\/figure>\n<p>Con el buen tiempo no hay mejor plan que pasear al sol mientras observas puestos con distintos productos, accesorios, artesan\u00edas&#8230; as\u00ed que si te ha sonado bien, apunta que este finde estar\u00e1n en las calles:<\/p>\n<h4>Mercado de Planetario<\/h4>\n<p>En la Avenida del Planetario (Distrito Arganzuela) te esperan un total de 36 peque\u00f1os productores que venden diferentes\u00a0productos alimentarios, ecol\u00f3gicos y de cercan\u00eda.\u00a0En el Mercado podr\u00e1s adquirir, entre otros productos, aceites, carnes, hortalizas, verduras, frutas y zumos, quesos, huevos, miel, dulces, pasta fresca y aperitivos. M\u00e1s info <a href=\"https:\/\/www.vidademadrid.com\/es\/39865\/mercado-planetario-madrid-fechas-horarios-2022-productores\/\">aqu\u00ed<\/a>.<\/p>\n<h4>Festival Salesas<\/h4>\n<p>Este s\u00e1bado 6 de abril vuelve la nueva edici\u00f3n de\u00a0<strong>The Festival by Salesas<\/strong>. Un mercadillo al aire libre en la calle de Campoamor y Santa Teresa con puestos de distintas marcas de productos, moda, accesorios. Disponible en horario de 11.30 h a 20 h. M\u00e1s info <a href=\"https:\/\/salesas.madrid\/the-festival\/\">aqu\u00ed<\/a>.<\/p>\n<h4>Mercado de las Ranas<\/h4>\n<p>Por \u00faltimo, por la zona de Huertas este s\u00e1bado 6 de abril estar\u00e1 disponible el <strong>Mercado de las Ranas<\/strong>, similar a otros mercados mundialmente conocidos como el Portobello Road o Camden Town de Londres, y donde podr\u00e1s comprar artesan\u00edas, accesorios y m\u00e1s productos. Toda la info <a href=\"https:\/\/www.esmadrid.com\/agenda\/mercado-de-las-ranas-barrio-de-las-letras#\">aqu\u00ed.<\/a><\/p>\n<h3>Vive la Feria de Abril en Fuenlabrada<\/h3>\n<p>Ya empieza a oler a Feria y para no tener que bajar al sur, Fuenlabrada acoger\u00e1 del 5 al 7 de abril en su plaza de Espa\u00f1a una <strong>Feria de Abril<\/strong>. Habr\u00e1 Coros rocieros, sevillanas y trajes de faralaes. Se podr\u00e1 disfrutar de manera gratuita de actuaciones, bailes,\u00a0una <em>masterclass<\/em> e incluso de una degustaci\u00f3n de vino manzanilla. Tienes toda la informaci\u00f3n en la <a href=\"https:\/\/www.ayto-fuenlabrada.es\/web\/portal\/w\/fuenlabrada-celebra-su-feria-de-abril-02042024\">p\u00e1gina web del ayuntamiento.\u00a0<\/a><\/p>\n<h3>Cu\u00eddate o monta un plan de amigas en Esthepil<\/h3>\n<p>Durante Semana Santa descubrimos este espacio en pleno Lavapi\u00e9s centrado en el cuidado personal y donde tambi\u00e9n podr\u00e1s disfrutar de <strong>sesiones de \u00abPizzica Taranta\u00bb<\/strong> (baile popular del sur de Italia), <strong>montar actividades con amigas<\/strong> o <strong>hacerte alguno de sus tratamientos como depilaci\u00f3n l\u00e1ser, tratamientos faciales y corporales<\/strong>.<\/p>\n<p>Por ser seguidor de Vida de Madrid, este fin de semana podr\u00e1s disfrutar de un precio especial en su tratamiento de \u00ablifting sin cirug\u00eda\u00bb + opci\u00f3n de maquillaje o sesi\u00f3n de \u00abPizzica Taranta\u00bb + tarjeta de Lavapi\u00e9s con descuentos en tiendas del barrio. Toda la info en nuestras <a href=\"https:\/\/www.instagram.com\/stories\/highlights\/17876477922060333\/\">stories<\/a> o <a href=\"https:\/\/www.instagram.com\/p\/C5RKL9aN4hc\/\">reels de IG<\/a>.<\/p>\n<h3>Entra a la Maison Lancome de Col\u00f3n<\/h3>\n<p>Durante este finde en pleno Col\u00f3n te encontrar\u00e1s con la XIII edici\u00f3n de Maison Lanc\u00f4me, que te espera con actividades como una <em>masterclass<\/em> gratis de maquillaje (si eres r\u00e1pid@, puedes reservar tu plaza a trav\u00e9s de este <a href=\"https:\/\/www.eventbrite.es\/e\/masterclass-maison-lancome-tickets-856925606557\">enlace<\/a>) y otras muchas novedades. Podr\u00e1s ir descubriendo todo a trav\u00e9s de su <a href=\"https:\/\/www.instagram.com\/beautyexpertlancome\/\">perfil de IG<\/a>.<\/p>\n<h3>Ap\u00fantate a alguna de las actividades por los d\u00edas europeos de la Artesan\u00eda<\/h3>\n<p>Un programa completo lleno de distintas actividades relacionadas con las artesan\u00edas y pr\u00e1cticas artesanas. Si te interesa, descubre todo <a href=\"https:\/\/www.diasdelaartesania.es\/\">aqu\u00ed<\/a>.<\/p>\n<h2>Exposiciones<\/h2>\n<figure id=\"attachment_49284\" aria-describedby=\"caption-attachment-49284\" style=\"width: 1200px\" class=\"wp-caption aligncenter\"><a href=\"https:\/\/www.vidademadrid.com\/es\/wp-content\/uploads\/2023\/03\/museodelprado.jpeg\"><img loading=\"lazy\" decoding=\"async\" class=\"size-full wp-image-49284\" src=\"https:\/\/www.vidademadrid.com\/es\/wp-content\/uploads\/2023\/03\/museodelprado.jpeg\" alt=\"\" width=\"1200\" height=\"600\" srcset=\"https:\/\/www.vidademadrid.com\/es\/wp-content\/uploads\/2023\/03\/museodelprado.jpeg 1200w, https:\/\/www.vidademadrid.com\/es\/wp-content\/uploads\/2023\/03\/museodelprado-300x150.jpeg 300w, https:\/\/www.vidademadrid.com\/es\/wp-content\/uploads\/2023\/03\/museodelprado-1024x512.jpeg 1024w, https:\/\/www.vidademadrid.com\/es\/wp-content\/uploads\/2023\/03\/museodelprado-768x384.jpeg 768w, https:\/\/www.vidademadrid.com\/es\/wp-content\/uploads\/2023\/03\/museodelprado-696x348.jpeg 696w, https:\/\/www.vidademadrid.com\/es\/wp-content\/uploads\/2023\/03\/museodelprado-1068x534.jpeg 1068w, https:\/\/www.vidademadrid.com\/es\/wp-content\/uploads\/2023\/03\/museodelprado-840x420.jpeg 840w\" sizes=\"auto, (max-width: 1200px) 100vw, 1200px\" \/><\/a><figcaption id=\"caption-attachment-49284\" class=\"wp-caption-text\">Foto: Museo del Prado<\/figcaption><\/figure>\n<p>Este fin de semana vuelve a tener lugar la <strong>apertura nocturna del Museo Del Prado<\/strong>. Adem\u00e1s tambi\u00e9n te proponemos <strong>otras exposiciones<\/strong> diferentes que te pueden interesar:<\/p>\n<h3>Visita el Museo del Prado por la noche<\/h3>\n<p>Como ya es habitual, el primer s\u00e1bado de cada mes, la mayor pinacoteca de Europa abre sus puertas de forma extraordinaria por la noche para que los visitantes puedan disfrutar de una tarde\/noche diferente y rodeados de grandes muestras art\u00edsticas. El \u00faltimo acceso es a las 23 h y la entrada es gratis hasta completar aforo. M\u00e1s info <a href=\"https:\/\/www.vidademadrid.com\/es\/55035\/el-prado-noche-visita-nocturna-prado-2024\/\">aqu\u00ed<\/a>.<\/p>\n<h3>Descubre gratis el Museo Arqueol\u00f3gico y su nueva exposici\u00f3n especial<\/h3>\n<p>Para celebrar una d\u00e9cada desde la reapertura de sus puertas, el\u00a0<strong>Museo Arqueol\u00f3gico Nacional<\/strong>\u00a0tendr\u00e1\u00a0entrada gratuita y una nueva exposici\u00f3n temporal. Una muestra que expone la mirada del fot\u00f3grafo Jos\u00e9\u00a0Manuel\u00a0Ballester tras la reforma del museo. Toda la info <a href=\"https:\/\/www.vidademadrid.com\/es\/55714\/entrada-gratuita-museo-arqueologico-exposicion-ballester-2024\/\">aqu\u00ed<\/a>.<\/p>\n<h3>Date una vuelta por la nueva exposici\u00f3n del Museo de Antropolog\u00eda<\/h3>\n<div class=\"group-header\">\n<div class=\"field-items\">\n<div class=\"field-item odd first last\"><strong>Vitrina de Antropolog\u00eda (In)visible: La hora del t\u00e9. \u00bfCon az\u00facar o con sal?<\/strong> As\u00ed se llama la nueva muestra que se ha estrenado esta misma semana en el <strong>Museo de Antropolog\u00eda<\/strong> ubicado en el Paseo del Arte. Sus protagonistas son el t\u00e9, infusi\u00f3n y bebida estimulante oriunda de China y la podr\u00e1s visitar gratis. M\u00e1s info <a href=\"https:\/\/www.esmadrid.com\/agenda\/vitrina-antropologia-invisible-hora-te-azucar-o-sal-museo-nacional-antropologia#\">aqu\u00ed<\/a>.<\/div>\n<\/div>\n<\/div>\n<h3>Sorpr\u00e9ndete con Antik Almoneda 2024<\/h3>\n<div>Si eres un amante del arte y la decoraci\u00f3n, este es tu plan. Por si no lo conoces a\u00fan, <strong>Antik Almoneda<\/strong> es una feria de arte y antig\u00fcedades \u00fanicas que tendr\u00e1 lugar del 6 al 14 de abril en <strong>IFEMA<\/strong>. <strong>Podr\u00e1s adquirir tu entrada online por 5 \u20ac<\/strong> gracias al descuento especial para los seguidores de Vida de Madrid, con c\u00f3digo VIDADEMADRID (el precio en taquilla es de 13 \u20ac). Toda la info y p\u00e1gina de entradas <a href=\"https:\/\/bit.ly\/Compra_Entradas_Feria_Antik_Almoneda_Ifema\">aqu\u00ed<\/a>.<\/div>\n<h3>S\u00e9 el primero en conocer \u00abThe Art of Manga\u00bb<\/h3>\n<div>\n<p>Si te gusta este mundo, <strong>\u00abThe Art of Manga\u00bb\u00a0<\/strong>propondr\u00e1 un\u00a0recorrido por la historia del manga\u00a0desde sus or\u00edgenes hasta la actualidad y permitir\u00e1 descubrir la\u00a0relaci\u00f3n entre el manga moderno y el anime a familias a\u00a0\u00a0trav\u00e9s de\u00a0150 piezas y obras de arte. La muestra est\u00e1 disponible en el COAM. Toda la info y entradas <a href=\"https:\/\/www.vidademadrid.com\/es\/55579\/exposicion-art-manga-fechas-entradas-2024\/\">aqu\u00ed<\/a>.<\/p>\n<\/div>\n<h2>Festivales, teatros y conciertos<\/h2>\n<figure id=\"attachment_55019\" aria-describedby=\"caption-attachment-55019\" style=\"width: 1200px\" class=\"wp-caption aligncenter\"><a href=\"https:\/\/www.vidademadrid.com\/es\/wp-content\/uploads\/2024\/02\/21dist.jpg\"><img loading=\"lazy\" decoding=\"async\" class=\"size-full wp-image-55019\" src=\"https:\/\/www.vidademadrid.com\/es\/wp-content\/uploads\/2024\/02\/21dist.jpg\" alt=\"\" width=\"1200\" height=\"600\" srcset=\"https:\/\/www.vidademadrid.com\/es\/wp-content\/uploads\/2024\/02\/21dist.jpg 1200w, https:\/\/www.vidademadrid.com\/es\/wp-content\/uploads\/2024\/02\/21dist-300x150.jpg 300w, https:\/\/www.vidademadrid.com\/es\/wp-content\/uploads\/2024\/02\/21dist-1024x512.jpg 1024w, https:\/\/www.vidademadrid.com\/es\/wp-content\/uploads\/2024\/02\/21dist-768x384.jpg 768w, https:\/\/www.vidademadrid.com\/es\/wp-content\/uploads\/2024\/02\/21dist-696x348.jpg 696w, https:\/\/www.vidademadrid.com\/es\/wp-content\/uploads\/2024\/02\/21dist-1068x534.jpg 1068w, https:\/\/www.vidademadrid.com\/es\/wp-content\/uploads\/2024\/02\/21dist-840x420.jpg 840w\" sizes=\"auto, (max-width: 1200px) 100vw, 1200px\" \/><\/a><figcaption id=\"caption-attachment-55019\" class=\"wp-caption-text\">Foto: 21 distritos<\/figcaption><\/figure>\n<h3>Descubre el Festiva Relevo Condeduque<\/h3>\n<p>El festival que refleja el panorama art\u00edstico nacional para imaginar el futuro de la m\u00fasica y descubrir nuevos talentos. Se podr\u00e1 disfrutar en el espacio cultural Condeduque gratis del 6 al 28 de abril. Este s\u00e1bado a partir de las 12 h habr\u00e1 talleres, charlas, feria de discos de Festichachi y las actuaciones de: Ashleys, Carrera Blanca, Cometa, Corte!, Gus, Lusill\u00f3n, Nico B y Vicente Calder\u00f3n. M\u00e1s info <a href=\"https:\/\/www.vidademadrid.com\/es\/55676\/festival-relevo-2024-conciertos-gratuitos-programa\/\">aqu\u00ed<\/a>.<\/p>\n<h3>Asiste a uno de los conciertos gratuitos de 21 distritos<\/h3>\n<p>Este fin de semana puedes disfrutar de forma gratuita de:<\/p>\n<ul>\n<li><strong>Encuentro con Yamandu Costa<\/strong>. Armon\u00edas brasile\u00f1as en vivo. Disponible el viernes 5 de abril.<\/li>\n<li><strong>\u00abMar, o c\u00f3mo sobrevivir a un Tsunami\u00bb<\/strong>, un espect\u00e1culo de circo y m\u00fasica en el distrito de Fuencarral &#8211; El Pardo. Disponible el s\u00e1bado 6 de abril.<\/li>\n<li><strong>Magalis Datzira<\/strong>, m\u00fasica intimista y mediterr\u00e1nea en Chamber\u00ed. Disponible el s\u00e1bado 6 de abril.<\/li>\n<li><strong>Estrellas del Caribe<\/strong>, la m\u00edtica banda colombiana pionera de la ch\u00e1mpela criolla en el distrito de Moncloa &#8211; Aravaca. Disponible el domingo 7 de abril.<\/li>\n<\/ul>\n<p>Descubre la programaci\u00f3n completa y horarios <a href=\"https:\/\/21distritos.es\/programacion\/\">aqu\u00ed<\/a>.<\/p>\n<h3>Disfruta de la nueva obra del Teatro Espa\u00f1ol<\/h3>\n<p>\u00abCamino largo de vuelta a casa\u00bb, con tanto y direcci\u00f3n de I\u00f1igo Guardamino. Es una obra protagonizada por tres generaciones de mujeres con sus historias y que van a tener que comunicarse y encontrarse a ellas mismas. Saldr\u00e1n a la luz secretos, viejas heridas&#8230; M\u00e1s info <a href=\"https:\/\/www.teatroespanol.es\/camino-largo-de-vuelta-casa\">aqu\u00ed<\/a>.<\/p>\n<h2>\u00daltima oportunidad para disfrutar de&#8230;<\/h2>\n<h3>G\u00e9nesis, la experiencia inmersiva dentro de una iglesia<\/h3>\n<p>Un espect\u00e1culo que combina arte y tecnolog\u00eda para crear una experiencia inmersiva de luz que representa a trav\u00e9s de\u00a0un recorrido de cuatro partes\u00a0los primeros tres d\u00edas de la creaci\u00f3n en \u2018Genesis\u2019. Disponible en la\u00a0Comunidad Evang\u00e9lica de Habla alemana de Madrid\u00a0(Metro Col\u00f3n). Las entradas las puedes adquirir por Fever, aunque te avisamos que quedan las \u00faltimas disponibles para este domingo. M\u00e1s info <a href=\"https:\/\/www.vidademadrid.com\/es\/54568\/genesis-espectaculo-luz-iglesia-madrid-entradas\/\">aqu\u00ed<\/a>.<\/p>\n<figure id=\"attachment_54569\" aria-describedby=\"caption-attachment-54569\" style=\"width: 1200px\" class=\"wp-caption aligncenter\"><a href=\"https:\/\/www.vidademadrid.com\/es\/wp-content\/uploads\/2024\/01\/genesis-vidademadrid.jpg\"><img loading=\"lazy\" decoding=\"async\" class=\"size-full wp-image-54569\" src=\"https:\/\/www.vidademadrid.com\/es\/wp-content\/uploads\/2024\/01\/genesis-vidademadrid.jpg\" alt=\"\" width=\"1200\" height=\"600\" srcset=\"https:\/\/www.vidademadrid.com\/es\/wp-content\/uploads\/2024\/01\/genesis-vidademadrid.jpg 1200w, https:\/\/www.vidademadrid.com\/es\/wp-content\/uploads\/2024\/01\/genesis-vidademadrid-300x150.jpg 300w, https:\/\/www.vidademadrid.com\/es\/wp-content\/uploads\/2024\/01\/genesis-vidademadrid-1024x512.jpg 1024w, https:\/\/www.vidademadrid.com\/es\/wp-content\/uploads\/2024\/01\/genesis-vidademadrid-768x384.jpg 768w, https:\/\/www.vidademadrid.com\/es\/wp-content\/uploads\/2024\/01\/genesis-vidademadrid-696x348.jpg 696w, https:\/\/www.vidademadrid.com\/es\/wp-content\/uploads\/2024\/01\/genesis-vidademadrid-1068x534.jpg 1068w, https:\/\/www.vidademadrid.com\/es\/wp-content\/uploads\/2024\/01\/genesis-vidademadrid-840x420.jpg 840w\" sizes=\"auto, (max-width: 1200px) 100vw, 1200px\" \/><\/a><figcaption id=\"caption-attachment-54569\" class=\"wp-caption-text\">Foto: Vida de Madrid<\/figcaption><\/figure>\n<h2>Restaurantes para el finde<\/h2>\n<h3>Nuevo restaurante de Jenkin&#8217;s<\/h3>\n<p>Muy cerca de nuevos Ministerios, concretamente en la calle Orense, la hamburgueser\u00eda Jenkin&#8217;s abre su local m\u00e1s grande. Un lugar en el que destaca la Emmy-B, nombrada la mejor hamburguesa de Europa del 2023. Si te consideras un amante de las burgers y no has probado esta a\u00fan, ap\u00fantate este sitio. Nosotros tuvimos la suerte de asistir a su fiesta de inauguraci\u00f3n que podr\u00e1s revivir a trav\u00e9s de nuestras IG stories.<\/p>\n<h3>La Lonja del Mar<\/h3>\n<p>En plena Plaza Oriente visitamos esta marisquer\u00eda donde se puede disfrutar de productos frescos en un espacio privilegiado de la capital. Adem\u00e1s, acaba de presentar su especial cena Titanic, una velada \u00fanica que tendr\u00e1 lugar el 13 de abril. Descubre todos sus platos y nuestra visita a trav\u00e9s de <a href=\"https:\/\/www.instagram.com\/stories\/highlights\/18036377446869665\/\">IG stories<\/a>.<\/p>\n<h3>La Cabrera<\/h3>\n<p>Volvemos a este templo de carne argentina en plena <strong>calle Vel\u00e1zquez<\/strong>\u00a0donde se disfruta los sabores argentinos en la parrilla: carnes argentinas, empanadas y los mejores postres&#8230; descubre m\u00e1s sobre su local, comida y nuestras en IG stories.<\/p>\n<h3>Feria de la cerveza en Moratalaz<\/h3>\n<p>Los d\u00edas 4, 5, 6 y 7 vuelve esta <strong>Feria de Cereza Artesana<\/strong> al\u00a0Recinto Ferial de la Cu\u00f1a Verde de O\u2019Donnell (Av. del Doctor Garc\u00eda Tapia 125). Podr\u00e1s disfrutar de una gran variedad de cervezas: 8030 Brewing Co., Peninsula, CCVK, Albufera, La Charanga, Panda Beer, Octavo Arte, Reliquia Madrile\u00f1a, Dichosa, El Jard\u00edn de la Cerveza, Bacterio Brewing Co., Castiza, Chula, The One, Go!\u00a0y\u00a0Bidassoa. El acceso es gratuito y el horario de apertura es: Viernes y S\u00e1bado de 13 h a 1 h \/ Domingo de 13 h a 23 h.<\/p>\n<h2>M\u00e1s planes<\/h2>\n<p>Como siempre, tenemos muchas m\u00e1s propuestas de planes en Vida de Madrid. Puedes consultar el <strong>listado completo de planes<\/strong>\u00a0en nuestra\u00a0<a href=\"https:\/\/www.vidademadrid.com\/es\/55647\/agenda-abril-2024-madrid-planes-eventos\/\"><strong>agenda del mes<\/strong><\/a><a href=\"https:\/\/www.vidademadrid.com\/es\/52298\/agenda-septiembre-2023-madrid\/\">\u00a0<\/a>y en el\u00a0<a href=\"http:\/\/vidademadrid.com\/planes\"><strong>especial Planes<\/strong><\/a>. No te pierdas los eventos del momento en nuestras redes: puedes seguir <a href=\"https:\/\/www.instagram.com\/VidaDeMadrid\/\">los reportajes diarios en IG Stories @vidademadrid<\/a>\u2026 y m\u00e1s contenido en <a href=\"https:\/\/www.tiktok.com\/@vida_demadrid\">TikTok<\/a>,\u00a0<a href=\"https:\/\/www.facebook.com\/vidademadrid\">Facebook<\/a>\u00a0o\u00a0<a href=\"https:\/\/twitter.com\/VidaDeMadrid\">X<\/a>.<\/p>\n","protected":false},"excerpt":{"rendered":"<p>Apertura gratuita del Front\u00f3n Beti Jai, distintos mercados, el Festival Relevo de Condeduque o el Museo del Prado  por la noche. <\/p>\n","protected":false},"author":13,"featured_media":55726,"comment_status":"open","ping_status":"open","sticky":false,"template":"","format":"standard","meta":{"footnotes":""},"categories":[194],"tags":[],"class_list":{"0":"post-55649","1":"post","2":"type-post","3":"status-publish","4":"format-standard","5":"has-post-thumbnail","7":"category-planes-del-fin-de-semana-madrid"},"_links":{"self":[{"href":"https:\/\/www.vidademadrid.com\/es\/wp-json\/wp\/v2\/posts\/55649","targetHints":{"allow":["GET"]}}],"collection":[{"href":"https:\/\/www.vidademadrid.com\/es\/wp-json\/wp\/v2\/posts"}],"about":[{"href":"https:\/\/www.vidademadrid.com\/es\/wp-json\/wp\/v2\/types\/post"}],"author":[{"embeddable":true,"href":"https:\/\/www.vidademadrid.com\/es\/wp-json\/wp\/v2\/users\/13"}],"replies":[{"embeddable":true,"href":"https:\/\/www.vidademadrid.com\/es\/wp-json\/wp\/v2\/comments?post=55649"}],"version-history":[{"count":9,"href":"https:\/\/www.vidademadrid.com\/es\/wp-json\/wp\/v2\/posts\/55649\/revisions"}],"predecessor-version":[{"id":55840,"href":"https:\/\/www.vidademadrid.com\/es\/wp-json\/wp\/v2\/posts\/55649\/revisions\/55840"}],"wp:featuredmedia":[{"embeddable":true,"href":"https:\/\/www.vidademadrid.com\/es\/wp-json\/wp\/v2\/media\/55726"}],"wp:attachment":[{"href":"https:\/\/www.vidademadrid.com\/es\/wp-json\/wp\/v2\/media?parent=55649"}],"wp:term":[{"taxonomy":"category","embeddable":true,"href":"https:\/\/www.vidademadrid.com\/es\/wp-json\/wp\/v2\/categories?post=55649"},{"taxonomy":"post_tag","embeddable":true,"href":"https:\/\/www.vidademadrid.com\/es\/wp-json\/wp\/v2\/tags?post=55649"}],"curies":[{"name":"wp","href":"https:\/\/api.w.org\/{rel}","templated":true}]}}