{"id":55625,"date":"2024-03-27T20:10:47","date_gmt":"2024-03-27T19:10:47","guid":{"rendered":"https:\/\/www.vidademadrid.com\/es\/?p=55625"},"modified":"2024-04-01T09:20:16","modified_gmt":"2024-04-01T07:20:16","slug":"planes-para-el-puente-de-semana-santa-28-29-30-y-31-de-marzo-de-2024","status":"publish","type":"post","link":"https:\/\/www.vidademadrid.com\/es\/55625\/planes-para-el-puente-de-semana-santa-28-29-30-y-31-de-marzo-de-2024\/","title":{"rendered":"Planes para el puente de Semana Santa: 28, 29, 30 y 31 de marzo de 2024"},"content":{"rendered":"\n<p>\u00a1Ya estamos en Semana Santa! y como no pod\u00eda ser de otra manera nos esperan muchas actividades con motivo de estas fiestas en distintas partes de la Comunidad: <strong>procesiones, m\u00fasica y m\u00e1s<\/strong>. Adem\u00e1s durante la noche del s\u00e1bado se podr\u00e1 vivir la recreaci\u00f3n de la <strong>Pasi\u00f3n de Cristo en Chinch\u00f3n<\/strong>. Para los que busquen otros planes, no te puedes perder los primeros <strong>espect\u00e1culos de las fuentes de La Granja de San Ildefonso<\/strong>. Como cada semana, en este art\u00edculo te hacemos una selecci\u00f3n de los mejores planes, exposiciones y musicales para disfrutar este fin de semana <strong>28, 29, 30 y 31 de marzo de 2024 <\/strong>en Madrid.<\/p>\n\n\n\n<p>\u00a1Atenci\u00f3n! Durante todo el puente habr\u00e1 <a href=\"https:\/\/www.vidademadrid.com\/es\/55621\/cierre-estacion-sol-semana-santa-2024\/\">cierres en la l\u00ednea de metro de Sol.&nbsp;<\/a><\/p>\n\n\n\n<script async=\"\" src=\"https:\/\/pagead2.googlesyndication.com\/pagead\/js\/adsbygoogle.js\"><\/script> <ins class=\"adsbygoogle\" style=\"display:block\" data-ad-format=\"fluid\" data-ad-layout-key=\"-7f+eo+1+2-5\" data-ad-client=\"ca-pub-7450064428034605\" data-ad-slot=\"7327027071\"><\/ins><script>(adsbygoogle = window.adsbygoogle || []).push({});<\/script>\n\n\n\n<h2 class=\"wp-block-heading\">Especial actividades Semana Santa<\/h2>\n\n\n<div class=\"wp-block-image\">\n<figure class=\"aligncenter\"><a href=\"https:\/\/www.vidademadrid.com\/es\/wp-content\/uploads\/2024\/03\/Semana-Santa-.jpg\"><img loading=\"lazy\" decoding=\"async\" width=\"1200\" height=\"600\" src=\"https:\/\/www.vidademadrid.com\/es\/wp-content\/uploads\/2024\/03\/Semana-Santa-.jpg\" alt=\"\" class=\"wp-image-55327\" srcset=\"https:\/\/www.vidademadrid.com\/es\/wp-content\/uploads\/2024\/03\/Semana-Santa-.jpg 1200w, https:\/\/www.vidademadrid.com\/es\/wp-content\/uploads\/2024\/03\/Semana-Santa--300x150.jpg 300w, https:\/\/www.vidademadrid.com\/es\/wp-content\/uploads\/2024\/03\/Semana-Santa--1024x512.jpg 1024w, https:\/\/www.vidademadrid.com\/es\/wp-content\/uploads\/2024\/03\/Semana-Santa--768x384.jpg 768w, https:\/\/www.vidademadrid.com\/es\/wp-content\/uploads\/2024\/03\/Semana-Santa--696x348.jpg 696w, https:\/\/www.vidademadrid.com\/es\/wp-content\/uploads\/2024\/03\/Semana-Santa--1068x534.jpg 1068w, https:\/\/www.vidademadrid.com\/es\/wp-content\/uploads\/2024\/03\/Semana-Santa--840x420.jpg 840w\" sizes=\"auto, (max-width: 1200px) 100vw, 1200px\" \/><\/a><figcaption>Foto: Ayuntamiento de Alcal\u00e1 de Henares<\/figcaption><\/figure><\/div>\n\n\n<h3 class=\"wp-block-heading\">Semana Santa en Madrid<\/h3>\n\n\n\n<p>Durante estos cuatro d\u00edas en las calles y localizaciones de Madrid se podr\u00e1 disfrutar de procesiones, m\u00fasica y m\u00e1s:<\/p>\n\n\n\n<h4 class=\"wp-block-heading\">Procesiones<\/h4>\n\n\n\n<ul class=\"wp-block-list\"><li><strong>Jueves Santo (28 de marzo): <\/strong>Se podr\u00e1 disfrutar de la <strong>procesi\u00f3n del&nbsp;Gran Poder y Macarena<\/strong> (18 h desde la Real Colegiata de San Isidro),&nbsp;<strong>El Divino Cautivo<\/strong> (19 h desde&nbsp;el Colegio Calasancio de lo padres escolapios), <strong>la procesi\u00f3n de&nbsp;El Pobre y Dulce Nombre<\/strong> (18.15 h desde&nbsp;la Iglesia de San Pedro El Viejo), <strong>la procesi\u00f3n de la Cofrad\u00eda de&nbsp;Nuestro Padre Jes\u00fas Nazareno y Mar\u00eda Sant\u00edsima de la Soledad<\/strong> (20 h desde&nbsp;la Parroquia de San Andr\u00e9s Ap\u00f3stol en Villaverde Alto).<\/li><li><strong>Viernes Santo (29 de marzo): <\/strong>no te podr\u00e1s perder <strong>la procesi\u00f3n del&nbsp;Cristo de Medinaceli<\/strong> (19 h desde &nbsp;la Bas\u00edlica de Jes\u00fas de Medinaceli), <strong>la procesi\u00f3n del&nbsp;Santo Entierro<\/strong> (20 h desde&nbsp;la Parroquia de Santa Cruz), l<strong>a procesi\u00f3n de la&nbsp;Real Congregaci\u00f3n de Esclavos de Mar\u00eda Sant\u00edsima de los Siete Dolores<\/strong> (19 h desde&nbsp;la Parroquia de Santa Cruz a las 19 horas),&nbsp;<strong>El Divino Cautivo<\/strong> (18.45 h desde el&nbsp;Colegio Calasancio de los padres escolapios), <strong>la procesi\u00f3n de&nbsp;Los Alabarderos<\/strong> (19 h desde&nbsp;la Catedral de las Fuerzas Armadas de Espa\u00f1a), <strong>el&nbsp;Cristo de la Misericordia y Mar\u00eda Sant\u00edsima de la Soledad<\/strong> (20 h desde la&nbsp;Parroquia de San Andr\u00e9s Ap\u00f3stol), l<strong>a procesi\u00f3n del Silencio&nbsp;de Carabanchel<\/strong> (21 h desde la Parroquia San Sebasti\u00e1n M\u00e1rtir de Carabanchel).<\/li><li><strong>S\u00e1bado Santo (30 de marzo):&nbsp;La Soledad<\/strong> (16 h desde&nbsp;la Iglesia de la Concepci\u00f3n Real de Calatrava).<\/li><\/ul>\n\n\n\n<h4 class=\"wp-block-heading\">Tamborrada del Domingo de Resurrecci\u00f3n<\/h4>\n\n\n\n<p><strong>El 31 de marzo tendr\u00e1 lugar l<\/strong>a tradicional&nbsp;<strong>Tamborrada&nbsp;<\/strong>tocar\u00e1 en la&nbsp;<strong>Puerta del Sol&nbsp;<\/strong>de 13 a 14 horas.<\/p>\n\n\n\n<h4 class=\"wp-block-heading\">Saetas<\/h4>\n\n\n\n<ul class=\"wp-block-list\"><li><b>Jueves Santo (28 de marzo): <\/b>En la&nbsp;<span style=\"font-weight: 600;\">Real<\/span>&nbsp;Casa de Correos a las 19.45 h y a las 21.30 h.<\/li><li><strong>Viernes Santo (29 de marzo):<\/strong> Desde el balc\u00f3n del Casino de Madrid (C\/ Alcal\u00e1, 15) a las 21.30 h. y desde el balc\u00f3n de la Plaza de la Villa a las 18.30 h.<\/li><li><strong>S\u00e1bado Santo (30 de marzo):<\/strong> Desde el Balc\u00f3n de la Plaza De la Villa a las 18.30 h.<\/li><\/ul>\n\n\n\n<p>Descubre toda la info sobre las actividades especiales de Semana Santa <a href=\"https:\/\/www.vidademadrid.com\/es\/55446\/semana-santa-2024-procesiones-madrid\/\">aqu\u00ed<\/a>.<\/p>\n\n\n\n<h3 class=\"wp-block-heading\">Semana Santa en Alcal\u00e1 de Henares<\/h3>\n\n\n\n<p>A continuaci\u00f3n te dejamos la programaci\u00f3n para los pr\u00f3ximos d\u00edas:<\/p>\n\n\n\n<ul class=\"wp-block-list\"><li data-reader-unique-id=\"117\"><span data-reader-unique-id=\"118\"><strong>Jueves Santo (28 de marzo):<\/strong>&nbsp;<\/span>Procesi\u00f3n de la Cofrad\u00eda Real e Ilustre Esclavitud de N. P. Jes\u00fas Nazareno de Medinaceli y Mar\u00eda Sant\u00edsima de la Trinidad (20 h).<\/li><li data-reader-unique-id=\"117\"><strong>Viernes Santo (29 de marzo):&nbsp;<\/strong>Procesi\u00f3n de la Cofrad\u00eda del Sant\u00edsimo Cristo de la Agon\u00eda, Mar\u00eda Sant\u00edsima de los Dolores y San Juan (6 h),&nbsp;Antigua e Ilustre y Fervorosa Hermandad y Cofrad\u00eda de Mar\u00eda Sant\u00edsima de la Soledad Coronada y Sagrado Descendimiento de Nuestro Se\u00f1or Jesucristo y San Juan Evangelista (19.30 h), la Procesi\u00f3n trinitaria de la Cofrad\u00eda Real e Ilustra Esclavitud N.P Jes\u00fas Nazareno de Medinaceli y Mar\u00eda Sant\u00edsima de la Trinidad de Alcal\u00e1 de Henares (20 h) y la Procesi\u00f3n de la Cofrad\u00eda del Santo Entierro y Nuestra Se\u00f1ora de los Dolores (23 h).<\/li><li data-reader-unique-id=\"117\"><strong>Domingo de Resurrecci\u00f3n (31 de marzo):&nbsp;<\/strong>Excma. Hermandad Franciscana de Nuestro Padre Jes\u00fas Resucitado, Nuestra Se\u00f1ora de la Salud y el Perpetuo Socorro y San Diego de Alcal\u00e1 (8 h).<\/li><\/ul>\n\n\n\n<p>Descubre los recorridos completos <a href=\"https:\/\/www.vidademadrid.com\/es\/55330\/semana-santa-alcala-henares-2024-programa-fechas\/\">aqu\u00ed<\/a>.<\/p>\n\n\n\n<h3 class=\"wp-block-heading\">Vive la Pasi\u00f3n de Cristo en Chinch\u00f3n<\/h3>\n\n\n\n<p>La noche del&nbsp;S\u00e1bado Santo (30 de marzo), Chinch\u00f3n&nbsp;acoger\u00e1&nbsp;la&nbsp;escenificaci\u00f3n&nbsp;de la&nbsp;Pasi\u00f3n de Cristocon una representaci\u00f3n viviente que recorre las calles del municipio y en la que participan cientos de personas. Tendr\u00e1 lugar en los lugares m\u00e1s emblem\u00e1ticos como: La Plaza Mayor, el Ayuntamiento, la Plaza de San Roque y el Calvario. M\u00e1s info <a href=\"https:\/\/www.vidademadrid.com\/es\/55526\/pasion-chinchon-2024-fecha-hora-recorrido\/\">aqu\u00ed<\/a>.<\/p>\n\n\n\n<h2 class=\"wp-block-heading\">Otras actividades<\/h2>\n\n\n\n<h3 class=\"wp-block-heading\">No te pierdas el espect\u00e1culo de Fuentes en La Granja de San Ildefonso<\/h3>\n\n\n\n<p>Durante estos d\u00edas de Semana Santa tendr\u00e1n lugar los primeros espect\u00e1culos de la temporada y se activar\u00e1n las fuentes de Canastillo, Ranas, Ba\u00f1os de Diana y Fama. Ser\u00e1 durante los d\u00edas 28, 29 y 30 a las 17.30 h y el d\u00eda 30 a las 12 h. Las entradas tienen un precio de 5\u20ac y se podr\u00e1n adquirir a trav\u00e9s de la <a href=\"https:\/\/tickets.patrimonionacional.es\/es\/tickets\/fuentes-granja-san-ildefonso\">p\u00e1gina web<\/a>.<\/p>\n\n\n<div class=\"wp-block-image\">\n<figure class=\"aligncenter\"><a href=\"https:\/\/www.vidademadrid.com\/es\/wp-content\/uploads\/2021\/05\/03-mg_9944.jpg\"><img loading=\"lazy\" decoding=\"async\" width=\"1200\" height=\"600\" src=\"https:\/\/www.vidademadrid.com\/es\/wp-content\/uploads\/2021\/05\/03-mg_9944.jpg\" alt=\"Espect\u00e1culo fuentes de la Granja de San Ildefonso\" class=\"wp-image-33591\" srcset=\"https:\/\/www.vidademadrid.com\/es\/wp-content\/uploads\/2021\/05\/03-mg_9944.jpg 1200w, https:\/\/www.vidademadrid.com\/es\/wp-content\/uploads\/2021\/05\/03-mg_9944-300x150.jpg 300w, https:\/\/www.vidademadrid.com\/es\/wp-content\/uploads\/2021\/05\/03-mg_9944-1024x512.jpg 1024w, https:\/\/www.vidademadrid.com\/es\/wp-content\/uploads\/2021\/05\/03-mg_9944-768x384.jpg 768w, https:\/\/www.vidademadrid.com\/es\/wp-content\/uploads\/2021\/05\/03-mg_9944-696x348.jpg 696w, https:\/\/www.vidademadrid.com\/es\/wp-content\/uploads\/2021\/05\/03-mg_9944-1068x534.jpg 1068w, https:\/\/www.vidademadrid.com\/es\/wp-content\/uploads\/2021\/05\/03-mg_9944-840x420.jpg 840w\" sizes=\"auto, (max-width: 1200px) 100vw, 1200px\" \/><\/a><figcaption>Foto: patrimonionacional.es<\/figcaption><\/figure><\/div>\n\n\n<h2 class=\"wp-block-heading\">Exposiciones<\/h2>\n\n\n\n<h3 class=\"wp-block-heading\">Visita la obra invitada del Museo del Prado<\/h3>\n\n\n\n<div class=\"td-module-meta-info\">\n<p>Se trata de <i>Bodeg\u00f3n con cidras, naranjas y rosa&nbsp;<\/i>provenientedel Norton Simon Museum.&nbsp;La \u00fanica naturaleza muerta firmada y fechada por&nbsp;<strong>Francisco de Zurbar\u00e1n.&nbsp;<\/strong>Esta obra aparece dentro del programa \u2018La obra invitada\u2019, una actividad patrocinada por la Fundaci\u00f3n Amigos del Museo del Prado desde 2010. Toda la info <a href=\"https:\/\/www.vidademadrid.com\/es\/55592\/bodegon-cidras-naranjas-rosa-zurbaran-prado-2024\/\">aqu\u00ed<\/a>.<\/p>\n<h3 class=\"entry-title\">Descubre a L\u00f3pez V\u00e1zquez y Bigas Luna en las nuevas exposiciones de Serrer\u00eda Belga<\/h3>\n<p>Podr\u00e1s disfrutar de dos exposiciones:<\/p>\n<ul>\n<li>La exposici\u00f3n&nbsp;<strong>\u00abJos\u00e9 Luis antes de L\u00f3pez V\u00e1zquez\u00bb&nbsp;<\/strong>re\u00fane cerca de un centenar de piezas que recogen su trabajo como&nbsp;<strong>dibujante, figurinista, escen\u00f3grafo y dise\u00f1ador&nbsp;<\/strong>sin olvidar su&nbsp;<strong>carrera actoral.&nbsp;<\/strong><\/li>\n<li>La exposici\u00f3n&nbsp;<strong>\u00abMadrid, destino de sue\u00f1os: el cine urbano de Bigas Luna #YoSoyLaJuani\u00bb&nbsp;<\/strong>destaca el valor de una pel\u00edcula que ejemplifica la&nbsp;<strong>transformaci\u00f3n en la manera de hacer cine en Espa\u00f1a.&nbsp;<\/strong><\/li>\n<\/ul>\n<div>Toda la info y horarios <a href=\"https:\/\/www.vidademadrid.com\/es\/55590\/nuevas-exposiciones-temporales-serreria-belga-2024\/\">aqu\u00ed<\/a>.<\/div>\n<\/div>\n\n\n\n<h3 class=\"wp-block-heading\">Vive la experiencia del nuevo Museo de la Luz<\/h3>\n\n\n\n<p>Muy cerca de la Plaza Mayor, se encuentra el nuevo Museo de la Luz con esculturas, proyecciones e instalaciones interactivas. Cuenta con un total de 13 salas donde podr\u00e1s vivir una experiencia inmersiva y sensorial. El precio de la entrada es de 14 euros. Puedes verlo m\u00e1s de cerca a trav\u00e9s de nuestras <a href=\"https:\/\/www.instagram.com\/stories\/highlights\/18405137950067900\/\">IG stories<\/a>. M\u00e1s info <a href=\"https:\/\/www.vidademadrid.com\/es\/55572\/museo-luz-madrid-horario-entradas-2024\/\">aqu\u00ed<\/a>.<\/p>\n\n\n\n<h3 class=\"wp-block-heading\">Visita la nueva exposici\u00f3n de Goya en la Real Academia de las Bellas Artes de San Fernando<\/h3>\n\n\n\n<p>\u00abGoya. El despertar de la conciencia\u00bb, una muestra que destaca el cambio de actitud del artista hacia el mundo a trav\u00e9s de sus obras y expone por primera vez en la historia la totalidad de las l\u00e1minas de cobre que Goya cre\u00f3 y emple\u00f3 para estampar sus grabados. Toda la info <a href=\"https:\/\/www.realacademiabellasartessanfernando.com\/actividades\/exposiciones\/goya-el-despertar-de-la-conciencia\/\">aqu\u00ed<\/a>.<\/p>\n\n\n\n<h2 class=\"wp-block-heading\">Musicales<\/h2>\n\n\n\n<p>Por lo que vemos, nos esperan d\u00edas algo lluviosos, por eso no hay mejor plan que ir a alguno de los musicales disponibles:<\/p>\n\n\n\n<h3 class=\"wp-block-heading\">The Producers en el Teatro Alcal\u00e1<\/h3>\n\n\n\n<p>Uno de los musicales m\u00e1s espectaculares y divertidos de la historia llega a Madrid. Creado por&nbsp;<strong>Mel Brooks,&nbsp;<\/strong><strong>\u00abThe Producers (Los Productores)\u00bb&nbsp;<\/strong>se podr\u00e1 disfrutar \u00fanicamente durante 10 semanas en el Teatro Alcal\u00e1 (metro Goya). M\u00e1s info <a href=\"https:\/\/www.vidademadrid.com\/es\/54063\/the-producers-musical-madrid-fechas-entradas\/\">aqu\u00ed<\/a>.<\/p>\n\n\n\n<h3 class=\"wp-block-heading\">Pretty Woman<\/h3>\n\n\n\n<p>El Teatro EDP Gran V\u00eda acoger\u00e1 las \u00faltimas funciones de la fiel adaptaci\u00f3n del cl\u00e1sico de Hollywood que se gan\u00f3 el coraz\u00f3n de varias generaciones con su at\u00edpica historia de amor. Toda la info y entradas <a href=\"https:\/\/www.entradas.com\/artist\/prettywoman\/?affiliate=ADE&amp;utm_source=google&amp;utm_medium=cpc&amp;utm_campaign=20968654764&amp;utm_agid=159290036099&amp;utm_term=pretty%20woman&amp;creative=691525666699&amp;device=c&amp;placement=&amp;gad_source=1&amp;gclid=CjwKCAjwh4-wBhB3EiwAeJsppDpw0vp-xxp2V1OuX31WZFqyPG2v5e4-LqvCQwG2RM6PnSFlakMxwxoCMeYQAvD_BwE\">aqu\u00ed<\/a>.<\/p>\n\n\n\n<h3 class=\"wp-block-heading\">Chicago en el Teatro Apolo<\/h3>\n\n\n\n<p>\u00daNICA TEMPORADA &#8211; \u00faltima funci\u00f3n el 28 de abril. Baila y canta al ritmo de &#8216;Chicago&#8217;, el famoso musical de Broadway que ha conquistado cientos de ciudades con su est\u00e9tica, su m\u00fasica y sus espectaculares coreograf\u00edas. Toda la info y entradas <a href=\"https:\/\/www.entradas.com\/artist\/chicago-el-musical\/?affiliate=ADE&amp;utm_source=google&amp;utm_medium=cpc&amp;utm_campaign=20968654764&amp;utm_agid=162790099407&amp;utm_term=chicago%20musical&amp;creative=691454169784&amp;device=c&amp;placement=&amp;gad_source=1&amp;gclid=CjwKCAjwh4-wBhB3EiwAeJsppPd_0RkyBn0EYT0JDkMzkp0PO6i-cINDjTxtAU_O4G7FeZgI7NmRPBoCq-kQAvD_BwE\">aqu\u00ed<\/a>.<\/p>\n\n\n\n<h2 class=\"wp-block-heading\">Restaurantes para el finde<\/h2>\n\n\n\n<h3 class=\"wp-block-heading\">D\u00f3nde comer las mejores Torrijas de Semana Santa y otros dulces<\/h3>\n\n\n\n<p>Para este puente os dejamos una tarea: no dejar de comer torrijas y otros dulces t\u00edpicos de estas fiestas como las monas de Pascua. Por eso desde Vida de Madrid, un a\u00f1o m\u00e1s, hemos querido haceros un recopilatorio con las mejores cafeter\u00edas y obradores donde podr\u00e1s degustar este postre en distintos formatos. Si ya se te ha hecho la \u00abboca agua\u00bb, no te pierdas nuestros art\u00edculo <a href=\"https:\/\/www.vidademadrid.com\/es\/55468\/donde-comer-torrijas-madrid-2024-postres-semana-santa\/\">ESPECIAL TORRIJAS Y OTROS DULCES DE SEMANA SANTA 2024<\/a>.<\/p>\n\n\n\n<h2 class=\"wp-block-heading\">M\u00e1s planes<\/h2>\n\n\n\n<script async=\"\" src=\"https:\/\/pagead2.googlesyndication.com\/pagead\/js\/adsbygoogle.js\"><\/script> <ins class=\"adsbygoogle\" style=\"display:block; text-align:center;\" data-ad-layout=\"in-article\" data-ad-format=\"fluid\" data-ad-client=\"ca-pub-7450064428034605\" data-ad-slot=\"5670045061\"><\/ins> <script>(adsbygoogle = window.adsbygoogle || []).push({});<\/script>\n\n\n\n<p>Como siempre, tenemos muchas m\u00e1s propuestas de planes en Vida de Madrid. Puedes consultar el <strong>listado completo de planes<\/strong>&nbsp;en nuestra&nbsp;<a href=\"http:\/\/vidademadrid.com\/agenda\"><strong>agenda del mes<\/strong><\/a><a href=\"https:\/\/www.vidademadrid.com\/es\/52298\/agenda-septiembre-2023-madrid\/\">&nbsp;<\/a>y en el&nbsp;<a href=\"http:\/\/vidademadrid.com\/planes\"><strong>especial Planes<\/strong><\/a>. No te pierdas los eventos del momento en nuestras redes: puedes seguir <a href=\"https:\/\/www.instagram.com\/VidaDeMadrid\/\">los reportajes diarios en IG Stories @vidademadrid<\/a>\u2026 y m\u00e1s contenido en <a href=\"https:\/\/www.tiktok.com\/@vida_demadrid\">TikTok<\/a>,&nbsp;<a href=\"https:\/\/www.facebook.com\/vidademadrid\">Facebook<\/a>&nbsp;o&nbsp;<a href=\"https:\/\/twitter.com\/VidaDeMadrid\">X<\/a>.<\/p>\n","protected":false},"excerpt":{"rendered":"<p>Procesiones, Tamborrada, la Pasi\u00f3n de Cristo en Chinch\u00f3n y espect\u00e1culo de fuentes en La Granja de San Ildefonso. <\/p>\n","protected":false},"author":13,"featured_media":54809,"comment_status":"open","ping_status":"open","sticky":false,"template":"","format":"standard","meta":{"footnotes":""},"categories":[1],"tags":[],"class_list":{"0":"post-55625","1":"post","2":"type-post","3":"status-publish","4":"format-standard","5":"has-post-thumbnail","7":"category-varios"},"_links":{"self":[{"href":"https:\/\/www.vidademadrid.com\/es\/wp-json\/wp\/v2\/posts\/55625","targetHints":{"allow":["GET"]}}],"collection":[{"href":"https:\/\/www.vidademadrid.com\/es\/wp-json\/wp\/v2\/posts"}],"about":[{"href":"https:\/\/www.vidademadrid.com\/es\/wp-json\/wp\/v2\/types\/post"}],"author":[{"embeddable":true,"href":"https:\/\/www.vidademadrid.com\/es\/wp-json\/wp\/v2\/users\/13"}],"replies":[{"embeddable":true,"href":"https:\/\/www.vidademadrid.com\/es\/wp-json\/wp\/v2\/comments?post=55625"}],"version-history":[{"count":14,"href":"https:\/\/www.vidademadrid.com\/es\/wp-json\/wp\/v2\/posts\/55625\/revisions"}],"predecessor-version":[{"id":55646,"href":"https:\/\/www.vidademadrid.com\/es\/wp-json\/wp\/v2\/posts\/55625\/revisions\/55646"}],"wp:featuredmedia":[{"embeddable":true,"href":"https:\/\/www.vidademadrid.com\/es\/wp-json\/wp\/v2\/media\/54809"}],"wp:attachment":[{"href":"https:\/\/www.vidademadrid.com\/es\/wp-json\/wp\/v2\/media?parent=55625"}],"wp:term":[{"taxonomy":"category","embeddable":true,"href":"https:\/\/www.vidademadrid.com\/es\/wp-json\/wp\/v2\/categories?post=55625"},{"taxonomy":"post_tag","embeddable":true,"href":"https:\/\/www.vidademadrid.com\/es\/wp-json\/wp\/v2\/tags?post=55625"}],"curies":[{"name":"wp","href":"https:\/\/api.w.org\/{rel}","templated":true}]}}