{"id":55582,"date":"2024-03-22T06:00:46","date_gmt":"2024-03-22T05:00:46","guid":{"rendered":"https:\/\/www.vidademadrid.com\/es\/?p=55582"},"modified":"2025-10-04T14:51:49","modified_gmt":"2025-10-04T12:51:49","slug":"planes-para-este-fin-de-semana-en-madrid-22-23-y-24-de-marzo-de-2024","status":"publish","type":"post","link":"https:\/\/www.vidademadrid.com\/es\/55582\/planes-para-este-fin-de-semana-en-madrid-22-23-y-24-de-marzo-de-2024\/","title":{"rendered":"Planes para este fin de semana en Madrid: 22, 23 y 24 de marzo de 2024"},"content":{"rendered":"\n<p>Empieza la cuenta atr\u00e1s para Semana Santa y en Madrid ya se puede empezar a disfrutar de actividades especiales con motivo de esta festividad: <strong>Semana Santa en Alcal\u00e1 de Henares o la ruta de las mejores torrijas<\/strong>. Adem\u00e1s como novedad, se acaba de inaugurar la nueva i<strong>nstalaci\u00f3n de flores de Casa de M\u00e9xico<\/strong> para dar la bienvenida a la primavera y este viernes se abren las puertas del <strong>Museo de la Luz<\/strong>.&nbsp;Como cada semana, en este art\u00edculo te hacemos una selecci\u00f3n de los mejores planes, exposiciones y restaurantes para disfrutar este fin de semana <strong>22, 23 y 24 de marzo de 2024 <\/strong>en Madrid.<\/p>\n\n\n\n<h2 class=\"wp-block-heading\">Actividades<\/h2>\n\n\n\n<script async=\"\" src=\"https:\/\/pagead2.googlesyndication.com\/pagead\/js\/adsbygoogle.js\"><\/script> <ins class=\"adsbygoogle\" style=\"display:block\" data-ad-format=\"fluid\" data-ad-layout-key=\"-7f+eo+1+2-5\" data-ad-client=\"ca-pub-7450064428034605\" data-ad-slot=\"7327027071\"><\/ins><script>(adsbygoogle = window.adsbygoogle || []).push({});<\/script>\n\n\n\n<h3 class=\"wp-block-heading\">Descubre el nuevo Museo de la Luz&nbsp;<\/h3>\n\n\n\n<p>Muy cerca de la Plaza Mayor, este mismo viernes abre sus puertas el Museo de la Luz, un nuevo espacio de esculturas, proyecciones e instalaciones interactivas. Cuenta con un total de 13 salas donde podr\u00e1s vivir una experiencia inmersiva y sensorial. El precio de la entrada es de 14 euros. Puedes verlo m\u00e1s de cerca a trav\u00e9s de nuestras <a href=\"https:\/\/www.instagram.com\/stories\/highlights\/18405137950067900\/\">IG stories<\/a>. M\u00e1s info <a href=\"https:\/\/www.vidademadrid.com\/es\/55572\/museo-luz-madrid-horario-entradas-2024\/\">aqu\u00ed<\/a>.&nbsp;<\/p>\n\n\n\n<figure class=\"wp-block-gallery has-nested-images columns-default is-cropped wp-block-gallery-1 is-layout-flex wp-block-gallery-is-layout-flex\">\n<figure class=\"wp-block-image size-large td-caption-align-https:\/\/www.vidademadrid.com\/es\/wp-content\/uploads\/2024\/03\/WhatsApp-Image-2024-03-20-at-10.37.37-scaled.jpeg\"><a href=\"https:\/\/www.vidademadrid.com\/es\/wp-content\/uploads\/2024\/03\/WhatsApp-Image-2024-03-20-at-10.37.37-scaled.jpeg\"><img loading=\"lazy\" decoding=\"async\" width=\"1024\" height=\"846\" data-id=\"55601\" src=\"https:\/\/www.vidademadrid.com\/es\/wp-content\/uploads\/2024\/03\/WhatsApp-Image-2024-03-20-at-10.37.37-1024x846.jpeg\" alt=\"\" class=\"wp-image-55601\" srcset=\"https:\/\/www.vidademadrid.com\/es\/wp-content\/uploads\/2024\/03\/WhatsApp-Image-2024-03-20-at-10.37.37-1024x846.jpeg 1024w, https:\/\/www.vidademadrid.com\/es\/wp-content\/uploads\/2024\/03\/WhatsApp-Image-2024-03-20-at-10.37.37-300x248.jpeg 300w, https:\/\/www.vidademadrid.com\/es\/wp-content\/uploads\/2024\/03\/WhatsApp-Image-2024-03-20-at-10.37.37-768x635.jpeg 768w, https:\/\/www.vidademadrid.com\/es\/wp-content\/uploads\/2024\/03\/WhatsApp-Image-2024-03-20-at-10.37.37-1536x1269.jpeg 1536w, https:\/\/www.vidademadrid.com\/es\/wp-content\/uploads\/2024\/03\/WhatsApp-Image-2024-03-20-at-10.37.37-2048x1693.jpeg 2048w, https:\/\/www.vidademadrid.com\/es\/wp-content\/uploads\/2024\/03\/WhatsApp-Image-2024-03-20-at-10.37.37-696x575.jpeg 696w, https:\/\/www.vidademadrid.com\/es\/wp-content\/uploads\/2024\/03\/WhatsApp-Image-2024-03-20-at-10.37.37-1068x883.jpeg 1068w, https:\/\/www.vidademadrid.com\/es\/wp-content\/uploads\/2024\/03\/WhatsApp-Image-2024-03-20-at-10.37.37-1920x1587.jpeg 1920w, https:\/\/www.vidademadrid.com\/es\/wp-content\/uploads\/2024\/03\/WhatsApp-Image-2024-03-20-at-10.37.37-508x420.jpeg 508w\" sizes=\"auto, (max-width: 1024px) 100vw, 1024px\" \/><\/a><\/figure>\n<\/figure>\n\n\n\n<h3 class=\"wp-block-heading\">Ac\u00e9rcate a recibir la Primavera en la Casa de M\u00e9xico&nbsp;<\/h3>\n\n\n\n<p>La famosa Casa de M\u00e9xico en Arg\u00fcelles vuelve a dar la bienvenida a la primavera con una instalaci\u00f3n llena de flores que se inaugura este jueves 21 de marzo.&nbsp;<\/p>\n\n\n\n<h3 class=\"wp-block-heading\">Vive la Semana Santa en Alcal\u00e1 de Henares&nbsp;<\/h3>\n\n\n\n<p>Alcal\u00e1 de Henares comienza a celebrar la Semana Santa desde este mismo viernes 22 hasta el pr\u00f3ximo 31 de marzo. Este fin de semana se podr\u00e1 disfrutar de:<\/p>\n\n\n\n<p><span id=\"Viernes-de-Dolores-22-de-marzo\">Viernes de Dolores (22 de marzo):&nbsp;<\/span><\/p>\n\n\n\n<ul class=\"wp-block-list\"><li><strong>19 horas:&nbsp;<\/strong>Via Crucis con Jes\u00fas Cautivo.<\/li><li><strong>21 horas:&nbsp;<\/strong>Procesi\u00f3n de la Hermandad Sacramental del Cristo de los Desamparados, Mar\u00eda Sant\u00edsima de las Angustias, y el Se\u00f1or de la Divina Misericordia en las negaciones de San Pedro.<\/li><\/ul>\n\n\n\n<p><span id=\"Domingo-de-Ramos-24-de-marzo\">Domingo de Ramos (24 de marzo):<\/span><\/p>\n\n\n\n<ul class=\"wp-block-list\"><li><strong>10.45 horas:&nbsp;<\/strong>Entrada triunfal de Jes\u00fas en Jerusal\u00e9n. Procesi\u00f3n en nombre de la junta de Cofadr\u00edas, portada por la Cofad\u00eda del Sant\u00edsimo Cristo de la Agon\u00eda, Mar\u00eda Sant\u00edsima de los Dolores y San Juan.<\/li><li><strong>16 y 22.30 horas:&nbsp;<\/strong>Hermandad de Jes\u00fas despojado de sus vestiduras, Mar\u00eda Sant\u00edsima de la Paz y Esperanza y San Juan Evangelista.<\/li><\/ul>\n\n\n\n<p>Y si quieres saber lo que ocurrir\u00e1 a lo largo de la semana, descubre la programaci\u00f3n completa <a href=\"https:\/\/www.vidademadrid.com\/es\/55330\/semana-santa-alcala-henares-2024-programa-fechas\/\">aqu\u00ed<\/a>.&nbsp;<\/p>\n\n\n\n<h3 class=\"wp-block-heading\">Disfruta de alguna de las mejores torrijas en Madrid&nbsp;<\/h3>\n\n\n\n<p>No hay Semana Santa sin torrijas y desde Vida de Madrid, un a\u00f1o m\u00e1s, hemos querido haceros un recopilatorio con las mejores cafeter\u00edas y obradores donde podr\u00e1s degustar este postre en distintos formatos. Si ya se te ha hecho la \u00abboca agua\u00bb, no te pierdas nuestros art\u00edculo <a href=\"https:\/\/www.vidademadrid.com\/es\/55468\/donde-comer-torrijas-madrid-2024-postres-semana-santa\/\">ESPECIAL TORRIJAS Y OTROS DULCES DE SEMANA SANTA 2024<\/a>.&nbsp;<\/p>\n\n\n\n<h3 class=\"wp-block-heading\">Visita la nueva exposici\u00f3n de Goya en la Real Academia de las Bellas Artes de San Fernando&nbsp;<\/h3>\n\n\n\n<p>\u00abGoya. El despertar de la conciencia\u00bb, una muestra que destaca el cambio de actitud del artista hacia el mundo a trav\u00e9s de sus obras y expone por primera vez en la historia la totalidad de las l\u00e1minas de cobre que Goya cre\u00f3 y emple\u00f3 para estampar sus grabados. Toda la info <a href=\"https:\/\/www.realacademiabellasartessanfernando.com\/actividades\/exposiciones\/goya-el-despertar-de-la-conciencia\/\">aqu\u00ed<\/a>.&nbsp;<\/p>\n\n\n\n<figure class=\"wp-block-gallery has-nested-images columns-default is-cropped wp-block-gallery-2 is-layout-flex wp-block-gallery-is-layout-flex\">\n<figure class=\"wp-block-image size-large td-caption-align-https:\/\/www.vidademadrid.com\/es\/wp-content\/uploads\/2024\/03\/WhatsApp-Image-2024-03-21-at-17.48.38-scaled.jpeg\"><a href=\"https:\/\/www.vidademadrid.com\/es\/wp-content\/uploads\/2024\/03\/WhatsApp-Image-2024-03-21-at-17.48.38-scaled.jpeg\"><img loading=\"lazy\" decoding=\"async\" width=\"768\" height=\"1024\" data-id=\"55599\" src=\"https:\/\/www.vidademadrid.com\/es\/wp-content\/uploads\/2024\/03\/WhatsApp-Image-2024-03-21-at-17.48.38-768x1024.jpeg\" alt=\"\" class=\"wp-image-55599\" srcset=\"https:\/\/www.vidademadrid.com\/es\/wp-content\/uploads\/2024\/03\/WhatsApp-Image-2024-03-21-at-17.48.38-768x1024.jpeg 768w, https:\/\/www.vidademadrid.com\/es\/wp-content\/uploads\/2024\/03\/WhatsApp-Image-2024-03-21-at-17.48.38-225x300.jpeg 225w, https:\/\/www.vidademadrid.com\/es\/wp-content\/uploads\/2024\/03\/WhatsApp-Image-2024-03-21-at-17.48.38-1152x1536.jpeg 1152w, https:\/\/www.vidademadrid.com\/es\/wp-content\/uploads\/2024\/03\/WhatsApp-Image-2024-03-21-at-17.48.38-1536x2048.jpeg 1536w, https:\/\/www.vidademadrid.com\/es\/wp-content\/uploads\/2024\/03\/WhatsApp-Image-2024-03-21-at-17.48.38-696x928.jpeg 696w, https:\/\/www.vidademadrid.com\/es\/wp-content\/uploads\/2024\/03\/WhatsApp-Image-2024-03-21-at-17.48.38-1068x1424.jpeg 1068w, https:\/\/www.vidademadrid.com\/es\/wp-content\/uploads\/2024\/03\/WhatsApp-Image-2024-03-21-at-17.48.38-scaled.jpeg 1920w, https:\/\/www.vidademadrid.com\/es\/wp-content\/uploads\/2024\/03\/WhatsApp-Image-2024-03-21-at-17.48.38-315x420.jpeg 315w\" sizes=\"auto, (max-width: 768px) 100vw, 768px\" \/><\/a><\/figure>\n\n\n\n<figure class=\"wp-block-image size-large td-caption-align-https:\/\/www.vidademadrid.com\/es\/wp-content\/uploads\/2024\/03\/WhatsApp-Image-2024-03-21-at-17.48.37-scaled.jpeg\"><a href=\"https:\/\/www.vidademadrid.com\/es\/wp-content\/uploads\/2024\/03\/WhatsApp-Image-2024-03-21-at-17.48.37-scaled.jpeg\"><img loading=\"lazy\" decoding=\"async\" width=\"768\" height=\"1024\" data-id=\"55600\" src=\"https:\/\/www.vidademadrid.com\/es\/wp-content\/uploads\/2024\/03\/WhatsApp-Image-2024-03-21-at-17.48.37-768x1024.jpeg\" alt=\"\" class=\"wp-image-55600\" srcset=\"https:\/\/www.vidademadrid.com\/es\/wp-content\/uploads\/2024\/03\/WhatsApp-Image-2024-03-21-at-17.48.37-768x1024.jpeg 768w, https:\/\/www.vidademadrid.com\/es\/wp-content\/uploads\/2024\/03\/WhatsApp-Image-2024-03-21-at-17.48.37-225x300.jpeg 225w, https:\/\/www.vidademadrid.com\/es\/wp-content\/uploads\/2024\/03\/WhatsApp-Image-2024-03-21-at-17.48.37-1152x1536.jpeg 1152w, https:\/\/www.vidademadrid.com\/es\/wp-content\/uploads\/2024\/03\/WhatsApp-Image-2024-03-21-at-17.48.37-1536x2048.jpeg 1536w, https:\/\/www.vidademadrid.com\/es\/wp-content\/uploads\/2024\/03\/WhatsApp-Image-2024-03-21-at-17.48.37-696x928.jpeg 696w, https:\/\/www.vidademadrid.com\/es\/wp-content\/uploads\/2024\/03\/WhatsApp-Image-2024-03-21-at-17.48.37-1068x1424.jpeg 1068w, https:\/\/www.vidademadrid.com\/es\/wp-content\/uploads\/2024\/03\/WhatsApp-Image-2024-03-21-at-17.48.37-scaled.jpeg 1920w, https:\/\/www.vidademadrid.com\/es\/wp-content\/uploads\/2024\/03\/WhatsApp-Image-2024-03-21-at-17.48.37-315x420.jpeg 315w\" sizes=\"auto, (max-width: 768px) 100vw, 768px\" \/><\/a><\/figure>\n<\/figure>\n\n\n\n<h3 class=\"wp-block-heading\">Date una vuelta por el Mercado de Productores (Valdebebas)&nbsp;<\/h3>\n\n\n\n<p>Este domingo 24 de marzo, Valdebebas vuelve a acoger a m\u00e1s de 36 puestos de productos locales con m\u00fasica en directo gratis a partir de las 12h. Una actividad que tiene lugar en la plaza Francisco de As\u00eds Cabrero el 4\u00ba mes de cada mes. Toda la info <a href=\"https:\/\/mercadoproductores.es\/mercado-valdebebas\/\">aqu\u00ed<\/a>.&nbsp;<\/p>\n\n\n\n<h3 class=\"wp-block-heading\">No te pierdas el&nbsp;estreno \u00abThe Common Ground\u00bb en el Centro Cultural Condeduque<\/h3>\n\n\n\n<p>Este jueves 21 y viernes 22 de marzo se estrena este espect\u00e1culo de danza de la core\u00f3grafa brasile\u00f1a Poliana Lima y que&nbsp;trabaja la relaci\u00f3n entre lo diverso (diversidad) y lo com\u00fan (comunidad) pasando por lo monstruosos y lo m\u00edtico. Toda la info <a href=\"https:\/\/www.vidademadrid.com\/es\/55566\/common-ground-centro-cultural-condeduque-entradas\/\">aqu\u00ed<\/a>. &nbsp;<\/p>\n\n\n\n<h2 class=\"wp-block-heading\">\u00daltima oportunidad para disfrutar de&#8230;<\/h2>\n\n\n\n<h3 class=\"wp-block-heading\">Las pel\u00edculas finalistas de lo Premios Goya 2024 la Sala Berlanga<\/h3>\n\n\n\n<p>Solo hasta este s\u00e1bado 23 de marzo podr\u00e1s disfrutar en la Sala Berlanga de las pel\u00edculas finalistas de los Goya 2024 y por solo 3,50\u20ac m\u00e1s info <a href=\"https:\/\/www.vidademadrid.com\/es\/54672\/sala-berlanga-entradas-finalistas-goya-2024\/\">aqu\u00ed<\/a>.&nbsp;<\/p>\n\n\n\n<h2 class=\"wp-block-heading\">Restaurantes para el finde&nbsp;<\/h2>\n\n\n\n<h3 class=\"wp-block-heading\">Los Gatos&nbsp;<\/h3>\n\n\n\n<p>Un restaurante que destaca por su comida tradicional y su espacio con mucho encanto. Entre los platos que tienes que pedir, si vas, est\u00e1n: la ensaladilla rusa, rabo de toro, tostas de jam\u00f3n y queso de cabra. Y lo mejor, que est\u00e1 ubicado en pleno Barrio de las Letras. Podr\u00e1s volver a vivir nuestra experiencia en <a href=\"https:\/\/www.instagram.com\/stories\/highlights\/18020556457933356\/\">IG stories<\/a>.&nbsp;<\/p>\n\n\n\n<h3 class=\"wp-block-heading\">Mexcalista&nbsp;<\/h3>\n\n\n\n<p>Si lo que te apetece este fin de semana es conocer un nuevo espacio con aut\u00e9nticos platos mexicanos y c\u00f3cteles en el centro, tienes que conocer Mexcalista. En nuestra visita pudimos degustar algunos de sus cl\u00e1sicos entrantes como sus sopes, guacamoles, tacos, bien acompa\u00f1ados por margaritas y cerveza. Si quieres descubrir m\u00e1s platos, no te pierdas nuestros <a href=\"https:\/\/www.instagram.com\/stories\/highlights\/18135832342320230\/\">IG stories<\/a>.&nbsp;<\/p>\n\n\n\n<h3 class=\"wp-block-heading\">Nuevo local de Hamburguesa Nostra&nbsp;<\/h3>\n\n\n\n<p>Una de las hamburgueser\u00edas cl\u00e1sicas y de las primeras en arrasar con sus famosas salsas de distintos sabores. Aunque tienen varios locales distribuidos por la ciudad, esta semana nos hemos acercado a conocer su nuevo local en Boadilla del Monte, con un espacio amplio y terraza. Vuelve a vivir nuestra experiencia en <a href=\"https:\/\/www.instagram.com\/stories\/highlights\/18282023467166388\/\">IG stories<\/a>. &nbsp;<\/p>\n\n\n\n<h2 class=\"wp-block-heading\">Planes del finde&nbsp;<\/h2>\n\n\n\n<script async=\"\" src=\"https:\/\/pagead2.googlesyndication.com\/pagead\/js\/adsbygoogle.js\"><\/script> <ins class=\"adsbygoogle\" style=\"display:block; text-align:center;\" data-ad-layout=\"in-article\" data-ad-format=\"fluid\" data-ad-client=\"ca-pub-7450064428034605\" data-ad-slot=\"5670045061\"><\/ins> <script>(adsbygoogle = window.adsbygoogle || []).push({});<\/script>\n\n\n\n<p>Como siempre, tenemos muchas m\u00e1s propuestas de planes en Vida de Madrid. Puedes consultar el <strong>listado completo de planes<\/strong>&nbsp;en nuestra&nbsp;<a href=\"http:\/\/vidademadrid.com\/agenda\"><strong>agenda del mes<\/strong><\/a><a href=\"https:\/\/www.vidademadrid.com\/es\/52298\/agenda-septiembre-2023-madrid\/\">&nbsp;<\/a>y en el&nbsp;<a href=\"http:\/\/vidademadrid.com\/planes\"><strong>especial Planes<\/strong><\/a>. No te pierdas los eventos del momento en nuestras redes: puedes seguir <a href=\"https:\/\/www.instagram.com\/VidaDeMadrid\/\">los reportajes diarios en IG Stories @vidademadrid<\/a>\u2026 y m\u00e1s contenido en <a href=\"https:\/\/www.tiktok.com\/@vida_demadrid\">TikTok<\/a>,&nbsp;<a href=\"https:\/\/www.facebook.com\/vidademadrid\">Facebook<\/a>&nbsp;o&nbsp;<a href=\"https:\/\/twitter.com\/VidaDeMadrid\">X<\/a>.<\/p>\n","protected":false},"excerpt":{"rendered":"<p>Primeras actividades de Semana Santa, nuevo Museo de la Luz y la instalaci\u00f3n de flores de Casa M\u00e9xico<\/p>\n","protected":false},"author":13,"featured_media":55603,"comment_status":"open","ping_status":"open","sticky":false,"template":"","format":"standard","meta":{"footnotes":""},"categories":[194],"tags":[],"class_list":{"0":"post-55582","1":"post","2":"type-post","3":"status-publish","4":"format-standard","5":"has-post-thumbnail","7":"category-planes-del-fin-de-semana-madrid"},"_links":{"self":[{"href":"https:\/\/www.vidademadrid.com\/es\/wp-json\/wp\/v2\/posts\/55582","targetHints":{"allow":["GET"]}}],"collection":[{"href":"https:\/\/www.vidademadrid.com\/es\/wp-json\/wp\/v2\/posts"}],"about":[{"href":"https:\/\/www.vidademadrid.com\/es\/wp-json\/wp\/v2\/types\/post"}],"author":[{"embeddable":true,"href":"https:\/\/www.vidademadrid.com\/es\/wp-json\/wp\/v2\/users\/13"}],"replies":[{"embeddable":true,"href":"https:\/\/www.vidademadrid.com\/es\/wp-json\/wp\/v2\/comments?post=55582"}],"version-history":[{"count":8,"href":"https:\/\/www.vidademadrid.com\/es\/wp-json\/wp\/v2\/posts\/55582\/revisions"}],"predecessor-version":[{"id":55617,"href":"https:\/\/www.vidademadrid.com\/es\/wp-json\/wp\/v2\/posts\/55582\/revisions\/55617"}],"wp:featuredmedia":[{"embeddable":true,"href":"https:\/\/www.vidademadrid.com\/es\/wp-json\/wp\/v2\/media\/55603"}],"wp:attachment":[{"href":"https:\/\/www.vidademadrid.com\/es\/wp-json\/wp\/v2\/media?parent=55582"}],"wp:term":[{"taxonomy":"category","embeddable":true,"href":"https:\/\/www.vidademadrid.com\/es\/wp-json\/wp\/v2\/categories?post=55582"},{"taxonomy":"post_tag","embeddable":true,"href":"https:\/\/www.vidademadrid.com\/es\/wp-json\/wp\/v2\/tags?post=55582"}],"curies":[{"name":"wp","href":"https:\/\/api.w.org\/{rel}","templated":true}]}}