{"id":55545,"date":"2024-03-18T10:01:14","date_gmt":"2024-03-18T09:01:14","guid":{"rendered":"https:\/\/www.vidademadrid.com\/es\/?p=55545"},"modified":"2024-03-18T10:01:17","modified_gmt":"2024-03-18T09:01:17","slug":"semana-santa-2024-conciertos-madrid-programa","status":"publish","type":"post","link":"https:\/\/www.vidademadrid.com\/es\/55545\/semana-santa-2024-conciertos-madrid-programa\/","title":{"rendered":"Semana Santa 2024: estos son todos los conciertos que se podr\u00e1n disfrutar"},"content":{"rendered":"<p>Durante la&nbsp;<strong>Semana Santa,&nbsp;<\/strong>las <a href=\"https:\/\/www.vidademadrid.com\/es\/55446\/semana-santa-2024-procesiones-madrid\/\">procesiones<\/a> y figuras recorrer\u00e1n las calles de la ciudad y, para acompa\u00f1ar estas tradiciones, el&nbsp;<strong>Ayuntamiento de Madrid&nbsp;<\/strong>ha organizado un <strong>programa musical.&nbsp;<\/strong>Te contamos toda la informaci\u00f3n en este art\u00edculo.&nbsp;<\/p>\n<h2>Conciertos de Semana Santa en Madrid&nbsp;<\/h2>\n<p><script async=\"\" src=\"https:\/\/pagead2.googlesyndication.com\/pagead\/js\/adsbygoogle.js\"><\/script> <ins class=\"adsbygoogle\" style=\"display:block\" data-ad-format=\"fluid\" data-ad-layout-key=\"-7f+eo+1+2-5\" data-ad-client=\"ca-pub-7450064428034605\" data-ad-slot=\"7327027071\"><\/ins><script>(adsbygoogle = window.adsbygoogle || []).push({});<\/script>El&nbsp;<strong>Ayuntamiento de Madrid&nbsp;<\/strong>ha organizado&nbsp;<strong>dos ciclos musicales&nbsp;<\/strong>esta Semana Santa 2024 en la que se podr\u00e1n disfrutar de <strong>entrada libre.&nbsp;<\/strong>El programa musical es el siguiente:&nbsp;<\/p>\n<h3>XVII Ciclo \u00abM\u00fasica de \u00f3rgano de San Gin\u00e9s\u00bb<\/h3>\n<p><script async=\"\" src=\"https:\/\/pagead2.googlesyndication.com\/pagead\/js\/adsbygoogle.js\"><\/script> <ins class=\"adsbygoogle\" style=\"display:block; text-align:center;\" data-ad-layout=\"in-article\" data-ad-format=\"fluid\" data-ad-client=\"ca-pub-7450064428034605\" data-ad-slot=\"5670045061\"><\/ins> <script>(adsbygoogle = window.adsbygoogle || []).push({});<\/script><\/p>\n<ul>\n<li><strong>\u00abDe los precursores de Bach, al post-romanticismo\u00bb<\/strong>\n<ul>\n<li>Martes 19 de marzo a las 18.30 horas en la calle Arenal, 3.&nbsp;<strong>Manuel Tomadin,&nbsp;<\/strong>maestro de \u00f3rgano del Conservatorio Giuseppe Tartini de Trieste, Italia, tocar\u00e1 temas de Buxtehude, Erich, Tunder, Bach y m\u00e1s.&nbsp;<\/li>\n<li>Jueves 21 de marzo a las 18 horas en la calle Arenal, 3.&nbsp;<strong>Ra\u00fal Prieto,&nbsp;<\/strong>concertista internacional, tocar\u00e1 el Allego, 1er. movimiento de la sinfon\u00eda VI, Op. 42, n\u00ba2 de Widor, Pieza Heroica de Franck, Toccata post Te Deum de Thomas y m\u00e1s.&nbsp;<\/li>\n<li>Lunes 25 de marzo a las 18.30 horas en la calle Arenal, 3.&nbsp;<strong>Pedro Alberto S\u00e1nchez,&nbsp;<\/strong>organista titular y maestra de capilla del Real Monasterio de San Lorenzo del Escorial. Se podr\u00e1n escuchar la Partita sobre \u00abO Gott, du frommer Got\u00bb, BWV 767 Preludio de Coral: \u00abDies sind die heiligen zehn Gebot\u00bb BWV 678 Preludio y fuga en re mayor, BWV 532 de Bach, In paradisum de Dubois y Final en si bemol, Op. 21 de Franck.&nbsp;<\/li>\n<\/ul>\n<\/li>\n<\/ul>\n<h3>Concierto Banda Sinf\u00f3nica Municipal de Madrid<\/h3>\n<p>El jueves 21 de marzo a las 20 horas en la&nbsp;<strong>Catedral de la Almudena&nbsp;<\/strong>ser\u00e1 el concierto de la Banda Sinf\u00f3nica Municipal de Madrid. Participa el Coro de la escolan\u00eda de San Lorenzo del Escorial, dirigido por Jan Cober.&nbsp;<\/p>\n<p>El programa es el siguiente:<\/p>\n<ul>\n<li>Echoes de San Marco\n<ul>\n<li>Johan de Meij (1953)<\/li>\n<\/ul>\n<\/li>\n<li>Tres Canciones\n<ul>\n<li>Richard Strauss (1864-1949)\n<ul>\n<li>I. Allerseelen<\/li>\n<li>II. Zueignung<\/li>\n<li>III. Morgen<\/li>\n<\/ul>\n<\/li>\n<li>Bar\u00edtono solista: Javier Franco<\/li>\n<\/ul>\n<\/li>\n<li>Missa Brevis Pacem&nbsp;\n<ul>\n<li>Eduard Gregson (1945)<\/li>\n<\/ul>\n<\/li>\n<\/ul>\n<h3>&nbsp;<\/h3>\n","protected":false},"excerpt":{"rendered":"<p>Habr\u00e1 conciertos y la tradicional tamborrada. <\/p>\n","protected":false},"author":15,"featured_media":55546,"comment_status":"open","ping_status":"open","sticky":false,"template":"","format":"standard","meta":{"footnotes":""},"categories":[111],"tags":[],"class_list":{"0":"post-55545","1":"post","2":"type-post","3":"status-publish","4":"format-standard","5":"has-post-thumbnail","7":"category-exposiciones-madrid"},"_links":{"self":[{"href":"https:\/\/www.vidademadrid.com\/es\/wp-json\/wp\/v2\/posts\/55545","targetHints":{"allow":["GET"]}}],"collection":[{"href":"https:\/\/www.vidademadrid.com\/es\/wp-json\/wp\/v2\/posts"}],"about":[{"href":"https:\/\/www.vidademadrid.com\/es\/wp-json\/wp\/v2\/types\/post"}],"author":[{"embeddable":true,"href":"https:\/\/www.vidademadrid.com\/es\/wp-json\/wp\/v2\/users\/15"}],"replies":[{"embeddable":true,"href":"https:\/\/www.vidademadrid.com\/es\/wp-json\/wp\/v2\/comments?post=55545"}],"version-history":[{"count":1,"href":"https:\/\/www.vidademadrid.com\/es\/wp-json\/wp\/v2\/posts\/55545\/revisions"}],"predecessor-version":[{"id":55548,"href":"https:\/\/www.vidademadrid.com\/es\/wp-json\/wp\/v2\/posts\/55545\/revisions\/55548"}],"wp:featuredmedia":[{"embeddable":true,"href":"https:\/\/www.vidademadrid.com\/es\/wp-json\/wp\/v2\/media\/55546"}],"wp:attachment":[{"href":"https:\/\/www.vidademadrid.com\/es\/wp-json\/wp\/v2\/media?parent=55545"}],"wp:term":[{"taxonomy":"category","embeddable":true,"href":"https:\/\/www.vidademadrid.com\/es\/wp-json\/wp\/v2\/categories?post=55545"},{"taxonomy":"post_tag","embeddable":true,"href":"https:\/\/www.vidademadrid.com\/es\/wp-json\/wp\/v2\/tags?post=55545"}],"curies":[{"name":"wp","href":"https:\/\/api.w.org\/{rel}","templated":true}]}}